{"id":4112,"date":"2010-02-16T09:34:42","date_gmt":"2010-02-16T08:34:42","guid":{"rendered":"http:\/\/www.article-marketing.eu\/comunicati\/senza-categoria\/seduti-prego-marco-paolini-a-porto-viro\/"},"modified":"2010-02-16T09:34:42","modified_gmt":"2010-02-16T08:34:42","slug":"seduti-prego-marco-paolini-a-porto-viro","status":"publish","type":"post","link":"https:\/\/www.article-marketing.eu\/comunicati\/arte-e-cultura\/teatro\/seduti-prego-marco-paolini-a-porto-viro\/","title":{"rendered":"Seduti, prego! Marco Paolini a Porto Viro"},"content":{"rendered":"<p><strong>Sabato 27 febbraio 2010, alle ore 21.20, a Porto Viro (Rovigo)<\/strong>, in occasione della <strong>decima edizione di \u00abSeduti, prego!\u00bb<\/strong>, la Stagione Teatrale organizzata dell\u2019Assessorato alla Cultura di Porto Viro con il patrocinio del Ministero per i Beni e le Attivit\u00e0 Culturali, la Regione Veneto, Arteven e l\u2019Ente Parco del Delta del P\u00f2, <strong>sar\u00e0 Marco Paolini con il suo \u00abLa Macchina del capo\u00bb ad inaugurare il nuovo Palazzetto Polifunzionale<\/strong>.<\/p>\n<p>Sar\u00e0 abbandonata, solo per questa occasione, la sede del tradizionale Cinema Teatro Trieste, per aprire le porte del nuovo Palazzetto, che si pone come luogo idoneo per far fruire ai cittadini non solo lo sport, ma anche l\u2019arte e la cultura.<\/p>\n<p>&quot;La macchina del capo&quot; \u00e8 il nuovo spettacolo di Marco Paolini, trasmesso in anteprima televisiva su La7 lo scorso capodanno in prima serata, e prende vita da quegli esercizi di memoria che sono gli Album, i racconti teatrali costruiti tra il 1964 e il 1984, \u2013 Adriatico, Tiri in porta e Liberi tutti \u2013 ricombinando le storie vecchie con nuovi episodi che ha cominciato a scrivere nel 2008.<\/p>\n<p>Uno spettacolo &quot;epocale&quot; nei quale lo stesso gruppo di personaggi, passa, in una sorta di romanzo popolare di iniziazione, dall&#8217;infanzia all&#8217;adolescenza, tra la famiglia, la colonia e le avventure nel campetto di pallone. \u00c8 il ritratto di un&#8217;Italia di periferia.<br \/>Un racconto divertente, intimo e a tratti commovente, dedicato al dialogo tra generazioni e che parla anche all\u2019infanzia.<br \/>Non \u00e8 un diario, non \u00e8 un pezzo nostalgico, e nemmeno una memoria d\u2019altri tempi.&#8232; Paolini raccoglie le storie pi\u00f9 vecchie, quelle su cui ha imparato questo mestiere, e le racconta per il divertimento di chi gi\u00e0 c\u2019era e si ricorda i dettagli e per chi \u00e8 nato dopo e si diverte a sentire narrare la storia.<\/p>\n<p>Un evento da non perdere per lasciarsi trasportare dalle narrazioni di quel fantastico incantatore che \u00e8 Paolini, che siappiamo gi\u00e0 riuscir\u00e0 a farci canticchiare quella terribile canzone che faceva \u201cla macchina del capo ha un buco nella gomma, la macchina del capo ha un buco nella gomma, la macchina del capo ha un buco nella gomma, ripariamola col chewing-gum\u201d.<\/p>\n<p>Sono gi\u00e0 in <strong>prevendita i biglietti<\/strong> presso la <strong>Biblioteca Comunale di Porto Viro<\/strong> (Piazza della Repubblica, 15) dalle ore 9.30 alle ore 12.30 (dal luned\u00ec al venerd\u00ec).<br \/><strong>Prevendita on line<\/strong> sul sito di Arteven <a href=\"www.arteven.it%20\">www.arteven.it <\/a><br \/><strong>Costo biglietti<\/strong> : intero \u20ac 20.00 &#8211; ridotto \u20ac 18.00<br \/>Per info: tel.0426.325733 &#8211; 34 \/ 348.0417218<br \/>www.comune.portoviro.ro.it<\/p>\n<p><strong>LA MACCHINA DEL CAPO<\/strong><br \/>drammaturgia di <strong>Marco Paolini<\/strong> e <strong>Michela Signori <\/strong><br \/>con Marco Paolini<br \/>musiche dal vivo <strong>Lorenzo Monguzzi <\/strong><br \/>e gli elementi scenici di <strong>Antonio Panzuto<\/strong><br \/>produzione <strong>Jolefilm <\/strong><\/p>\n<p><strong>Sabato 27 febbraio 2010, ore 21,20<br \/>PORTO VIRO (RO) &#8211; Palazzetto dello Sport<br \/>(via 25 aprile, 54)<\/strong><\/p>\n","protected":false},"excerpt":{"rendered":"<p>Sabato 27 febbraio 2010, alle ore 21.20, a Porto Viro (Rovigo)sar\u00e0 Marco Paolini con il suo \u00abLa Macchina del capo\u00bb ad inaugurare il nuovo Palazzetto Polifunzionale.<\/p>\n","protected":false},"author":10,"featured_media":0,"comment_status":"open","ping_status":"open","sticky":false,"template":"","format":"standard","meta":{"cybocfi_hide_featured_image":"","footnotes":""},"categories":[1467],"tags":[12248,12249],"class_list":["post-4112","post","type-post","status-publish","format-standard","hentry","category-teatro","tag-marco-paolini-porto-viro","tag-seduti-prego"],"yoast_head":"<!-- This site is optimized with the Yoast SEO plugin v27.0 - https:\/\/yoast.com\/product\/yoast-seo-wordpress\/ -->\n<title>Seduti, prego! Marco Paolini a Porto Viro - Article Marketing<\/title>\n<meta name=\"robots\" content=\"index, follow, max-snippet:-1, max-image-preview:large, max-video-preview:-1\" \/>\n<link rel=\"canonical\" href=\"https:\/\/www.article-marketing.eu\/comunicati\/arte-e-cultura\/teatro\/seduti-prego-marco-paolini-a-porto-viro\/\" \/>\n<meta property=\"og:locale\" content=\"it_IT\" \/>\n<meta property=\"og:type\" content=\"article\" \/>\n<meta property=\"og:title\" content=\"Seduti, prego! Marco Paolini a Porto Viro - Article Marketing\" \/>\n<meta property=\"og:description\" content=\"Sabato 27 febbraio 2010, alle ore 21.20, a Porto Viro (Rovigo)sar\u00e0 Marco Paolini con il suo \u00abLa Macchina del capo\u00bb ad inaugurare il nuovo Palazzetto Polifunzionale.\" \/>\n<meta property=\"og:url\" content=\"https:\/\/www.article-marketing.eu\/comunicati\/arte-e-cultura\/teatro\/seduti-prego-marco-paolini-a-porto-viro\/\" \/>\n<meta property=\"og:site_name\" content=\"Article Marketing\" \/>\n<meta property=\"article:published_time\" content=\"2010-02-16T08:34:42+00:00\" \/>\n<meta name=\"author\" content=\"Redazione Comunicati Stampa\" \/>\n<meta name=\"twitter:card\" content=\"summary_large_image\" \/>\n<meta name=\"twitter:label1\" content=\"Scritto da\" \/>\n\t<meta name=\"twitter:data1\" content=\"Redazione Comunicati Stampa\" \/>\n\t<meta name=\"twitter:label2\" content=\"Tempo di lettura stimato\" \/>\n\t<meta name=\"twitter:data2\" content=\"2 minuti\" \/>\n<script type=\"application\/ld+json\" class=\"yoast-schema-graph\">{\"@context\":\"https:\/\/schema.org\",\"@graph\":[{\"@type\":\"Article\",\"@id\":\"https:\/\/www.article-marketing.eu\/comunicati\/arte-e-cultura\/teatro\/seduti-prego-marco-paolini-a-porto-viro\/#article\",\"isPartOf\":{\"@id\":\"https:\/\/www.article-marketing.eu\/comunicati\/arte-e-cultura\/teatro\/seduti-prego-marco-paolini-a-porto-viro\/\"},\"author\":{\"name\":\"Redazione Comunicati Stampa\",\"@id\":\"https:\/\/www.article-marketing.eu\/comunicati\/#\/schema\/person\/44372e4d4d0fa797b18e03ed1ace9017\"},\"headline\":\"Seduti, prego! Marco Paolini a Porto Viro\",\"datePublished\":\"2010-02-16T08:34:42+00:00\",\"mainEntityOfPage\":{\"@id\":\"https:\/\/www.article-marketing.eu\/comunicati\/arte-e-cultura\/teatro\/seduti-prego-marco-paolini-a-porto-viro\/\"},\"wordCount\":441,\"commentCount\":0,\"keywords\":[\"Marco Paolini. Porto Viro\",\"Seduti Prego!\"],\"articleSection\":[\"Teatro\"],\"inLanguage\":\"it-IT\",\"potentialAction\":[{\"@type\":\"CommentAction\",\"name\":\"Comment\",\"target\":[\"https:\/\/www.article-marketing.eu\/comunicati\/arte-e-cultura\/teatro\/seduti-prego-marco-paolini-a-porto-viro\/#respond\"]}]},{\"@type\":\"WebPage\",\"@id\":\"https:\/\/www.article-marketing.eu\/comunicati\/arte-e-cultura\/teatro\/seduti-prego-marco-paolini-a-porto-viro\/\",\"url\":\"https:\/\/www.article-marketing.eu\/comunicati\/arte-e-cultura\/teatro\/seduti-prego-marco-paolini-a-porto-viro\/\",\"name\":\"Seduti, prego! Marco Paolini a Porto Viro - Article Marketing\",\"isPartOf\":{\"@id\":\"https:\/\/www.article-marketing.eu\/comunicati\/#website\"},\"datePublished\":\"2010-02-16T08:34:42+00:00\",\"author\":{\"@id\":\"https:\/\/www.article-marketing.eu\/comunicati\/#\/schema\/person\/44372e4d4d0fa797b18e03ed1ace9017\"},\"breadcrumb\":{\"@id\":\"https:\/\/www.article-marketing.eu\/comunicati\/arte-e-cultura\/teatro\/seduti-prego-marco-paolini-a-porto-viro\/#breadcrumb\"},\"inLanguage\":\"it-IT\",\"potentialAction\":[{\"@type\":\"ReadAction\",\"target\":[\"https:\/\/www.article-marketing.eu\/comunicati\/arte-e-cultura\/teatro\/seduti-prego-marco-paolini-a-porto-viro\/\"]}]},{\"@type\":\"BreadcrumbList\",\"@id\":\"https:\/\/www.article-marketing.eu\/comunicati\/arte-e-cultura\/teatro\/seduti-prego-marco-paolini-a-porto-viro\/#breadcrumb\",\"itemListElement\":[{\"@type\":\"ListItem\",\"position\":1,\"name\":\"Home\",\"item\":\"https:\/\/www.article-marketing.eu\/comunicati\/\"},{\"@type\":\"ListItem\",\"position\":2,\"name\":\"Seduti, prego! Marco Paolini a Porto Viro\"}]},{\"@type\":\"WebSite\",\"@id\":\"https:\/\/www.article-marketing.eu\/comunicati\/#website\",\"url\":\"https:\/\/www.article-marketing.eu\/comunicati\/\",\"name\":\"Article Marketing\",\"description\":\"article marketing &amp; press release\",\"potentialAction\":[{\"@type\":\"SearchAction\",\"target\":{\"@type\":\"EntryPoint\",\"urlTemplate\":\"https:\/\/www.article-marketing.eu\/comunicati\/?s={search_term_string}\"},\"query-input\":{\"@type\":\"PropertyValueSpecification\",\"valueRequired\":true,\"valueName\":\"search_term_string\"}}],\"inLanguage\":\"it-IT\"},{\"@type\":\"Person\",\"@id\":\"https:\/\/www.article-marketing.eu\/comunicati\/#\/schema\/person\/44372e4d4d0fa797b18e03ed1ace9017\",\"name\":\"Redazione Comunicati Stampa\",\"image\":{\"@type\":\"ImageObject\",\"inLanguage\":\"it-IT\",\"@id\":\"https:\/\/www.article-marketing.eu\/comunicati\/#\/schema\/person\/image\/\",\"url\":\"https:\/\/secure.gravatar.com\/avatar\/50e5c6421d3072f42e7ace803501602c60d75233d34e29fd05feb91c8760b792?s=96&d=mm&r=g\",\"contentUrl\":\"https:\/\/secure.gravatar.com\/avatar\/50e5c6421d3072f42e7ace803501602c60d75233d34e29fd05feb91c8760b792?s=96&d=mm&r=g\",\"caption\":\"Redazione Comunicati Stampa\"},\"url\":\"https:\/\/www.article-marketing.eu\/comunicati\/author\/redazione-comunicati-stampa\/\"}]}<\/script>\n<!-- \/ Yoast SEO plugin. -->","yoast_head_json":{"title":"Seduti, prego! Marco Paolini a Porto Viro - Article Marketing","robots":{"index":"index","follow":"follow","max-snippet":"max-snippet:-1","max-image-preview":"max-image-preview:large","max-video-preview":"max-video-preview:-1"},"canonical":"https:\/\/www.article-marketing.eu\/comunicati\/arte-e-cultura\/teatro\/seduti-prego-marco-paolini-a-porto-viro\/","og_locale":"it_IT","og_type":"article","og_title":"Seduti, prego! Marco Paolini a Porto Viro - Article Marketing","og_description":"Sabato 27 febbraio 2010, alle ore 21.20, a Porto Viro (Rovigo)sar\u00e0 Marco Paolini con il suo \u00abLa Macchina del capo\u00bb ad inaugurare il nuovo Palazzetto Polifunzionale.","og_url":"https:\/\/www.article-marketing.eu\/comunicati\/arte-e-cultura\/teatro\/seduti-prego-marco-paolini-a-porto-viro\/","og_site_name":"Article Marketing","article_published_time":"2010-02-16T08:34:42+00:00","author":"Redazione Comunicati Stampa","twitter_card":"summary_large_image","twitter_misc":{"Scritto da":"Redazione Comunicati Stampa","Tempo di lettura stimato":"2 minuti"},"schema":{"@context":"https:\/\/schema.org","@graph":[{"@type":"Article","@id":"https:\/\/www.article-marketing.eu\/comunicati\/arte-e-cultura\/teatro\/seduti-prego-marco-paolini-a-porto-viro\/#article","isPartOf":{"@id":"https:\/\/www.article-marketing.eu\/comunicati\/arte-e-cultura\/teatro\/seduti-prego-marco-paolini-a-porto-viro\/"},"author":{"name":"Redazione Comunicati Stampa","@id":"https:\/\/www.article-marketing.eu\/comunicati\/#\/schema\/person\/44372e4d4d0fa797b18e03ed1ace9017"},"headline":"Seduti, prego! Marco Paolini a Porto Viro","datePublished":"2010-02-16T08:34:42+00:00","mainEntityOfPage":{"@id":"https:\/\/www.article-marketing.eu\/comunicati\/arte-e-cultura\/teatro\/seduti-prego-marco-paolini-a-porto-viro\/"},"wordCount":441,"commentCount":0,"keywords":["Marco Paolini. Porto Viro","Seduti Prego!"],"articleSection":["Teatro"],"inLanguage":"it-IT","potentialAction":[{"@type":"CommentAction","name":"Comment","target":["https:\/\/www.article-marketing.eu\/comunicati\/arte-e-cultura\/teatro\/seduti-prego-marco-paolini-a-porto-viro\/#respond"]}]},{"@type":"WebPage","@id":"https:\/\/www.article-marketing.eu\/comunicati\/arte-e-cultura\/teatro\/seduti-prego-marco-paolini-a-porto-viro\/","url":"https:\/\/www.article-marketing.eu\/comunicati\/arte-e-cultura\/teatro\/seduti-prego-marco-paolini-a-porto-viro\/","name":"Seduti, prego! Marco Paolini a Porto Viro - Article Marketing","isPartOf":{"@id":"https:\/\/www.article-marketing.eu\/comunicati\/#website"},"datePublished":"2010-02-16T08:34:42+00:00","author":{"@id":"https:\/\/www.article-marketing.eu\/comunicati\/#\/schema\/person\/44372e4d4d0fa797b18e03ed1ace9017"},"breadcrumb":{"@id":"https:\/\/www.article-marketing.eu\/comunicati\/arte-e-cultura\/teatro\/seduti-prego-marco-paolini-a-porto-viro\/#breadcrumb"},"inLanguage":"it-IT","potentialAction":[{"@type":"ReadAction","target":["https:\/\/www.article-marketing.eu\/comunicati\/arte-e-cultura\/teatro\/seduti-prego-marco-paolini-a-porto-viro\/"]}]},{"@type":"BreadcrumbList","@id":"https:\/\/www.article-marketing.eu\/comunicati\/arte-e-cultura\/teatro\/seduti-prego-marco-paolini-a-porto-viro\/#breadcrumb","itemListElement":[{"@type":"ListItem","position":1,"name":"Home","item":"https:\/\/www.article-marketing.eu\/comunicati\/"},{"@type":"ListItem","position":2,"name":"Seduti, prego! Marco Paolini a Porto Viro"}]},{"@type":"WebSite","@id":"https:\/\/www.article-marketing.eu\/comunicati\/#website","url":"https:\/\/www.article-marketing.eu\/comunicati\/","name":"Article Marketing","description":"article marketing &amp; press release","potentialAction":[{"@type":"SearchAction","target":{"@type":"EntryPoint","urlTemplate":"https:\/\/www.article-marketing.eu\/comunicati\/?s={search_term_string}"},"query-input":{"@type":"PropertyValueSpecification","valueRequired":true,"valueName":"search_term_string"}}],"inLanguage":"it-IT"},{"@type":"Person","@id":"https:\/\/www.article-marketing.eu\/comunicati\/#\/schema\/person\/44372e4d4d0fa797b18e03ed1ace9017","name":"Redazione Comunicati Stampa","image":{"@type":"ImageObject","inLanguage":"it-IT","@id":"https:\/\/www.article-marketing.eu\/comunicati\/#\/schema\/person\/image\/","url":"https:\/\/secure.gravatar.com\/avatar\/50e5c6421d3072f42e7ace803501602c60d75233d34e29fd05feb91c8760b792?s=96&d=mm&r=g","contentUrl":"https:\/\/secure.gravatar.com\/avatar\/50e5c6421d3072f42e7ace803501602c60d75233d34e29fd05feb91c8760b792?s=96&d=mm&r=g","caption":"Redazione Comunicati Stampa"},"url":"https:\/\/www.article-marketing.eu\/comunicati\/author\/redazione-comunicati-stampa\/"}]}},"_links":{"self":[{"href":"https:\/\/www.article-marketing.eu\/comunicati\/wp-json\/wp\/v2\/posts\/4112","targetHints":{"allow":["GET"]}}],"collection":[{"href":"https:\/\/www.article-marketing.eu\/comunicati\/wp-json\/wp\/v2\/posts"}],"about":[{"href":"https:\/\/www.article-marketing.eu\/comunicati\/wp-json\/wp\/v2\/types\/post"}],"author":[{"embeddable":true,"href":"https:\/\/www.article-marketing.eu\/comunicati\/wp-json\/wp\/v2\/users\/10"}],"replies":[{"embeddable":true,"href":"https:\/\/www.article-marketing.eu\/comunicati\/wp-json\/wp\/v2\/comments?post=4112"}],"version-history":[{"count":0,"href":"https:\/\/www.article-marketing.eu\/comunicati\/wp-json\/wp\/v2\/posts\/4112\/revisions"}],"wp:attachment":[{"href":"https:\/\/www.article-marketing.eu\/comunicati\/wp-json\/wp\/v2\/media?parent=4112"}],"wp:term":[{"taxonomy":"category","embeddable":true,"href":"https:\/\/www.article-marketing.eu\/comunicati\/wp-json\/wp\/v2\/categories?post=4112"},{"taxonomy":"post_tag","embeddable":true,"href":"https:\/\/www.article-marketing.eu\/comunicati\/wp-json\/wp\/v2\/tags?post=4112"}],"curies":[{"name":"wp","href":"https:\/\/api.w.org\/{rel}","templated":true}]}}