{"id":41161,"date":"2015-04-26T10:08:16","date_gmt":"2015-04-26T08:08:16","guid":{"rendered":"http:\/\/www.article-marketing.eu\/comunicati\/senza-categoria\/sorpresa-antiquariato-settore-in-crisi-anzi-no\/"},"modified":"2015-04-26T10:08:16","modified_gmt":"2015-04-26T08:08:16","slug":"sorpresa-antiquariato-settore-in-crisi-anzi-no","status":"publish","type":"post","link":"https:\/\/www.article-marketing.eu\/comunicati\/comunicati-stampa\/eventi\/sorpresa-antiquariato-settore-in-crisi-anzi-no\/","title":{"rendered":"SORPRESA: ANTIQUARIATO SETTORE IN CRISI, ANZI, NO"},"content":{"rendered":"<p><em><strong>Antiquamente, con Tuttocasa e Giorni d&rsquo;Arte fino al 3 maggio a Carrara Fiere.<\/strong><\/em><br \/><strong><em>Non tutti gli operatori concordano sulla crisi del settore: c&rsquo;&egrave; chi vede spiragli e chi &egrave; addirittura ottimista sulla ripresa. Possibilit&agrave; di buoni affari per gli acquirenti. Espositori vecchi e nuovi d&rsquo;accordo invece sulla buona qualit&agrave; complessiva della manifestazione. Giudizi positivi anche sui settori dell&rsquo;arredamento e dell&rsquo;arte.<\/em><\/strong><br \/>Carrara, 25.04.2015 Secondo giorno di apertura per Antiquamente, Tuttocasa e Giorni d&rsquo;Arte, gli eventi in corso nel complesso fieristico di Carrara fino al prossimo 3 maggio. Non &egrave; certo possibile fare gi&agrave; ora delle previsioni sull&rsquo;andamento complessivo, ma abbiamo potuto ascoltare alcuni espositori che hanno commentato la qualit&agrave; delle mostre e ci hanno sottoposto la loro visione del mercato antiquario in generale.<br \/>Da qui la sorpresa: <strong>la situazione del comparto degli oggetti d&rsquo;epoca pare non essere poi cos&igrave; brutta<\/strong> come viene dipinta dalle indagini statistiche e dai report di settore. C&rsquo;&egrave; chi ritiene che la crisi sia tutt&rsquo;ora in atto e che non ci siano possibilit&agrave; di crescita degli affari nel breve periodo, chi parla di stagnazione, chi accenna a pi&ugrave; o meno timidi segnali di miglioramento (e sono la maggioranza) e chi infine si dichiara fiducioso.<br \/><strong>Tutti concordi invece sulla buona qualit&agrave; delle tre manifestazioni <\/strong>in corso nel complesso fieristico di Carrara: apprezzata la vicinanza di Antiquamente allo spazio di Giorni d&rsquo;Arte e giudicata in crescita anche Tuttocasa, in particolare il Salone del Mobile, arricchito quest&rsquo;anno da nuove significative e prestigiose presenze.<br \/>&ldquo;<strong>Il settore antiquario in generale d&agrave; segnali di ripresa<\/strong> &ndash; dichiara Renato Musetti, dell&rsquo;omonima galleria di Carrara -. Anche i giovani ricominciano a guardare al nostro settore, specialmente per quanto riguarda il mobile d&rsquo;epoca inteso come vero oggetto d&rsquo;arredo&rdquo;.<br \/>Sullo stesso tono Il Piccolo Scrigno, di Sarzana, che per&ograve; mira piuttosto agli &ldquo;over 40&rdquo; come potenziali clienti.<br \/>Andreini, di Pistoia, tratta in prevalenza sculture e dipinti antichi. &ldquo;In questo settore particolare qualche segnale positivo comincia a vedersi &ndash; ci dice. &ndash; Pi&ugrave; che la certezza, c&rsquo;&egrave; speranza che il meccanismo riprenda a muoversi&rdquo;.<br \/>Roberta Polato, di Pavia, &egrave; alla prima partecipazione in questa mostra e ne apprezza le qualit&agrave;. &ldquo;Per quanto riguarda l&rsquo;andamento del mercato, devo dire che io lavoro in una nicchia particolare, quella del tessuto &ndash; ci spiega &ndash; e <strong>sto notando segni di ripresa<\/strong> piuttosto decisi. Certo, &egrave; indispensabile fare proposte di qualit&agrave; a prezzi corretti&rdquo;.<br \/>Di parere diametralmente opposto Lodi Arte e Antichit&agrave; Vetrano: <strong>si conferma che c&rsquo;&egrave; in atto una grande crisi<\/strong>, soprattutto nel nostro Paese, con una migrazione all&rsquo;estero di compratori italiani.<br \/>Presso la Galleria Faggi, di Firenze, sentiamo la conferma di questo trend negativo: tutti per&ograve; concordano che esiste ancora un mercato per gli oggetti di grande pregio&hellip;. e proporzionale costo.<br \/>Entra nello specifico la Galleria San Pancrazio, di Impruneta:&rdquo; <strong>L&rsquo;antiquariato &egrave; stato sopravvalutato<\/strong> a lungo, ora i nodi sono venuti al pettine &#8211; ci spiega il titolare -. Adesso, gli antiquari che hanno fatto grandi magazzini a quei prezzi sono costretti a svendere oppure a cercare di resistere, comprando e vendendo al momento quello che il mercato attuale richiede.&rdquo;<br \/>Sembra alla fine <strong>che le quotazioni attuali dell&rsquo;antiquariato siano favorevoli agli acquirenti<\/strong>: la situazione ondivaga avvantaggia il compratore, che oltretutto si trova di fronte a una grande disponibilit&agrave; e variet&agrave; di oggetti.<br \/><strong>Orari. <\/strong>La Fiera sar&agrave; aperta dal 24 aprile al 3 maggio con i seguenti orari: festivi dalle ore 10 alle 20, sabato e feriali dalle ore 15 alle 20.<br \/><strong>Biglietti.<\/strong> Ordinario Euro 5,00 &ndash; Ridotto Euro 2,00 &ndash; Ridotto con cartolina Euro 1,00 (valido solo sabato e feriali).<br \/><strong>Parcheggi.<\/strong> Nelle immediate adiacenze della Fiera sono disponibili ampi parcheggi gratuiti.<\/p>\n<p>?<\/p>\n","protected":false},"excerpt":{"rendered":"<p>Antiquamente, con Tuttocasa e Giorni d\u2019Arte fino al 3 maggio a Carrara Fiere.<br \/>Non tutti gli operatori concordano sulla crisi del settore: c\u2019\u00e8 chi vede spiragli e chi \u00e8 addirittura ottimista sulla ripresa. Possibilit\u00e0 di buoni affari per gli acquirenti. Espositori vecchi e nuovi d\u2019accordo invece sulla buona qualit\u00e0 complessiva della manifestazione. Giudizi positivi anche sui settori dell\u2019arredamento e dell\u2019arte.<\/p>\n","protected":false},"author":10,"featured_media":0,"comment_status":"open","ping_status":"open","sticky":false,"template":"","format":"standard","meta":{"cybocfi_hide_featured_image":"","footnotes":""},"categories":[388],"tags":[47299,47301,2437,47300,47302,1000,47264],"class_list":["post-41161","post","type-post","status-publish","format-standard","hentry","category-eventi","tag-antiquamente","tag-carrara","tag-fiera","tag-giorni-darte","tag-massa","tag-mostra","tag-tuttocasa"],"yoast_head":"<!-- This site is optimized with the Yoast SEO plugin v27.0 - https:\/\/yoast.com\/product\/yoast-seo-wordpress\/ -->\n<title>SORPRESA: ANTIQUARIATO SETTORE IN CRISI, ANZI, NO - Article Marketing<\/title>\n<meta name=\"robots\" content=\"index, follow, max-snippet:-1, max-image-preview:large, max-video-preview:-1\" \/>\n<link rel=\"canonical\" href=\"https:\/\/www.article-marketing.eu\/comunicati\/comunicati-stampa\/eventi\/sorpresa-antiquariato-settore-in-crisi-anzi-no\/\" \/>\n<meta property=\"og:locale\" content=\"it_IT\" \/>\n<meta property=\"og:type\" content=\"article\" \/>\n<meta property=\"og:title\" content=\"SORPRESA: ANTIQUARIATO SETTORE IN CRISI, ANZI, NO - Article Marketing\" \/>\n<meta property=\"og:description\" content=\"Antiquamente, con Tuttocasa e Giorni d\u2019Arte fino al 3 maggio a Carrara Fiere.Non tutti gli operatori concordano sulla crisi del settore: c\u2019\u00e8 chi vede spiragli e chi \u00e8 addirittura ottimista sulla ripresa. Possibilit\u00e0 di buoni affari per gli acquirenti. Espositori vecchi e nuovi d\u2019accordo invece sulla buona qualit\u00e0 complessiva della manifestazione. Giudizi positivi anche sui settori dell\u2019arredamento e dell\u2019arte.\" \/>\n<meta property=\"og:url\" content=\"https:\/\/www.article-marketing.eu\/comunicati\/comunicati-stampa\/eventi\/sorpresa-antiquariato-settore-in-crisi-anzi-no\/\" \/>\n<meta property=\"og:site_name\" content=\"Article Marketing\" \/>\n<meta property=\"article:published_time\" content=\"2015-04-26T08:08:16+00:00\" \/>\n<meta name=\"author\" content=\"Redazione Comunicati Stampa\" \/>\n<meta name=\"twitter:card\" content=\"summary_large_image\" \/>\n<meta name=\"twitter:label1\" content=\"Scritto da\" \/>\n\t<meta name=\"twitter:data1\" content=\"Redazione Comunicati Stampa\" \/>\n\t<meta name=\"twitter:label2\" content=\"Tempo di lettura stimato\" \/>\n\t<meta name=\"twitter:data2\" content=\"3 minuti\" \/>\n<script type=\"application\/ld+json\" class=\"yoast-schema-graph\">{\"@context\":\"https:\/\/schema.org\",\"@graph\":[{\"@type\":\"Article\",\"@id\":\"https:\/\/www.article-marketing.eu\/comunicati\/comunicati-stampa\/eventi\/sorpresa-antiquariato-settore-in-crisi-anzi-no\/#article\",\"isPartOf\":{\"@id\":\"https:\/\/www.article-marketing.eu\/comunicati\/comunicati-stampa\/eventi\/sorpresa-antiquariato-settore-in-crisi-anzi-no\/\"},\"author\":{\"name\":\"Redazione Comunicati Stampa\",\"@id\":\"https:\/\/www.article-marketing.eu\/comunicati\/#\/schema\/person\/44372e4d4d0fa797b18e03ed1ace9017\"},\"headline\":\"SORPRESA: ANTIQUARIATO SETTORE IN CRISI, ANZI, NO\",\"datePublished\":\"2015-04-26T08:08:16+00:00\",\"mainEntityOfPage\":{\"@id\":\"https:\/\/www.article-marketing.eu\/comunicati\/comunicati-stampa\/eventi\/sorpresa-antiquariato-settore-in-crisi-anzi-no\/\"},\"wordCount\":666,\"commentCount\":0,\"keywords\":[\"antiquamente\",\"carrara\",\"fiera\",\"giorni d`arte\",\"massa\",\"Mostra\",\"tuttocasa\"],\"articleSection\":[\"Eventi\"],\"inLanguage\":\"it-IT\",\"potentialAction\":[{\"@type\":\"CommentAction\",\"name\":\"Comment\",\"target\":[\"https:\/\/www.article-marketing.eu\/comunicati\/comunicati-stampa\/eventi\/sorpresa-antiquariato-settore-in-crisi-anzi-no\/#respond\"]}]},{\"@type\":\"WebPage\",\"@id\":\"https:\/\/www.article-marketing.eu\/comunicati\/comunicati-stampa\/eventi\/sorpresa-antiquariato-settore-in-crisi-anzi-no\/\",\"url\":\"https:\/\/www.article-marketing.eu\/comunicati\/comunicati-stampa\/eventi\/sorpresa-antiquariato-settore-in-crisi-anzi-no\/\",\"name\":\"SORPRESA: ANTIQUARIATO SETTORE IN CRISI, ANZI, NO - Article Marketing\",\"isPartOf\":{\"@id\":\"https:\/\/www.article-marketing.eu\/comunicati\/#website\"},\"datePublished\":\"2015-04-26T08:08:16+00:00\",\"author\":{\"@id\":\"https:\/\/www.article-marketing.eu\/comunicati\/#\/schema\/person\/44372e4d4d0fa797b18e03ed1ace9017\"},\"breadcrumb\":{\"@id\":\"https:\/\/www.article-marketing.eu\/comunicati\/comunicati-stampa\/eventi\/sorpresa-antiquariato-settore-in-crisi-anzi-no\/#breadcrumb\"},\"inLanguage\":\"it-IT\",\"potentialAction\":[{\"@type\":\"ReadAction\",\"target\":[\"https:\/\/www.article-marketing.eu\/comunicati\/comunicati-stampa\/eventi\/sorpresa-antiquariato-settore-in-crisi-anzi-no\/\"]}]},{\"@type\":\"BreadcrumbList\",\"@id\":\"https:\/\/www.article-marketing.eu\/comunicati\/comunicati-stampa\/eventi\/sorpresa-antiquariato-settore-in-crisi-anzi-no\/#breadcrumb\",\"itemListElement\":[{\"@type\":\"ListItem\",\"position\":1,\"name\":\"Home\",\"item\":\"https:\/\/www.article-marketing.eu\/comunicati\/\"},{\"@type\":\"ListItem\",\"position\":2,\"name\":\"SORPRESA: ANTIQUARIATO SETTORE IN CRISI, ANZI, NO\"}]},{\"@type\":\"WebSite\",\"@id\":\"https:\/\/www.article-marketing.eu\/comunicati\/#website\",\"url\":\"https:\/\/www.article-marketing.eu\/comunicati\/\",\"name\":\"Article Marketing\",\"description\":\"article marketing &amp; press release\",\"potentialAction\":[{\"@type\":\"SearchAction\",\"target\":{\"@type\":\"EntryPoint\",\"urlTemplate\":\"https:\/\/www.article-marketing.eu\/comunicati\/?s={search_term_string}\"},\"query-input\":{\"@type\":\"PropertyValueSpecification\",\"valueRequired\":true,\"valueName\":\"search_term_string\"}}],\"inLanguage\":\"it-IT\"},{\"@type\":\"Person\",\"@id\":\"https:\/\/www.article-marketing.eu\/comunicati\/#\/schema\/person\/44372e4d4d0fa797b18e03ed1ace9017\",\"name\":\"Redazione Comunicati Stampa\",\"image\":{\"@type\":\"ImageObject\",\"inLanguage\":\"it-IT\",\"@id\":\"https:\/\/www.article-marketing.eu\/comunicati\/#\/schema\/person\/image\/\",\"url\":\"https:\/\/secure.gravatar.com\/avatar\/50e5c6421d3072f42e7ace803501602c60d75233d34e29fd05feb91c8760b792?s=96&d=mm&r=g\",\"contentUrl\":\"https:\/\/secure.gravatar.com\/avatar\/50e5c6421d3072f42e7ace803501602c60d75233d34e29fd05feb91c8760b792?s=96&d=mm&r=g\",\"caption\":\"Redazione Comunicati Stampa\"},\"url\":\"https:\/\/www.article-marketing.eu\/comunicati\/author\/redazione-comunicati-stampa\/\"}]}<\/script>\n<!-- \/ Yoast SEO plugin. -->","yoast_head_json":{"title":"SORPRESA: ANTIQUARIATO SETTORE IN CRISI, ANZI, NO - Article Marketing","robots":{"index":"index","follow":"follow","max-snippet":"max-snippet:-1","max-image-preview":"max-image-preview:large","max-video-preview":"max-video-preview:-1"},"canonical":"https:\/\/www.article-marketing.eu\/comunicati\/comunicati-stampa\/eventi\/sorpresa-antiquariato-settore-in-crisi-anzi-no\/","og_locale":"it_IT","og_type":"article","og_title":"SORPRESA: ANTIQUARIATO SETTORE IN CRISI, ANZI, NO - Article Marketing","og_description":"Antiquamente, con Tuttocasa e Giorni d\u2019Arte fino al 3 maggio a Carrara Fiere.Non tutti gli operatori concordano sulla crisi del settore: c\u2019\u00e8 chi vede spiragli e chi \u00e8 addirittura ottimista sulla ripresa. Possibilit\u00e0 di buoni affari per gli acquirenti. Espositori vecchi e nuovi d\u2019accordo invece sulla buona qualit\u00e0 complessiva della manifestazione. Giudizi positivi anche sui settori dell\u2019arredamento e dell\u2019arte.","og_url":"https:\/\/www.article-marketing.eu\/comunicati\/comunicati-stampa\/eventi\/sorpresa-antiquariato-settore-in-crisi-anzi-no\/","og_site_name":"Article Marketing","article_published_time":"2015-04-26T08:08:16+00:00","author":"Redazione Comunicati Stampa","twitter_card":"summary_large_image","twitter_misc":{"Scritto da":"Redazione Comunicati Stampa","Tempo di lettura stimato":"3 minuti"},"schema":{"@context":"https:\/\/schema.org","@graph":[{"@type":"Article","@id":"https:\/\/www.article-marketing.eu\/comunicati\/comunicati-stampa\/eventi\/sorpresa-antiquariato-settore-in-crisi-anzi-no\/#article","isPartOf":{"@id":"https:\/\/www.article-marketing.eu\/comunicati\/comunicati-stampa\/eventi\/sorpresa-antiquariato-settore-in-crisi-anzi-no\/"},"author":{"name":"Redazione Comunicati Stampa","@id":"https:\/\/www.article-marketing.eu\/comunicati\/#\/schema\/person\/44372e4d4d0fa797b18e03ed1ace9017"},"headline":"SORPRESA: ANTIQUARIATO SETTORE IN CRISI, ANZI, NO","datePublished":"2015-04-26T08:08:16+00:00","mainEntityOfPage":{"@id":"https:\/\/www.article-marketing.eu\/comunicati\/comunicati-stampa\/eventi\/sorpresa-antiquariato-settore-in-crisi-anzi-no\/"},"wordCount":666,"commentCount":0,"keywords":["antiquamente","carrara","fiera","giorni d`arte","massa","Mostra","tuttocasa"],"articleSection":["Eventi"],"inLanguage":"it-IT","potentialAction":[{"@type":"CommentAction","name":"Comment","target":["https:\/\/www.article-marketing.eu\/comunicati\/comunicati-stampa\/eventi\/sorpresa-antiquariato-settore-in-crisi-anzi-no\/#respond"]}]},{"@type":"WebPage","@id":"https:\/\/www.article-marketing.eu\/comunicati\/comunicati-stampa\/eventi\/sorpresa-antiquariato-settore-in-crisi-anzi-no\/","url":"https:\/\/www.article-marketing.eu\/comunicati\/comunicati-stampa\/eventi\/sorpresa-antiquariato-settore-in-crisi-anzi-no\/","name":"SORPRESA: ANTIQUARIATO SETTORE IN CRISI, ANZI, NO - Article Marketing","isPartOf":{"@id":"https:\/\/www.article-marketing.eu\/comunicati\/#website"},"datePublished":"2015-04-26T08:08:16+00:00","author":{"@id":"https:\/\/www.article-marketing.eu\/comunicati\/#\/schema\/person\/44372e4d4d0fa797b18e03ed1ace9017"},"breadcrumb":{"@id":"https:\/\/www.article-marketing.eu\/comunicati\/comunicati-stampa\/eventi\/sorpresa-antiquariato-settore-in-crisi-anzi-no\/#breadcrumb"},"inLanguage":"it-IT","potentialAction":[{"@type":"ReadAction","target":["https:\/\/www.article-marketing.eu\/comunicati\/comunicati-stampa\/eventi\/sorpresa-antiquariato-settore-in-crisi-anzi-no\/"]}]},{"@type":"BreadcrumbList","@id":"https:\/\/www.article-marketing.eu\/comunicati\/comunicati-stampa\/eventi\/sorpresa-antiquariato-settore-in-crisi-anzi-no\/#breadcrumb","itemListElement":[{"@type":"ListItem","position":1,"name":"Home","item":"https:\/\/www.article-marketing.eu\/comunicati\/"},{"@type":"ListItem","position":2,"name":"SORPRESA: ANTIQUARIATO SETTORE IN CRISI, ANZI, NO"}]},{"@type":"WebSite","@id":"https:\/\/www.article-marketing.eu\/comunicati\/#website","url":"https:\/\/www.article-marketing.eu\/comunicati\/","name":"Article Marketing","description":"article marketing &amp; press release","potentialAction":[{"@type":"SearchAction","target":{"@type":"EntryPoint","urlTemplate":"https:\/\/www.article-marketing.eu\/comunicati\/?s={search_term_string}"},"query-input":{"@type":"PropertyValueSpecification","valueRequired":true,"valueName":"search_term_string"}}],"inLanguage":"it-IT"},{"@type":"Person","@id":"https:\/\/www.article-marketing.eu\/comunicati\/#\/schema\/person\/44372e4d4d0fa797b18e03ed1ace9017","name":"Redazione Comunicati Stampa","image":{"@type":"ImageObject","inLanguage":"it-IT","@id":"https:\/\/www.article-marketing.eu\/comunicati\/#\/schema\/person\/image\/","url":"https:\/\/secure.gravatar.com\/avatar\/50e5c6421d3072f42e7ace803501602c60d75233d34e29fd05feb91c8760b792?s=96&d=mm&r=g","contentUrl":"https:\/\/secure.gravatar.com\/avatar\/50e5c6421d3072f42e7ace803501602c60d75233d34e29fd05feb91c8760b792?s=96&d=mm&r=g","caption":"Redazione Comunicati Stampa"},"url":"https:\/\/www.article-marketing.eu\/comunicati\/author\/redazione-comunicati-stampa\/"}]}},"_links":{"self":[{"href":"https:\/\/www.article-marketing.eu\/comunicati\/wp-json\/wp\/v2\/posts\/41161","targetHints":{"allow":["GET"]}}],"collection":[{"href":"https:\/\/www.article-marketing.eu\/comunicati\/wp-json\/wp\/v2\/posts"}],"about":[{"href":"https:\/\/www.article-marketing.eu\/comunicati\/wp-json\/wp\/v2\/types\/post"}],"author":[{"embeddable":true,"href":"https:\/\/www.article-marketing.eu\/comunicati\/wp-json\/wp\/v2\/users\/10"}],"replies":[{"embeddable":true,"href":"https:\/\/www.article-marketing.eu\/comunicati\/wp-json\/wp\/v2\/comments?post=41161"}],"version-history":[{"count":0,"href":"https:\/\/www.article-marketing.eu\/comunicati\/wp-json\/wp\/v2\/posts\/41161\/revisions"}],"wp:attachment":[{"href":"https:\/\/www.article-marketing.eu\/comunicati\/wp-json\/wp\/v2\/media?parent=41161"}],"wp:term":[{"taxonomy":"category","embeddable":true,"href":"https:\/\/www.article-marketing.eu\/comunicati\/wp-json\/wp\/v2\/categories?post=41161"},{"taxonomy":"post_tag","embeddable":true,"href":"https:\/\/www.article-marketing.eu\/comunicati\/wp-json\/wp\/v2\/tags?post=41161"}],"curies":[{"name":"wp","href":"https:\/\/api.w.org\/{rel}","templated":true}]}}