{"id":41183,"date":"2015-04-22T10:04:32","date_gmt":"2015-04-22T08:04:32","guid":{"rendered":"http:\/\/www.article-marketing.eu\/comunicati\/senza-categoria\/parco-galla-placidia-il-nuovo-complesso-residenziale-tra-centro-e-verde\/"},"modified":"2015-04-22T10:04:32","modified_gmt":"2015-04-22T08:04:32","slug":"parco-galla-placidia-il-nuovo-complesso-residenziale-tra-centro-e-verde","status":"publish","type":"post","link":"https:\/\/www.article-marketing.eu\/comunicati\/casa\/parco-galla-placidia-il-nuovo-complesso-residenziale-tra-centro-e-verde\/","title":{"rendered":"Parco Galla Placidia,  il nuovo complesso residenziale tra centro e verde"},"content":{"rendered":"<p><em>A Roma in vendita appartamenti ultramoderni, sicuri e dotati di ogni comfort<\/em><\/p>\n<p>Sono in vendita gli appartamenti del nuovo complesso residenziale &ldquo;Parco Galla Placidia&rdquo;. La struttura, in fase di realizzazione, &egrave; a Roma Est, in via Carlo Alberto Cortina. &Egrave; caratterizzata da linee essenziali ed eleganti ed &egrave; situata in una posizione strategica della capitale, tra il Parco di Galla Placidia e il centro. &Egrave; ben collegata verso e fuori Roma: &egrave; a due passi dalla metropolitana, dalla Stazione Tiburtina e dall&#8217;uscita della A24 Portonaccio. &Egrave; dotata di importanti servizi: Universit&agrave;, negozi, centri commerciali e sportivi, ampi spazi verdi.<br \/>La realizzazione del complesso residenziale, che si concluder&agrave; nella primavera del 2016, rientra in un pi&ugrave; ampio disegno di riqualificazione urbana dell&rsquo;area. Il progetto della struttura &egrave; stata orientata alla sostenibilit&agrave; ambientale e prevede soluzioni ad alto rendimento energetico come pannelli solari termici e fotovoltaici che garantiscono la riduzione dei consumi. Tutti gli appartamenti sono in classe energetica A+, A e B.<br \/>Ogni alloggio &egrave; realizzato secondo i pi&ugrave; innovativi standard architettonici e costruttivi. Ha finiture di pregio, avvolgibili elettrici, pavimenti in parquet e in gr&egrave;s porcellanato nei servizi,.<br \/>Particolare attenzione &egrave; stata rivolta alla sicurezza: tutti gli appartamenti sono protetti da porte blindate, videocitofono e hanno la predisposizione per l&rsquo;allarme anti-intrusione.<br \/>I costi degli appartamenti, che includono anche il posto auto in garage, partono da &euro;185.000 e non prevedono alcuna provvigione a carico dell&rsquo;acquirente.<br \/>\nElenco dei lotti e descrizione dei tagli disponibili:<br \/>\nAmpia disponibilit&agrave; di BICAMERE. <br style=\"color: #494949; font-family: 'Trebuchet MS', Arial; font-size: 13px; background-color: #fcfcfc;\" \/><br style=\"color: #494949; font-family: 'Trebuchet MS', Arial; font-size: 13px; background-color: #fcfcfc;\" \/>&#8211; Soggiorno, angolo di cottura, una camera da letto, bagno, giardino, posto auto in garage.<br style=\"color: #494949; font-family: 'Trebuchet MS', Arial; font-size: 13px; background-color: #fcfcfc;\" \/>Prezzi a partire da &euro; 185.000,00.<br style=\"color: #494949; font-family: 'Trebuchet MS', Arial; font-size: 13px; background-color: #fcfcfc;\" \/><br style=\"color: #494949; font-family: 'Trebuchet MS', Arial; font-size: 13px; background-color: #fcfcfc;\" \/>&#8211; Soggiorno, cucina, una camera da letto, bagno, balconata o giardino, posto auto in garage.<br style=\"color: #494949; font-family: 'Trebuchet MS', Arial; font-size: 13px; background-color: #fcfcfc;\" \/>Prezzi a partire da &euro; 205.000,00.<br style=\"color: #494949; font-family: 'Trebuchet MS', Arial; font-size: 13px; background-color: #fcfcfc;\" \/><br style=\"color: #494949; font-family: 'Trebuchet MS', Arial; font-size: 13px; background-color: #fcfcfc;\" \/>&#8211; Soggiorno, angolo di cottura, una camera da letto, cameretta, bagno, balconata, posto auto in garage.<br style=\"color: #494949; font-family: 'Trebuchet MS', Arial; font-size: 13px; background-color: #fcfcfc;\" \/>Prezzi a partire da &euro; 260.000,00.<br style=\"color: #494949; font-family: 'Trebuchet MS', Arial; font-size: 13px; background-color: #fcfcfc;\" \/><br style=\"color: #494949; font-family: 'Trebuchet MS', Arial; font-size: 13px; background-color: #fcfcfc;\" \/>&#8211; ATTICO composto da: Saloncino, cucina, due camere da letto, doppi servizi, terrazzi (60 mq), posto auto in garage. &euro;370.000,00<br style=\"color: #494949; font-family: 'Trebuchet MS', Arial; font-size: 13px; background-color: #fcfcfc;\" \/><br style=\"color: #494949; font-family: 'Trebuchet MS', Arial; font-size: 13px; background-color: #fcfcfc;\" \/>&#8211; Disponibilit&agrave; di boxes.<br style=\"color: #494949; font-family: 'Trebuchet MS', Arial; font-size: 13px; background-color: #fcfcfc;\" \/><br style=\"color: #494949; font-family: 'Trebuchet MS', Arial; font-size: 13px; background-color: #fcfcfc;\" \/>Nessuna PROVVIGIONE &egrave; dovuta.<br \/>\n<br \/>Per informazioni: Case Piperno, <a href=\"http:\/\/www.casepiperno.it\">www.casepiperno.it<\/a>, tel 0668511 <em>A Roma in vendita appartamenti ultramoderni, sicuri e dotati di ogni comfort<\/em><br \/>\nCase Piperno<\/p>\n","protected":false},"excerpt":{"rendered":"<p>Sono in vendita gli appartamenti del nuovo complesso residenziale \u201cParco Galla Placidia\u201d. La struttura, in fase di realizzazione, \u00e8 a Roma Est, in via Carlo Alberto Cortina. \u00c8 caratterizzata da linee essenziali ed eleganti ed \u00e8 situata in una posizione strategica della capitale, tra il Parco di Galla Placidia e il centro.<\/p>\n","protected":false},"author":10,"featured_media":0,"comment_status":"open","ping_status":"open","sticky":false,"template":"","format":"standard","meta":{"cybocfi_hide_featured_image":"","footnotes":""},"categories":[390],"tags":[5896,47327,47329,47328],"class_list":["post-41183","post","type-post","status-publish","format-standard","hentry","category-casa","tag-case-a-roma","tag-case-piperno","tag-complesso-residenziale","tag-parco-galla-placidia"],"yoast_head":"<!-- This site is optimized with the Yoast SEO plugin v27.0 - https:\/\/yoast.com\/product\/yoast-seo-wordpress\/ -->\n<title>Parco Galla Placidia, il nuovo complesso residenziale tra centro e verde - Article Marketing<\/title>\n<meta name=\"robots\" content=\"index, follow, max-snippet:-1, max-image-preview:large, max-video-preview:-1\" \/>\n<link rel=\"canonical\" href=\"https:\/\/www.article-marketing.eu\/comunicati\/casa\/parco-galla-placidia-il-nuovo-complesso-residenziale-tra-centro-e-verde\/\" \/>\n<meta property=\"og:locale\" content=\"it_IT\" \/>\n<meta property=\"og:type\" content=\"article\" \/>\n<meta property=\"og:title\" content=\"Parco Galla Placidia, il nuovo complesso residenziale tra centro e verde - Article Marketing\" \/>\n<meta property=\"og:description\" content=\"Sono in vendita gli appartamenti del nuovo complesso residenziale \u201cParco Galla Placidia\u201d. La struttura, in fase di realizzazione, \u00e8 a Roma Est, in via Carlo Alberto Cortina. \u00c8 caratterizzata da linee essenziali ed eleganti ed \u00e8 situata in una posizione strategica della capitale, tra il Parco di Galla Placidia e il centro.\" \/>\n<meta property=\"og:url\" content=\"https:\/\/www.article-marketing.eu\/comunicati\/casa\/parco-galla-placidia-il-nuovo-complesso-residenziale-tra-centro-e-verde\/\" \/>\n<meta property=\"og:site_name\" content=\"Article Marketing\" \/>\n<meta property=\"article:published_time\" content=\"2015-04-22T08:04:32+00:00\" \/>\n<meta name=\"author\" content=\"Redazione Comunicati Stampa\" \/>\n<meta name=\"twitter:card\" content=\"summary_large_image\" \/>\n<meta name=\"twitter:label1\" content=\"Scritto da\" \/>\n\t<meta name=\"twitter:data1\" content=\"Redazione Comunicati Stampa\" \/>\n\t<meta name=\"twitter:label2\" content=\"Tempo di lettura stimato\" \/>\n\t<meta name=\"twitter:data2\" content=\"2 minuti\" \/>\n<script type=\"application\/ld+json\" class=\"yoast-schema-graph\">{\"@context\":\"https:\/\/schema.org\",\"@graph\":[{\"@type\":\"Article\",\"@id\":\"https:\/\/www.article-marketing.eu\/comunicati\/casa\/parco-galla-placidia-il-nuovo-complesso-residenziale-tra-centro-e-verde\/#article\",\"isPartOf\":{\"@id\":\"https:\/\/www.article-marketing.eu\/comunicati\/casa\/parco-galla-placidia-il-nuovo-complesso-residenziale-tra-centro-e-verde\/\"},\"author\":{\"name\":\"Redazione Comunicati Stampa\",\"@id\":\"https:\/\/www.article-marketing.eu\/comunicati\/#\/schema\/person\/44372e4d4d0fa797b18e03ed1ace9017\"},\"headline\":\"Parco Galla Placidia, il nuovo complesso residenziale tra centro e verde\",\"datePublished\":\"2015-04-22T08:04:32+00:00\",\"mainEntityOfPage\":{\"@id\":\"https:\/\/www.article-marketing.eu\/comunicati\/casa\/parco-galla-placidia-il-nuovo-complesso-residenziale-tra-centro-e-verde\/\"},\"wordCount\":383,\"commentCount\":0,\"keywords\":[\"case a roma\",\"case piperno\",\"complesso residenziale\",\"parco galla placidia\"],\"articleSection\":[\"Casa\"],\"inLanguage\":\"it-IT\",\"potentialAction\":[{\"@type\":\"CommentAction\",\"name\":\"Comment\",\"target\":[\"https:\/\/www.article-marketing.eu\/comunicati\/casa\/parco-galla-placidia-il-nuovo-complesso-residenziale-tra-centro-e-verde\/#respond\"]}]},{\"@type\":\"WebPage\",\"@id\":\"https:\/\/www.article-marketing.eu\/comunicati\/casa\/parco-galla-placidia-il-nuovo-complesso-residenziale-tra-centro-e-verde\/\",\"url\":\"https:\/\/www.article-marketing.eu\/comunicati\/casa\/parco-galla-placidia-il-nuovo-complesso-residenziale-tra-centro-e-verde\/\",\"name\":\"Parco Galla Placidia, il nuovo complesso residenziale tra centro e verde - Article Marketing\",\"isPartOf\":{\"@id\":\"https:\/\/www.article-marketing.eu\/comunicati\/#website\"},\"datePublished\":\"2015-04-22T08:04:32+00:00\",\"author\":{\"@id\":\"https:\/\/www.article-marketing.eu\/comunicati\/#\/schema\/person\/44372e4d4d0fa797b18e03ed1ace9017\"},\"breadcrumb\":{\"@id\":\"https:\/\/www.article-marketing.eu\/comunicati\/casa\/parco-galla-placidia-il-nuovo-complesso-residenziale-tra-centro-e-verde\/#breadcrumb\"},\"inLanguage\":\"it-IT\",\"potentialAction\":[{\"@type\":\"ReadAction\",\"target\":[\"https:\/\/www.article-marketing.eu\/comunicati\/casa\/parco-galla-placidia-il-nuovo-complesso-residenziale-tra-centro-e-verde\/\"]}]},{\"@type\":\"BreadcrumbList\",\"@id\":\"https:\/\/www.article-marketing.eu\/comunicati\/casa\/parco-galla-placidia-il-nuovo-complesso-residenziale-tra-centro-e-verde\/#breadcrumb\",\"itemListElement\":[{\"@type\":\"ListItem\",\"position\":1,\"name\":\"Home\",\"item\":\"https:\/\/www.article-marketing.eu\/comunicati\/\"},{\"@type\":\"ListItem\",\"position\":2,\"name\":\"Parco Galla Placidia, il nuovo complesso residenziale tra centro e verde\"}]},{\"@type\":\"WebSite\",\"@id\":\"https:\/\/www.article-marketing.eu\/comunicati\/#website\",\"url\":\"https:\/\/www.article-marketing.eu\/comunicati\/\",\"name\":\"Article Marketing\",\"description\":\"article marketing &amp; press release\",\"potentialAction\":[{\"@type\":\"SearchAction\",\"target\":{\"@type\":\"EntryPoint\",\"urlTemplate\":\"https:\/\/www.article-marketing.eu\/comunicati\/?s={search_term_string}\"},\"query-input\":{\"@type\":\"PropertyValueSpecification\",\"valueRequired\":true,\"valueName\":\"search_term_string\"}}],\"inLanguage\":\"it-IT\"},{\"@type\":\"Person\",\"@id\":\"https:\/\/www.article-marketing.eu\/comunicati\/#\/schema\/person\/44372e4d4d0fa797b18e03ed1ace9017\",\"name\":\"Redazione Comunicati Stampa\",\"image\":{\"@type\":\"ImageObject\",\"inLanguage\":\"it-IT\",\"@id\":\"https:\/\/www.article-marketing.eu\/comunicati\/#\/schema\/person\/image\/\",\"url\":\"https:\/\/secure.gravatar.com\/avatar\/50e5c6421d3072f42e7ace803501602c60d75233d34e29fd05feb91c8760b792?s=96&d=mm&r=g\",\"contentUrl\":\"https:\/\/secure.gravatar.com\/avatar\/50e5c6421d3072f42e7ace803501602c60d75233d34e29fd05feb91c8760b792?s=96&d=mm&r=g\",\"caption\":\"Redazione Comunicati Stampa\"},\"url\":\"https:\/\/www.article-marketing.eu\/comunicati\/author\/redazione-comunicati-stampa\/\"}]}<\/script>\n<!-- \/ Yoast SEO plugin. -->","yoast_head_json":{"title":"Parco Galla Placidia, il nuovo complesso residenziale tra centro e verde - Article Marketing","robots":{"index":"index","follow":"follow","max-snippet":"max-snippet:-1","max-image-preview":"max-image-preview:large","max-video-preview":"max-video-preview:-1"},"canonical":"https:\/\/www.article-marketing.eu\/comunicati\/casa\/parco-galla-placidia-il-nuovo-complesso-residenziale-tra-centro-e-verde\/","og_locale":"it_IT","og_type":"article","og_title":"Parco Galla Placidia, il nuovo complesso residenziale tra centro e verde - Article Marketing","og_description":"Sono in vendita gli appartamenti del nuovo complesso residenziale \u201cParco Galla Placidia\u201d. La struttura, in fase di realizzazione, \u00e8 a Roma Est, in via Carlo Alberto Cortina. \u00c8 caratterizzata da linee essenziali ed eleganti ed \u00e8 situata in una posizione strategica della capitale, tra il Parco di Galla Placidia e il centro.","og_url":"https:\/\/www.article-marketing.eu\/comunicati\/casa\/parco-galla-placidia-il-nuovo-complesso-residenziale-tra-centro-e-verde\/","og_site_name":"Article Marketing","article_published_time":"2015-04-22T08:04:32+00:00","author":"Redazione Comunicati Stampa","twitter_card":"summary_large_image","twitter_misc":{"Scritto da":"Redazione Comunicati Stampa","Tempo di lettura stimato":"2 minuti"},"schema":{"@context":"https:\/\/schema.org","@graph":[{"@type":"Article","@id":"https:\/\/www.article-marketing.eu\/comunicati\/casa\/parco-galla-placidia-il-nuovo-complesso-residenziale-tra-centro-e-verde\/#article","isPartOf":{"@id":"https:\/\/www.article-marketing.eu\/comunicati\/casa\/parco-galla-placidia-il-nuovo-complesso-residenziale-tra-centro-e-verde\/"},"author":{"name":"Redazione Comunicati Stampa","@id":"https:\/\/www.article-marketing.eu\/comunicati\/#\/schema\/person\/44372e4d4d0fa797b18e03ed1ace9017"},"headline":"Parco Galla Placidia, il nuovo complesso residenziale tra centro e verde","datePublished":"2015-04-22T08:04:32+00:00","mainEntityOfPage":{"@id":"https:\/\/www.article-marketing.eu\/comunicati\/casa\/parco-galla-placidia-il-nuovo-complesso-residenziale-tra-centro-e-verde\/"},"wordCount":383,"commentCount":0,"keywords":["case a roma","case piperno","complesso residenziale","parco galla placidia"],"articleSection":["Casa"],"inLanguage":"it-IT","potentialAction":[{"@type":"CommentAction","name":"Comment","target":["https:\/\/www.article-marketing.eu\/comunicati\/casa\/parco-galla-placidia-il-nuovo-complesso-residenziale-tra-centro-e-verde\/#respond"]}]},{"@type":"WebPage","@id":"https:\/\/www.article-marketing.eu\/comunicati\/casa\/parco-galla-placidia-il-nuovo-complesso-residenziale-tra-centro-e-verde\/","url":"https:\/\/www.article-marketing.eu\/comunicati\/casa\/parco-galla-placidia-il-nuovo-complesso-residenziale-tra-centro-e-verde\/","name":"Parco Galla Placidia, il nuovo complesso residenziale tra centro e verde - Article Marketing","isPartOf":{"@id":"https:\/\/www.article-marketing.eu\/comunicati\/#website"},"datePublished":"2015-04-22T08:04:32+00:00","author":{"@id":"https:\/\/www.article-marketing.eu\/comunicati\/#\/schema\/person\/44372e4d4d0fa797b18e03ed1ace9017"},"breadcrumb":{"@id":"https:\/\/www.article-marketing.eu\/comunicati\/casa\/parco-galla-placidia-il-nuovo-complesso-residenziale-tra-centro-e-verde\/#breadcrumb"},"inLanguage":"it-IT","potentialAction":[{"@type":"ReadAction","target":["https:\/\/www.article-marketing.eu\/comunicati\/casa\/parco-galla-placidia-il-nuovo-complesso-residenziale-tra-centro-e-verde\/"]}]},{"@type":"BreadcrumbList","@id":"https:\/\/www.article-marketing.eu\/comunicati\/casa\/parco-galla-placidia-il-nuovo-complesso-residenziale-tra-centro-e-verde\/#breadcrumb","itemListElement":[{"@type":"ListItem","position":1,"name":"Home","item":"https:\/\/www.article-marketing.eu\/comunicati\/"},{"@type":"ListItem","position":2,"name":"Parco Galla Placidia, il nuovo complesso residenziale tra centro e verde"}]},{"@type":"WebSite","@id":"https:\/\/www.article-marketing.eu\/comunicati\/#website","url":"https:\/\/www.article-marketing.eu\/comunicati\/","name":"Article Marketing","description":"article marketing &amp; press release","potentialAction":[{"@type":"SearchAction","target":{"@type":"EntryPoint","urlTemplate":"https:\/\/www.article-marketing.eu\/comunicati\/?s={search_term_string}"},"query-input":{"@type":"PropertyValueSpecification","valueRequired":true,"valueName":"search_term_string"}}],"inLanguage":"it-IT"},{"@type":"Person","@id":"https:\/\/www.article-marketing.eu\/comunicati\/#\/schema\/person\/44372e4d4d0fa797b18e03ed1ace9017","name":"Redazione Comunicati Stampa","image":{"@type":"ImageObject","inLanguage":"it-IT","@id":"https:\/\/www.article-marketing.eu\/comunicati\/#\/schema\/person\/image\/","url":"https:\/\/secure.gravatar.com\/avatar\/50e5c6421d3072f42e7ace803501602c60d75233d34e29fd05feb91c8760b792?s=96&d=mm&r=g","contentUrl":"https:\/\/secure.gravatar.com\/avatar\/50e5c6421d3072f42e7ace803501602c60d75233d34e29fd05feb91c8760b792?s=96&d=mm&r=g","caption":"Redazione Comunicati Stampa"},"url":"https:\/\/www.article-marketing.eu\/comunicati\/author\/redazione-comunicati-stampa\/"}]}},"_links":{"self":[{"href":"https:\/\/www.article-marketing.eu\/comunicati\/wp-json\/wp\/v2\/posts\/41183","targetHints":{"allow":["GET"]}}],"collection":[{"href":"https:\/\/www.article-marketing.eu\/comunicati\/wp-json\/wp\/v2\/posts"}],"about":[{"href":"https:\/\/www.article-marketing.eu\/comunicati\/wp-json\/wp\/v2\/types\/post"}],"author":[{"embeddable":true,"href":"https:\/\/www.article-marketing.eu\/comunicati\/wp-json\/wp\/v2\/users\/10"}],"replies":[{"embeddable":true,"href":"https:\/\/www.article-marketing.eu\/comunicati\/wp-json\/wp\/v2\/comments?post=41183"}],"version-history":[{"count":0,"href":"https:\/\/www.article-marketing.eu\/comunicati\/wp-json\/wp\/v2\/posts\/41183\/revisions"}],"wp:attachment":[{"href":"https:\/\/www.article-marketing.eu\/comunicati\/wp-json\/wp\/v2\/media?parent=41183"}],"wp:term":[{"taxonomy":"category","embeddable":true,"href":"https:\/\/www.article-marketing.eu\/comunicati\/wp-json\/wp\/v2\/categories?post=41183"},{"taxonomy":"post_tag","embeddable":true,"href":"https:\/\/www.article-marketing.eu\/comunicati\/wp-json\/wp\/v2\/tags?post=41183"}],"curies":[{"name":"wp","href":"https:\/\/api.w.org\/{rel}","templated":true}]}}