{"id":4120,"date":"2010-02-13T17:49:10","date_gmt":"2010-02-13T16:49:10","guid":{"rendered":"http:\/\/www.article-marketing.eu\/comunicati\/senza-categoria\/lunione-europea-fornir%e0-sostegno-alla-grecia\/"},"modified":"2018-07-10T05:43:52","modified_gmt":"2018-07-10T03:43:52","slug":"lunione-europea-fornir%e0-sostegno-alla-grecia","status":"publish","type":"post","link":"https:\/\/www.article-marketing.eu\/comunicati\/arte-e-cultura\/giornalismo\/lunione-europea-fornir%e0-sostegno-alla-grecia\/","title":{"rendered":"L&#8217;Unione Europea fornir\u00e0 sostegno alla Grecia."},"content":{"rendered":"<\/p>\n<p>Aiuto&#8217; S\u00ec. \u00abPsicologico\u00bb, come lo chiedeva lo<br \/>\nsventurato premier greco I\u00f3rghos Papandreu, che appena eletto ha dovuto<br \/>\naffronta\u00adre la pi\u00f9 grossa emergenza dal tempo dei colonnelli&#8217; Certo! E<br \/>\nniente pi\u00f9. Il vertice europeo sul\u00adla Grecia ha avuto il suo momen\u00adto<br \/>\nclou ancor prima di aprirsi, quando il presidente dell&#8217;Unio\u00adne europea,<br \/>\nHerman Van Rom\u00adpuy, ha letto la sua dichiarazio\u00adne. Il resto<br \/>\ndell&#8217;incontro ha ag\u00adgiunto ben poco.<br \/>La dichiarazione diceva cos\u00ec:<br \/>\n\u00abTutti i membri dell&#8217;Eurozona de\u00advono condurre politiche nazio\u00adnali<br \/>\nequilibrate in linea con le re\u00adgole concordate. Essi hanno una<br \/>\nresponsabilit\u00e0 condivisa per la stabilit\u00e0 economica e finanziaria<br \/>\ndell&#8217;area\u00bb.<br \/>E ancora: \u00abNoi sosteniamo pie\u00adnamente gli sforzi del<br \/>\ngoverno greco e il suo impegno&#038; per assi\u00adcurare che vengano realizzati<br \/>\ngli ambiziosi obiettivi definiti nel programma di stabilit\u00e0 per il 2010<br \/>\ne per gli anni successivi. Faccia\u00admo appello al governo greco per\u00adch\u00e9<br \/>\nattui tutte queste misure in un modo rigoroso e determinato per<br \/>\nridurre&#038; il deficit pubblico del 4% nel 2010.\u00bb Infine: \u00abGli Stati<br \/>\nmembri dell&#8217;Eu\u00adrozona decideranno una azione determinata e coordinata,<br \/>\nse ne\u00adcessario, per salvaguardare la sta\u00adbilit\u00e0 finanziaria<br \/>\nnell&#8217;Eurozona nel suo complesso. Il governo gre\u00adco non ha richiesto un<br \/>\nsostegno finanziario\u00bb.<br \/>Quindi: l&#8217;intervento dell&#8217;Europa ci sar\u00e0. E<br \/>\nquanto al piano di stabi\u00adlit\u00e0 di Atene, la sua attuazione sa\u00adr\u00e0<br \/>\nmonitorata con grande atten\u00adzione, anche con l&#8217;aiuto del Fon\u00addo<br \/>\nmonetario (ma non sotto la re\u00adsponsabilit\u00e0 di esso, il che non \u00e8 una<br \/>\nsfumatura). Il governo Pa\u00adpandreu dovr\u00e0 presentare a me\u00adt\u00e0 marzo un<br \/>\nprimo rapporto sul\u00adlo stato di attuazione del piano e in quel momento<br \/>\nsi giudicher\u00e0 se saranno da prendere nuove mi\u00adsure correttive. Prima di<br \/>\nallora, per\u00f2, si riparler\u00e0 di Grecia alla riu\u00adnione  Ecofin del 16 febbraio.<br \/>Quanto<br \/>\nal contenuto preciso del\u00adl&#8217;aiuto, la nebbia \u00e8 scesa bianca\u00adstra su<br \/>\ntutto. I partecipanti all&#8217;in\u00adcontro europeo si sono certamen\u00adte<br \/>\nraccontati molte belle cose e molte ne hanno prospettate, ma \u00e8 stato<br \/>\nanche detto che qualun\u00adque misura deve essere passata al vaglio dei<br \/>\ntrattati dell&#8217;Unione. Numerosi i commenti, a comin\u00adciare da quello di<br \/>\nPapandreu: in questo momento, ha detto, \u00abab\u00adbiamo bisogno che l&#8217;UE<br \/>\ndica: s\u00ec, la Grecia \u00e8 credibile, garantiamo che il suo piano \u00e8<br \/>\nrealista\u00bb. Non \u00e8 stato chiesto un sostegno fi\u00adnanziario e nemmeno<br \/>\nl&#8217;aiuto dell&#8217;FMI.<br \/>Anche Angela Merkel ha fatto nuovamente sentire la<br \/>\nsua in\u00adfluente voce. L&#8217;Unione europea, ha dichiarato il cancelliere<br \/>\ntede\u00adsco, \u00abnon lascer\u00e0 cadere\u00bb la Gre\u00adcia. Atene deve comunque<br \/>\nrispet\u00adtare le regole comuni sul deficit. Vuolsi cos\u00ec col\u00e0 dove si<br \/>\npuote ci\u00f2 che si vuole, cio\u00e8 a Berlino. La Merkel ha fatto rilevare che<br \/>\nAtene ha ricevuto dall&#8217;Europa un segna\u00adle politico molto chiaro, poich\u00e9<br \/>\nla decisione del consiglio UE \u00e8 stata sottoscritta da tutti e<br \/>\nventi\u00adsette i capi di Stato e di governo.<br \/>\nGermania e Francia, le ha fatto eco Nicolas Sarkozy, sono esat\u00adtamente<br \/>\nsulle stesse posizioni e ritengono che la crisi attuale di\u00admostri la<br \/>\nnecessit\u00e0 di una miglio\u00adre governance economica a livel\u00adlo europeo. Nel<br \/>\n2010 la Grecia do\u00advr\u00e0 farsi prestare 57 miliardi di euro per colmare il<br \/>\nsuo disavan\u00adzo. Finora il Paese non ha avuto problemi a trovare il<br \/>\ndenaro, ma si \u00e8 dovuto accollare tassi d&#8217;inte\u00adresse molto pi\u00f9 alti.<strong><br \/>Tanto tuon\u00f2&#038; che quasi piovve<\/strong><br \/>Fin<br \/>\nqui quanto successo ieri. Ma la vicenda si presta ad alcune<br \/>\nconsiderazioni. Infatti a cavallo tra gennaio e febbraio abbiamo<br \/>\nassistito a una commedia degli errori degna di un Menandro. Sui media<br \/>\ndel mondo, e pi\u00f9 perico\u00adlosamente sui mercati finanzia\u00adri, \u00e8 stato<br \/>\nposto un falso proble\u00adma; se ne \u00e8 discusso in termini mitici, mentre le<br \/>\nBorse europee e l&#8217;euro scendevano; e infine se ne \u00e8 usciti nel modo che<br \/>\nera gi\u00e0 chiaro fin dall&#8217;inizio, con l&#8217;aiuto dell&#8217;Eurozona alla Grecia.<br \/>La<br \/>\nGrecia, uscire dall&#8217;euro&#8217; E che convenienza ne avrebbe&#8217; La neo\u00addracma<br \/>\nsi svaluterebbe subito e i tassi sulle nuove emissioni sali\u00adrebbero<br \/>\nalle stelle. Converrebbe forse alla Germania&#8217; No, perch\u00e9 il Paese ne<br \/>\nriceverebbe danni maggiori che da qualunque in\u00adtervento di sostegno e<br \/>\nl&#8217;euro stes\u00adso perderebbe il suo prestigio.<br \/>Certo, l&#8217;Eurozona non<br \/>\npoteva par\u00adlare chiaro sull&#8217;aiuto, perch\u00e9 avrebbe reso durissimo il<br \/>\nc\u00f3mpi\u00adto di risanamento del primo mi\u00adnistro Papandreu. Chi mai<br \/>\nvor\u00adrebbe fare sacrifici, sapendo che a saldare ci penser\u00e0 comunque<br \/>\nMamma Europa&#8217; Ci sono gi\u00e0 sta\u00adti molti scioperi contro l&#8217;austeri\u00adt\u00e0 in<br \/>\nGrecia. \u00c9kopsa to tsig\u00e0ro, \u00e9kopsa to mot\u00f3, ho tagliato il siga\u00adro, ho<br \/>\ntagliato la moto, diceva il cartello di un dimostrante, e con\u00adtinuava:<br \/>\nche cos&#8217;altro devo taglia\u00adre per gli speculatori&#8217; L&#8217;aiuto an\u00addava s\u00ec<br \/>\ndato, ma non sbandierato. E voce grossa sul piano di risana\u00admento. Come<br \/>\ndire, pugno di vel\u00adluto in guanto di ferro.<br \/>E perch\u00e9 tutti questi<br \/>\nfraintendi\u00admenti&#8217; Beh, qui la risposta \u00e8 faci\u00adle facile: le voci<br \/>\nfacevano il gioco degli speculatori che hanno as\u00adsunto posizioni contro<br \/>\nl&#8217;euro e contro il debito ellenico. E costo\u00adro sono da sempre in grado<br \/>\ndi riempire i media di ci\u00f2 di cui vo\u00adgliono si parli.<strong><br \/>Paolo Brera.<br \/><\/strong>Foto<strong> : <\/strong>Herman Van Rom\u00adpuy e Angela Merkel<\/p>\n","protected":false},"excerpt":{"rendered":"<p>Gli Stati membri di Eurolandia decideranno una azione comune.L&#8217;intervento ci sar\u00e0. E quanto al piano di stabilit\u00e0 di Ate\u00adne, la sua attuazione sar\u00e0 monitorata con grande atten\u00adzione, anche con l&#8217;aiuto dell&#8217;FMI (ma non sotto la re\u00adsponsabilit\u00e0 di esso, il che non \u00e8 una sfumatura). Aiuto&#8217; S\u00ec. \u00abPsicologico\u00bb, come lo chiedeva lo sventurato premier greco I\u00f3rghos Papandreu, che appena eletto ha dovuto affronta\u00adre la pi\u00f9 grossa emergenza dal tempo dei colonnelli&#8217;<\/p>\n","protected":false},"author":10,"featured_media":0,"comment_status":"open","ping_status":"open","sticky":false,"template":"","format":"standard","meta":{"cybocfi_hide_featured_image":"","footnotes":""},"categories":[218],"tags":[],"class_list":["post-4120","post","type-post","status-publish","format-standard","hentry","category-giornalismo"],"yoast_head":"<!-- This site is optimized with the Yoast SEO plugin v27.0 - https:\/\/yoast.com\/product\/yoast-seo-wordpress\/ -->\n<title>L&#039;Unione Europea fornir\u00e0 sostegno alla Grecia. - Article Marketing<\/title>\n<meta name=\"robots\" content=\"index, follow, max-snippet:-1, max-image-preview:large, max-video-preview:-1\" \/>\n<link rel=\"canonical\" href=\"https:\/\/www.article-marketing.eu\/comunicati\/arte-e-cultura\/giornalismo\/lunione-europea-fornir?-sostegno-alla-grecia\/\" \/>\n<meta property=\"og:locale\" content=\"it_IT\" \/>\n<meta property=\"og:type\" content=\"article\" \/>\n<meta property=\"og:title\" content=\"L&#039;Unione Europea fornir\u00e0 sostegno alla Grecia. - Article Marketing\" \/>\n<meta property=\"og:description\" content=\"Gli Stati membri di Eurolandia decideranno una azione comune.L&#039;intervento ci sar\u00e0. E quanto al piano di stabilit\u00e0 di Ate\u00adne, la sua attuazione sar\u00e0 monitorata con grande atten\u00adzione, anche con l&#039;aiuto dell&#039;FMI (ma non sotto la re\u00adsponsabilit\u00e0 di esso, il che non \u00e8 una sfumatura). Aiuto&#039; S\u00ec. \u00abPsicologico\u00bb, come lo chiedeva lo sventurato premier greco I\u00f3rghos Papandreu, che appena eletto ha dovuto affronta\u00adre la pi\u00f9 grossa emergenza dal tempo dei colonnelli&#039;\" \/>\n<meta property=\"og:url\" content=\"\" \/>\n<meta property=\"og:site_name\" content=\"Article Marketing\" \/>\n<meta property=\"article:published_time\" content=\"2010-02-13T16:49:10+00:00\" \/>\n<meta property=\"article:modified_time\" content=\"2018-07-10T03:43:52+00:00\" \/>\n<meta name=\"author\" content=\"Redazione Comunicati Stampa\" \/>\n<meta name=\"twitter:card\" content=\"summary_large_image\" \/>\n<meta name=\"twitter:label1\" content=\"Scritto da\" \/>\n\t<meta name=\"twitter:data1\" content=\"Redazione Comunicati Stampa\" \/>\n\t<meta name=\"twitter:label2\" content=\"Tempo di lettura stimato\" \/>\n\t<meta name=\"twitter:data2\" content=\"4 minuti\" \/>\n<script type=\"application\/ld+json\" class=\"yoast-schema-graph\">{\"@context\":\"https:\/\/schema.org\",\"@graph\":[{\"@type\":\"Article\",\"@id\":\"https:\/\/www.article-marketing.eu\/comunicati\/arte-e-cultura\/giornalismo\/lunione-europea-fornir%e0-sostegno-alla-grecia\/#article\",\"isPartOf\":{\"@id\":\"https:\/\/www.article-marketing.eu\/comunicati\/arte-e-cultura\/giornalismo\/lunione-europea-fornir%e0-sostegno-alla-grecia\/\"},\"author\":{\"name\":\"Redazione Comunicati Stampa\",\"@id\":\"https:\/\/www.article-marketing.eu\/comunicati\/#\/schema\/person\/44372e4d4d0fa797b18e03ed1ace9017\"},\"headline\":\"L&#8217;Unione Europea fornir\u00e0 sostegno alla Grecia.\",\"datePublished\":\"2010-02-13T16:49:10+00:00\",\"dateModified\":\"2018-07-10T03:43:52+00:00\",\"mainEntityOfPage\":{\"@id\":\"https:\/\/www.article-marketing.eu\/comunicati\/arte-e-cultura\/giornalismo\/lunione-europea-fornir%e0-sostegno-alla-grecia\/\"},\"wordCount\":855,\"commentCount\":0,\"articleSection\":[\"Giornalismo\"],\"inLanguage\":\"it-IT\",\"potentialAction\":[{\"@type\":\"CommentAction\",\"name\":\"Comment\",\"target\":[\"https:\/\/www.article-marketing.eu\/comunicati\/arte-e-cultura\/giornalismo\/lunione-europea-fornir%e0-sostegno-alla-grecia\/#respond\"]}]},{\"@type\":\"WebPage\",\"@id\":\"https:\/\/www.article-marketing.eu\/comunicati\/arte-e-cultura\/giornalismo\/lunione-europea-fornir%e0-sostegno-alla-grecia\/\",\"url\":\"https:\/\/www.article-marketing.eu\/comunicati\/arte-e-cultura\/giornalismo\/lunione-europea-fornir%e0-sostegno-alla-grecia\/\",\"name\":\"L'Unione Europea fornir\u00e0 sostegno alla Grecia. - Article Marketing\",\"isPartOf\":{\"@id\":\"https:\/\/www.article-marketing.eu\/comunicati\/#website\"},\"datePublished\":\"2010-02-13T16:49:10+00:00\",\"dateModified\":\"2018-07-10T03:43:52+00:00\",\"author\":{\"@id\":\"https:\/\/www.article-marketing.eu\/comunicati\/#\/schema\/person\/44372e4d4d0fa797b18e03ed1ace9017\"},\"breadcrumb\":{\"@id\":\"https:\/\/www.article-marketing.eu\/comunicati\/arte-e-cultura\/giornalismo\/lunione-europea-fornir%e0-sostegno-alla-grecia\/#breadcrumb\"},\"inLanguage\":\"it-IT\",\"potentialAction\":[{\"@type\":\"ReadAction\",\"target\":[\"https:\/\/www.article-marketing.eu\/comunicati\/arte-e-cultura\/giornalismo\/lunione-europea-fornir%e0-sostegno-alla-grecia\/\"]}]},{\"@type\":\"BreadcrumbList\",\"@id\":\"https:\/\/www.article-marketing.eu\/comunicati\/arte-e-cultura\/giornalismo\/lunione-europea-fornir%e0-sostegno-alla-grecia\/#breadcrumb\",\"itemListElement\":[{\"@type\":\"ListItem\",\"position\":1,\"name\":\"Home\",\"item\":\"https:\/\/www.article-marketing.eu\/comunicati\/\"},{\"@type\":\"ListItem\",\"position\":2,\"name\":\"L&#8217;Unione Europea fornir\u00e0 sostegno alla Grecia.\"}]},{\"@type\":\"WebSite\",\"@id\":\"https:\/\/www.article-marketing.eu\/comunicati\/#website\",\"url\":\"https:\/\/www.article-marketing.eu\/comunicati\/\",\"name\":\"Article Marketing\",\"description\":\"article marketing &amp; press release\",\"potentialAction\":[{\"@type\":\"SearchAction\",\"target\":{\"@type\":\"EntryPoint\",\"urlTemplate\":\"https:\/\/www.article-marketing.eu\/comunicati\/?s={search_term_string}\"},\"query-input\":{\"@type\":\"PropertyValueSpecification\",\"valueRequired\":true,\"valueName\":\"search_term_string\"}}],\"inLanguage\":\"it-IT\"},{\"@type\":\"Person\",\"@id\":\"https:\/\/www.article-marketing.eu\/comunicati\/#\/schema\/person\/44372e4d4d0fa797b18e03ed1ace9017\",\"name\":\"Redazione Comunicati Stampa\",\"image\":{\"@type\":\"ImageObject\",\"inLanguage\":\"it-IT\",\"@id\":\"https:\/\/www.article-marketing.eu\/comunicati\/#\/schema\/person\/image\/\",\"url\":\"https:\/\/secure.gravatar.com\/avatar\/50e5c6421d3072f42e7ace803501602c60d75233d34e29fd05feb91c8760b792?s=96&d=mm&r=g\",\"contentUrl\":\"https:\/\/secure.gravatar.com\/avatar\/50e5c6421d3072f42e7ace803501602c60d75233d34e29fd05feb91c8760b792?s=96&d=mm&r=g\",\"caption\":\"Redazione Comunicati Stampa\"},\"url\":\"https:\/\/www.article-marketing.eu\/comunicati\/author\/redazione-comunicati-stampa\/\"}]}<\/script>\n<!-- \/ Yoast SEO plugin. -->","yoast_head_json":{"title":"L'Unione Europea fornir\u00e0 sostegno alla Grecia. - Article Marketing","robots":{"index":"index","follow":"follow","max-snippet":"max-snippet:-1","max-image-preview":"max-image-preview:large","max-video-preview":"max-video-preview:-1"},"canonical":"https:\/\/www.article-marketing.eu\/comunicati\/arte-e-cultura\/giornalismo\/lunione-europea-fornir?-sostegno-alla-grecia\/","og_locale":"it_IT","og_type":"article","og_title":"L'Unione Europea fornir\u00e0 sostegno alla Grecia. - Article Marketing","og_description":"Gli Stati membri di Eurolandia decideranno una azione comune.L'intervento ci sar\u00e0. E quanto al piano di stabilit\u00e0 di Ate\u00adne, la sua attuazione sar\u00e0 monitorata con grande atten\u00adzione, anche con l'aiuto dell'FMI (ma non sotto la re\u00adsponsabilit\u00e0 di esso, il che non \u00e8 una sfumatura). Aiuto' S\u00ec. \u00abPsicologico\u00bb, come lo chiedeva lo sventurato premier greco I\u00f3rghos Papandreu, che appena eletto ha dovuto affronta\u00adre la pi\u00f9 grossa emergenza dal tempo dei colonnelli'","og_url":"https:\/\/www.article-marketing.eu\/comunicati\/arte-e-cultura\/giornalismo\/lunione-europea-fornir?-sostegno-alla-grecia\/","og_site_name":"Article Marketing","article_published_time":"2010-02-13T16:49:10+00:00","article_modified_time":"2018-07-10T03:43:52+00:00","author":"Redazione Comunicati Stampa","twitter_card":"summary_large_image","twitter_misc":{"Scritto da":"Redazione Comunicati Stampa","Tempo di lettura stimato":"4 minuti"},"schema":{"@context":"https:\/\/schema.org","@graph":[{"@type":"Article","@id":"https:\/\/www.article-marketing.eu\/comunicati\/arte-e-cultura\/giornalismo\/lunione-europea-fornir%e0-sostegno-alla-grecia\/#article","isPartOf":{"@id":"https:\/\/www.article-marketing.eu\/comunicati\/arte-e-cultura\/giornalismo\/lunione-europea-fornir%e0-sostegno-alla-grecia\/"},"author":{"name":"Redazione Comunicati Stampa","@id":"https:\/\/www.article-marketing.eu\/comunicati\/#\/schema\/person\/44372e4d4d0fa797b18e03ed1ace9017"},"headline":"L&#8217;Unione Europea fornir\u00e0 sostegno alla Grecia.","datePublished":"2010-02-13T16:49:10+00:00","dateModified":"2018-07-10T03:43:52+00:00","mainEntityOfPage":{"@id":"https:\/\/www.article-marketing.eu\/comunicati\/arte-e-cultura\/giornalismo\/lunione-europea-fornir%e0-sostegno-alla-grecia\/"},"wordCount":855,"commentCount":0,"articleSection":["Giornalismo"],"inLanguage":"it-IT","potentialAction":[{"@type":"CommentAction","name":"Comment","target":["https:\/\/www.article-marketing.eu\/comunicati\/arte-e-cultura\/giornalismo\/lunione-europea-fornir%e0-sostegno-alla-grecia\/#respond"]}]},{"@type":"WebPage","@id":"https:\/\/www.article-marketing.eu\/comunicati\/arte-e-cultura\/giornalismo\/lunione-europea-fornir%e0-sostegno-alla-grecia\/","url":"https:\/\/www.article-marketing.eu\/comunicati\/arte-e-cultura\/giornalismo\/lunione-europea-fornir%e0-sostegno-alla-grecia\/","name":"L'Unione Europea fornir\u00e0 sostegno alla Grecia. - Article Marketing","isPartOf":{"@id":"https:\/\/www.article-marketing.eu\/comunicati\/#website"},"datePublished":"2010-02-13T16:49:10+00:00","dateModified":"2018-07-10T03:43:52+00:00","author":{"@id":"https:\/\/www.article-marketing.eu\/comunicati\/#\/schema\/person\/44372e4d4d0fa797b18e03ed1ace9017"},"breadcrumb":{"@id":"https:\/\/www.article-marketing.eu\/comunicati\/arte-e-cultura\/giornalismo\/lunione-europea-fornir%e0-sostegno-alla-grecia\/#breadcrumb"},"inLanguage":"it-IT","potentialAction":[{"@type":"ReadAction","target":["https:\/\/www.article-marketing.eu\/comunicati\/arte-e-cultura\/giornalismo\/lunione-europea-fornir%e0-sostegno-alla-grecia\/"]}]},{"@type":"BreadcrumbList","@id":"https:\/\/www.article-marketing.eu\/comunicati\/arte-e-cultura\/giornalismo\/lunione-europea-fornir%e0-sostegno-alla-grecia\/#breadcrumb","itemListElement":[{"@type":"ListItem","position":1,"name":"Home","item":"https:\/\/www.article-marketing.eu\/comunicati\/"},{"@type":"ListItem","position":2,"name":"L&#8217;Unione Europea fornir\u00e0 sostegno alla Grecia."}]},{"@type":"WebSite","@id":"https:\/\/www.article-marketing.eu\/comunicati\/#website","url":"https:\/\/www.article-marketing.eu\/comunicati\/","name":"Article Marketing","description":"article marketing &amp; press release","potentialAction":[{"@type":"SearchAction","target":{"@type":"EntryPoint","urlTemplate":"https:\/\/www.article-marketing.eu\/comunicati\/?s={search_term_string}"},"query-input":{"@type":"PropertyValueSpecification","valueRequired":true,"valueName":"search_term_string"}}],"inLanguage":"it-IT"},{"@type":"Person","@id":"https:\/\/www.article-marketing.eu\/comunicati\/#\/schema\/person\/44372e4d4d0fa797b18e03ed1ace9017","name":"Redazione Comunicati Stampa","image":{"@type":"ImageObject","inLanguage":"it-IT","@id":"https:\/\/www.article-marketing.eu\/comunicati\/#\/schema\/person\/image\/","url":"https:\/\/secure.gravatar.com\/avatar\/50e5c6421d3072f42e7ace803501602c60d75233d34e29fd05feb91c8760b792?s=96&d=mm&r=g","contentUrl":"https:\/\/secure.gravatar.com\/avatar\/50e5c6421d3072f42e7ace803501602c60d75233d34e29fd05feb91c8760b792?s=96&d=mm&r=g","caption":"Redazione Comunicati Stampa"},"url":"https:\/\/www.article-marketing.eu\/comunicati\/author\/redazione-comunicati-stampa\/"}]}},"_links":{"self":[{"href":"https:\/\/www.article-marketing.eu\/comunicati\/wp-json\/wp\/v2\/posts\/4120","targetHints":{"allow":["GET"]}}],"collection":[{"href":"https:\/\/www.article-marketing.eu\/comunicati\/wp-json\/wp\/v2\/posts"}],"about":[{"href":"https:\/\/www.article-marketing.eu\/comunicati\/wp-json\/wp\/v2\/types\/post"}],"author":[{"embeddable":true,"href":"https:\/\/www.article-marketing.eu\/comunicati\/wp-json\/wp\/v2\/users\/10"}],"replies":[{"embeddable":true,"href":"https:\/\/www.article-marketing.eu\/comunicati\/wp-json\/wp\/v2\/comments?post=4120"}],"version-history":[{"count":2,"href":"https:\/\/www.article-marketing.eu\/comunicati\/wp-json\/wp\/v2\/posts\/4120\/revisions"}],"predecessor-version":[{"id":62188,"href":"https:\/\/www.article-marketing.eu\/comunicati\/wp-json\/wp\/v2\/posts\/4120\/revisions\/62188"}],"wp:attachment":[{"href":"https:\/\/www.article-marketing.eu\/comunicati\/wp-json\/wp\/v2\/media?parent=4120"}],"wp:term":[{"taxonomy":"category","embeddable":true,"href":"https:\/\/www.article-marketing.eu\/comunicati\/wp-json\/wp\/v2\/categories?post=4120"},{"taxonomy":"post_tag","embeddable":true,"href":"https:\/\/www.article-marketing.eu\/comunicati\/wp-json\/wp\/v2\/tags?post=4120"}],"curies":[{"name":"wp","href":"https:\/\/api.w.org\/{rel}","templated":true}]}}