{"id":4125,"date":"2010-02-14T17:43:41","date_gmt":"2010-02-14T16:43:41","guid":{"rendered":"http:\/\/www.article-marketing.eu\/comunicati\/senza-categoria\/aprire-un-gruppo-su-facebook-il-titolo\/"},"modified":"2010-02-14T17:43:41","modified_gmt":"2010-02-14T16:43:41","slug":"aprire-un-gruppo-su-facebook-il-titolo","status":"publish","type":"post","link":"https:\/\/www.article-marketing.eu\/comunicati\/arte-e-cultura\/aprire-un-gruppo-su-facebook-il-titolo\/","title":{"rendered":"Aprire un gruppo su Facebook: il titolo"},"content":{"rendered":"<p style=\"margin-top: 0px; margin-right: 0px; margin-bottom: 0px; margin-left: 0px; padding-top: 0px; padding-right: 0px; padding-bottom: 10px; padding-left: 0px; line-height: 18px; \">Stai pensando di aprire un <strong style=\"margin-top: 0px; margin-right: 0px; margin-bottom: 0px; margin-left: 0px; padding-top: 0px; padding-right: 0px; padding-bottom: 0px; padding-left: 0px; \">gruppo su Facebook<\/strong>&#8216; Vuoi aggregare intorno alla tua idea, alle tue passioni, al tuo business il maggior numero possibile di persone e condividere con loro tutte le tue novit\u00e0&#8217; Allora dovresti riflettere molto bene prima di scegliere il titolo del gruppo.<\/p>\n<p style=\"margin-top: 0px; margin-right: 0px; margin-bottom: 0px; margin-left: 0px; padding-top: 0px; padding-right: 0px; padding-bottom: 10px; padding-left: 0px; line-height: 18px; \">Il titolo di un gruppo su Facebook \u00e8 come il <strong style=\"margin-top: 0px; margin-right: 0px; margin-bottom: 0px; margin-left: 0px; padding-top: 0px; padding-right: 0px; padding-bottom: 0px; padding-left: 0px; \"><a href=\"http:\/\/it.wikipedia.org\/wiki\/Naming\" style=\"color: #b30000; margin-top: 0px; margin-right: 0px; margin-bottom: 0px; margin-left: 0px; padding-top: 0px; padding-right: 0px; padding-bottom: 0px; padding-left: 0px; text-decoration: none; outline-style: none; outline-width: initial; outline-color: initial; \">nome di un prodotto<\/a><\/strong>, ne pu\u00f2 decretare il successo o l insuccesso ancora prima di venire alla luce. Il naming \u00e8 una delle attivit\u00e0 pi\u00f9 delicate su cui si cimentano i copywriter, perch\u00e8 deve tener conto di aspetti di marketing ma non solo, anche della cultura e della sensibilit\u00e0 del target. Faccio solo un esempio, la Jetta Volkswagen: auto costruita da una casa automobilistica di grande affidabilit\u00e0, venduta benissimo in Nord America, che per\u00f2 ha avuto non poche difficolt\u00e0 ad imporsi sul mercato italiano. Motivo principale, il nome che in italiano richiama la jella e la jettatura: quando si dice la mala sorte di un nome!<\/p>\n<p style=\"margin-top: 0px; margin-right: 0px; margin-bottom: 0px; margin-left: 0px; padding-top: 0px; padding-right: 0px; padding-bottom: 10px; padding-left: 0px; line-height: 18px; \">Ma un titolo di un gruppo Facebook funziona anche come una <strong style=\"margin-top: 0px; margin-right: 0px; margin-bottom: 0px; margin-left: 0px; padding-top: 0px; padding-right: 0px; padding-bottom: 0px; padding-left: 0px; \">headline<\/strong>, deve essere attenzionale e contenere una promessa in cui i membri si possano riconoscere. Se hai notato i nomi dei gruppi si dividono in 4 filoni ben precisi:<\/p>\n<ol style=\"margin-top: 0px; margin-right: 0px; margin-bottom: 0px; margin-left: 0px; padding-top: 0px; padding-right: 0px; padding-bottom: 10px; padding-left: 35px; list-style-type: decimal; line-height: 18px; \">\n<li style=\"margin-top: 0px; margin-right: 0px; margin-bottom: 0px; margin-left: 0px; padding-top: 0px; padding-right: 0px; padding-bottom: 0px; padding-left: 0px; \">I gruppi che si chiamano come un brand, un prodotto noto, una attivit\u00e0, un blog. Questa tipologia di titoli \u00e8 pi\u00f9 adatta per un uso business di Facebook. Il successo \u00e8 derivato dal successo che brand, prodotti e blog hanno al di fuori di Facebook, sia sul web che nella vita reale.<\/li>\n<li style=\"margin-top: 0px; margin-right: 0px; margin-bottom: 0px; margin-left: 0px; padding-top: 0px; padding-right: 0px; padding-bottom: 0px; padding-left: 0px; \">I gruppi che iniziano con  Quelli che&#038;  e  Tutti quelli che&#038; . E  la forma di aggregazione pi\u00f9 semplice. Tutti vogliamo sentirci speciali, parte di una \u00e8lite ma nello stesso tempo condividere questa specificit\u00e0 con i nostri simili. Del resto, siamo o non siamo  animali sociali &#8216; Certo, l invito pu\u00f2 raggiungere anche aspetti surreali, quando suona come  Entrate tutti a far parte del gruppo pi\u00f9 esclusivo&#038; : ora, se il gruppo \u00e8 esclusivo nel momento in cui tutti ne entrassero a far parte, qualche dubbio sull esclusivit\u00e0 potrebbe anche venire. Non vi pare&#8217;<\/li>\n<li style=\"margin-top: 0px; margin-right: 0px; margin-bottom: 0px; margin-left: 0px; padding-top: 0px; padding-right: 0px; padding-bottom: 0px; padding-left: 0px; \">I gruppi che usano uno slogan, secondo la tecnica politica:  X for president ,  Basta con&#038;   Non paghiamo pi\u00f9&#038;  eccetera, eccetera. Se hai una causa per cui vuoi batterti, questo \u00e8 il tipo di titolo che pi\u00f9 si addice al tuo gruppo. Attento solo a creare uno slogan che non sia troppo generico e realista. Se non ne puoi pi\u00f9 di pagare le tasse, un gruppo  Basta con le tasse  risulta troppo generico. Basta dare un occhiata ai numeri che aggrega un concetto del genere. E poi tutti sanno che non pagare del tutto le tasse \u00e8 impossibile.<\/li>\n<li style=\"margin-top: 0px; margin-right: 0px; margin-bottom: 0px; margin-left: 0px; padding-top: 0px; padding-right: 0px; padding-bottom: 0px; padding-left: 0px; \">E poi, in ultimo, ci sono i titoli che riportano frasi comuni, battute di spirito, provocazioni. Inutile dirlo, sembrano essere quelli pi\u00f9 di successo, visto l uso a dir poco  spensierato , per non dire peggio che si tende a fare di Facebook.  E  ovvio che questo genere di titoli sono poco indicati per un uso business del gruppo, ma non si pu\u00f2 mai dire&#038;<\/li>\n<\/ol>\n<p>    Quale di queste quattro \u00e8 la tipologia di titolo di un gruppo Facebook che ti attrae di pi\u00f9&#8217; Rispondi commentando qui o sul gruppo Facebook SCRIVI PER ME, su cui ti aspettiamo.<\/p>\n","protected":false},"excerpt":{"rendered":"<p>Aprire un gruppo su Facebook \u00e8 facile, pi\u00f9 difficile \u00e8 trovare un nome al gruppo che permetta di essere riconoscibile e che riesca ad aggregare il maggior numero possibili di membri. Ecco alcune piccole regole sulle tipologie di titoli e su come scegliere quello che \u00e8 pi\u00f9 adatto alla propria passione o al proprio business.<\/p>\n","protected":false},"author":10,"featured_media":0,"comment_status":"open","ping_status":"open","sticky":false,"template":"","format":"standard","meta":{"cybocfi_hide_featured_image":"","footnotes":""},"categories":[27],"tags":[],"class_list":["post-4125","post","type-post","status-publish","format-standard","hentry","category-arte-e-cultura"],"yoast_head":"<!-- This site is optimized with the Yoast SEO plugin v27.0 - https:\/\/yoast.com\/product\/yoast-seo-wordpress\/ -->\n<title>Aprire un gruppo su Facebook: il titolo - Article Marketing<\/title>\n<meta name=\"robots\" content=\"index, follow, max-snippet:-1, max-image-preview:large, max-video-preview:-1\" \/>\n<link rel=\"canonical\" href=\"https:\/\/www.article-marketing.eu\/comunicati\/arte-e-cultura\/aprire-un-gruppo-su-facebook-il-titolo\/\" \/>\n<meta property=\"og:locale\" content=\"it_IT\" \/>\n<meta property=\"og:type\" content=\"article\" \/>\n<meta property=\"og:title\" content=\"Aprire un gruppo su Facebook: il titolo - Article Marketing\" \/>\n<meta property=\"og:description\" content=\"Aprire un gruppo su Facebook \u00e8 facile, pi\u00f9 difficile \u00e8 trovare un nome al gruppo che permetta di essere riconoscibile e che riesca ad aggregare il maggior numero possibili di membri. Ecco alcune piccole regole sulle tipologie di titoli e su come scegliere quello che \u00e8 pi\u00f9 adatto alla propria passione o al proprio business.\" \/>\n<meta property=\"og:url\" content=\"https:\/\/www.article-marketing.eu\/comunicati\/arte-e-cultura\/aprire-un-gruppo-su-facebook-il-titolo\/\" \/>\n<meta property=\"og:site_name\" content=\"Article Marketing\" \/>\n<meta property=\"article:published_time\" content=\"2010-02-14T16:43:41+00:00\" \/>\n<meta name=\"author\" content=\"Redazione Comunicati Stampa\" \/>\n<meta name=\"twitter:card\" content=\"summary_large_image\" \/>\n<meta name=\"twitter:label1\" content=\"Scritto da\" \/>\n\t<meta name=\"twitter:data1\" content=\"Redazione Comunicati Stampa\" \/>\n\t<meta name=\"twitter:label2\" content=\"Tempo di lettura stimato\" \/>\n\t<meta name=\"twitter:data2\" content=\"3 minuti\" \/>\n<script type=\"application\/ld+json\" class=\"yoast-schema-graph\">{\"@context\":\"https:\/\/schema.org\",\"@graph\":[{\"@type\":\"Article\",\"@id\":\"https:\/\/www.article-marketing.eu\/comunicati\/arte-e-cultura\/aprire-un-gruppo-su-facebook-il-titolo\/#article\",\"isPartOf\":{\"@id\":\"https:\/\/www.article-marketing.eu\/comunicati\/arte-e-cultura\/aprire-un-gruppo-su-facebook-il-titolo\/\"},\"author\":{\"name\":\"Redazione Comunicati Stampa\",\"@id\":\"https:\/\/www.article-marketing.eu\/comunicati\/#\/schema\/person\/44372e4d4d0fa797b18e03ed1ace9017\"},\"headline\":\"Aprire un gruppo su Facebook: il titolo\",\"datePublished\":\"2010-02-14T16:43:41+00:00\",\"mainEntityOfPage\":{\"@id\":\"https:\/\/www.article-marketing.eu\/comunicati\/arte-e-cultura\/aprire-un-gruppo-su-facebook-il-titolo\/\"},\"wordCount\":539,\"commentCount\":0,\"articleSection\":[\"Arte e cultura\"],\"inLanguage\":\"it-IT\",\"potentialAction\":[{\"@type\":\"CommentAction\",\"name\":\"Comment\",\"target\":[\"https:\/\/www.article-marketing.eu\/comunicati\/arte-e-cultura\/aprire-un-gruppo-su-facebook-il-titolo\/#respond\"]}]},{\"@type\":\"WebPage\",\"@id\":\"https:\/\/www.article-marketing.eu\/comunicati\/arte-e-cultura\/aprire-un-gruppo-su-facebook-il-titolo\/\",\"url\":\"https:\/\/www.article-marketing.eu\/comunicati\/arte-e-cultura\/aprire-un-gruppo-su-facebook-il-titolo\/\",\"name\":\"Aprire un gruppo su Facebook: il titolo - Article Marketing\",\"isPartOf\":{\"@id\":\"https:\/\/www.article-marketing.eu\/comunicati\/#website\"},\"datePublished\":\"2010-02-14T16:43:41+00:00\",\"author\":{\"@id\":\"https:\/\/www.article-marketing.eu\/comunicati\/#\/schema\/person\/44372e4d4d0fa797b18e03ed1ace9017\"},\"breadcrumb\":{\"@id\":\"https:\/\/www.article-marketing.eu\/comunicati\/arte-e-cultura\/aprire-un-gruppo-su-facebook-il-titolo\/#breadcrumb\"},\"inLanguage\":\"it-IT\",\"potentialAction\":[{\"@type\":\"ReadAction\",\"target\":[\"https:\/\/www.article-marketing.eu\/comunicati\/arte-e-cultura\/aprire-un-gruppo-su-facebook-il-titolo\/\"]}]},{\"@type\":\"BreadcrumbList\",\"@id\":\"https:\/\/www.article-marketing.eu\/comunicati\/arte-e-cultura\/aprire-un-gruppo-su-facebook-il-titolo\/#breadcrumb\",\"itemListElement\":[{\"@type\":\"ListItem\",\"position\":1,\"name\":\"Home\",\"item\":\"https:\/\/www.article-marketing.eu\/comunicati\/\"},{\"@type\":\"ListItem\",\"position\":2,\"name\":\"Aprire un gruppo su Facebook: il titolo\"}]},{\"@type\":\"WebSite\",\"@id\":\"https:\/\/www.article-marketing.eu\/comunicati\/#website\",\"url\":\"https:\/\/www.article-marketing.eu\/comunicati\/\",\"name\":\"Article Marketing\",\"description\":\"article marketing &amp; press release\",\"potentialAction\":[{\"@type\":\"SearchAction\",\"target\":{\"@type\":\"EntryPoint\",\"urlTemplate\":\"https:\/\/www.article-marketing.eu\/comunicati\/?s={search_term_string}\"},\"query-input\":{\"@type\":\"PropertyValueSpecification\",\"valueRequired\":true,\"valueName\":\"search_term_string\"}}],\"inLanguage\":\"it-IT\"},{\"@type\":\"Person\",\"@id\":\"https:\/\/www.article-marketing.eu\/comunicati\/#\/schema\/person\/44372e4d4d0fa797b18e03ed1ace9017\",\"name\":\"Redazione Comunicati Stampa\",\"image\":{\"@type\":\"ImageObject\",\"inLanguage\":\"it-IT\",\"@id\":\"https:\/\/www.article-marketing.eu\/comunicati\/#\/schema\/person\/image\/\",\"url\":\"https:\/\/secure.gravatar.com\/avatar\/50e5c6421d3072f42e7ace803501602c60d75233d34e29fd05feb91c8760b792?s=96&d=mm&r=g\",\"contentUrl\":\"https:\/\/secure.gravatar.com\/avatar\/50e5c6421d3072f42e7ace803501602c60d75233d34e29fd05feb91c8760b792?s=96&d=mm&r=g\",\"caption\":\"Redazione Comunicati Stampa\"},\"url\":\"https:\/\/www.article-marketing.eu\/comunicati\/author\/redazione-comunicati-stampa\/\"}]}<\/script>\n<!-- \/ Yoast SEO plugin. -->","yoast_head_json":{"title":"Aprire un gruppo su Facebook: il titolo - Article Marketing","robots":{"index":"index","follow":"follow","max-snippet":"max-snippet:-1","max-image-preview":"max-image-preview:large","max-video-preview":"max-video-preview:-1"},"canonical":"https:\/\/www.article-marketing.eu\/comunicati\/arte-e-cultura\/aprire-un-gruppo-su-facebook-il-titolo\/","og_locale":"it_IT","og_type":"article","og_title":"Aprire un gruppo su Facebook: il titolo - Article Marketing","og_description":"Aprire un gruppo su Facebook \u00e8 facile, pi\u00f9 difficile \u00e8 trovare un nome al gruppo che permetta di essere riconoscibile e che riesca ad aggregare il maggior numero possibili di membri. Ecco alcune piccole regole sulle tipologie di titoli e su come scegliere quello che \u00e8 pi\u00f9 adatto alla propria passione o al proprio business.","og_url":"https:\/\/www.article-marketing.eu\/comunicati\/arte-e-cultura\/aprire-un-gruppo-su-facebook-il-titolo\/","og_site_name":"Article Marketing","article_published_time":"2010-02-14T16:43:41+00:00","author":"Redazione Comunicati Stampa","twitter_card":"summary_large_image","twitter_misc":{"Scritto da":"Redazione Comunicati Stampa","Tempo di lettura stimato":"3 minuti"},"schema":{"@context":"https:\/\/schema.org","@graph":[{"@type":"Article","@id":"https:\/\/www.article-marketing.eu\/comunicati\/arte-e-cultura\/aprire-un-gruppo-su-facebook-il-titolo\/#article","isPartOf":{"@id":"https:\/\/www.article-marketing.eu\/comunicati\/arte-e-cultura\/aprire-un-gruppo-su-facebook-il-titolo\/"},"author":{"name":"Redazione Comunicati Stampa","@id":"https:\/\/www.article-marketing.eu\/comunicati\/#\/schema\/person\/44372e4d4d0fa797b18e03ed1ace9017"},"headline":"Aprire un gruppo su Facebook: il titolo","datePublished":"2010-02-14T16:43:41+00:00","mainEntityOfPage":{"@id":"https:\/\/www.article-marketing.eu\/comunicati\/arte-e-cultura\/aprire-un-gruppo-su-facebook-il-titolo\/"},"wordCount":539,"commentCount":0,"articleSection":["Arte e cultura"],"inLanguage":"it-IT","potentialAction":[{"@type":"CommentAction","name":"Comment","target":["https:\/\/www.article-marketing.eu\/comunicati\/arte-e-cultura\/aprire-un-gruppo-su-facebook-il-titolo\/#respond"]}]},{"@type":"WebPage","@id":"https:\/\/www.article-marketing.eu\/comunicati\/arte-e-cultura\/aprire-un-gruppo-su-facebook-il-titolo\/","url":"https:\/\/www.article-marketing.eu\/comunicati\/arte-e-cultura\/aprire-un-gruppo-su-facebook-il-titolo\/","name":"Aprire un gruppo su Facebook: il titolo - Article Marketing","isPartOf":{"@id":"https:\/\/www.article-marketing.eu\/comunicati\/#website"},"datePublished":"2010-02-14T16:43:41+00:00","author":{"@id":"https:\/\/www.article-marketing.eu\/comunicati\/#\/schema\/person\/44372e4d4d0fa797b18e03ed1ace9017"},"breadcrumb":{"@id":"https:\/\/www.article-marketing.eu\/comunicati\/arte-e-cultura\/aprire-un-gruppo-su-facebook-il-titolo\/#breadcrumb"},"inLanguage":"it-IT","potentialAction":[{"@type":"ReadAction","target":["https:\/\/www.article-marketing.eu\/comunicati\/arte-e-cultura\/aprire-un-gruppo-su-facebook-il-titolo\/"]}]},{"@type":"BreadcrumbList","@id":"https:\/\/www.article-marketing.eu\/comunicati\/arte-e-cultura\/aprire-un-gruppo-su-facebook-il-titolo\/#breadcrumb","itemListElement":[{"@type":"ListItem","position":1,"name":"Home","item":"https:\/\/www.article-marketing.eu\/comunicati\/"},{"@type":"ListItem","position":2,"name":"Aprire un gruppo su Facebook: il titolo"}]},{"@type":"WebSite","@id":"https:\/\/www.article-marketing.eu\/comunicati\/#website","url":"https:\/\/www.article-marketing.eu\/comunicati\/","name":"Article Marketing","description":"article marketing &amp; press release","potentialAction":[{"@type":"SearchAction","target":{"@type":"EntryPoint","urlTemplate":"https:\/\/www.article-marketing.eu\/comunicati\/?s={search_term_string}"},"query-input":{"@type":"PropertyValueSpecification","valueRequired":true,"valueName":"search_term_string"}}],"inLanguage":"it-IT"},{"@type":"Person","@id":"https:\/\/www.article-marketing.eu\/comunicati\/#\/schema\/person\/44372e4d4d0fa797b18e03ed1ace9017","name":"Redazione Comunicati Stampa","image":{"@type":"ImageObject","inLanguage":"it-IT","@id":"https:\/\/www.article-marketing.eu\/comunicati\/#\/schema\/person\/image\/","url":"https:\/\/secure.gravatar.com\/avatar\/50e5c6421d3072f42e7ace803501602c60d75233d34e29fd05feb91c8760b792?s=96&d=mm&r=g","contentUrl":"https:\/\/secure.gravatar.com\/avatar\/50e5c6421d3072f42e7ace803501602c60d75233d34e29fd05feb91c8760b792?s=96&d=mm&r=g","caption":"Redazione Comunicati Stampa"},"url":"https:\/\/www.article-marketing.eu\/comunicati\/author\/redazione-comunicati-stampa\/"}]}},"_links":{"self":[{"href":"https:\/\/www.article-marketing.eu\/comunicati\/wp-json\/wp\/v2\/posts\/4125","targetHints":{"allow":["GET"]}}],"collection":[{"href":"https:\/\/www.article-marketing.eu\/comunicati\/wp-json\/wp\/v2\/posts"}],"about":[{"href":"https:\/\/www.article-marketing.eu\/comunicati\/wp-json\/wp\/v2\/types\/post"}],"author":[{"embeddable":true,"href":"https:\/\/www.article-marketing.eu\/comunicati\/wp-json\/wp\/v2\/users\/10"}],"replies":[{"embeddable":true,"href":"https:\/\/www.article-marketing.eu\/comunicati\/wp-json\/wp\/v2\/comments?post=4125"}],"version-history":[{"count":0,"href":"https:\/\/www.article-marketing.eu\/comunicati\/wp-json\/wp\/v2\/posts\/4125\/revisions"}],"wp:attachment":[{"href":"https:\/\/www.article-marketing.eu\/comunicati\/wp-json\/wp\/v2\/media?parent=4125"}],"wp:term":[{"taxonomy":"category","embeddable":true,"href":"https:\/\/www.article-marketing.eu\/comunicati\/wp-json\/wp\/v2\/categories?post=4125"},{"taxonomy":"post_tag","embeddable":true,"href":"https:\/\/www.article-marketing.eu\/comunicati\/wp-json\/wp\/v2\/tags?post=4125"}],"curies":[{"name":"wp","href":"https:\/\/api.w.org\/{rel}","templated":true}]}}