{"id":4128,"date":"2010-02-14T22:50:43","date_gmt":"2010-02-14T21:50:43","guid":{"rendered":"http:\/\/www.article-marketing.eu\/comunicati\/senza-categoria\/litalia-che-innova-siete-pronti-evento-allara-pacis-roma\/"},"modified":"2010-02-14T22:50:43","modified_gmt":"2010-02-14T21:50:43","slug":"litalia-che-innova-siete-pronti-evento-allara-pacis-roma","status":"publish","type":"post","link":"https:\/\/www.article-marketing.eu\/comunicati\/comunicati-stampa\/eventi\/litalia-che-innova-siete-pronti-evento-allara-pacis-roma\/","title":{"rendered":"L\u2019Italia che Innova: Siete pronti? evento all&#8217;Ara Pacis &#8211; Roma"},"content":{"rendered":"<p>Il 19 febbraio 2010 all\u2019Ara Pacis di Roma il progetto Side Leaders presenta l\u2019evento \u201c<a href=\"http:\/\/www.sideleaders.it\/\"><strong>L\u2019Italia che innova<\/strong><\/a>\u201d. <\/p>\n<p>All\u2019Italia che Innova saranno presenti alcune delle <strong>migliori menti imprenditoriali ed innovatrici dei nostri giorni<\/strong> e del nostro Paese. Direttamente dalle loro voci, ascoltando le esperienze di coloro che hanno creduto senza arrendersi nei propri progetti, i partecipanti scopriranno cosa significa essere imprenditori e, soprattutto, come farcela oggi in Italia. <\/p>\n<p><strong>Il Ministro della Giovent\u00f9 Giorgia Meloni<\/strong> parteciper\u00e0 alla tavola rotonda come Side Leader istituzionale, insieme a Giampaolo Rossi (Presidente di Rai Net) e Gian Paolo Tagliavia (AD di Mtv Italia). <\/p>\n<p>Protagonisti dell\u2019evento sono delle <strong>eccellenze italiane che hanno realizzato importanti progetti innovativi nel nostro Paese e all\u2019estero<\/strong>: Luca Ascani (Presidente di GoAdv), Fabrizio Capobianco (CEO di Funambol), Stefano Cigarini (Direttore Generale di Zoomarine) e Silvio Gentile (AD Green Utility) <\/p>\n<p>Giorgia Petrini, autrice del libro \u201cL\u2019Italia che Innova\u201d e promotrice dell\u2019evento, intraprender\u00e0 un faccia a faccia con Ios\u00e8 Magno (Fondatore di BluCape) per illustrare come agisce Side Leaders e le sue finalit\u00e0. <\/p>\n<p><strong>Side Leaders \u00e8 un progetto innovativo che intende accrescere e sviluppare un nuovo ecosistema imprenditoriale<\/strong>, finanziario, didattico e sociale che punti sui migliori giovani talenti italiani dell\u2019innovazione per veicolarne il successo sul mercato locale e globale. <\/p>\n<p><strong>L\u2019ingresso all\u2019Italia che Innova \u00e8 libero e gratuito<\/strong>.<\/p>\n<p>Tutte le informazioni sul sito: http:\/\/www.sideleaders.it\/<\/p>\n<p>&#8212;<br \/>\n Riferimenti<\/p>\n<p><strong>Dove<\/strong>: Ara Pacis, Roma <br \/>\n <strong>Quando<\/strong>: venerd\u00ec, 19 gennaio 2010<br \/>\n <strong>Orario<\/strong>: dalle 16.00 alle 20.00<br \/>\n <strong>Sito<\/strong>: http:\/\/www.sideleaders.it\/<\/p>\n<p>&nbsp;&nbsp;&nbsp;&nbsp;&nbsp;&nbsp;&nbsp;&nbsp;&nbsp;&nbsp;&nbsp;&nbsp;&nbsp;&nbsp;&nbsp;&nbsp;&nbsp;&nbsp;&nbsp;&nbsp;&nbsp;&nbsp;&nbsp;&nbsp;&nbsp;&nbsp;&nbsp;&nbsp;&nbsp;&nbsp;&nbsp;&nbsp;&nbsp;&nbsp;&nbsp;&nbsp;&nbsp;&nbsp;&nbsp;&nbsp;&nbsp;&nbsp;&nbsp;&nbsp;&nbsp;&nbsp;&nbsp;&nbsp;&nbsp;&nbsp;&nbsp;&nbsp;&nbsp;&nbsp;&nbsp;&nbsp;&nbsp;&nbsp;&nbsp;&nbsp;&nbsp;&nbsp;&nbsp;&nbsp;&nbsp;&nbsp;&nbsp;&nbsp;&nbsp;&nbsp;&nbsp;&nbsp;&nbsp;&nbsp;&nbsp;&nbsp;&nbsp;&nbsp;&nbsp;&nbsp;&nbsp;&nbsp;&nbsp;&nbsp;&nbsp;&nbsp;&nbsp;&nbsp;&nbsp;&nbsp;&nbsp;&nbsp;&nbsp;&nbsp;&nbsp;&nbsp;&nbsp;&nbsp;&nbsp;&nbsp;&nbsp;&nbsp;&nbsp;&nbsp;&nbsp;&nbsp;&nbsp;&nbsp;&nbsp;&nbsp;&nbsp;&nbsp;&nbsp;&nbsp;&nbsp;&nbsp;&nbsp;&nbsp;&nbsp;&nbsp;&nbsp;&nbsp;&nbsp;&nbsp;&nbsp;&nbsp;&nbsp;&nbsp;&nbsp;&nbsp;&nbsp;&nbsp;&nbsp;&nbsp;&nbsp;&nbsp;&nbsp;&nbsp;&nbsp;&nbsp;&nbsp;<\/p>\n<p>&nbsp;&nbsp;&nbsp;&nbsp;&nbsp;&nbsp;&nbsp;&nbsp;&nbsp;&nbsp;&nbsp;&nbsp;&nbsp;&nbsp;&nbsp;&nbsp;&nbsp;&nbsp;&nbsp;&nbsp;&nbsp;&nbsp;&nbsp;&nbsp;&nbsp;&nbsp;&nbsp;&nbsp;&nbsp;&nbsp;&nbsp;&nbsp;&nbsp;&nbsp;&nbsp;&nbsp;&nbsp;&nbsp;&nbsp;&nbsp;&nbsp;&nbsp;&nbsp;&nbsp;&nbsp;&nbsp;&nbsp;&nbsp;&nbsp;&nbsp;&nbsp;&nbsp;&nbsp;&nbsp;&nbsp;&nbsp;&nbsp;&nbsp;&nbsp;&nbsp;&nbsp;&nbsp;&nbsp;&nbsp;&nbsp;&nbsp;&nbsp;&nbsp;&nbsp;&nbsp;&nbsp;&nbsp;&nbsp;&nbsp;&nbsp;&nbsp;&nbsp;&nbsp;&nbsp;&nbsp;&nbsp;&nbsp;&nbsp;&nbsp;&nbsp;&nbsp;&nbsp;&nbsp;&nbsp;&nbsp;&nbsp;&nbsp;&nbsp;&nbsp;&nbsp;&nbsp;&nbsp;&nbsp;&nbsp;&nbsp;&nbsp;&nbsp;&nbsp;&nbsp;&nbsp;&nbsp;&nbsp;&nbsp;&nbsp;&nbsp;&nbsp;&nbsp;&nbsp;&nbsp;&nbsp;&nbsp;&nbsp;&nbsp;&nbsp;&nbsp;&nbsp;&nbsp;&nbsp;&nbsp;&nbsp;&nbsp;&nbsp;&nbsp;&nbsp;&nbsp;&nbsp;&nbsp;&nbsp;&nbsp;&nbsp;&nbsp;&nbsp;&nbsp;&nbsp;&nbsp;&nbsp;<\/p>\n","protected":false},"excerpt":{"rendered":"<p>Il 19 febbraio 2010 all\u2019Ara Pacis di Roma il progetto Side Leaders presenta  l\u2019evento \u201cL\u2019Italia che innova\u201d.<br \/>\nAll\u2019Italia che Innova saranno presenti alcune delle migliori menti imprenditoriali ed innovatrici dei nostri giorni e del nostro Paese. Il Ministro della Giovent\u00f9 Giorgia Meloni parteciper\u00e0 alla tavola rotonda come Side Leader istituzionale, insieme a Giampaolo Rossi (Presidente di Rai Net) e Gian Paolo Tagliavia (AD di Mtv Italia).<\/p>\n","protected":false},"author":10,"featured_media":0,"comment_status":"open","ping_status":"open","sticky":false,"template":"","format":"standard","meta":{"cybocfi_hide_featured_image":"","footnotes":""},"categories":[388],"tags":[],"class_list":["post-4128","post","type-post","status-publish","format-standard","hentry","category-eventi"],"yoast_head":"<!-- This site is optimized with the Yoast SEO plugin v27.0 - https:\/\/yoast.com\/product\/yoast-seo-wordpress\/ -->\n<title>L\u2019Italia che Innova: Siete pronti? evento all&#039;Ara Pacis - Roma - Article Marketing<\/title>\n<meta name=\"robots\" content=\"index, follow, max-snippet:-1, max-image-preview:large, max-video-preview:-1\" \/>\n<link rel=\"canonical\" href=\"https:\/\/www.article-marketing.eu\/comunicati\/comunicati-stampa\/eventi\/litalia-che-innova-siete-pronti-evento-allara-pacis-roma\/\" \/>\n<meta property=\"og:locale\" content=\"it_IT\" \/>\n<meta property=\"og:type\" content=\"article\" \/>\n<meta property=\"og:title\" content=\"L\u2019Italia che Innova: Siete pronti? evento all&#039;Ara Pacis - Roma - Article Marketing\" \/>\n<meta property=\"og:description\" content=\"Il 19 febbraio 2010 all\u2019Ara Pacis di Roma il progetto Side Leaders presenta l\u2019evento \u201cL\u2019Italia che innova\u201d. All\u2019Italia che Innova saranno presenti alcune delle migliori menti imprenditoriali ed innovatrici dei nostri giorni e del nostro Paese. Il Ministro della Giovent\u00f9 Giorgia Meloni parteciper\u00e0 alla tavola rotonda come Side Leader istituzionale, insieme a Giampaolo Rossi (Presidente di Rai Net) e Gian Paolo Tagliavia (AD di Mtv Italia).\" \/>\n<meta property=\"og:url\" content=\"https:\/\/www.article-marketing.eu\/comunicati\/comunicati-stampa\/eventi\/litalia-che-innova-siete-pronti-evento-allara-pacis-roma\/\" \/>\n<meta property=\"og:site_name\" content=\"Article Marketing\" \/>\n<meta property=\"article:published_time\" content=\"2010-02-14T21:50:43+00:00\" \/>\n<meta name=\"author\" content=\"Redazione Comunicati Stampa\" \/>\n<meta name=\"twitter:card\" content=\"summary_large_image\" \/>\n<meta name=\"twitter:label1\" content=\"Scritto da\" \/>\n\t<meta name=\"twitter:data1\" content=\"Redazione Comunicati Stampa\" \/>\n\t<meta name=\"twitter:label2\" content=\"Tempo di lettura stimato\" \/>\n\t<meta name=\"twitter:data2\" content=\"3 minuti\" \/>\n<script type=\"application\/ld+json\" class=\"yoast-schema-graph\">{\"@context\":\"https:\/\/schema.org\",\"@graph\":[{\"@type\":\"Article\",\"@id\":\"https:\/\/www.article-marketing.eu\/comunicati\/comunicati-stampa\/eventi\/litalia-che-innova-siete-pronti-evento-allara-pacis-roma\/#article\",\"isPartOf\":{\"@id\":\"https:\/\/www.article-marketing.eu\/comunicati\/comunicati-stampa\/eventi\/litalia-che-innova-siete-pronti-evento-allara-pacis-roma\/\"},\"author\":{\"name\":\"Redazione Comunicati Stampa\",\"@id\":\"https:\/\/www.article-marketing.eu\/comunicati\/#\/schema\/person\/44372e4d4d0fa797b18e03ed1ace9017\"},\"headline\":\"L\u2019Italia che Innova: Siete pronti? evento all&#8217;Ara Pacis &#8211; Roma\",\"datePublished\":\"2010-02-14T21:50:43+00:00\",\"mainEntityOfPage\":{\"@id\":\"https:\/\/www.article-marketing.eu\/comunicati\/comunicati-stampa\/eventi\/litalia-che-innova-siete-pronti-evento-allara-pacis-roma\/\"},\"wordCount\":538,\"commentCount\":0,\"articleSection\":[\"Eventi\"],\"inLanguage\":\"it-IT\",\"potentialAction\":[{\"@type\":\"CommentAction\",\"name\":\"Comment\",\"target\":[\"https:\/\/www.article-marketing.eu\/comunicati\/comunicati-stampa\/eventi\/litalia-che-innova-siete-pronti-evento-allara-pacis-roma\/#respond\"]}]},{\"@type\":\"WebPage\",\"@id\":\"https:\/\/www.article-marketing.eu\/comunicati\/comunicati-stampa\/eventi\/litalia-che-innova-siete-pronti-evento-allara-pacis-roma\/\",\"url\":\"https:\/\/www.article-marketing.eu\/comunicati\/comunicati-stampa\/eventi\/litalia-che-innova-siete-pronti-evento-allara-pacis-roma\/\",\"name\":\"L\u2019Italia che Innova: Siete pronti? evento all'Ara Pacis - Roma - Article Marketing\",\"isPartOf\":{\"@id\":\"https:\/\/www.article-marketing.eu\/comunicati\/#website\"},\"datePublished\":\"2010-02-14T21:50:43+00:00\",\"author\":{\"@id\":\"https:\/\/www.article-marketing.eu\/comunicati\/#\/schema\/person\/44372e4d4d0fa797b18e03ed1ace9017\"},\"breadcrumb\":{\"@id\":\"https:\/\/www.article-marketing.eu\/comunicati\/comunicati-stampa\/eventi\/litalia-che-innova-siete-pronti-evento-allara-pacis-roma\/#breadcrumb\"},\"inLanguage\":\"it-IT\",\"potentialAction\":[{\"@type\":\"ReadAction\",\"target\":[\"https:\/\/www.article-marketing.eu\/comunicati\/comunicati-stampa\/eventi\/litalia-che-innova-siete-pronti-evento-allara-pacis-roma\/\"]}]},{\"@type\":\"BreadcrumbList\",\"@id\":\"https:\/\/www.article-marketing.eu\/comunicati\/comunicati-stampa\/eventi\/litalia-che-innova-siete-pronti-evento-allara-pacis-roma\/#breadcrumb\",\"itemListElement\":[{\"@type\":\"ListItem\",\"position\":1,\"name\":\"Home\",\"item\":\"https:\/\/www.article-marketing.eu\/comunicati\/\"},{\"@type\":\"ListItem\",\"position\":2,\"name\":\"L\u2019Italia che Innova: Siete pronti? evento all&#8217;Ara Pacis &#8211; Roma\"}]},{\"@type\":\"WebSite\",\"@id\":\"https:\/\/www.article-marketing.eu\/comunicati\/#website\",\"url\":\"https:\/\/www.article-marketing.eu\/comunicati\/\",\"name\":\"Article Marketing\",\"description\":\"article marketing &amp; press release\",\"potentialAction\":[{\"@type\":\"SearchAction\",\"target\":{\"@type\":\"EntryPoint\",\"urlTemplate\":\"https:\/\/www.article-marketing.eu\/comunicati\/?s={search_term_string}\"},\"query-input\":{\"@type\":\"PropertyValueSpecification\",\"valueRequired\":true,\"valueName\":\"search_term_string\"}}],\"inLanguage\":\"it-IT\"},{\"@type\":\"Person\",\"@id\":\"https:\/\/www.article-marketing.eu\/comunicati\/#\/schema\/person\/44372e4d4d0fa797b18e03ed1ace9017\",\"name\":\"Redazione Comunicati Stampa\",\"image\":{\"@type\":\"ImageObject\",\"inLanguage\":\"it-IT\",\"@id\":\"https:\/\/www.article-marketing.eu\/comunicati\/#\/schema\/person\/image\/\",\"url\":\"https:\/\/secure.gravatar.com\/avatar\/50e5c6421d3072f42e7ace803501602c60d75233d34e29fd05feb91c8760b792?s=96&d=mm&r=g\",\"contentUrl\":\"https:\/\/secure.gravatar.com\/avatar\/50e5c6421d3072f42e7ace803501602c60d75233d34e29fd05feb91c8760b792?s=96&d=mm&r=g\",\"caption\":\"Redazione Comunicati Stampa\"},\"url\":\"https:\/\/www.article-marketing.eu\/comunicati\/author\/redazione-comunicati-stampa\/\"}]}<\/script>\n<!-- \/ Yoast SEO plugin. -->","yoast_head_json":{"title":"L\u2019Italia che Innova: Siete pronti? evento all'Ara Pacis - Roma - Article Marketing","robots":{"index":"index","follow":"follow","max-snippet":"max-snippet:-1","max-image-preview":"max-image-preview:large","max-video-preview":"max-video-preview:-1"},"canonical":"https:\/\/www.article-marketing.eu\/comunicati\/comunicati-stampa\/eventi\/litalia-che-innova-siete-pronti-evento-allara-pacis-roma\/","og_locale":"it_IT","og_type":"article","og_title":"L\u2019Italia che Innova: Siete pronti? evento all'Ara Pacis - Roma - Article Marketing","og_description":"Il 19 febbraio 2010 all\u2019Ara Pacis di Roma il progetto Side Leaders presenta l\u2019evento \u201cL\u2019Italia che innova\u201d. All\u2019Italia che Innova saranno presenti alcune delle migliori menti imprenditoriali ed innovatrici dei nostri giorni e del nostro Paese. Il Ministro della Giovent\u00f9 Giorgia Meloni parteciper\u00e0 alla tavola rotonda come Side Leader istituzionale, insieme a Giampaolo Rossi (Presidente di Rai Net) e Gian Paolo Tagliavia (AD di Mtv Italia).","og_url":"https:\/\/www.article-marketing.eu\/comunicati\/comunicati-stampa\/eventi\/litalia-che-innova-siete-pronti-evento-allara-pacis-roma\/","og_site_name":"Article Marketing","article_published_time":"2010-02-14T21:50:43+00:00","author":"Redazione Comunicati Stampa","twitter_card":"summary_large_image","twitter_misc":{"Scritto da":"Redazione Comunicati Stampa","Tempo di lettura stimato":"3 minuti"},"schema":{"@context":"https:\/\/schema.org","@graph":[{"@type":"Article","@id":"https:\/\/www.article-marketing.eu\/comunicati\/comunicati-stampa\/eventi\/litalia-che-innova-siete-pronti-evento-allara-pacis-roma\/#article","isPartOf":{"@id":"https:\/\/www.article-marketing.eu\/comunicati\/comunicati-stampa\/eventi\/litalia-che-innova-siete-pronti-evento-allara-pacis-roma\/"},"author":{"name":"Redazione Comunicati Stampa","@id":"https:\/\/www.article-marketing.eu\/comunicati\/#\/schema\/person\/44372e4d4d0fa797b18e03ed1ace9017"},"headline":"L\u2019Italia che Innova: Siete pronti? evento all&#8217;Ara Pacis &#8211; Roma","datePublished":"2010-02-14T21:50:43+00:00","mainEntityOfPage":{"@id":"https:\/\/www.article-marketing.eu\/comunicati\/comunicati-stampa\/eventi\/litalia-che-innova-siete-pronti-evento-allara-pacis-roma\/"},"wordCount":538,"commentCount":0,"articleSection":["Eventi"],"inLanguage":"it-IT","potentialAction":[{"@type":"CommentAction","name":"Comment","target":["https:\/\/www.article-marketing.eu\/comunicati\/comunicati-stampa\/eventi\/litalia-che-innova-siete-pronti-evento-allara-pacis-roma\/#respond"]}]},{"@type":"WebPage","@id":"https:\/\/www.article-marketing.eu\/comunicati\/comunicati-stampa\/eventi\/litalia-che-innova-siete-pronti-evento-allara-pacis-roma\/","url":"https:\/\/www.article-marketing.eu\/comunicati\/comunicati-stampa\/eventi\/litalia-che-innova-siete-pronti-evento-allara-pacis-roma\/","name":"L\u2019Italia che Innova: Siete pronti? evento all'Ara Pacis - Roma - Article Marketing","isPartOf":{"@id":"https:\/\/www.article-marketing.eu\/comunicati\/#website"},"datePublished":"2010-02-14T21:50:43+00:00","author":{"@id":"https:\/\/www.article-marketing.eu\/comunicati\/#\/schema\/person\/44372e4d4d0fa797b18e03ed1ace9017"},"breadcrumb":{"@id":"https:\/\/www.article-marketing.eu\/comunicati\/comunicati-stampa\/eventi\/litalia-che-innova-siete-pronti-evento-allara-pacis-roma\/#breadcrumb"},"inLanguage":"it-IT","potentialAction":[{"@type":"ReadAction","target":["https:\/\/www.article-marketing.eu\/comunicati\/comunicati-stampa\/eventi\/litalia-che-innova-siete-pronti-evento-allara-pacis-roma\/"]}]},{"@type":"BreadcrumbList","@id":"https:\/\/www.article-marketing.eu\/comunicati\/comunicati-stampa\/eventi\/litalia-che-innova-siete-pronti-evento-allara-pacis-roma\/#breadcrumb","itemListElement":[{"@type":"ListItem","position":1,"name":"Home","item":"https:\/\/www.article-marketing.eu\/comunicati\/"},{"@type":"ListItem","position":2,"name":"L\u2019Italia che Innova: Siete pronti? evento all&#8217;Ara Pacis &#8211; Roma"}]},{"@type":"WebSite","@id":"https:\/\/www.article-marketing.eu\/comunicati\/#website","url":"https:\/\/www.article-marketing.eu\/comunicati\/","name":"Article Marketing","description":"article marketing &amp; press release","potentialAction":[{"@type":"SearchAction","target":{"@type":"EntryPoint","urlTemplate":"https:\/\/www.article-marketing.eu\/comunicati\/?s={search_term_string}"},"query-input":{"@type":"PropertyValueSpecification","valueRequired":true,"valueName":"search_term_string"}}],"inLanguage":"it-IT"},{"@type":"Person","@id":"https:\/\/www.article-marketing.eu\/comunicati\/#\/schema\/person\/44372e4d4d0fa797b18e03ed1ace9017","name":"Redazione Comunicati Stampa","image":{"@type":"ImageObject","inLanguage":"it-IT","@id":"https:\/\/www.article-marketing.eu\/comunicati\/#\/schema\/person\/image\/","url":"https:\/\/secure.gravatar.com\/avatar\/50e5c6421d3072f42e7ace803501602c60d75233d34e29fd05feb91c8760b792?s=96&d=mm&r=g","contentUrl":"https:\/\/secure.gravatar.com\/avatar\/50e5c6421d3072f42e7ace803501602c60d75233d34e29fd05feb91c8760b792?s=96&d=mm&r=g","caption":"Redazione Comunicati Stampa"},"url":"https:\/\/www.article-marketing.eu\/comunicati\/author\/redazione-comunicati-stampa\/"}]}},"_links":{"self":[{"href":"https:\/\/www.article-marketing.eu\/comunicati\/wp-json\/wp\/v2\/posts\/4128","targetHints":{"allow":["GET"]}}],"collection":[{"href":"https:\/\/www.article-marketing.eu\/comunicati\/wp-json\/wp\/v2\/posts"}],"about":[{"href":"https:\/\/www.article-marketing.eu\/comunicati\/wp-json\/wp\/v2\/types\/post"}],"author":[{"embeddable":true,"href":"https:\/\/www.article-marketing.eu\/comunicati\/wp-json\/wp\/v2\/users\/10"}],"replies":[{"embeddable":true,"href":"https:\/\/www.article-marketing.eu\/comunicati\/wp-json\/wp\/v2\/comments?post=4128"}],"version-history":[{"count":0,"href":"https:\/\/www.article-marketing.eu\/comunicati\/wp-json\/wp\/v2\/posts\/4128\/revisions"}],"wp:attachment":[{"href":"https:\/\/www.article-marketing.eu\/comunicati\/wp-json\/wp\/v2\/media?parent=4128"}],"wp:term":[{"taxonomy":"category","embeddable":true,"href":"https:\/\/www.article-marketing.eu\/comunicati\/wp-json\/wp\/v2\/categories?post=4128"},{"taxonomy":"post_tag","embeddable":true,"href":"https:\/\/www.article-marketing.eu\/comunicati\/wp-json\/wp\/v2\/tags?post=4128"}],"curies":[{"name":"wp","href":"https:\/\/api.w.org\/{rel}","templated":true}]}}