{"id":41309,"date":"2014-05-15T16:37:56","date_gmt":"2014-05-15T14:37:56","guid":{"rendered":"http:\/\/www.article-marketing.eu\/comunicati\/senza-categoria\/le-marche-si-confermano-la-regione-pi%c3%b9-longeva-da%80%99italia\/"},"modified":"2020-08-10T01:03:42","modified_gmt":"2020-08-09T23:03:42","slug":"le-marche-si-confermano-la-regione-pi%c3%b9-longeva-da%80%99italia","status":"publish","type":"post","link":"https:\/\/www.article-marketing.eu\/comunicati\/comunicati-stampa\/le-marche-si-confermano-la-regione-pi%c3%b9-longeva-da%80%99italia\/","title":{"rendered":"Le Marche si confermano la regione pi\u00f9 longeva d\u2019Italia"},"content":{"rendered":"<p>I Senior ultracentenari solo nella regione Marche sono quintuplicati negli ultimi vent&rsquo;anni, raggiungendo quota 506.<br \/>Con queste cifre le Marche si confermano la regione pi&ugrave; longeva d&rsquo;Italia, con al top delle classifiche la provincia di Ancona seguita da Pesaro Urbino, Macerata, Ascoli Piceno e Fermo.<br \/>L&rsquo;analisi &egrave; stata effettuata dalla Coldiretti Marche in base allo studio degli indicatori demografici Istat del 2013 ed &egrave; stata divulgata in occasione dell&rsquo;elezione del nuovo Presidente di Regione.<br \/>Il numero dei Senior marchigiani che hanno varcato la soglia dei 100 &egrave; dunque aumentato di 5 volte rispetto agli anni Novanta, passando da 99 a 506 unit&agrave;. <br \/>Su 506 ultracentenari, quattro su cinque sono donne, 419 su 88 uomini, a conferma che l&rsquo;invecchiamento della popolazione &egrave; una tendenza prevalentemente femminile.<br \/>Si tratta di un record non solo in Italia ma anche in Europa, che mostra come la nostra regione abbia una qualit&agrave; della vita eccellente dal punto di vista della salute e della nutrizione.<br \/>Trattandosi di un territorio composto prevalentemente da paesaggi di campagna, dove la produzione di olio e vino locali &egrave; portata avanti in primo luogo dagli anziani stessi fino in tarda et&agrave;, dove ognuno ha ancora il proprio orto da coltivare, e ancora dove l&rsquo;assenza di citt&agrave; metropolitane evita i rischi di malattie provocati dall&#8217;inquinamento, il livello di benessere e di salute aumenta allungando, e di molto, la vita degli abitanti.<br \/>Queste argomentazioni riflettono le tematiche centrali dell&rsquo;Expo 2015, &ldquo;Nutrire il pianeta&rdquo;, che vedr&agrave; la partecipazione della Regione Marche all&rsquo;evento mondiale che si terr&agrave; il prossimo anno a Milano.<br \/>Area Senior, il portale web che offre servizi di assistenza agli anziani su tutto il territorio nazionale, raccoglie notizie dall&rsquo;Italia e dall&rsquo;estero sulla salute e lo stile di vita della comunit&agrave; Senior.<br \/>Con oltre 3000 indirizzi di case di riposo e residenze per anziani, divise per province, Area Senior &egrave; il motore di ricerca italiano pi&ugrave; completo ed aggiornato.<br \/>Si offre inoltre la possibilit&agrave; di consultare ogni singolo profilo di badanti e assistenti professionali e poter cos&igrave; entrare in contatto diretto con figure specializzate, che avranno a loro volta modo di inserire un proprio profilo dettagliato e gratuito, essendo esaustivi sulle proprie mansioni e capacit&agrave;.<br \/>L&rsquo;obiettivo di AreaSenior &egrave; offrire soluzioni immediate di fronte alle necessit&agrave; e ai momenti di difficolt&agrave; che sopraggiungono alle famiglie ed essere cos&igrave; un supporto nel momento in cui si devono prendere le migliori decisioni per se stessi e per i propri cari.<br \/>Pi&ugrave; a lungo termine, la nostra mission &egrave; riuscire a sensibilizzare societ&agrave; ed istituzioni per approcciare <a href=\"http:\/\/www.areasenior.it\/\" target=\"_blank\" title=\"il problema dell&rsquo;assistenza agli anziani\" rel=\"noopener noreferrer\">il problema dell&rsquo;assistenza agli anziani<\/a> in maniera culturalmente evoluta, offrendo soluzioni anche alternative a quelle attuali in un momento in cui per altro l&rsquo;assistenza sanitaria pubblica mostra preoccupanti e incontrovertibili segnali di crisi.<\/p>\n","protected":false},"excerpt":{"rendered":"<p>Area Senior, il portale web che offre servizi di assistenza agli anziani su tutto il territorio nazionale, raccoglie notizie dall\u2019Italia e dall\u2019estero sulla salute e lo stile di vita della comunit\u00e0 Senior. Con oltre 3000 indirizzi di case di riposo e residenze per anziani, divise per province, Area Senior \u00e8 il motore di ricerca italiano pi\u00f9 completo ed aggiornato.<\/p>\n","protected":false},"author":10,"featured_media":0,"comment_status":"open","ping_status":"open","sticky":false,"template":"","format":"standard","meta":{"cybocfi_hide_featured_image":"","footnotes":""},"categories":[190],"tags":[29598,29636,5180],"class_list":["post-41309","post","type-post","status-publish","format-standard","hentry","category-comunicati-stampa","tag-assistenza-anziani","tag-badante","tag-case-di-riposo"],"yoast_head":"<!-- This site is optimized with the Yoast SEO plugin v27.0 - https:\/\/yoast.com\/product\/yoast-seo-wordpress\/ -->\n<title>Le Marche si confermano la regione pi\u00f9 longeva d\u2019Italia - Article Marketing<\/title>\n<meta name=\"robots\" content=\"index, follow, max-snippet:-1, max-image-preview:large, max-video-preview:-1\" \/>\n<link rel=\"canonical\" href=\"https:\/\/www.article-marketing.eu\/comunicati\/comunicati-stampa\/le-marche-si-confermano-la-regione-pi\u00f9-longeva-da??italia\/\" \/>\n<meta property=\"og:locale\" content=\"it_IT\" \/>\n<meta property=\"og:type\" content=\"article\" \/>\n<meta property=\"og:title\" content=\"Le Marche si confermano la regione pi\u00f9 longeva d\u2019Italia - Article Marketing\" \/>\n<meta property=\"og:description\" content=\"Area Senior, il portale web che offre servizi di assistenza agli anziani su tutto il territorio nazionale, raccoglie notizie dall\u2019Italia e dall\u2019estero sulla salute e lo stile di vita della comunit\u00e0 Senior. Con oltre 3000 indirizzi di case di riposo e residenze per anziani, divise per province, Area Senior \u00e8 il motore di ricerca italiano pi\u00f9 completo ed aggiornato.\" \/>\n<meta property=\"og:url\" content=\"\" \/>\n<meta property=\"og:site_name\" content=\"Article Marketing\" \/>\n<meta property=\"article:published_time\" content=\"2014-05-15T14:37:56+00:00\" \/>\n<meta property=\"article:modified_time\" content=\"2020-08-09T23:03:42+00:00\" \/>\n<meta name=\"author\" content=\"Redazione Comunicati Stampa\" \/>\n<meta name=\"twitter:card\" content=\"summary_large_image\" \/>\n<meta name=\"twitter:label1\" content=\"Scritto da\" \/>\n\t<meta name=\"twitter:data1\" content=\"Redazione Comunicati Stampa\" \/>\n\t<meta name=\"twitter:label2\" content=\"Tempo di lettura stimato\" \/>\n\t<meta name=\"twitter:data2\" content=\"2 minuti\" \/>\n<script type=\"application\/ld+json\" class=\"yoast-schema-graph\">{\"@context\":\"https:\/\/schema.org\",\"@graph\":[{\"@type\":\"Article\",\"@id\":\"https:\/\/www.article-marketing.eu\/comunicati\/comunicati-stampa\/le-marche-si-confermano-la-regione-pi%c3%b9-longeva-da%80%99italia\/#article\",\"isPartOf\":{\"@id\":\"https:\/\/www.article-marketing.eu\/comunicati\/comunicati-stampa\/le-marche-si-confermano-la-regione-pi%c3%b9-longeva-da%80%99italia\/\"},\"author\":{\"name\":\"Redazione Comunicati Stampa\",\"@id\":\"https:\/\/www.article-marketing.eu\/comunicati\/#\/schema\/person\/44372e4d4d0fa797b18e03ed1ace9017\"},\"headline\":\"Le Marche si confermano la regione pi\u00f9 longeva d\u2019Italia\",\"datePublished\":\"2014-05-15T14:37:56+00:00\",\"dateModified\":\"2020-08-09T23:03:42+00:00\",\"mainEntityOfPage\":{\"@id\":\"https:\/\/www.article-marketing.eu\/comunicati\/comunicati-stampa\/le-marche-si-confermano-la-regione-pi%c3%b9-longeva-da%80%99italia\/\"},\"wordCount\":498,\"commentCount\":0,\"keywords\":[\"ASSISTENZA ANZIANI\",\"badante\",\"Case di Riposo\"],\"articleSection\":[\"Comunicati stampa\"],\"inLanguage\":\"it-IT\",\"potentialAction\":[{\"@type\":\"CommentAction\",\"name\":\"Comment\",\"target\":[\"https:\/\/www.article-marketing.eu\/comunicati\/comunicati-stampa\/le-marche-si-confermano-la-regione-pi%c3%b9-longeva-da%80%99italia\/#respond\"]}]},{\"@type\":\"WebPage\",\"@id\":\"https:\/\/www.article-marketing.eu\/comunicati\/comunicati-stampa\/le-marche-si-confermano-la-regione-pi%c3%b9-longeva-da%80%99italia\/\",\"url\":\"https:\/\/www.article-marketing.eu\/comunicati\/comunicati-stampa\/le-marche-si-confermano-la-regione-pi%c3%b9-longeva-da%80%99italia\/\",\"name\":\"Le Marche si confermano la regione pi\u00f9 longeva d\u2019Italia - Article Marketing\",\"isPartOf\":{\"@id\":\"https:\/\/www.article-marketing.eu\/comunicati\/#website\"},\"datePublished\":\"2014-05-15T14:37:56+00:00\",\"dateModified\":\"2020-08-09T23:03:42+00:00\",\"author\":{\"@id\":\"https:\/\/www.article-marketing.eu\/comunicati\/#\/schema\/person\/44372e4d4d0fa797b18e03ed1ace9017\"},\"breadcrumb\":{\"@id\":\"https:\/\/www.article-marketing.eu\/comunicati\/comunicati-stampa\/le-marche-si-confermano-la-regione-pi%c3%b9-longeva-da%80%99italia\/#breadcrumb\"},\"inLanguage\":\"it-IT\",\"potentialAction\":[{\"@type\":\"ReadAction\",\"target\":[\"https:\/\/www.article-marketing.eu\/comunicati\/comunicati-stampa\/le-marche-si-confermano-la-regione-pi%c3%b9-longeva-da%80%99italia\/\"]}]},{\"@type\":\"BreadcrumbList\",\"@id\":\"https:\/\/www.article-marketing.eu\/comunicati\/comunicati-stampa\/le-marche-si-confermano-la-regione-pi%c3%b9-longeva-da%80%99italia\/#breadcrumb\",\"itemListElement\":[{\"@type\":\"ListItem\",\"position\":1,\"name\":\"Home\",\"item\":\"https:\/\/www.article-marketing.eu\/comunicati\/\"},{\"@type\":\"ListItem\",\"position\":2,\"name\":\"Le Marche si confermano la regione pi\u00f9 longeva d\u2019Italia\"}]},{\"@type\":\"WebSite\",\"@id\":\"https:\/\/www.article-marketing.eu\/comunicati\/#website\",\"url\":\"https:\/\/www.article-marketing.eu\/comunicati\/\",\"name\":\"Article Marketing\",\"description\":\"article marketing &amp; press release\",\"potentialAction\":[{\"@type\":\"SearchAction\",\"target\":{\"@type\":\"EntryPoint\",\"urlTemplate\":\"https:\/\/www.article-marketing.eu\/comunicati\/?s={search_term_string}\"},\"query-input\":{\"@type\":\"PropertyValueSpecification\",\"valueRequired\":true,\"valueName\":\"search_term_string\"}}],\"inLanguage\":\"it-IT\"},{\"@type\":\"Person\",\"@id\":\"https:\/\/www.article-marketing.eu\/comunicati\/#\/schema\/person\/44372e4d4d0fa797b18e03ed1ace9017\",\"name\":\"Redazione Comunicati Stampa\",\"image\":{\"@type\":\"ImageObject\",\"inLanguage\":\"it-IT\",\"@id\":\"https:\/\/www.article-marketing.eu\/comunicati\/#\/schema\/person\/image\/\",\"url\":\"https:\/\/secure.gravatar.com\/avatar\/50e5c6421d3072f42e7ace803501602c60d75233d34e29fd05feb91c8760b792?s=96&d=mm&r=g\",\"contentUrl\":\"https:\/\/secure.gravatar.com\/avatar\/50e5c6421d3072f42e7ace803501602c60d75233d34e29fd05feb91c8760b792?s=96&d=mm&r=g\",\"caption\":\"Redazione Comunicati Stampa\"},\"url\":\"https:\/\/www.article-marketing.eu\/comunicati\/author\/redazione-comunicati-stampa\/\"}]}<\/script>\n<!-- \/ Yoast SEO plugin. -->","yoast_head_json":{"title":"Le Marche si confermano la regione pi\u00f9 longeva d\u2019Italia - Article Marketing","robots":{"index":"index","follow":"follow","max-snippet":"max-snippet:-1","max-image-preview":"max-image-preview:large","max-video-preview":"max-video-preview:-1"},"canonical":"https:\/\/www.article-marketing.eu\/comunicati\/comunicati-stampa\/le-marche-si-confermano-la-regione-pi\u00f9-longeva-da??italia\/","og_locale":"it_IT","og_type":"article","og_title":"Le Marche si confermano la regione pi\u00f9 longeva d\u2019Italia - Article Marketing","og_description":"Area Senior, il portale web che offre servizi di assistenza agli anziani su tutto il territorio nazionale, raccoglie notizie dall\u2019Italia e dall\u2019estero sulla salute e lo stile di vita della comunit\u00e0 Senior. Con oltre 3000 indirizzi di case di riposo e residenze per anziani, divise per province, Area Senior \u00e8 il motore di ricerca italiano pi\u00f9 completo ed aggiornato.","og_url":"https:\/\/www.article-marketing.eu\/comunicati\/comunicati-stampa\/le-marche-si-confermano-la-regione-pi\u00f9-longeva-da??italia\/","og_site_name":"Article Marketing","article_published_time":"2014-05-15T14:37:56+00:00","article_modified_time":"2020-08-09T23:03:42+00:00","author":"Redazione Comunicati Stampa","twitter_card":"summary_large_image","twitter_misc":{"Scritto da":"Redazione Comunicati Stampa","Tempo di lettura stimato":"2 minuti"},"schema":{"@context":"https:\/\/schema.org","@graph":[{"@type":"Article","@id":"https:\/\/www.article-marketing.eu\/comunicati\/comunicati-stampa\/le-marche-si-confermano-la-regione-pi%c3%b9-longeva-da%80%99italia\/#article","isPartOf":{"@id":"https:\/\/www.article-marketing.eu\/comunicati\/comunicati-stampa\/le-marche-si-confermano-la-regione-pi%c3%b9-longeva-da%80%99italia\/"},"author":{"name":"Redazione Comunicati Stampa","@id":"https:\/\/www.article-marketing.eu\/comunicati\/#\/schema\/person\/44372e4d4d0fa797b18e03ed1ace9017"},"headline":"Le Marche si confermano la regione pi\u00f9 longeva d\u2019Italia","datePublished":"2014-05-15T14:37:56+00:00","dateModified":"2020-08-09T23:03:42+00:00","mainEntityOfPage":{"@id":"https:\/\/www.article-marketing.eu\/comunicati\/comunicati-stampa\/le-marche-si-confermano-la-regione-pi%c3%b9-longeva-da%80%99italia\/"},"wordCount":498,"commentCount":0,"keywords":["ASSISTENZA ANZIANI","badante","Case di Riposo"],"articleSection":["Comunicati stampa"],"inLanguage":"it-IT","potentialAction":[{"@type":"CommentAction","name":"Comment","target":["https:\/\/www.article-marketing.eu\/comunicati\/comunicati-stampa\/le-marche-si-confermano-la-regione-pi%c3%b9-longeva-da%80%99italia\/#respond"]}]},{"@type":"WebPage","@id":"https:\/\/www.article-marketing.eu\/comunicati\/comunicati-stampa\/le-marche-si-confermano-la-regione-pi%c3%b9-longeva-da%80%99italia\/","url":"https:\/\/www.article-marketing.eu\/comunicati\/comunicati-stampa\/le-marche-si-confermano-la-regione-pi%c3%b9-longeva-da%80%99italia\/","name":"Le Marche si confermano la regione pi\u00f9 longeva d\u2019Italia - Article Marketing","isPartOf":{"@id":"https:\/\/www.article-marketing.eu\/comunicati\/#website"},"datePublished":"2014-05-15T14:37:56+00:00","dateModified":"2020-08-09T23:03:42+00:00","author":{"@id":"https:\/\/www.article-marketing.eu\/comunicati\/#\/schema\/person\/44372e4d4d0fa797b18e03ed1ace9017"},"breadcrumb":{"@id":"https:\/\/www.article-marketing.eu\/comunicati\/comunicati-stampa\/le-marche-si-confermano-la-regione-pi%c3%b9-longeva-da%80%99italia\/#breadcrumb"},"inLanguage":"it-IT","potentialAction":[{"@type":"ReadAction","target":["https:\/\/www.article-marketing.eu\/comunicati\/comunicati-stampa\/le-marche-si-confermano-la-regione-pi%c3%b9-longeva-da%80%99italia\/"]}]},{"@type":"BreadcrumbList","@id":"https:\/\/www.article-marketing.eu\/comunicati\/comunicati-stampa\/le-marche-si-confermano-la-regione-pi%c3%b9-longeva-da%80%99italia\/#breadcrumb","itemListElement":[{"@type":"ListItem","position":1,"name":"Home","item":"https:\/\/www.article-marketing.eu\/comunicati\/"},{"@type":"ListItem","position":2,"name":"Le Marche si confermano la regione pi\u00f9 longeva d\u2019Italia"}]},{"@type":"WebSite","@id":"https:\/\/www.article-marketing.eu\/comunicati\/#website","url":"https:\/\/www.article-marketing.eu\/comunicati\/","name":"Article Marketing","description":"article marketing &amp; press release","potentialAction":[{"@type":"SearchAction","target":{"@type":"EntryPoint","urlTemplate":"https:\/\/www.article-marketing.eu\/comunicati\/?s={search_term_string}"},"query-input":{"@type":"PropertyValueSpecification","valueRequired":true,"valueName":"search_term_string"}}],"inLanguage":"it-IT"},{"@type":"Person","@id":"https:\/\/www.article-marketing.eu\/comunicati\/#\/schema\/person\/44372e4d4d0fa797b18e03ed1ace9017","name":"Redazione Comunicati Stampa","image":{"@type":"ImageObject","inLanguage":"it-IT","@id":"https:\/\/www.article-marketing.eu\/comunicati\/#\/schema\/person\/image\/","url":"https:\/\/secure.gravatar.com\/avatar\/50e5c6421d3072f42e7ace803501602c60d75233d34e29fd05feb91c8760b792?s=96&d=mm&r=g","contentUrl":"https:\/\/secure.gravatar.com\/avatar\/50e5c6421d3072f42e7ace803501602c60d75233d34e29fd05feb91c8760b792?s=96&d=mm&r=g","caption":"Redazione Comunicati Stampa"},"url":"https:\/\/www.article-marketing.eu\/comunicati\/author\/redazione-comunicati-stampa\/"}]}},"_links":{"self":[{"href":"https:\/\/www.article-marketing.eu\/comunicati\/wp-json\/wp\/v2\/posts\/41309","targetHints":{"allow":["GET"]}}],"collection":[{"href":"https:\/\/www.article-marketing.eu\/comunicati\/wp-json\/wp\/v2\/posts"}],"about":[{"href":"https:\/\/www.article-marketing.eu\/comunicati\/wp-json\/wp\/v2\/types\/post"}],"author":[{"embeddable":true,"href":"https:\/\/www.article-marketing.eu\/comunicati\/wp-json\/wp\/v2\/users\/10"}],"replies":[{"embeddable":true,"href":"https:\/\/www.article-marketing.eu\/comunicati\/wp-json\/wp\/v2\/comments?post=41309"}],"version-history":[{"count":1,"href":"https:\/\/www.article-marketing.eu\/comunicati\/wp-json\/wp\/v2\/posts\/41309\/revisions"}],"predecessor-version":[{"id":66992,"href":"https:\/\/www.article-marketing.eu\/comunicati\/wp-json\/wp\/v2\/posts\/41309\/revisions\/66992"}],"wp:attachment":[{"href":"https:\/\/www.article-marketing.eu\/comunicati\/wp-json\/wp\/v2\/media?parent=41309"}],"wp:term":[{"taxonomy":"category","embeddable":true,"href":"https:\/\/www.article-marketing.eu\/comunicati\/wp-json\/wp\/v2\/categories?post=41309"},{"taxonomy":"post_tag","embeddable":true,"href":"https:\/\/www.article-marketing.eu\/comunicati\/wp-json\/wp\/v2\/tags?post=41309"}],"curies":[{"name":"wp","href":"https:\/\/api.w.org\/{rel}","templated":true}]}}