{"id":42,"date":"2007-10-08T11:47:19","date_gmt":"2007-10-08T09:47:19","guid":{"rendered":"http:\/\/www.article-marketing.eu\/comunicati\/senza-categoria\/5-ragioni-per-cui-dovete-visitare-maiorca\/"},"modified":"2018-06-04T20:05:16","modified_gmt":"2018-06-04T18:05:16","slug":"5-ragioni-per-cui-dovete-visitare-maiorca","status":"publish","type":"post","link":"https:\/\/www.article-marketing.eu\/comunicati\/viaggi-e-vacanze\/destinazioni\/5-ragioni-per-cui-dovete-visitare-maiorca\/","title":{"rendered":"5 ragioni per cui dovete visitare Maiorca!"},"content":{"rendered":"<p>1)<strong> <\/strong><strong>Il Parco Naturale dell&#8217;Albufera, <\/strong>\u00e8 il primo spazio naturale protetto delle isole Baleari. Ci si trova al nord dell\u2019isola, nell\u2019uscita della MA-12, al sud di Alcudia. Il parco \u00e8 la zona umida pi\u00f9 importante delle isole, habitat di pi\u00f9 di 200 specie di uccelli sedentari e migratori. I visitanti possono seguire il sentiero a piedi o in bicicletta attraversi i canali, dune, pinete e torri. &nbsp;&nbsp;<\/p>\n<p>2)<strong> Le Grotte di Hams \u2013 <\/strong>ci si arriva da Palma, prendendo la MA-4020 per Manacor fino a Portocristo. Queste grotte sono conosciute per le particolari formazioni arboree e il suo meraviglioso lago sotterraneo. Vi consigliamo fare una visita con le guida, per sfruttare il&nbsp; magnifico spettacolo di luci e musica dal vivo. <\/p>\n<p>3) <strong>Aqualandia, <\/strong>si trova nella strada principale che va da Palma a Inca, al nord di Binissalem. Questo parco \u00e8 molto popolare soprattutto tra i pi\u00f9 giovani. Il parco offre piscine, scivoli, cascate, giochi per bambini, mini golf, ed anche un museo delle cere. Se vi piacciono i parchi acquatici, vi consigliamo vistare l\u2019Aquacity, il parco d\u2019Acqua pi\u00f9 grande di tutta Europa, dove troverete divertimento per tutta la famiglia. Si trova, nell\u2019uscita MA-12 di s\u2019Arenal. &nbsp;<\/p>\n<p>4)<strong> I Giardini d\u2019Alfabia, <\/strong>si trovano nel mezzo della catena montuosa conosciuta con il&nbsp;nome di Serra de Tramontana. Rilassatevi con una passeggiata in questa oasi naturale, con la combinazione artistica delle palme, vegetazione e fontane. Ci si arriva prendendo la MA -11 in direzione Palma \u2013 Soller. <\/p>\n<p>5)<strong> <\/strong>Nel cuore della Serra de Tramontana, nel km 10, si trova il pittoresco paesino di <strong>Orient<\/strong> e la sua chiesa, da dove potete godere una bella vista. Visitatori da tutte le parti del mondo arrivano in questo luogo per respirare l\u2019aire di montagna e fare escursione nelle montagne vicine. Di ritorno a casa, ricordatevi di prendere la via in direzione Bonyola, e prepari la macchina fotografica perch\u00e9 vedrai il paesaggio naturale pi\u00f9 maestoso e scenografico di tutta l\u2019isola<strong>.<\/strong> Per conoscere tutto quello che Maiorca offre, vi consigliamo di noleggiare un\u2019auto con tempo, cosi potete godere le vostre vacanze in comodit\u00e0. eNoleggioauto offre autonoleggio Maiorca low cost da diverse&nbsp;localit\u00e0 nell&#8217;isola. <\/p>\n","protected":false},"excerpt":{"rendered":"<p>Il 21 di Ottobre le persone di Palma di Maiorca celebreranno la Festa della Madonna. Unitevi alla festa e sfruttatevi tutto quello che Maiorca ha da offrire.<\/p>\n","protected":false},"author":10,"featured_media":0,"comment_status":"open","ping_status":"open","sticky":false,"template":"","format":"standard","meta":{"cybocfi_hide_featured_image":"","footnotes":""},"categories":[143],"tags":[147,150,148,145,146,144,149],"class_list":["post-42","post","type-post","status-publish","format-standard","hentry","category-destinazioni","tag-aqualandia","tag-autonoleggio-low-cost","tag-i-giardini-dalfabia","tag-il-parco-naturale-dellalbufera","tag-le-grotte-di-hams","tag-maiorca","tag-orient"],"yoast_head":"<!-- This site is optimized with the Yoast SEO plugin v27.0 - https:\/\/yoast.com\/product\/yoast-seo-wordpress\/ -->\n<title>5 ragioni per cui dovete visitare Maiorca! - Article Marketing<\/title>\n<meta name=\"robots\" content=\"index, follow, max-snippet:-1, max-image-preview:large, max-video-preview:-1\" \/>\n<link rel=\"canonical\" href=\"https:\/\/www.article-marketing.eu\/comunicati\/viaggi-e-vacanze\/destinazioni\/5-ragioni-per-cui-dovete-visitare-maiorca\/\" \/>\n<meta property=\"og:locale\" content=\"it_IT\" \/>\n<meta property=\"og:type\" content=\"article\" \/>\n<meta property=\"og:title\" content=\"5 ragioni per cui dovete visitare Maiorca! - Article Marketing\" \/>\n<meta property=\"og:description\" content=\"Il 21 di Ottobre le persone di Palma di Maiorca celebreranno la Festa della Madonna. Unitevi alla festa e sfruttatevi tutto quello che Maiorca ha da offrire.\" \/>\n<meta property=\"og:url\" content=\"https:\/\/www.article-marketing.eu\/comunicati\/viaggi-e-vacanze\/destinazioni\/5-ragioni-per-cui-dovete-visitare-maiorca\/\" \/>\n<meta property=\"og:site_name\" content=\"Article Marketing\" \/>\n<meta property=\"article:published_time\" content=\"2007-10-08T09:47:19+00:00\" \/>\n<meta property=\"article:modified_time\" content=\"2018-06-04T18:05:16+00:00\" \/>\n<meta name=\"author\" content=\"Redazione Comunicati Stampa\" \/>\n<meta name=\"twitter:card\" content=\"summary_large_image\" \/>\n<meta name=\"twitter:label1\" content=\"Scritto da\" \/>\n\t<meta name=\"twitter:data1\" content=\"Redazione Comunicati Stampa\" \/>\n\t<meta name=\"twitter:label2\" content=\"Tempo di lettura stimato\" \/>\n\t<meta name=\"twitter:data2\" content=\"2 minuti\" \/>\n<script type=\"application\/ld+json\" class=\"yoast-schema-graph\">{\"@context\":\"https:\/\/schema.org\",\"@graph\":[{\"@type\":\"Article\",\"@id\":\"https:\/\/www.article-marketing.eu\/comunicati\/viaggi-e-vacanze\/destinazioni\/5-ragioni-per-cui-dovete-visitare-maiorca\/#article\",\"isPartOf\":{\"@id\":\"https:\/\/www.article-marketing.eu\/comunicati\/viaggi-e-vacanze\/destinazioni\/5-ragioni-per-cui-dovete-visitare-maiorca\/\"},\"author\":{\"name\":\"Redazione Comunicati Stampa\",\"@id\":\"https:\/\/www.article-marketing.eu\/comunicati\/#\/schema\/person\/44372e4d4d0fa797b18e03ed1ace9017\"},\"headline\":\"5 ragioni per cui dovete visitare Maiorca!\",\"datePublished\":\"2007-10-08T09:47:19+00:00\",\"dateModified\":\"2018-06-04T18:05:16+00:00\",\"mainEntityOfPage\":{\"@id\":\"https:\/\/www.article-marketing.eu\/comunicati\/viaggi-e-vacanze\/destinazioni\/5-ragioni-per-cui-dovete-visitare-maiorca\/\"},\"wordCount\":363,\"commentCount\":0,\"keywords\":[\"Aqualandia\",\"Autonoleggio Low Cost\",\"I Giardini d'Alfabia\",\"Il Parco Naturale dell'Albufera\",\"Le Grotte di Hams\",\"Maiorca\",\"Orient\"],\"articleSection\":[\"Destinazioni\"],\"inLanguage\":\"it-IT\",\"potentialAction\":[{\"@type\":\"CommentAction\",\"name\":\"Comment\",\"target\":[\"https:\/\/www.article-marketing.eu\/comunicati\/viaggi-e-vacanze\/destinazioni\/5-ragioni-per-cui-dovete-visitare-maiorca\/#respond\"]}]},{\"@type\":\"WebPage\",\"@id\":\"https:\/\/www.article-marketing.eu\/comunicati\/viaggi-e-vacanze\/destinazioni\/5-ragioni-per-cui-dovete-visitare-maiorca\/\",\"url\":\"https:\/\/www.article-marketing.eu\/comunicati\/viaggi-e-vacanze\/destinazioni\/5-ragioni-per-cui-dovete-visitare-maiorca\/\",\"name\":\"5 ragioni per cui dovete visitare Maiorca! - Article Marketing\",\"isPartOf\":{\"@id\":\"https:\/\/www.article-marketing.eu\/comunicati\/#website\"},\"datePublished\":\"2007-10-08T09:47:19+00:00\",\"dateModified\":\"2018-06-04T18:05:16+00:00\",\"author\":{\"@id\":\"https:\/\/www.article-marketing.eu\/comunicati\/#\/schema\/person\/44372e4d4d0fa797b18e03ed1ace9017\"},\"breadcrumb\":{\"@id\":\"https:\/\/www.article-marketing.eu\/comunicati\/viaggi-e-vacanze\/destinazioni\/5-ragioni-per-cui-dovete-visitare-maiorca\/#breadcrumb\"},\"inLanguage\":\"it-IT\",\"potentialAction\":[{\"@type\":\"ReadAction\",\"target\":[\"https:\/\/www.article-marketing.eu\/comunicati\/viaggi-e-vacanze\/destinazioni\/5-ragioni-per-cui-dovete-visitare-maiorca\/\"]}]},{\"@type\":\"BreadcrumbList\",\"@id\":\"https:\/\/www.article-marketing.eu\/comunicati\/viaggi-e-vacanze\/destinazioni\/5-ragioni-per-cui-dovete-visitare-maiorca\/#breadcrumb\",\"itemListElement\":[{\"@type\":\"ListItem\",\"position\":1,\"name\":\"Home\",\"item\":\"https:\/\/www.article-marketing.eu\/comunicati\/\"},{\"@type\":\"ListItem\",\"position\":2,\"name\":\"5 ragioni per cui dovete visitare Maiorca!\"}]},{\"@type\":\"WebSite\",\"@id\":\"https:\/\/www.article-marketing.eu\/comunicati\/#website\",\"url\":\"https:\/\/www.article-marketing.eu\/comunicati\/\",\"name\":\"Article Marketing\",\"description\":\"article marketing &amp; press release\",\"potentialAction\":[{\"@type\":\"SearchAction\",\"target\":{\"@type\":\"EntryPoint\",\"urlTemplate\":\"https:\/\/www.article-marketing.eu\/comunicati\/?s={search_term_string}\"},\"query-input\":{\"@type\":\"PropertyValueSpecification\",\"valueRequired\":true,\"valueName\":\"search_term_string\"}}],\"inLanguage\":\"it-IT\"},{\"@type\":\"Person\",\"@id\":\"https:\/\/www.article-marketing.eu\/comunicati\/#\/schema\/person\/44372e4d4d0fa797b18e03ed1ace9017\",\"name\":\"Redazione Comunicati Stampa\",\"image\":{\"@type\":\"ImageObject\",\"inLanguage\":\"it-IT\",\"@id\":\"https:\/\/www.article-marketing.eu\/comunicati\/#\/schema\/person\/image\/\",\"url\":\"https:\/\/secure.gravatar.com\/avatar\/50e5c6421d3072f42e7ace803501602c60d75233d34e29fd05feb91c8760b792?s=96&d=mm&r=g\",\"contentUrl\":\"https:\/\/secure.gravatar.com\/avatar\/50e5c6421d3072f42e7ace803501602c60d75233d34e29fd05feb91c8760b792?s=96&d=mm&r=g\",\"caption\":\"Redazione Comunicati Stampa\"},\"url\":\"https:\/\/www.article-marketing.eu\/comunicati\/author\/redazione-comunicati-stampa\/\"}]}<\/script>\n<!-- \/ Yoast SEO plugin. -->","yoast_head_json":{"title":"5 ragioni per cui dovete visitare Maiorca! - Article Marketing","robots":{"index":"index","follow":"follow","max-snippet":"max-snippet:-1","max-image-preview":"max-image-preview:large","max-video-preview":"max-video-preview:-1"},"canonical":"https:\/\/www.article-marketing.eu\/comunicati\/viaggi-e-vacanze\/destinazioni\/5-ragioni-per-cui-dovete-visitare-maiorca\/","og_locale":"it_IT","og_type":"article","og_title":"5 ragioni per cui dovete visitare Maiorca! - Article Marketing","og_description":"Il 21 di Ottobre le persone di Palma di Maiorca celebreranno la Festa della Madonna. Unitevi alla festa e sfruttatevi tutto quello che Maiorca ha da offrire.","og_url":"https:\/\/www.article-marketing.eu\/comunicati\/viaggi-e-vacanze\/destinazioni\/5-ragioni-per-cui-dovete-visitare-maiorca\/","og_site_name":"Article Marketing","article_published_time":"2007-10-08T09:47:19+00:00","article_modified_time":"2018-06-04T18:05:16+00:00","author":"Redazione Comunicati Stampa","twitter_card":"summary_large_image","twitter_misc":{"Scritto da":"Redazione Comunicati Stampa","Tempo di lettura stimato":"2 minuti"},"schema":{"@context":"https:\/\/schema.org","@graph":[{"@type":"Article","@id":"https:\/\/www.article-marketing.eu\/comunicati\/viaggi-e-vacanze\/destinazioni\/5-ragioni-per-cui-dovete-visitare-maiorca\/#article","isPartOf":{"@id":"https:\/\/www.article-marketing.eu\/comunicati\/viaggi-e-vacanze\/destinazioni\/5-ragioni-per-cui-dovete-visitare-maiorca\/"},"author":{"name":"Redazione Comunicati Stampa","@id":"https:\/\/www.article-marketing.eu\/comunicati\/#\/schema\/person\/44372e4d4d0fa797b18e03ed1ace9017"},"headline":"5 ragioni per cui dovete visitare Maiorca!","datePublished":"2007-10-08T09:47:19+00:00","dateModified":"2018-06-04T18:05:16+00:00","mainEntityOfPage":{"@id":"https:\/\/www.article-marketing.eu\/comunicati\/viaggi-e-vacanze\/destinazioni\/5-ragioni-per-cui-dovete-visitare-maiorca\/"},"wordCount":363,"commentCount":0,"keywords":["Aqualandia","Autonoleggio Low Cost","I Giardini d'Alfabia","Il Parco Naturale dell'Albufera","Le Grotte di Hams","Maiorca","Orient"],"articleSection":["Destinazioni"],"inLanguage":"it-IT","potentialAction":[{"@type":"CommentAction","name":"Comment","target":["https:\/\/www.article-marketing.eu\/comunicati\/viaggi-e-vacanze\/destinazioni\/5-ragioni-per-cui-dovete-visitare-maiorca\/#respond"]}]},{"@type":"WebPage","@id":"https:\/\/www.article-marketing.eu\/comunicati\/viaggi-e-vacanze\/destinazioni\/5-ragioni-per-cui-dovete-visitare-maiorca\/","url":"https:\/\/www.article-marketing.eu\/comunicati\/viaggi-e-vacanze\/destinazioni\/5-ragioni-per-cui-dovete-visitare-maiorca\/","name":"5 ragioni per cui dovete visitare Maiorca! - Article Marketing","isPartOf":{"@id":"https:\/\/www.article-marketing.eu\/comunicati\/#website"},"datePublished":"2007-10-08T09:47:19+00:00","dateModified":"2018-06-04T18:05:16+00:00","author":{"@id":"https:\/\/www.article-marketing.eu\/comunicati\/#\/schema\/person\/44372e4d4d0fa797b18e03ed1ace9017"},"breadcrumb":{"@id":"https:\/\/www.article-marketing.eu\/comunicati\/viaggi-e-vacanze\/destinazioni\/5-ragioni-per-cui-dovete-visitare-maiorca\/#breadcrumb"},"inLanguage":"it-IT","potentialAction":[{"@type":"ReadAction","target":["https:\/\/www.article-marketing.eu\/comunicati\/viaggi-e-vacanze\/destinazioni\/5-ragioni-per-cui-dovete-visitare-maiorca\/"]}]},{"@type":"BreadcrumbList","@id":"https:\/\/www.article-marketing.eu\/comunicati\/viaggi-e-vacanze\/destinazioni\/5-ragioni-per-cui-dovete-visitare-maiorca\/#breadcrumb","itemListElement":[{"@type":"ListItem","position":1,"name":"Home","item":"https:\/\/www.article-marketing.eu\/comunicati\/"},{"@type":"ListItem","position":2,"name":"5 ragioni per cui dovete visitare Maiorca!"}]},{"@type":"WebSite","@id":"https:\/\/www.article-marketing.eu\/comunicati\/#website","url":"https:\/\/www.article-marketing.eu\/comunicati\/","name":"Article Marketing","description":"article marketing &amp; press release","potentialAction":[{"@type":"SearchAction","target":{"@type":"EntryPoint","urlTemplate":"https:\/\/www.article-marketing.eu\/comunicati\/?s={search_term_string}"},"query-input":{"@type":"PropertyValueSpecification","valueRequired":true,"valueName":"search_term_string"}}],"inLanguage":"it-IT"},{"@type":"Person","@id":"https:\/\/www.article-marketing.eu\/comunicati\/#\/schema\/person\/44372e4d4d0fa797b18e03ed1ace9017","name":"Redazione Comunicati Stampa","image":{"@type":"ImageObject","inLanguage":"it-IT","@id":"https:\/\/www.article-marketing.eu\/comunicati\/#\/schema\/person\/image\/","url":"https:\/\/secure.gravatar.com\/avatar\/50e5c6421d3072f42e7ace803501602c60d75233d34e29fd05feb91c8760b792?s=96&d=mm&r=g","contentUrl":"https:\/\/secure.gravatar.com\/avatar\/50e5c6421d3072f42e7ace803501602c60d75233d34e29fd05feb91c8760b792?s=96&d=mm&r=g","caption":"Redazione Comunicati Stampa"},"url":"https:\/\/www.article-marketing.eu\/comunicati\/author\/redazione-comunicati-stampa\/"}]}},"_links":{"self":[{"href":"https:\/\/www.article-marketing.eu\/comunicati\/wp-json\/wp\/v2\/posts\/42","targetHints":{"allow":["GET"]}}],"collection":[{"href":"https:\/\/www.article-marketing.eu\/comunicati\/wp-json\/wp\/v2\/posts"}],"about":[{"href":"https:\/\/www.article-marketing.eu\/comunicati\/wp-json\/wp\/v2\/types\/post"}],"author":[{"embeddable":true,"href":"https:\/\/www.article-marketing.eu\/comunicati\/wp-json\/wp\/v2\/users\/10"}],"replies":[{"embeddable":true,"href":"https:\/\/www.article-marketing.eu\/comunicati\/wp-json\/wp\/v2\/comments?post=42"}],"version-history":[{"count":1,"href":"https:\/\/www.article-marketing.eu\/comunicati\/wp-json\/wp\/v2\/posts\/42\/revisions"}],"predecessor-version":[{"id":54981,"href":"https:\/\/www.article-marketing.eu\/comunicati\/wp-json\/wp\/v2\/posts\/42\/revisions\/54981"}],"wp:attachment":[{"href":"https:\/\/www.article-marketing.eu\/comunicati\/wp-json\/wp\/v2\/media?parent=42"}],"wp:term":[{"taxonomy":"category","embeddable":true,"href":"https:\/\/www.article-marketing.eu\/comunicati\/wp-json\/wp\/v2\/categories?post=42"},{"taxonomy":"post_tag","embeddable":true,"href":"https:\/\/www.article-marketing.eu\/comunicati\/wp-json\/wp\/v2\/tags?post=42"}],"curies":[{"name":"wp","href":"https:\/\/api.w.org\/{rel}","templated":true}]}}