{"id":421,"date":"2008-05-28T14:42:01","date_gmt":"2008-05-28T12:42:01","guid":{"rendered":"http:\/\/www.article-marketing.eu\/comunicati\/senza-categoria\/ponte-del-2-giugno-in-italia-le-mete-turistiche\/"},"modified":"2018-06-04T20:07:46","modified_gmt":"2018-06-04T18:07:46","slug":"ponte-del-2-giugno-in-italia-le-mete-turistiche","status":"publish","type":"post","link":"https:\/\/www.article-marketing.eu\/comunicati\/viaggi-e-vacanze\/viaggi-e-turismo\/ponte-del-2-giugno-in-italia-le-mete-turistiche\/","title":{"rendered":"Ponte del 2 giugno in Italia: le mete turistiche."},"content":{"rendered":"<p>Per fortuna degli italiani non si pu\u00f2 certo dire che quest&#8217;anno manchino le occasioni di svagarsi un p\u00f2 con amici e familiari grazie alla serie di \u201cponti\u201d che permettono di allungare il weekend, e di staccare la spina dal lavoro quel tanto che basta per organizzarsi, uscire dalla quotidianit\u00e0 e magari visitare i tanti tesori che fanno parte del patrimonio naturale e artistico del Belpaese. <\/p>\n<p>Approfittiamo dell&#8217;occasione del <strong>ponte del 2 giugno<\/strong> per fare una carrellata su quello che le pi\u00f9 belle citt\u00e0 e le mi\u00f9 amate regioni d&#8217;Italia offrono in quei giorni&#8230;<\/p>\n<p>&nbsp;<\/p>\n<p>Ponte del 2 giugno a Roma&nbsp;<\/p>\n<p>La Capitale ovviamente \u00e8 e continuer\u00e0 ad essere una delle mete pi\u00f9 ambite, sempre e comunque, a prescindere da eventi e manifestazioni che comunque, come \u00e8 naturale che sia, di certo non mancano, anzi.. <\/p>\n<p><strong>Ricordi dell&#8217;antico: sculture, porcellane e arredi all&#8217;epoca del Grand Tour<\/strong> \u00e8 una raffinatissima e particolare mostra che si pu\u00f2 visitare ai musei Capitolini: fino all&#8217;8 giugno un&#8217;esposizione di circa 150 opere del XVIII secolo che si rifanno in tutto e per tutto all&#8217;arte classica. Porcellane, dipinti, sculture in bronzo e incisioni per mano di artisti dell&#8217;epoca a dimostrazione di quanto il Settecento si sia ispirato all&#8217;Antichit\u00e0, di come questa sia stata studiata per essere poi fedelmente riprodotta. Ai Musei Capitolini.<\/p>\n<p>Davvero da non perdere la retrospettiva su uno dei pi\u00f9 grandi pittori impressionisti: Renoir. Il complesso del Vittoriano ospita <strong>Pierre-Auguste Renoir. Tradizione e innovazione<\/strong>una mostra sul celebre artista di Limoges. Attraverso 150 opere di bellezza indiscutibile si compie un vero e proprio iter alla scoperta e alla ri-scoperta di un pittore che con I suoi quadri ha dato un contributo decisivo all&#8217;arte a cavallo tra Ottocento e Novecento.<\/p>\n<p>Donatello, Michelangelo, Perugino, Pinturicchio, Piero della Francesca. Sono solo alcuni dei nomi prestigiosi le cui opere (in esposizione al Museo del Corso,circa 170) raccontano la grande vivacit\u00e0 artistica della Roma del XV secolo.<strong>Il Quattrocento: la Rinascita delle Arti da Donatello a Perugino<\/strong>, ovvero il Rinascimento nella Capitale come meglio non si poteva illustrare.<\/p>\n<p>Le scuderie del Quirinale danno la possibilit\u00e0 ancora qualche giorno, fino al 10 giugno, di poter visitare <strong>Ottocento. Da Canova al Quarto Stato<\/strong>,una mostra sulla troppo a lungo sottovalutata.pittura italiana dell&#8217;Ottocento.Oltre 100 capolavori che permettono al visitatore di cogliere la grande vivacit\u00e0 culturale dell&#8217;epoca e naturalmente il fermento storico di un secolo che porta con s\u00e8 mutamenti politici determinanti per l&#8217;Italia.<\/p>\n<p>..E si potrebbe andare avanti all&#8217;infinito: Quelle segnalate sono solo alcune delle iniziative culturali che Roma offre per il Ponte del 2 giugno. C&#8217;\u00e8 solo l&#8217;imbarazzo della scelta&#8230;il resto lo far\u00e0 l&#8217;arrivo della bella stagione e il fascino immutato della Capitale.<\/p>\n<p>&nbsp;<\/p>\n<p>Ponte del 2 giugno in Toscana<\/p>\n<p>Di certo la Toscana \u00e8 ricca di interessanti iniziative. Per I sempre pi\u00f9 numerosi amanti del vino, segnarsi assolutamente questa data: sabato 31 maggio e domenica 1 giugno, <strong>Radda nel bicchiere, un week-end all&#8217;insegna del buon bere<\/strong>. A Radda in Chianti assaggi e degustazioni per le vie del borgo.La sera concerti, ristoranti con men\u00f9 speciali d a abbinare ai vini di Radda. <\/p>\n<p>Inizia il 1 giugno e andr\u00e0 avanti per tutto il mese a Montepulciano una mostra che ripercorre la carriera di un grandissimo disegnatore di fumetti italiano, Andrea Pazienza. A vent&#8217;anni dalla sua scomparsa una retrospettiva davvero notevole per materiale raccolto (tra raccolte fotografiche,bozzetti e contributi video),<strong>Andrea Pazienza a Montepulciano<\/strong>, retrospettiva con riflettori puntati sul periodo in cui l&#8217;artista visse a Montepulciano.<\/p>\n<p>Gli appassionati della musica da camera potranno invece recarsi a Siena, presso il complesso Museale di Santa Maria della Scala, dove fino al 7 giugno,ogni sabato sera e domenica mattina, l&#8217;associazione Quattroquarti ha organizzato <strong>MusicaSiena2008, concerti al SantaMaria della Scala<\/strong>, con la presenza di artisti affermati ma anche di nuove talentuose leve.<\/p>\n<p>Firenze, che di certo non ha bisogno di presentazioni, presenta come sempre un calendario fitto di eventi. Vale la pena citare una mostra su tutte, <strong>Il volto di Michelangelo<\/strong>: a Casa Buonarroti una mostra veramente originale, tutta incentrata sui ritratti che hanno per indiscussa protagonista la figura di Michelangelo. Nota \u00e8 l&#8217;avversione dell&#8217;artista a farsi ritrarre, ma sono comunque state recuperate preziose testimonianze che ci aiutano a inquadrare meglio la sua misteriosa fisionomia.<\/p>\n<p>Dal bere ai fumetti, dai concerti di musica da camera all&#8217;arte del Rinascimento: da come si pu\u00f2 evincere \u00e8 vasta ed eterogenea la rosa di cose che si possono fare per il ponte del 2 giugno in Toscana. Non resta che preparare la valigia&#8230;<\/p>\n<p>&nbsp;<\/p>\n<p>Ponte del 2 giugno a Milano <\/p>\n<p>Al pari di Roma, l&#8217;unica vera altra metropoli italiana che 365 giorni l&#8217;anno propone eventi e iniziative a non finire e per tutti I gusti \u00e8 ovviamente Milano. <\/p>\n<p>Il calendario degli appuntamenti milanesi \u00e8 come sempre fitto, e non \u00e8 facilissimo orientarsi sul da farsi, tanta \u00e8 la gamma di proposte. Tra queste,assolutamente da non perdere \u00e8 <strong>Richard Avedon. Fotografie 1946-2004<\/strong> la pi\u00f9 grande retrospettiva mai fatta su uno dei geni della fotografia del XX secolo, Richard Avedon. In 250 stupende immagini sono immortalati I protagonisti di oltre cinquant&#8217;anni di storia: Si spazia da personaggi politici a divi del cinema, da scrittori a cantanti..<\/p>\n<p>Fino all&#8217;8 giugno a Milano , la mostra toccher\u00e0 poi altre grandi citt\u00e0, europee e non.<\/p>\n<p>Il Palazzo Reale fa da splendida cornice a<strong>Francis Bacon in mostra a Milano<\/strong>, esposizione ricca e di grande prestigio: si celebra il visionario talento di Francis Bacon. Dipinti e disegni, ma anche fotografie, oggetti e libri appartenuti all&#8217;artista\u201dmaledetto\u201d, per meglio comprendere la sua davvero unica arte. La mostra si conclude il prossimo 29 giugno.<\/p>\n<p>Ultimissimi giorni per assistere , sempre al Palazzo Reale, ad un evento culturale che ha riscosso grande successo in questi mesi: <strong>Canova alla corte degli Zar<\/strong>, una mostra su Antonio Canova, del quale vengono esposte sette sculture, oltre a pi\u00f9 di quaranta opere per mano di artisti che in qualche modo alla sua arte si sono ispirati. Tutte le magnifiche sculture hanno poi in comune il fatto di provenire e di essere attualmente custodite all&#8221;Ermitage di San Pietroburgo.<\/p>\n<p>Il 2009 sar\u00e0 l&#8217;anno del centenario del futurismo, e Milano si prepara al grande evento con una mostra monografica dedicata ad uno dei massimi esponenti di questa corrente artistica. Giacomo Balla. I primi trent&#8217;anni del Novecento sono stati il suo periodo pi\u00f9 prolifico, e la sua produzione, tra dipinti e sculture, rivive fino al prossimo 2 giugno al Palazzo Reale di Milano:<strong>Giacomo Balla: la modernit\u00e0 futurista<\/strong><\/p>\n<p>Discorso a parte meriterebbero I concerti di musica leggera che n l&#8217;inizio dell&#8217;estate avranno come passaggio praticamente obbligato la capitale lombarda. Il 29 e 30 maggio suona ad Assago Lorenzo Cherubini (per molti ancora Jovanotti) mentre il 31 \u00e8 la volta dei Negramaro a San Siro. Ed \u00e8 solo l&#8217;inizio&#8230;<\/p>\n<p>&nbsp;<\/p>\n<p>Ponte del 2 giugno a Venezia <\/p>\n<p>Venezia di certo non ha bisogno di presentazioni, e anche se non avesse mostre o eventi da proporre, data la sua naturale unicit\u00e0 non sarebbe certo un problema..<\/p>\n<p>Comunque iniziative non mancano: Mozart, Haydn, Vivaldi e altri grandi musicisti del Settecento protagonisti di una interessante iniziativa proposta dall&#8217;associazione culturale MusicaVenezia: <strong>La musica ai tempi di Goldoni<\/strong>concerti di musica del settecento ( ai tempi di Goldoni, appunto, sui cui testi in alcuni casi sono state composte musiche). Pezzi poco noti quando non inediti introdotti da brevi commenti esplicativi. La sede \u00e8 la Casa di carlo Goldoni e le prossime date sono il 30 maggio e il 6 e 27 giugno.<\/p>\n<p>Fino al prossimo 27 luglio a palazzo Cavalli Franchetti gli amanti della pittura potranno rifarsi gli occhi con un&#8217;esposizione di notevole spessore artistico: <strong>I Macchiaioli: capolavori della collezione Mario Taragoni<\/strong>, circa settanta capolavori appartenenti alla collezione privata di Mario Taragoni, tutti col comune denominatore di far parte dell&#8217;Ottocento toscano. Davvero imperdibile.<\/p>\n<p>Con il ponte del 2 giugno si pu\u00f2 prendere spunto per visitare per I tre piani di Palazzo Grassi a Venezia <strong>Roma e I barbari<\/strong>.la stupenda mostra incentrata su Roma, il rapporto coi popoli barbari e la sua ricchezza artistica tra la fine dell&#8217;antichit\u00e0 e l&#8217;inizio del Medioevo. Tesori provenienti dai pi\u00f9 importanti musei del mondo,tra i quali molti giungono per la prima volta in Italia.<\/p>\n<p>Naturalmente le iniziative non finiscono qui, c&#8217;\u00e8 davvero solo la voglia di prendere su qualche bagaglio, andare con amici o famiglia, d&#8217;altra parte Venezia vale sempre la pena di essere vista, non ci si stanca davvero mai&#8230;<\/p>\n<p>&nbsp;<\/p>\n","protected":false},"excerpt":{"rendered":"<p>Approfittiamo dell&#8217;occasione del ponte del 2 giugno per fare una carrellata su quello che le pi\u00f9 belle citt\u00e0 e le mi\u00f9 amate regioni d&#8217;Italia offrono in quei giorni&#8230;<\/p>\n","protected":false},"author":10,"featured_media":0,"comment_status":"open","ping_status":"open","sticky":false,"template":"","format":"standard","meta":{"cybocfi_hide_featured_image":"","footnotes":""},"categories":[2],"tags":[1466],"class_list":["post-421","post","type-post","status-publish","format-standard","hentry","category-viaggi-e-turismo","tag-ponte-2-giugno"],"yoast_head":"<!-- This site is optimized with the Yoast SEO plugin v27.0 - https:\/\/yoast.com\/product\/yoast-seo-wordpress\/ -->\n<title>Ponte del 2 giugno in Italia: le mete turistiche. - Article Marketing<\/title>\n<meta name=\"robots\" content=\"index, follow, max-snippet:-1, max-image-preview:large, max-video-preview:-1\" \/>\n<link rel=\"canonical\" href=\"https:\/\/www.article-marketing.eu\/comunicati\/viaggi-e-vacanze\/viaggi-e-turismo\/ponte-del-2-giugno-in-italia-le-mete-turistiche\/\" \/>\n<meta property=\"og:locale\" content=\"it_IT\" \/>\n<meta property=\"og:type\" content=\"article\" \/>\n<meta property=\"og:title\" content=\"Ponte del 2 giugno in Italia: le mete turistiche. - Article Marketing\" \/>\n<meta property=\"og:description\" content=\"Approfittiamo dell&#039;occasione del ponte del 2 giugno per fare una carrellata su quello che le pi\u00f9 belle citt\u00e0 e le mi\u00f9 amate regioni d&#039;Italia offrono in quei giorni...\" \/>\n<meta property=\"og:url\" content=\"https:\/\/www.article-marketing.eu\/comunicati\/viaggi-e-vacanze\/viaggi-e-turismo\/ponte-del-2-giugno-in-italia-le-mete-turistiche\/\" \/>\n<meta property=\"og:site_name\" content=\"Article Marketing\" \/>\n<meta property=\"article:published_time\" content=\"2008-05-28T12:42:01+00:00\" \/>\n<meta property=\"article:modified_time\" content=\"2018-06-04T18:07:46+00:00\" \/>\n<meta name=\"author\" content=\"Redazione Comunicati Stampa\" \/>\n<meta name=\"twitter:card\" content=\"summary_large_image\" \/>\n<meta name=\"twitter:label1\" content=\"Scritto da\" \/>\n\t<meta name=\"twitter:data1\" content=\"Redazione Comunicati Stampa\" \/>\n\t<meta name=\"twitter:label2\" content=\"Tempo di lettura stimato\" \/>\n\t<meta name=\"twitter:data2\" content=\"7 minuti\" \/>\n<script type=\"application\/ld+json\" class=\"yoast-schema-graph\">{\"@context\":\"https:\/\/schema.org\",\"@graph\":[{\"@type\":\"Article\",\"@id\":\"https:\/\/www.article-marketing.eu\/comunicati\/viaggi-e-vacanze\/viaggi-e-turismo\/ponte-del-2-giugno-in-italia-le-mete-turistiche\/#article\",\"isPartOf\":{\"@id\":\"https:\/\/www.article-marketing.eu\/comunicati\/viaggi-e-vacanze\/viaggi-e-turismo\/ponte-del-2-giugno-in-italia-le-mete-turistiche\/\"},\"author\":{\"name\":\"Redazione Comunicati Stampa\",\"@id\":\"https:\/\/www.article-marketing.eu\/comunicati\/#\/schema\/person\/44372e4d4d0fa797b18e03ed1ace9017\"},\"headline\":\"Ponte del 2 giugno in Italia: le mete turistiche.\",\"datePublished\":\"2008-05-28T12:42:01+00:00\",\"dateModified\":\"2018-06-04T18:07:46+00:00\",\"mainEntityOfPage\":{\"@id\":\"https:\/\/www.article-marketing.eu\/comunicati\/viaggi-e-vacanze\/viaggi-e-turismo\/ponte-del-2-giugno-in-italia-le-mete-turistiche\/\"},\"wordCount\":1360,\"commentCount\":0,\"keywords\":[\"ponte 2 giugno\"],\"articleSection\":[\"Viaggi e Turismo\"],\"inLanguage\":\"it-IT\",\"potentialAction\":[{\"@type\":\"CommentAction\",\"name\":\"Comment\",\"target\":[\"https:\/\/www.article-marketing.eu\/comunicati\/viaggi-e-vacanze\/viaggi-e-turismo\/ponte-del-2-giugno-in-italia-le-mete-turistiche\/#respond\"]}]},{\"@type\":\"WebPage\",\"@id\":\"https:\/\/www.article-marketing.eu\/comunicati\/viaggi-e-vacanze\/viaggi-e-turismo\/ponte-del-2-giugno-in-italia-le-mete-turistiche\/\",\"url\":\"https:\/\/www.article-marketing.eu\/comunicati\/viaggi-e-vacanze\/viaggi-e-turismo\/ponte-del-2-giugno-in-italia-le-mete-turistiche\/\",\"name\":\"Ponte del 2 giugno in Italia: le mete turistiche. - Article Marketing\",\"isPartOf\":{\"@id\":\"https:\/\/www.article-marketing.eu\/comunicati\/#website\"},\"datePublished\":\"2008-05-28T12:42:01+00:00\",\"dateModified\":\"2018-06-04T18:07:46+00:00\",\"author\":{\"@id\":\"https:\/\/www.article-marketing.eu\/comunicati\/#\/schema\/person\/44372e4d4d0fa797b18e03ed1ace9017\"},\"breadcrumb\":{\"@id\":\"https:\/\/www.article-marketing.eu\/comunicati\/viaggi-e-vacanze\/viaggi-e-turismo\/ponte-del-2-giugno-in-italia-le-mete-turistiche\/#breadcrumb\"},\"inLanguage\":\"it-IT\",\"potentialAction\":[{\"@type\":\"ReadAction\",\"target\":[\"https:\/\/www.article-marketing.eu\/comunicati\/viaggi-e-vacanze\/viaggi-e-turismo\/ponte-del-2-giugno-in-italia-le-mete-turistiche\/\"]}]},{\"@type\":\"BreadcrumbList\",\"@id\":\"https:\/\/www.article-marketing.eu\/comunicati\/viaggi-e-vacanze\/viaggi-e-turismo\/ponte-del-2-giugno-in-italia-le-mete-turistiche\/#breadcrumb\",\"itemListElement\":[{\"@type\":\"ListItem\",\"position\":1,\"name\":\"Home\",\"item\":\"https:\/\/www.article-marketing.eu\/comunicati\/\"},{\"@type\":\"ListItem\",\"position\":2,\"name\":\"Ponte del 2 giugno in Italia: le mete turistiche.\"}]},{\"@type\":\"WebSite\",\"@id\":\"https:\/\/www.article-marketing.eu\/comunicati\/#website\",\"url\":\"https:\/\/www.article-marketing.eu\/comunicati\/\",\"name\":\"Article Marketing\",\"description\":\"article marketing &amp; press release\",\"potentialAction\":[{\"@type\":\"SearchAction\",\"target\":{\"@type\":\"EntryPoint\",\"urlTemplate\":\"https:\/\/www.article-marketing.eu\/comunicati\/?s={search_term_string}\"},\"query-input\":{\"@type\":\"PropertyValueSpecification\",\"valueRequired\":true,\"valueName\":\"search_term_string\"}}],\"inLanguage\":\"it-IT\"},{\"@type\":\"Person\",\"@id\":\"https:\/\/www.article-marketing.eu\/comunicati\/#\/schema\/person\/44372e4d4d0fa797b18e03ed1ace9017\",\"name\":\"Redazione Comunicati Stampa\",\"image\":{\"@type\":\"ImageObject\",\"inLanguage\":\"it-IT\",\"@id\":\"https:\/\/www.article-marketing.eu\/comunicati\/#\/schema\/person\/image\/\",\"url\":\"https:\/\/secure.gravatar.com\/avatar\/50e5c6421d3072f42e7ace803501602c60d75233d34e29fd05feb91c8760b792?s=96&d=mm&r=g\",\"contentUrl\":\"https:\/\/secure.gravatar.com\/avatar\/50e5c6421d3072f42e7ace803501602c60d75233d34e29fd05feb91c8760b792?s=96&d=mm&r=g\",\"caption\":\"Redazione Comunicati Stampa\"},\"url\":\"https:\/\/www.article-marketing.eu\/comunicati\/author\/redazione-comunicati-stampa\/\"}]}<\/script>\n<!-- \/ Yoast SEO plugin. -->","yoast_head_json":{"title":"Ponte del 2 giugno in Italia: le mete turistiche. - Article Marketing","robots":{"index":"index","follow":"follow","max-snippet":"max-snippet:-1","max-image-preview":"max-image-preview:large","max-video-preview":"max-video-preview:-1"},"canonical":"https:\/\/www.article-marketing.eu\/comunicati\/viaggi-e-vacanze\/viaggi-e-turismo\/ponte-del-2-giugno-in-italia-le-mete-turistiche\/","og_locale":"it_IT","og_type":"article","og_title":"Ponte del 2 giugno in Italia: le mete turistiche. - Article Marketing","og_description":"Approfittiamo dell'occasione del ponte del 2 giugno per fare una carrellata su quello che le pi\u00f9 belle citt\u00e0 e le mi\u00f9 amate regioni d'Italia offrono in quei giorni...","og_url":"https:\/\/www.article-marketing.eu\/comunicati\/viaggi-e-vacanze\/viaggi-e-turismo\/ponte-del-2-giugno-in-italia-le-mete-turistiche\/","og_site_name":"Article Marketing","article_published_time":"2008-05-28T12:42:01+00:00","article_modified_time":"2018-06-04T18:07:46+00:00","author":"Redazione Comunicati Stampa","twitter_card":"summary_large_image","twitter_misc":{"Scritto da":"Redazione Comunicati Stampa","Tempo di lettura stimato":"7 minuti"},"schema":{"@context":"https:\/\/schema.org","@graph":[{"@type":"Article","@id":"https:\/\/www.article-marketing.eu\/comunicati\/viaggi-e-vacanze\/viaggi-e-turismo\/ponte-del-2-giugno-in-italia-le-mete-turistiche\/#article","isPartOf":{"@id":"https:\/\/www.article-marketing.eu\/comunicati\/viaggi-e-vacanze\/viaggi-e-turismo\/ponte-del-2-giugno-in-italia-le-mete-turistiche\/"},"author":{"name":"Redazione Comunicati Stampa","@id":"https:\/\/www.article-marketing.eu\/comunicati\/#\/schema\/person\/44372e4d4d0fa797b18e03ed1ace9017"},"headline":"Ponte del 2 giugno in Italia: le mete turistiche.","datePublished":"2008-05-28T12:42:01+00:00","dateModified":"2018-06-04T18:07:46+00:00","mainEntityOfPage":{"@id":"https:\/\/www.article-marketing.eu\/comunicati\/viaggi-e-vacanze\/viaggi-e-turismo\/ponte-del-2-giugno-in-italia-le-mete-turistiche\/"},"wordCount":1360,"commentCount":0,"keywords":["ponte 2 giugno"],"articleSection":["Viaggi e Turismo"],"inLanguage":"it-IT","potentialAction":[{"@type":"CommentAction","name":"Comment","target":["https:\/\/www.article-marketing.eu\/comunicati\/viaggi-e-vacanze\/viaggi-e-turismo\/ponte-del-2-giugno-in-italia-le-mete-turistiche\/#respond"]}]},{"@type":"WebPage","@id":"https:\/\/www.article-marketing.eu\/comunicati\/viaggi-e-vacanze\/viaggi-e-turismo\/ponte-del-2-giugno-in-italia-le-mete-turistiche\/","url":"https:\/\/www.article-marketing.eu\/comunicati\/viaggi-e-vacanze\/viaggi-e-turismo\/ponte-del-2-giugno-in-italia-le-mete-turistiche\/","name":"Ponte del 2 giugno in Italia: le mete turistiche. - Article Marketing","isPartOf":{"@id":"https:\/\/www.article-marketing.eu\/comunicati\/#website"},"datePublished":"2008-05-28T12:42:01+00:00","dateModified":"2018-06-04T18:07:46+00:00","author":{"@id":"https:\/\/www.article-marketing.eu\/comunicati\/#\/schema\/person\/44372e4d4d0fa797b18e03ed1ace9017"},"breadcrumb":{"@id":"https:\/\/www.article-marketing.eu\/comunicati\/viaggi-e-vacanze\/viaggi-e-turismo\/ponte-del-2-giugno-in-italia-le-mete-turistiche\/#breadcrumb"},"inLanguage":"it-IT","potentialAction":[{"@type":"ReadAction","target":["https:\/\/www.article-marketing.eu\/comunicati\/viaggi-e-vacanze\/viaggi-e-turismo\/ponte-del-2-giugno-in-italia-le-mete-turistiche\/"]}]},{"@type":"BreadcrumbList","@id":"https:\/\/www.article-marketing.eu\/comunicati\/viaggi-e-vacanze\/viaggi-e-turismo\/ponte-del-2-giugno-in-italia-le-mete-turistiche\/#breadcrumb","itemListElement":[{"@type":"ListItem","position":1,"name":"Home","item":"https:\/\/www.article-marketing.eu\/comunicati\/"},{"@type":"ListItem","position":2,"name":"Ponte del 2 giugno in Italia: le mete turistiche."}]},{"@type":"WebSite","@id":"https:\/\/www.article-marketing.eu\/comunicati\/#website","url":"https:\/\/www.article-marketing.eu\/comunicati\/","name":"Article Marketing","description":"article marketing &amp; press release","potentialAction":[{"@type":"SearchAction","target":{"@type":"EntryPoint","urlTemplate":"https:\/\/www.article-marketing.eu\/comunicati\/?s={search_term_string}"},"query-input":{"@type":"PropertyValueSpecification","valueRequired":true,"valueName":"search_term_string"}}],"inLanguage":"it-IT"},{"@type":"Person","@id":"https:\/\/www.article-marketing.eu\/comunicati\/#\/schema\/person\/44372e4d4d0fa797b18e03ed1ace9017","name":"Redazione Comunicati Stampa","image":{"@type":"ImageObject","inLanguage":"it-IT","@id":"https:\/\/www.article-marketing.eu\/comunicati\/#\/schema\/person\/image\/","url":"https:\/\/secure.gravatar.com\/avatar\/50e5c6421d3072f42e7ace803501602c60d75233d34e29fd05feb91c8760b792?s=96&d=mm&r=g","contentUrl":"https:\/\/secure.gravatar.com\/avatar\/50e5c6421d3072f42e7ace803501602c60d75233d34e29fd05feb91c8760b792?s=96&d=mm&r=g","caption":"Redazione Comunicati Stampa"},"url":"https:\/\/www.article-marketing.eu\/comunicati\/author\/redazione-comunicati-stampa\/"}]}},"_links":{"self":[{"href":"https:\/\/www.article-marketing.eu\/comunicati\/wp-json\/wp\/v2\/posts\/421","targetHints":{"allow":["GET"]}}],"collection":[{"href":"https:\/\/www.article-marketing.eu\/comunicati\/wp-json\/wp\/v2\/posts"}],"about":[{"href":"https:\/\/www.article-marketing.eu\/comunicati\/wp-json\/wp\/v2\/types\/post"}],"author":[{"embeddable":true,"href":"https:\/\/www.article-marketing.eu\/comunicati\/wp-json\/wp\/v2\/users\/10"}],"replies":[{"embeddable":true,"href":"https:\/\/www.article-marketing.eu\/comunicati\/wp-json\/wp\/v2\/comments?post=421"}],"version-history":[{"count":1,"href":"https:\/\/www.article-marketing.eu\/comunicati\/wp-json\/wp\/v2\/posts\/421\/revisions"}],"predecessor-version":[{"id":55064,"href":"https:\/\/www.article-marketing.eu\/comunicati\/wp-json\/wp\/v2\/posts\/421\/revisions\/55064"}],"wp:attachment":[{"href":"https:\/\/www.article-marketing.eu\/comunicati\/wp-json\/wp\/v2\/media?parent=421"}],"wp:term":[{"taxonomy":"category","embeddable":true,"href":"https:\/\/www.article-marketing.eu\/comunicati\/wp-json\/wp\/v2\/categories?post=421"},{"taxonomy":"post_tag","embeddable":true,"href":"https:\/\/www.article-marketing.eu\/comunicati\/wp-json\/wp\/v2\/tags?post=421"}],"curies":[{"name":"wp","href":"https:\/\/api.w.org\/{rel}","templated":true}]}}