{"id":4251,"date":"2010-02-26T00:00:47","date_gmt":"2010-02-25T23:00:47","guid":{"rendered":"http:\/\/www.article-marketing.eu\/comunicati\/senza-categoria\/per-porsche-mercato-usa-a-rischio\/"},"modified":"2018-07-10T05:25:53","modified_gmt":"2018-07-10T03:25:53","slug":"per-porsche-mercato-usa-a-rischio","status":"publish","type":"post","link":"https:\/\/www.article-marketing.eu\/comunicati\/arte-e-cultura\/giornalismo\/per-porsche-mercato-usa-a-rischio\/","title":{"rendered":"Per Porsche mercato USA a rischio"},"content":{"rendered":"<\/p>\n<p>Questo \u00e8 un anno<br \/>\nparticolar\u00admente duro e difficile per l&#8217;indu\u00adstria automobilistica,<br \/>\nnessuna marca esclusa, perch\u00e9 l&#8217;auto sta rapidamente cambiando sotto<br \/>\nl&#8217;imperativo della difesa della na\u00adtura che richiede la messa a pun\u00adto<br \/>\ndi nuove e pi\u00f9 pulite tecnolo\u00adgie. In questo momento l&#8217;atten\u00adzione \u00e8<br \/>\nconcentrata sulla giappo\u00adnese Toyota divenuta vittima del suo grande<br \/>\nsuccesso, del fatto di essere cresciuta troppo in fretta e di aver<br \/>\nperso di vista il suo svi\u00adluppo. Mai le difficolt\u00e0 di una ca\u00adsa<br \/>\nautomobilistica come quelle che la Toyota sta attraversando in questo<br \/>\nmomento sono giunte co\u00ads\u00ec a proposito per un concorren\u00adte come la<br \/>\nVolkswagen, la quale non fa mistero della sua ferma vo\u00adlont\u00e0 di<br \/>\ndetronizzare la casa giap\u00adponese e di toglierle prossima\u00admente il<br \/>\nprimato di pi\u00f9 grande gruppo automobilistico mondia\u00adle. L&#8217;attuale<br \/>\nmomento \u00e8 natural\u00admente molto favorevole per un decisivo passo verso<br \/>\nquest&#8217;ambi\u00adzioso obiettivo, anche se la Vol\u00adkswagen<br \/>\ndovr\u00e0 stare attenta a non compiere l&#8217;errore di sottovaluta\u00adre la<br \/>\ncapacit\u00e0 di ripresa della To\u00adyota. Soprattutto perch\u00e9 la Toyo\u00adta \u00e8 il<br \/>\nproduttore automobilisti\u00adco pi\u00f9 avanzato nello sviluppo della<br \/>\npropulsione ibrida, al con\u00adtrario dell&#8217;industria automobili\u00adstica<br \/>\ntedesca, Volkswagen com\u00adpresa, che negli ultimi dieci an\u00adni, convinta<br \/>\ndella superiorit\u00e1 del diesel, ha sempre trattenuto a stento un certo<br \/>\nsorriso di compa\u00adtimento nei confronti della tec\u00adnologia ibrida della<br \/>\nToyota.<br \/>Nel frattempo a Monaco, Stoccar\u00adda e anche a Wolfsburg si \u00e8<br \/>\nper\u00f2 capito di aver compiuto un erro\u00adre, perch\u00e9 le grosse e potenti<br \/>\nau\u00adto tedesche senza la tecnologia dell&#8217;ibrido non saranno mai<br \/>\nal\u00adl&#8217;altezza delle severe norme anti CO2 del futuro, in Europa e so\u00adprattutto  negli Stati Uniti.<br \/>Nel<br \/>\nfrattempo sono passati an\u00adche dieci anni, che non sono po\u00adchi, e in<br \/>\nquesti giorni a Stoccar\u00adda i manager della Porsche si so\u00adno resi conto<br \/>\nper primi della gravit\u00e0 dell&#8217;errore<br \/>\ncommesso. \u00c8 suc\u00adcesso che la Porsche \u00e8 appena riuscita a raggiungere in<br \/>\nAmeri\u00adca un compromesso fino al 2015 per le sue auto, le quali superano<br \/>\ndi molto i nuovi limiti di consu\u00admo di carburante previsti dalla legge<br \/>\nUSA.<br \/>\u00c8 stato calcolato che a partire dal 2016 &#8211; a meno che la legge<br \/>\nche entra in vigore in maggio non sia modificata, la qualcosa appare<br \/>\nmolto difficile &#8211; le vetture sporti\u00adve Porsche per poter circolare<br \/>\nne\u00adgli USA dovranno pagare una pe\u00adnalit\u00e0 di 37.500 dollari per ogni<br \/>\nauto. Una somma che chiara\u00admente la casa Porsche di Stoccar\u00adda non<br \/>\npotr\u00e0 pagare. Per non aver problemi con le autorit\u00e0 ameri\u00adcane la media<br \/>\ndi consumo del\u00adl&#8217;intera flotta delle autovetture Porsche dovrebbe<br \/>\nscendere a 41,4 miglia per gallone, il che corri\u00adsponde a un consumo di<br \/>\n5,7 litri per 100 chilometri, che \u00e8 poi al\u00adl&#8217;incirca il consumo di una<br \/>\nGolf della Volkswagen. Un consumo dal quale le potenti vetture di<br \/>\nStoccarda-Zuffenhausen sono drammaticamente lontane, tan\u00adto che per<br \/>\narrivare a una simile media, le auto sportive Porsche dovrebbero poter<br \/>\nriuscire a ridur\u00adre il consumo ogni anno del die\u00adci per cento fino al<br \/>\n2016, un&#8217;im\u00adpresa tecnicamente impossibile.<br \/>\nNegli USA anche le case automo\u00adbilistiche Daimler e BMW pagano le loro<br \/>\npenalit\u00e0, ossia circa 200 milioni di dollari finora, secondo alcune<br \/>\nstime.<br \/>Una somma destinata ad aumen\u00adtare radicalmente con i nuovi<br \/>\nli\u00admiti di consumo, per cui Daim\u00adler, BMW e Porsche, che \u00e8 ormai una<br \/>\nmarca del gruppo Volkswa\u00adgen, hanno deciso di procedere in azione<br \/>\nconcertata nel tentativo di modificare la legge americana prima che<br \/>\nentri in vigore.<br \/>Sicuramente anche questo pro\u00adblema \u00e8 alla base<br \/>\ndella decisione del cancelliere Angela Merkel di compiere prossimamente<br \/>\nin un lungo viaggio negli USA, un&#8217;oc\u00adcasione per cercare di migliora\u00adre<br \/>\nun rapporto tra i due Paesi che non \u00e8 proprio dei migliori, da quando \u00e8<br \/>\narrivato il presidente americano Obama.<br \/>La Porsche &#8211; e la cosa<br \/>\nstessa vale anche per Daimler e BMW &#8211; non ha altra possibilit\u00e0 se non<br \/>\nquella di accelerare la produzione di modelli ibridi, a cominciare<br \/>\ndal\u00adla Cayenne che dovrebbe arriva\u00adre sul mercato a partire dal<br \/>\npros\u00adsimo mese di maggio.<br \/>Per le sportive Porsche si aggiun\u00adge per\u00f2 un&#8217;altra seria difficolt\u00e0, vale a dire il nesso previsto dalla<br \/>\nlegge americana tra consumo e passo dell&#8217;auto, cio\u00e8 la distanza tra le<br \/>\nruote anteriori e posteriori. Pi\u00f9 \u00e8 lungo il passo, pi\u00f9 la vettu\u00adra pu\u00f2<br \/>\nconsumare secondo la leg\u00adge americana, e viceversa.<br \/>Per una vettura<br \/>\nsportiva Porsche che ha un passo pi\u00f9 o meno cor\u00adto come quello di una<br \/>\nPanda del\u00adla Fiat una simile legge significa essere costretta a<br \/>\nrinunciare al suo pi\u00f9 importante mercato, in cui ha venduto 20.000<br \/>\ndelle com\u00adplessivamente 75.000 auto pro\u00addotte nel 2009.<br \/>Per i<br \/>\nproduttori tedeschi di auto\u00admobili, una normativa che stabi\u00adlisce un<br \/>\nnesso tra consumo e pas\u00adso dell&#8217;auto ha chiaramente una coloritura<br \/>\npolitica e nulla di me\u00adglio potrebbe accadere se il tema fosse<br \/>\naffrontato a quattro occhi da Merkel e Obama.<br \/>Il cancelliere Merkel<br \/>\nsi \u00e8 sempre mostrato molto sensibile agli in\u00adteressi dell&#8217;industria<br \/>\nautomobi\u00adlistica tedesca. Anche nei con\u00adfronti delle richieste di<br \/>\nBruxel\u00adles non ha esitato a difendere l&#8217;assenza di un limite generico<br \/>\ndi velocit\u00e0 sulle autostrade tede\u00adsche, sostenendo che il traffico<br \/>\nautostradale in Germania fun\u00adziona meglio che in Svizzera o in Austria.<strong><br \/>Luciano Barile<\/strong>  <\/p><\/p>\n","protected":false},"excerpt":{"rendered":"<p>Le sue vetture dal 2016 dovranno pagare una tassa ecologica.La casa tedesca dovr\u00e0 sborsare 37.500 dollari per ogni auto venduta negli Stati Uniti &#8211; Per evitarlo dovrebbe di\u00adminuire fortemente il consumo fino a giungere al livello di una utilitaria, cosa che naturalmente \u00e8 impossibile.Questo \u00e8 un anno particolar\u00admente duro e difficile per l&#8217;indu\u00adstria automobilistica, nessuna marca esclusa, perch\u00e9 l&#8217;auto sta rapidamente cambiando sotto l&#8217;imperativo della difesa della na\u00adtura.<\/p>\n","protected":false},"author":10,"featured_media":0,"comment_status":"open","ping_status":"open","sticky":false,"template":"","format":"standard","meta":{"cybocfi_hide_featured_image":"","footnotes":""},"categories":[218],"tags":[],"class_list":["post-4251","post","type-post","status-publish","format-standard","hentry","category-giornalismo"],"yoast_head":"<!-- This site is optimized with the Yoast SEO plugin v27.0 - https:\/\/yoast.com\/product\/yoast-seo-wordpress\/ -->\n<title>Per Porsche mercato USA a rischio - Article Marketing<\/title>\n<meta name=\"robots\" content=\"index, follow, max-snippet:-1, max-image-preview:large, max-video-preview:-1\" \/>\n<link rel=\"canonical\" href=\"https:\/\/www.article-marketing.eu\/comunicati\/arte-e-cultura\/giornalismo\/per-porsche-mercato-usa-a-rischio\/\" \/>\n<meta property=\"og:locale\" content=\"it_IT\" \/>\n<meta property=\"og:type\" content=\"article\" \/>\n<meta property=\"og:title\" content=\"Per Porsche mercato USA a rischio - Article Marketing\" \/>\n<meta property=\"og:description\" content=\"Le sue vetture dal 2016 dovranno pagare una tassa ecologica.La casa tedesca dovr\u00e0 sborsare 37.500 dollari per ogni auto venduta negli Stati Uniti - Per evitarlo dovrebbe di\u00adminuire fortemente il consumo fino a giungere al livello di una utilitaria, cosa che naturalmente \u00e8 impossibile.Questo \u00e8 un anno particolar\u00admente duro e difficile per l&#039;indu\u00adstria automobilistica, nessuna marca esclusa, perch\u00e9 l&#039;auto sta rapidamente cambiando sotto l&#039;imperativo della difesa della na\u00adtura.\" \/>\n<meta property=\"og:url\" content=\"https:\/\/www.article-marketing.eu\/comunicati\/arte-e-cultura\/giornalismo\/per-porsche-mercato-usa-a-rischio\/\" \/>\n<meta property=\"og:site_name\" content=\"Article Marketing\" \/>\n<meta property=\"article:published_time\" content=\"2010-02-25T23:00:47+00:00\" \/>\n<meta property=\"article:modified_time\" content=\"2018-07-10T03:25:53+00:00\" \/>\n<meta name=\"author\" content=\"Redazione Comunicati Stampa\" \/>\n<meta name=\"twitter:card\" content=\"summary_large_image\" \/>\n<meta name=\"twitter:label1\" content=\"Scritto da\" \/>\n\t<meta name=\"twitter:data1\" content=\"Redazione Comunicati Stampa\" \/>\n\t<meta name=\"twitter:label2\" content=\"Tempo di lettura stimato\" \/>\n\t<meta name=\"twitter:data2\" content=\"4 minuti\" \/>\n<script type=\"application\/ld+json\" class=\"yoast-schema-graph\">{\"@context\":\"https:\/\/schema.org\",\"@graph\":[{\"@type\":\"Article\",\"@id\":\"https:\/\/www.article-marketing.eu\/comunicati\/arte-e-cultura\/giornalismo\/per-porsche-mercato-usa-a-rischio\/#article\",\"isPartOf\":{\"@id\":\"https:\/\/www.article-marketing.eu\/comunicati\/arte-e-cultura\/giornalismo\/per-porsche-mercato-usa-a-rischio\/\"},\"author\":{\"name\":\"Redazione Comunicati Stampa\",\"@id\":\"https:\/\/www.article-marketing.eu\/comunicati\/#\/schema\/person\/44372e4d4d0fa797b18e03ed1ace9017\"},\"headline\":\"Per Porsche mercato USA a rischio\",\"datePublished\":\"2010-02-25T23:00:47+00:00\",\"dateModified\":\"2018-07-10T03:25:53+00:00\",\"mainEntityOfPage\":{\"@id\":\"https:\/\/www.article-marketing.eu\/comunicati\/arte-e-cultura\/giornalismo\/per-porsche-mercato-usa-a-rischio\/\"},\"wordCount\":876,\"commentCount\":0,\"articleSection\":[\"Giornalismo\"],\"inLanguage\":\"it-IT\",\"potentialAction\":[{\"@type\":\"CommentAction\",\"name\":\"Comment\",\"target\":[\"https:\/\/www.article-marketing.eu\/comunicati\/arte-e-cultura\/giornalismo\/per-porsche-mercato-usa-a-rischio\/#respond\"]}]},{\"@type\":\"WebPage\",\"@id\":\"https:\/\/www.article-marketing.eu\/comunicati\/arte-e-cultura\/giornalismo\/per-porsche-mercato-usa-a-rischio\/\",\"url\":\"https:\/\/www.article-marketing.eu\/comunicati\/arte-e-cultura\/giornalismo\/per-porsche-mercato-usa-a-rischio\/\",\"name\":\"Per Porsche mercato USA a rischio - Article Marketing\",\"isPartOf\":{\"@id\":\"https:\/\/www.article-marketing.eu\/comunicati\/#website\"},\"datePublished\":\"2010-02-25T23:00:47+00:00\",\"dateModified\":\"2018-07-10T03:25:53+00:00\",\"author\":{\"@id\":\"https:\/\/www.article-marketing.eu\/comunicati\/#\/schema\/person\/44372e4d4d0fa797b18e03ed1ace9017\"},\"breadcrumb\":{\"@id\":\"https:\/\/www.article-marketing.eu\/comunicati\/arte-e-cultura\/giornalismo\/per-porsche-mercato-usa-a-rischio\/#breadcrumb\"},\"inLanguage\":\"it-IT\",\"potentialAction\":[{\"@type\":\"ReadAction\",\"target\":[\"https:\/\/www.article-marketing.eu\/comunicati\/arte-e-cultura\/giornalismo\/per-porsche-mercato-usa-a-rischio\/\"]}]},{\"@type\":\"BreadcrumbList\",\"@id\":\"https:\/\/www.article-marketing.eu\/comunicati\/arte-e-cultura\/giornalismo\/per-porsche-mercato-usa-a-rischio\/#breadcrumb\",\"itemListElement\":[{\"@type\":\"ListItem\",\"position\":1,\"name\":\"Home\",\"item\":\"https:\/\/www.article-marketing.eu\/comunicati\/\"},{\"@type\":\"ListItem\",\"position\":2,\"name\":\"Per Porsche mercato USA a rischio\"}]},{\"@type\":\"WebSite\",\"@id\":\"https:\/\/www.article-marketing.eu\/comunicati\/#website\",\"url\":\"https:\/\/www.article-marketing.eu\/comunicati\/\",\"name\":\"Article Marketing\",\"description\":\"article marketing &amp; press release\",\"potentialAction\":[{\"@type\":\"SearchAction\",\"target\":{\"@type\":\"EntryPoint\",\"urlTemplate\":\"https:\/\/www.article-marketing.eu\/comunicati\/?s={search_term_string}\"},\"query-input\":{\"@type\":\"PropertyValueSpecification\",\"valueRequired\":true,\"valueName\":\"search_term_string\"}}],\"inLanguage\":\"it-IT\"},{\"@type\":\"Person\",\"@id\":\"https:\/\/www.article-marketing.eu\/comunicati\/#\/schema\/person\/44372e4d4d0fa797b18e03ed1ace9017\",\"name\":\"Redazione Comunicati Stampa\",\"image\":{\"@type\":\"ImageObject\",\"inLanguage\":\"it-IT\",\"@id\":\"https:\/\/www.article-marketing.eu\/comunicati\/#\/schema\/person\/image\/\",\"url\":\"https:\/\/secure.gravatar.com\/avatar\/50e5c6421d3072f42e7ace803501602c60d75233d34e29fd05feb91c8760b792?s=96&d=mm&r=g\",\"contentUrl\":\"https:\/\/secure.gravatar.com\/avatar\/50e5c6421d3072f42e7ace803501602c60d75233d34e29fd05feb91c8760b792?s=96&d=mm&r=g\",\"caption\":\"Redazione Comunicati Stampa\"},\"url\":\"https:\/\/www.article-marketing.eu\/comunicati\/author\/redazione-comunicati-stampa\/\"}]}<\/script>\n<!-- \/ Yoast SEO plugin. -->","yoast_head_json":{"title":"Per Porsche mercato USA a rischio - Article Marketing","robots":{"index":"index","follow":"follow","max-snippet":"max-snippet:-1","max-image-preview":"max-image-preview:large","max-video-preview":"max-video-preview:-1"},"canonical":"https:\/\/www.article-marketing.eu\/comunicati\/arte-e-cultura\/giornalismo\/per-porsche-mercato-usa-a-rischio\/","og_locale":"it_IT","og_type":"article","og_title":"Per Porsche mercato USA a rischio - Article Marketing","og_description":"Le sue vetture dal 2016 dovranno pagare una tassa ecologica.La casa tedesca dovr\u00e0 sborsare 37.500 dollari per ogni auto venduta negli Stati Uniti - Per evitarlo dovrebbe di\u00adminuire fortemente il consumo fino a giungere al livello di una utilitaria, cosa che naturalmente \u00e8 impossibile.Questo \u00e8 un anno particolar\u00admente duro e difficile per l'indu\u00adstria automobilistica, nessuna marca esclusa, perch\u00e9 l'auto sta rapidamente cambiando sotto l'imperativo della difesa della na\u00adtura.","og_url":"https:\/\/www.article-marketing.eu\/comunicati\/arte-e-cultura\/giornalismo\/per-porsche-mercato-usa-a-rischio\/","og_site_name":"Article Marketing","article_published_time":"2010-02-25T23:00:47+00:00","article_modified_time":"2018-07-10T03:25:53+00:00","author":"Redazione Comunicati Stampa","twitter_card":"summary_large_image","twitter_misc":{"Scritto da":"Redazione Comunicati Stampa","Tempo di lettura stimato":"4 minuti"},"schema":{"@context":"https:\/\/schema.org","@graph":[{"@type":"Article","@id":"https:\/\/www.article-marketing.eu\/comunicati\/arte-e-cultura\/giornalismo\/per-porsche-mercato-usa-a-rischio\/#article","isPartOf":{"@id":"https:\/\/www.article-marketing.eu\/comunicati\/arte-e-cultura\/giornalismo\/per-porsche-mercato-usa-a-rischio\/"},"author":{"name":"Redazione Comunicati Stampa","@id":"https:\/\/www.article-marketing.eu\/comunicati\/#\/schema\/person\/44372e4d4d0fa797b18e03ed1ace9017"},"headline":"Per Porsche mercato USA a rischio","datePublished":"2010-02-25T23:00:47+00:00","dateModified":"2018-07-10T03:25:53+00:00","mainEntityOfPage":{"@id":"https:\/\/www.article-marketing.eu\/comunicati\/arte-e-cultura\/giornalismo\/per-porsche-mercato-usa-a-rischio\/"},"wordCount":876,"commentCount":0,"articleSection":["Giornalismo"],"inLanguage":"it-IT","potentialAction":[{"@type":"CommentAction","name":"Comment","target":["https:\/\/www.article-marketing.eu\/comunicati\/arte-e-cultura\/giornalismo\/per-porsche-mercato-usa-a-rischio\/#respond"]}]},{"@type":"WebPage","@id":"https:\/\/www.article-marketing.eu\/comunicati\/arte-e-cultura\/giornalismo\/per-porsche-mercato-usa-a-rischio\/","url":"https:\/\/www.article-marketing.eu\/comunicati\/arte-e-cultura\/giornalismo\/per-porsche-mercato-usa-a-rischio\/","name":"Per Porsche mercato USA a rischio - Article Marketing","isPartOf":{"@id":"https:\/\/www.article-marketing.eu\/comunicati\/#website"},"datePublished":"2010-02-25T23:00:47+00:00","dateModified":"2018-07-10T03:25:53+00:00","author":{"@id":"https:\/\/www.article-marketing.eu\/comunicati\/#\/schema\/person\/44372e4d4d0fa797b18e03ed1ace9017"},"breadcrumb":{"@id":"https:\/\/www.article-marketing.eu\/comunicati\/arte-e-cultura\/giornalismo\/per-porsche-mercato-usa-a-rischio\/#breadcrumb"},"inLanguage":"it-IT","potentialAction":[{"@type":"ReadAction","target":["https:\/\/www.article-marketing.eu\/comunicati\/arte-e-cultura\/giornalismo\/per-porsche-mercato-usa-a-rischio\/"]}]},{"@type":"BreadcrumbList","@id":"https:\/\/www.article-marketing.eu\/comunicati\/arte-e-cultura\/giornalismo\/per-porsche-mercato-usa-a-rischio\/#breadcrumb","itemListElement":[{"@type":"ListItem","position":1,"name":"Home","item":"https:\/\/www.article-marketing.eu\/comunicati\/"},{"@type":"ListItem","position":2,"name":"Per Porsche mercato USA a rischio"}]},{"@type":"WebSite","@id":"https:\/\/www.article-marketing.eu\/comunicati\/#website","url":"https:\/\/www.article-marketing.eu\/comunicati\/","name":"Article Marketing","description":"article marketing &amp; press release","potentialAction":[{"@type":"SearchAction","target":{"@type":"EntryPoint","urlTemplate":"https:\/\/www.article-marketing.eu\/comunicati\/?s={search_term_string}"},"query-input":{"@type":"PropertyValueSpecification","valueRequired":true,"valueName":"search_term_string"}}],"inLanguage":"it-IT"},{"@type":"Person","@id":"https:\/\/www.article-marketing.eu\/comunicati\/#\/schema\/person\/44372e4d4d0fa797b18e03ed1ace9017","name":"Redazione Comunicati Stampa","image":{"@type":"ImageObject","inLanguage":"it-IT","@id":"https:\/\/www.article-marketing.eu\/comunicati\/#\/schema\/person\/image\/","url":"https:\/\/secure.gravatar.com\/avatar\/50e5c6421d3072f42e7ace803501602c60d75233d34e29fd05feb91c8760b792?s=96&d=mm&r=g","contentUrl":"https:\/\/secure.gravatar.com\/avatar\/50e5c6421d3072f42e7ace803501602c60d75233d34e29fd05feb91c8760b792?s=96&d=mm&r=g","caption":"Redazione Comunicati Stampa"},"url":"https:\/\/www.article-marketing.eu\/comunicati\/author\/redazione-comunicati-stampa\/"}]}},"_links":{"self":[{"href":"https:\/\/www.article-marketing.eu\/comunicati\/wp-json\/wp\/v2\/posts\/4251","targetHints":{"allow":["GET"]}}],"collection":[{"href":"https:\/\/www.article-marketing.eu\/comunicati\/wp-json\/wp\/v2\/posts"}],"about":[{"href":"https:\/\/www.article-marketing.eu\/comunicati\/wp-json\/wp\/v2\/types\/post"}],"author":[{"embeddable":true,"href":"https:\/\/www.article-marketing.eu\/comunicati\/wp-json\/wp\/v2\/users\/10"}],"replies":[{"embeddable":true,"href":"https:\/\/www.article-marketing.eu\/comunicati\/wp-json\/wp\/v2\/comments?post=4251"}],"version-history":[{"count":2,"href":"https:\/\/www.article-marketing.eu\/comunicati\/wp-json\/wp\/v2\/posts\/4251\/revisions"}],"predecessor-version":[{"id":61504,"href":"https:\/\/www.article-marketing.eu\/comunicati\/wp-json\/wp\/v2\/posts\/4251\/revisions\/61504"}],"wp:attachment":[{"href":"https:\/\/www.article-marketing.eu\/comunicati\/wp-json\/wp\/v2\/media?parent=4251"}],"wp:term":[{"taxonomy":"category","embeddable":true,"href":"https:\/\/www.article-marketing.eu\/comunicati\/wp-json\/wp\/v2\/categories?post=4251"},{"taxonomy":"post_tag","embeddable":true,"href":"https:\/\/www.article-marketing.eu\/comunicati\/wp-json\/wp\/v2\/tags?post=4251"}],"curies":[{"name":"wp","href":"https:\/\/api.w.org\/{rel}","templated":true}]}}