{"id":4261,"date":"2010-02-26T15:20:15","date_gmt":"2010-02-26T14:20:15","guid":{"rendered":"http:\/\/www.article-marketing.eu\/comunicati\/senza-categoria\/green-bar-fano-provincia-di-pesaro-urbino\/"},"modified":"2010-02-26T15:20:15","modified_gmt":"2010-02-26T14:20:15","slug":"green-bar-fano-provincia-di-pesaro-urbino","status":"publish","type":"post","link":"https:\/\/www.article-marketing.eu\/comunicati\/comunicati-stampa\/servizi\/green-bar-fano-provincia-di-pesaro-urbino\/","title":{"rendered":"Green Bar &#8211; Fano provincia di Pesaro Urbino"},"content":{"rendered":"<p>Per gli amanti della movida l\u2019appuntamento al Green Bar di Fano \u00e8 qualcosa di<br \/>\nirrinunciabile.Storica meta, dall\u2019aperitivo al dopocena, del<br \/>\ndivertimento fanese targato Lido, a pochi passi dal mare, il locale ha<br \/>\nappena soffiato le candeline sui 10 anni d\u2019attivit\u00e0 con una madrina<br \/>\nd\u2019eccezione, Keyla Espinoza. Sempre al passo con le ultime tendenze il<br \/>\nGreen cambia pelle e si rinnova attraverso il restyling, mantenendo<br \/>\nper\u00f2 intatta la sua identit\u00e0 pi\u00f9 profonda. L\u2019allestimento gioca sui<br \/>\ncolori del bianco e del fucsia per trasmettere un\u2019immagine fresca,<br \/>\nallegra e vitale, in sintonia con la stagione primavera estate di cui<br \/>\nsi rende protagonista. La serata inizia intorno alle 20 con i gustosi<br \/>\nappetizer, salumi, formaggi, fritture varie e tanto altro ancora, che<br \/>\naccompagnano l\u2019aperitivo a base di Moscow Mule, Aperol Spritz,<br \/>\nAmericano, sono questi i pre-dinner pi\u00f9 gettonati. Il mercoled\u00ec<br \/>\nl\u2019aperitivo si trasforma in degustazione con il \u201cMercoledinner\u201d (da<br \/>\nmet\u00e0 giugno a fine agosto), appuntamento speciale con la cucina<br \/>\nregionale, che propone un assaggio di quattro piatti caratteristici di<br \/>\nuna parte d\u2019Italia, preparati dallo chef interno dopo un\u2019attenta<br \/>\nricerca sulle tradizioni culinarie. Il dopocena&nbsp; nel locale \u00e8 a ritmo di musica con<br \/>\nil dj set (house, \u201970-\u201980, R&amp;B, soul, commerciale), qui si pu\u00f2<br \/>\ntrascorrere il pre-serata oppure tirare fino a tardi senza annoiarsi,<br \/>\nmagari degustando un ottimo Mojito, cocktail principe dell\u2019estate che<br \/>\nnon vi deluder\u00e0. Il locale \u00e8 aperto anche durante il giorno, da<br \/>\nsegnalare il caff\u00e8 shakerato, che grazie ad una sapiente preparazione<br \/>\nassume un intenso aroma di caff\u00e8, e il gelato di produzione<br \/>\nartigianale, con gusti particolari come il variegato al fico.\n <\/p>\n<p>&nbsp;<\/p>\n<p>Per gli amanti della movida l\u2019appuntamento al Green Bar di Fano \u00e8 qualcosa di<br \/>\nirrinunciabile.Storica meta, dall\u2019aperitivo al dopocena, del<br \/>\ndivertimento fanese targato Lido, a pochi passi dal mare, il locale ha<br \/>\nappena soffiato le candeline sui 10 anni d\u2019attivit\u00e0 con una madrina<br \/>\nd\u2019eccezione, Keyla Espinoza. Sempre al passo con le ultime tendenze il<br \/>\nGreen cambia pelle e si rinnova attraverso il restyling, mantenendo<br \/>\nper\u00f2 intatta la sua identit\u00e0 pi\u00f9 profonda. L\u2019allestimento gioca sui<br \/>\ncolori del bianco e del fucsia per trasmettere un\u2019immagine fresca,<br \/>\nallegra e vitale, in sintonia con la stagione primavera estate di cui<br \/>\nsi rende protagonista. La serata inizia intorno alle 20 con i gustosi<br \/>\nappetizer, salumi, formaggi, fritture varie e tanto altro ancora, che<br \/>\naccompagnano l\u2019aperitivo a base di Moscow Mule, Aperol Spritz,<br \/>\nAmericano, sono questi i pre-dinner pi\u00f9 gettonati. Il mercoled\u00ec<br \/>\nl\u2019aperitivo si trasforma in degustazione con il \u201cMercoledinner\u201d (da<br \/>\nmet\u00e0 giugno a fine agosto), appuntamento speciale con la cucina<br \/>\nregionale, che propone un assaggio di quattro piatti caratteristici di<br \/>\nuna parte d\u2019Italia, preparati dallo chef interno dopo un\u2019attenta<br \/>\nricerca sulle tradizioni culinarie. Il dopocena&nbsp; nel locale \u00e8 a ritmo di musica con<br \/>\nil dj set (house, \u201970-\u201980, R&amp;B, soul, commerciale), qui si pu\u00f2<br \/>\ntrascorrere il pre-serata oppure tirare fino a tardi senza annoiarsi,<br \/>\nmagari degustando un ottimo Mojito, cocktail principe dell\u2019estate che<br \/>\nnon vi deluder\u00e0. Il locale \u00e8 aperto anche durante il giorno, da<br \/>\nsegnalare il caff\u00e8 shakerato, che grazie ad una sapiente preparazione<br \/>\nassume un intenso aroma di caff\u00e8, e il gelato di produzione<br \/>\nartigianale, con gusti particolari come il variegato al fico. <\/p>\n","protected":false},"excerpt":{"rendered":"<p>Per gli amanti della movida l\u2019appuntamento al Green Bar di Fano \u00e8 qualcosa di irrinunciabile.Storica meta, dall\u2019aperitivo al dopocena, del divertimento fanese targato Lido, a pochi passi dal mare, il locale ha appena soffiato le candeline sui 10 anni d\u2019attivit\u00e0.<\/p>\n","protected":false},"author":10,"featured_media":0,"comment_status":"open","ping_status":"open","sticky":false,"template":"","format":"standard","meta":{"cybocfi_hide_featured_image":"","footnotes":""},"categories":[321],"tags":[12524,12523,5941,45],"class_list":["post-4261","post","type-post","status-publish","format-standard","hentry","category-servizi","tag-aperitivi","tag-fano","tag-locale","tag-musica"],"yoast_head":"<!-- This site is optimized with the Yoast SEO plugin v27.0 - https:\/\/yoast.com\/product\/yoast-seo-wordpress\/ -->\n<title>Green Bar - Fano provincia di Pesaro Urbino - Article Marketing<\/title>\n<meta name=\"robots\" content=\"index, follow, max-snippet:-1, max-image-preview:large, max-video-preview:-1\" \/>\n<link rel=\"canonical\" href=\"https:\/\/www.article-marketing.eu\/comunicati\/comunicati-stampa\/servizi\/green-bar-fano-provincia-di-pesaro-urbino\/\" \/>\n<meta property=\"og:locale\" content=\"it_IT\" \/>\n<meta property=\"og:type\" content=\"article\" \/>\n<meta property=\"og:title\" content=\"Green Bar - Fano provincia di Pesaro Urbino - Article Marketing\" \/>\n<meta property=\"og:description\" content=\"Per gli amanti della movida l\u2019appuntamento al Green Bar di Fano \u00e8 qualcosa di irrinunciabile.Storica meta, dall\u2019aperitivo al dopocena, del divertimento fanese targato Lido, a pochi passi dal mare, il locale ha appena soffiato le candeline sui 10 anni d\u2019attivit\u00e0.\" \/>\n<meta property=\"og:url\" content=\"https:\/\/www.article-marketing.eu\/comunicati\/comunicati-stampa\/servizi\/green-bar-fano-provincia-di-pesaro-urbino\/\" \/>\n<meta property=\"og:site_name\" content=\"Article Marketing\" \/>\n<meta property=\"article:published_time\" content=\"2010-02-26T14:20:15+00:00\" \/>\n<meta name=\"author\" content=\"Redazione Comunicati Stampa\" \/>\n<meta name=\"twitter:card\" content=\"summary_large_image\" \/>\n<meta name=\"twitter:label1\" content=\"Scritto da\" \/>\n\t<meta name=\"twitter:data1\" content=\"Redazione Comunicati Stampa\" \/>\n\t<meta name=\"twitter:label2\" content=\"Tempo di lettura stimato\" \/>\n\t<meta name=\"twitter:data2\" content=\"3 minuti\" \/>\n<script type=\"application\/ld+json\" class=\"yoast-schema-graph\">{\"@context\":\"https:\/\/schema.org\",\"@graph\":[{\"@type\":\"Article\",\"@id\":\"https:\/\/www.article-marketing.eu\/comunicati\/comunicati-stampa\/servizi\/green-bar-fano-provincia-di-pesaro-urbino\/#article\",\"isPartOf\":{\"@id\":\"https:\/\/www.article-marketing.eu\/comunicati\/comunicati-stampa\/servizi\/green-bar-fano-provincia-di-pesaro-urbino\/\"},\"author\":{\"name\":\"Redazione Comunicati Stampa\",\"@id\":\"https:\/\/www.article-marketing.eu\/comunicati\/#\/schema\/person\/44372e4d4d0fa797b18e03ed1ace9017\"},\"headline\":\"Green Bar &#8211; Fano provincia di Pesaro Urbino\",\"datePublished\":\"2010-02-26T14:20:15+00:00\",\"mainEntityOfPage\":{\"@id\":\"https:\/\/www.article-marketing.eu\/comunicati\/comunicati-stampa\/servizi\/green-bar-fano-provincia-di-pesaro-urbino\/\"},\"wordCount\":549,\"commentCount\":0,\"keywords\":[\"aperitivi\",\"fano\",\"locale\",\"musica\"],\"articleSection\":[\"Servizi\"],\"inLanguage\":\"it-IT\",\"potentialAction\":[{\"@type\":\"CommentAction\",\"name\":\"Comment\",\"target\":[\"https:\/\/www.article-marketing.eu\/comunicati\/comunicati-stampa\/servizi\/green-bar-fano-provincia-di-pesaro-urbino\/#respond\"]}]},{\"@type\":\"WebPage\",\"@id\":\"https:\/\/www.article-marketing.eu\/comunicati\/comunicati-stampa\/servizi\/green-bar-fano-provincia-di-pesaro-urbino\/\",\"url\":\"https:\/\/www.article-marketing.eu\/comunicati\/comunicati-stampa\/servizi\/green-bar-fano-provincia-di-pesaro-urbino\/\",\"name\":\"Green Bar - Fano provincia di Pesaro Urbino - Article Marketing\",\"isPartOf\":{\"@id\":\"https:\/\/www.article-marketing.eu\/comunicati\/#website\"},\"datePublished\":\"2010-02-26T14:20:15+00:00\",\"author\":{\"@id\":\"https:\/\/www.article-marketing.eu\/comunicati\/#\/schema\/person\/44372e4d4d0fa797b18e03ed1ace9017\"},\"breadcrumb\":{\"@id\":\"https:\/\/www.article-marketing.eu\/comunicati\/comunicati-stampa\/servizi\/green-bar-fano-provincia-di-pesaro-urbino\/#breadcrumb\"},\"inLanguage\":\"it-IT\",\"potentialAction\":[{\"@type\":\"ReadAction\",\"target\":[\"https:\/\/www.article-marketing.eu\/comunicati\/comunicati-stampa\/servizi\/green-bar-fano-provincia-di-pesaro-urbino\/\"]}]},{\"@type\":\"BreadcrumbList\",\"@id\":\"https:\/\/www.article-marketing.eu\/comunicati\/comunicati-stampa\/servizi\/green-bar-fano-provincia-di-pesaro-urbino\/#breadcrumb\",\"itemListElement\":[{\"@type\":\"ListItem\",\"position\":1,\"name\":\"Home\",\"item\":\"https:\/\/www.article-marketing.eu\/comunicati\/\"},{\"@type\":\"ListItem\",\"position\":2,\"name\":\"Green Bar &#8211; Fano provincia di Pesaro Urbino\"}]},{\"@type\":\"WebSite\",\"@id\":\"https:\/\/www.article-marketing.eu\/comunicati\/#website\",\"url\":\"https:\/\/www.article-marketing.eu\/comunicati\/\",\"name\":\"Article Marketing\",\"description\":\"article marketing &amp; press release\",\"potentialAction\":[{\"@type\":\"SearchAction\",\"target\":{\"@type\":\"EntryPoint\",\"urlTemplate\":\"https:\/\/www.article-marketing.eu\/comunicati\/?s={search_term_string}\"},\"query-input\":{\"@type\":\"PropertyValueSpecification\",\"valueRequired\":true,\"valueName\":\"search_term_string\"}}],\"inLanguage\":\"it-IT\"},{\"@type\":\"Person\",\"@id\":\"https:\/\/www.article-marketing.eu\/comunicati\/#\/schema\/person\/44372e4d4d0fa797b18e03ed1ace9017\",\"name\":\"Redazione Comunicati Stampa\",\"image\":{\"@type\":\"ImageObject\",\"inLanguage\":\"it-IT\",\"@id\":\"https:\/\/www.article-marketing.eu\/comunicati\/#\/schema\/person\/image\/\",\"url\":\"https:\/\/secure.gravatar.com\/avatar\/50e5c6421d3072f42e7ace803501602c60d75233d34e29fd05feb91c8760b792?s=96&d=mm&r=g\",\"contentUrl\":\"https:\/\/secure.gravatar.com\/avatar\/50e5c6421d3072f42e7ace803501602c60d75233d34e29fd05feb91c8760b792?s=96&d=mm&r=g\",\"caption\":\"Redazione Comunicati Stampa\"},\"url\":\"https:\/\/www.article-marketing.eu\/comunicati\/author\/redazione-comunicati-stampa\/\"}]}<\/script>\n<!-- \/ Yoast SEO plugin. -->","yoast_head_json":{"title":"Green Bar - Fano provincia di Pesaro Urbino - Article Marketing","robots":{"index":"index","follow":"follow","max-snippet":"max-snippet:-1","max-image-preview":"max-image-preview:large","max-video-preview":"max-video-preview:-1"},"canonical":"https:\/\/www.article-marketing.eu\/comunicati\/comunicati-stampa\/servizi\/green-bar-fano-provincia-di-pesaro-urbino\/","og_locale":"it_IT","og_type":"article","og_title":"Green Bar - Fano provincia di Pesaro Urbino - Article Marketing","og_description":"Per gli amanti della movida l\u2019appuntamento al Green Bar di Fano \u00e8 qualcosa di irrinunciabile.Storica meta, dall\u2019aperitivo al dopocena, del divertimento fanese targato Lido, a pochi passi dal mare, il locale ha appena soffiato le candeline sui 10 anni d\u2019attivit\u00e0.","og_url":"https:\/\/www.article-marketing.eu\/comunicati\/comunicati-stampa\/servizi\/green-bar-fano-provincia-di-pesaro-urbino\/","og_site_name":"Article Marketing","article_published_time":"2010-02-26T14:20:15+00:00","author":"Redazione Comunicati Stampa","twitter_card":"summary_large_image","twitter_misc":{"Scritto da":"Redazione Comunicati Stampa","Tempo di lettura stimato":"3 minuti"},"schema":{"@context":"https:\/\/schema.org","@graph":[{"@type":"Article","@id":"https:\/\/www.article-marketing.eu\/comunicati\/comunicati-stampa\/servizi\/green-bar-fano-provincia-di-pesaro-urbino\/#article","isPartOf":{"@id":"https:\/\/www.article-marketing.eu\/comunicati\/comunicati-stampa\/servizi\/green-bar-fano-provincia-di-pesaro-urbino\/"},"author":{"name":"Redazione Comunicati Stampa","@id":"https:\/\/www.article-marketing.eu\/comunicati\/#\/schema\/person\/44372e4d4d0fa797b18e03ed1ace9017"},"headline":"Green Bar &#8211; Fano provincia di Pesaro Urbino","datePublished":"2010-02-26T14:20:15+00:00","mainEntityOfPage":{"@id":"https:\/\/www.article-marketing.eu\/comunicati\/comunicati-stampa\/servizi\/green-bar-fano-provincia-di-pesaro-urbino\/"},"wordCount":549,"commentCount":0,"keywords":["aperitivi","fano","locale","musica"],"articleSection":["Servizi"],"inLanguage":"it-IT","potentialAction":[{"@type":"CommentAction","name":"Comment","target":["https:\/\/www.article-marketing.eu\/comunicati\/comunicati-stampa\/servizi\/green-bar-fano-provincia-di-pesaro-urbino\/#respond"]}]},{"@type":"WebPage","@id":"https:\/\/www.article-marketing.eu\/comunicati\/comunicati-stampa\/servizi\/green-bar-fano-provincia-di-pesaro-urbino\/","url":"https:\/\/www.article-marketing.eu\/comunicati\/comunicati-stampa\/servizi\/green-bar-fano-provincia-di-pesaro-urbino\/","name":"Green Bar - Fano provincia di Pesaro Urbino - Article Marketing","isPartOf":{"@id":"https:\/\/www.article-marketing.eu\/comunicati\/#website"},"datePublished":"2010-02-26T14:20:15+00:00","author":{"@id":"https:\/\/www.article-marketing.eu\/comunicati\/#\/schema\/person\/44372e4d4d0fa797b18e03ed1ace9017"},"breadcrumb":{"@id":"https:\/\/www.article-marketing.eu\/comunicati\/comunicati-stampa\/servizi\/green-bar-fano-provincia-di-pesaro-urbino\/#breadcrumb"},"inLanguage":"it-IT","potentialAction":[{"@type":"ReadAction","target":["https:\/\/www.article-marketing.eu\/comunicati\/comunicati-stampa\/servizi\/green-bar-fano-provincia-di-pesaro-urbino\/"]}]},{"@type":"BreadcrumbList","@id":"https:\/\/www.article-marketing.eu\/comunicati\/comunicati-stampa\/servizi\/green-bar-fano-provincia-di-pesaro-urbino\/#breadcrumb","itemListElement":[{"@type":"ListItem","position":1,"name":"Home","item":"https:\/\/www.article-marketing.eu\/comunicati\/"},{"@type":"ListItem","position":2,"name":"Green Bar &#8211; Fano provincia di Pesaro Urbino"}]},{"@type":"WebSite","@id":"https:\/\/www.article-marketing.eu\/comunicati\/#website","url":"https:\/\/www.article-marketing.eu\/comunicati\/","name":"Article Marketing","description":"article marketing &amp; press release","potentialAction":[{"@type":"SearchAction","target":{"@type":"EntryPoint","urlTemplate":"https:\/\/www.article-marketing.eu\/comunicati\/?s={search_term_string}"},"query-input":{"@type":"PropertyValueSpecification","valueRequired":true,"valueName":"search_term_string"}}],"inLanguage":"it-IT"},{"@type":"Person","@id":"https:\/\/www.article-marketing.eu\/comunicati\/#\/schema\/person\/44372e4d4d0fa797b18e03ed1ace9017","name":"Redazione Comunicati Stampa","image":{"@type":"ImageObject","inLanguage":"it-IT","@id":"https:\/\/www.article-marketing.eu\/comunicati\/#\/schema\/person\/image\/","url":"https:\/\/secure.gravatar.com\/avatar\/50e5c6421d3072f42e7ace803501602c60d75233d34e29fd05feb91c8760b792?s=96&d=mm&r=g","contentUrl":"https:\/\/secure.gravatar.com\/avatar\/50e5c6421d3072f42e7ace803501602c60d75233d34e29fd05feb91c8760b792?s=96&d=mm&r=g","caption":"Redazione Comunicati Stampa"},"url":"https:\/\/www.article-marketing.eu\/comunicati\/author\/redazione-comunicati-stampa\/"}]}},"_links":{"self":[{"href":"https:\/\/www.article-marketing.eu\/comunicati\/wp-json\/wp\/v2\/posts\/4261","targetHints":{"allow":["GET"]}}],"collection":[{"href":"https:\/\/www.article-marketing.eu\/comunicati\/wp-json\/wp\/v2\/posts"}],"about":[{"href":"https:\/\/www.article-marketing.eu\/comunicati\/wp-json\/wp\/v2\/types\/post"}],"author":[{"embeddable":true,"href":"https:\/\/www.article-marketing.eu\/comunicati\/wp-json\/wp\/v2\/users\/10"}],"replies":[{"embeddable":true,"href":"https:\/\/www.article-marketing.eu\/comunicati\/wp-json\/wp\/v2\/comments?post=4261"}],"version-history":[{"count":0,"href":"https:\/\/www.article-marketing.eu\/comunicati\/wp-json\/wp\/v2\/posts\/4261\/revisions"}],"wp:attachment":[{"href":"https:\/\/www.article-marketing.eu\/comunicati\/wp-json\/wp\/v2\/media?parent=4261"}],"wp:term":[{"taxonomy":"category","embeddable":true,"href":"https:\/\/www.article-marketing.eu\/comunicati\/wp-json\/wp\/v2\/categories?post=4261"},{"taxonomy":"post_tag","embeddable":true,"href":"https:\/\/www.article-marketing.eu\/comunicati\/wp-json\/wp\/v2\/tags?post=4261"}],"curies":[{"name":"wp","href":"https:\/\/api.w.org\/{rel}","templated":true}]}}