{"id":42638,"date":"2014-07-08T12:53:48","date_gmt":"2014-07-08T10:53:48","guid":{"rendered":"http:\/\/www.article-marketing.eu\/comunicati\/senza-categoria\/artealcentro-2014\/"},"modified":"2014-07-08T12:53:48","modified_gmt":"2014-07-08T10:53:48","slug":"artealcentro-2014","status":"publish","type":"post","link":"https:\/\/www.article-marketing.eu\/comunicati\/arte-e-cultura\/artealcentro-2014\/","title":{"rendered":"ArtealCentro per una trasformazione sociale responsabile 2014"},"content":{"rendered":"<p><strong>ArtealCentro di una trasformazione sociale responsabile 2014<\/strong> <strong> 11 Luglio 2014 &ndash; 31 Dicembre 2014 <\/strong> <strong>Cittadellarte &ndash; Fondazione Pistoletto via Serralunga 27, 13900 Biella <\/strong> <strong> venerd&igrave; 11 Luglio | ore 18.30 opening ufficiale delle mostre e consegna del Minimum Prize.<\/strong> <br \/> <em><strong>Arte al Centro<\/strong><\/em><em> di una Trasformazione Sociale Responsabile giunge alla sua <\/em><em><strong>XVII edizione<\/strong><\/em><em> e prosegue nella sua opera di presentazione al pubblico delle attivit&agrave; oggetto di intervento e ricerca da parte di Cittadellarte &#8211; Fondazione Pistoletto e di realt&agrave; internazionali attive nella trasformazione sociale attraverso arte e creativit&agrave;. La proposta in esposizione di domande, processi e soluzioni, in cui si manifestano le potenzialit&agrave; di cambiamento innescate da processi culturali in realt&agrave; diverse, crea uno stimolante ambiente dialogico che mette in relazione il locale e il globale, dando visibilit&agrave; a all&#8217;enorme potenziale che la societ&agrave; civile mette in gioco e che l&#8217;attivit&agrave; di artisti e creativi tenta di rendere maggiormente effettivo.<\/em> <strong><br \/> Negli spazi espositivi di Cittadellarte, inaugurano:<\/strong> <strong style=\"font-style: italic;\">What&#8217;s the problem? economy<\/strong><br \/><em><strong>5 percorsi attraverso le Geografie della trasformazione <\/strong><\/em> <em>(dall&#8217;11 Luglio 2014 al 31 Dicembre 2014)<\/em> <em><\/em> <strong>mostra a cura di: <\/strong> Juan Esteban Sandoval (UfficioArte_Cittadellarte) <strong>concept allestimento e installazioni:<\/strong> Alejandro V&aacute;squez Salinas<br \/>Lana+Savettiere Architetti<br \/>Marcella Toninello e Patrizio Cardella ARDES Progetti Andrea Scarpellini L&#8217;esposizione muove i suoi passi dal grande progetto-ricerca <em><strong>Geografie della trasformazione<\/strong><\/em> che ha, dal 2004, mappato oltre 700 soggetti attivi nella trasformazione sociale responsabile. Nell&#8217;arco del 2013-2014 Cittadellarte ha interpellato le diverse organizzazioni impegnate in diversi settori del vivere sociale ponendo loro una domanda &ldquo;<em>in che modo state affrontando nella vostra pratica il problema economico globale?&rdquo;. <\/em>La mostra presenta in allestimento, grazie al lavoro di reinterpretazione grafica svolto da un gruppo di designer, le decine di risposte ottenute, costruendo un insieme di percorsi tematici che consentir&agrave; al pubblico di scoprire le soluzioni proposte, di confrontarle e di esserne stimolato in un contesto che propone soluzioni e buone pratiche locali in confronto con i grandi problemi globali. <em><strong>Cantieri di trasformazione urbana <br \/><\/strong><\/em><em><strong>Medellin \/A life in common<\/strong><\/em> <em><strong>Torino\/ Art_works<br \/><\/strong><\/em>(dall&#8217;11 Luglio 2014 al 31 Dicembre 2014) <em><strong>progetti di Cittadellarte con:<\/strong><\/em> <strong>STEALTH.unlimited<\/strong> <strong>el puelte lab<\/strong> <strong>constructLab<\/strong> <strong>Progetto Diogene<\/strong> <strong>Roberto Fassone\/Dotventi <\/strong> <strong><\/strong> La mostra <em><strong>Cantieri di trasformazione urbana<\/strong><\/em> presenta due degli interventi svolti da Cittadellarte &ndash; Fondazione Pistoletto nell&#8217;arco della prima met&agrave; del 2014. <strong>ART_WORKS?,<\/strong> sviluppato in collaborazione con constructLab, Progetto Diogene e Roberto Fassone\/Dotventi, coinvolti a Torino<strong> <\/strong><strong> <\/strong>come attivatori di un processo artistico capace di intervenire nel rapporto citt&agrave;-universit&agrave;. Il progetto ART_WORKS si &egrave; articolato in un <strong>processo di progettazione partecipata<\/strong> di <strong>installazioni<\/strong>, <strong>coprodotte,<\/strong> installate in <strong>luoghi pubblici <\/strong>del quartiere Aurorae che in parte <strong>rimarranno come spazi funzionali<\/strong> all&#8217;interno dell&#8217;universit&agrave; di Torino. Contemporaneamente, in via Po, negli spazi di UNITO, il progetto sibi ha allestito <em><strong>sibi<\/strong><\/em><strong> Gymnasium, <\/strong>un software in grado di generare miliardi di set di istruzioni per creare artefatti creativi. <em><strong>A Life in Common<\/strong><\/em> &egrave; la mostra-ricerca nata a Cittadellarte nel 2012 e presentata nell&#8217;aprile 2014, durante il World Urban Forum (WUF) a Medell&iacute;n (Colombia). Per la sua settima edizione, l&#8217;evento biennale, organizzato da UN HABITAT (United Nations Human Settlements Programme) ha riunito pi&ugrave; di 10,000 partecipanti &ndash; capi di stato, governatori, sindaci, la comunit&agrave; internazionale, professionisti e settore privato &ndash; da oltre 130 paesi del mondo, per discutere il futuro globale dell&#8217;ambiente urbano. L&#8217;evento si concentra principalmente sullo sviluppo di progetti &ldquo;dall&#8217;alto verso il basso&rdquo; che affrontano e discutono di &ldquo;equit&agrave; urbana&rdquo; e &ldquo;citt&agrave; per la vita&rdquo;. Per il WUF, Cittadellarte &ndash; Fondazione Pistoletto, STEALTH.unlimited ed El_puente Lab hanno sviluppato ulteriormente e presentato la mostra-ricerca <em><strong>A Life in Common<\/strong><\/em>, che espone esempi stimolanti di trasformazioni urbane partite da pratiche e organizzazioni artistiche e culturali. La mostra, concepita e sviluppata come itinerante e che ha toccato vari luoghi istituzionali e simbolici della citt&agrave;, ha costituito un luogo di incontro per la mediazione, partendo dall&#8217;idea che le citt&agrave; sono il terreno dove i nuovi conflitti sociali divengono evidenti &ndash; e saranno in definitiva risolti. La mostra A Life in Common guarda ad aspetti chiave della vita urbana ed esamina alcune delle vie pi&ugrave; spregiudicate (o a volte solo provocatoriamente pragmatiche), attraverso cui l&#8217;arte e la cultura possono ridefinire le nostre citt&agrave;. <em><strong>Il gioco del loco<\/strong><\/em> <br \/><strong>conferenza performance sull&#8217;arte pubblica <\/strong> <strong>a cura della piattaforma Artinreti:<br \/><\/strong><strong><br \/><\/strong>acting out, asilo bianco, a.titolo, banca della memoria, maurizio cilli, cittadellarte-fondazione pistoletto, eco e narciso, kaninchenhaus, par coi bsogna semn&agrave;, PAV parco arte vivente, progetto diogene, six seconds to, urbe. Nel 2012, nell&#8217;ambito della XV edizione della rassegna Arte al centro di una trasformazione sociale responsabile Cittadellarte ha realizzato la mostra ARTInRETI: pratiche artistiche e trasformazione urbana in Piemonte, con l&#8217;obiettivo di mappare pratiche e ricerche artistiche ideate e prodotte da realt&agrave; istituzionali e indipendenti operanti in Piemonte, Regione in cui, da anni sono attivi numerosi progetti che indagano la relazione complessa tra arte e sfera pubblica.A partire da tale mostra\/ricerca, ARTInRETI &egrave;, oggi, una piattaforma discorsiva aperta, percorso di auto-formazione e di condivisione che si sviluppa attraverso incontri itineranti volti alla messa a fuoco di concetti e di progettualit&agrave; che si misurano con i mutamenti dell&rsquo;esistente. Dagli interrogativi sollevati e dalla volont&agrave; di restituire al pubblico l&#8217;intero processo di ARTInRETI, nasce nel 2014 <strong>Il gioco del loco<\/strong>, presentato durante la XVII edizione di Arte al centro in forma di performance e di installazione, con l&#8217;obiettivo di portare alla luce le criticit&agrave; sottese all&rsquo;operare nello spazio pubblico, non limitandosi ai luoghi semantici, intorno cui costruire una possibile condivisione di significati. <em><strong>Le porte di Cittadellarte<\/strong><\/em> <em><strong><\/strong><\/em> <em>(dall&#8217;11 Luglio 2014 al 31 Dicembre 2014)<\/em> <em><\/em> <strong>installazione interattiva cura di: <\/strong><br \/>Cittadellarte &ndash; Fondazione Pistoletto in collaborazione con Studio Azzurro L&#8217;installazione<em><strong> Le porte di Cittadellarte<\/strong><\/em> (ideata da Juan Esteban Sandoval e <strong>Michelangelo Pistoletto<\/strong>, con la collaborazione di <strong>Studio Azzurro<\/strong>) &egrave; stata presentata come parte della mostra <em>Ann&eacute;e 1 &#8211; Le Paradis sur Terre <\/em>di Michelangelo Pistoletto al Mus&eacute;e du Louvre, Parigi, nel 2013. L&#8217;opera introduceva i visitatori alla Fondazione Pistoletto, facendone l&#8217;autoritratto in un video interattivo, accanto ad alcuni artisti e collaboratori le cui azioni rappresentano simbolicamente quattro delle aree-chiave dell&#8217;attivit&agrave; di Cittadellarte: condivisione della conoscenza (educazione), il riciclare come forma di sviluppo sostenibile (produzione), architettura naturale (habitat) e la produzione e il consumo di cibo a km zero (nutrimento). <em><strong>Cittadellarte. Uffizi.<\/strong><\/em> <br \/><strong><em>Mostra dei progetti in corso di realizzazione dei cantieri moda<\/em><\/strong><em><strong> (Fashion B.E.S.T.),<\/strong><\/em><strong><em> cibo <\/em><\/strong><em><strong>(Let Eat Bi), <\/strong><\/em><strong><em>educazione <\/em><\/strong><em><strong>(Unidee) <\/strong><\/em><strong><em>e comunicazione <\/em><\/strong><em><strong>Rebirth-day)<\/strong><\/em><em><strong> .<\/strong><\/em> <em>(dall&#8217;11 Luglio 2014 al 31 Dicembre 2014)<\/em> <em><\/em> L&#8217;allestimento propone alcuni dei progetti che Cittadellarte &ndash; Fondazione Pistoletto sviluppa e ha sviluppato nell&#8217;arco degli anni della propria attivit&agrave;. Dal<strong> Rebirth-day <\/strong>&#8211; che dal 2012 si propone come giornata mondiale del cambiamento e come occasione per raccogliere e celebrare, attorno al simbolo del Terzo Paradiso di Michelangelo Pistoletto le buone pratiche e l&#8217;attivit&agrave; di trasformazione sociale portata avanti da migliaia di persone nel mondo -, a <strong>Let eat Bi<\/strong> &#8211; progetto attivato sul territorio biellese che pone al centro della propria attivit&agrave; la cura della terra in senso produttivo ed educativo, collaborando con la ricchezza associativa della provincia -, a <strong>Unidee<\/strong> &ndash; storico progetto di residenza per giovani artisti che dal 2014 cambier&agrave; forma, andando incontro all&#8217;esigenza di combattere lo sradicamento degli artisti (che spesso vagabondano da una residenza all&#8217;altra senza soluzione di continuit&agrave;), formandoli per brevi periodi settimanali e dando loro, quindi, la possibilit&agrave; di intervenire con maggior forza nel proprio contesto locale con maggiore esperienza -, a <strong>Cittadellarte Fashion B.E.S.T<\/strong>. &#8211; attivit&agrave; nata a Cittadellarte nel 2009 e considerata uno dei motori della riflessione nazionale e internazionale sul tema del rapporto tra moda e sostenibilit&agrave; ambientale, al punto da essere stata presentata per oltre un mese alle Nazioni Unite di Ginevra, in occasione della Giornata internazionale delle foreste. <em><strong>Terzo Paradiso &ndash; coltivare la citt&agrave;<\/strong><\/em> <em><strong>Dall&#8217;agricoltura all&#8217;architettura<\/strong><\/em> <br \/><em>(dall&#8217;11 Luglio 2014 al 31 Dicembre 2014)<\/em> <em><strong>mostra a cura di:<\/strong><\/em> Fortunato D&#8217;Amico e n.o.v.a.civitas (Emanuele Bottigella e Tiziana Monterisi) La casa e l&#8217;abitare rappresentano lo snodo primario del rapporto tra la persona e l&rsquo;ambiente, inteso come l&#8217;intero spazio in cui si forma e si organizza la societ&agrave; e in cui le conseguenze delle azioni umane divengono evidenti. La casa assume il ruolo di fulcro relazionale tra essere umano e mondo, diventando talora ulteriore peso artificiale per il pianeta, talaltra motore glocale di microeconomia emergente esportabile e ripetibile. <em><strong>Terzo Paradiso coltivare la citt&agrave; <\/strong><\/em>nasce da tale riflessione per farsi proposta concreta nel tentare di rigenerare le nostre citt&agrave;, rivoluzionando, attraverso la casa e l&#8217;abitare, l&#8217;uomo, i suoi artifici e il loro rapporto con la natura. La mostra propone, in un allestimento che lega i due temi &ldquo;architettura&rdquo; e &ldquo;agricoltura&rdquo; il progetto realizzato, nel 2014, attraverso la creazione di installazioni, veri e propri orti urbani, progettate da N.O.V.A.civitas in forma di Terzo Paradiso di Michelangelo Pistoletto che, grazie alla collaborazione con pubbliche amministrazioni e societ&agrave; civile, hanno ospitato iniziative indirizzate a promuovere contesti urbani in cui gli individui e la societ&agrave; possano riappropriarsi dell&#8217;agricoltura in modo condiviso, intesa sia come cura produttiva della terra, sia come agire collaborativo che stimola la partecipazione attiva dei cittadini nei processi di gestione dell&#8217;habitat naturale e artificiale. <em><strong>visible. On Display<\/strong><\/em><em> <br \/><\/em> <em><strong>Quando l&rsquo;arte lascia il suo campo e diventa visibile come parte di qualcos&rsquo;altro<\/strong><\/em> <em>(un progetto di Cittadellarte &#8211; Fondazione Pistoletto in collaborazione con Fondazione Zegna)<\/em> <em>(dall&#8217;11 Luglio 2014 al 31 Dicembre 2014)<\/em> <strong>mostra a cura di: <\/strong> Matteo Lucchetti e Judith Wielander <strong>format espositivo: <\/strong>Leftloft Il progetto <em><strong>Visible (quando l&#8217;arte esce dal suo ambito e diventa visibile come parte di qualcos&#8217;altro) <\/strong><\/em>&egrave; un premio internazionale di ricerca e produzione dedicato alla pratica artistica nella sfera sociale, il cui obiettivo &egrave; realizzare e sostenere pratiche artistiche impegnate nel sociale in un contesto globale. <em><strong>Visible. On Display &egrave; <\/strong><\/em>una mostra itinerante che ruota attorno alla piattaforma di dialogo e produzione, networking e azione. La mostra racconta le storie di oltre 60 professionisti dell&#8217;arte che hanno partecipato alle prime due edizioni del Visible Award, che stanno operando in altrettante localit&agrave; a livello internazionale, cambiando quotidianamente i confini attraverso i quali percepiamo il visibile. <strong>Il 14 dicembre 2013 la seconda edizione del Visible Award &egrave; stato vinto da Ahmed &Ouml;?&uuml;t con il suo progetto L&#8217;Universit&agrave; Silenziosa, <\/strong>piattaforma autonoma di scambio di conoscenze gestita da rifugiati, immigrati e persone richiedenti asilo politico. Scopo dell&#8217;Universit&agrave; Silenziosa, nelle sue sedi di Londra, Stoccolma e Parigi, &egrave; quello di sfidare il concetto di silenzio inteso come stato passivo, e di esplorare il suo grande potenziale attraverso una riflessione di gruppo che evidenzi il sistematico fallimento e la perdita di informazioni a cui si giunge non dando possibilit&agrave; di parola alle persone che chiedono asilo. <strong>PROGRAMMA 11 luglio 2014<\/strong> <strong>ore 14.30 &ndash; 17.30<\/strong> <em><strong>Il gioco del loco _<\/strong><\/em><strong>conferenza performance sull&#8217;arte pubblica<\/strong><strong> <\/strong> <strong><\/strong> <strong><br \/><\/strong><strong>Con la partecipazione di:<\/strong> <strong>Gianmaria Ajani<\/strong><strong> (rettore Universit&agrave; di Torino)<br \/><\/strong><strong>Ugo Mattei <\/strong><strong>(giurista)<br \/><\/strong><strong>Alessandra Pioselli<\/strong><strong> (curatrice)<br \/><\/strong><strong>Michelangelo Pistoletto<\/strong><strong> (artista e fondatore di Cittadellarte)<\/strong> <strong>ore 18.30<\/strong> <strong>presentazione delle mostre di ArteAlCentro 2014 e consegna del Minimum Prize.<\/strong> <strong>Quest&#8217;anno il premio, giunto alla sua decima edizione, sar&agrave; dato a <\/strong><strong>&ldquo;Emergenza Primavera<\/strong>&rdquo;, che provvede all&#8217;accoglienza e all&#8217;inserimento nel contesto sociale biellese dei migranti richiedenti asilo. Emergenza Primavera lavora in sinergia con gli Organi di Governo Centrali e Territoriali. Capofila del progetto &egrave; il consorzio <em><strong>Il filo da Tessere. <\/strong><\/em>Il progetto si &egrave; distinto per la capacit&agrave; di guardare oltre la gestione dell&#8217;emergenza, interrogando il contesto locale sulla necessit&agrave; di rispondere alla sfida umanitaria posta dal progetto stesso cogliendone il potenziale di rinnovamento dei codici culturali e sociali tradizionali di un territorio in profonda crisi identitaria, demografica, economica come il biellese. In riferimento al concetto del Terzo Paradiso, inteso come stadio di equilibrio tra l&#8217;intelligenza umana e la natura, dobbiamo oggi prendere coscienza della necessit&agrave; di una <em>migrazione globale,<\/em> a cui tutti noi siamo chiamati a prendere parte, verso un traguardo che potremo raggiungere solo se sapremo nutrire e impegnare i medesimi valori di civilt&agrave;, di coraggio e di creativit&agrave; che animano lo spirito del migrante e della comunit&agrave; che sa accoglierlo. <strong>ore 18.00 &ndash; 19.30<\/strong> <strong>laboratorio per bambini<\/strong> dai 4 agli 11 anni, &ldquo;L&#8217;orto in cassetta&rdquo; . Dalle ore 18.00 verr&agrave; servita una merenda a base di succhi di frutta e biscotti del commercio equo e alle 18.30 tutti i bambini saranno impegnati nella realizzazione di un personale orto in cassetta.<br \/>Merenda e laboratorio sono gratuti. Prenotazione all&#8217;indirizzo elena.rosina@cittadellarte.it o al numero 345.3257266. <strong>dalle 19.30<\/strong> <strong>Cafeteria Luogo Comune propone una cena vegetariana a buffet<\/strong> <strong>con accompagnamento musicale a cura di Massimo Serra.<\/strong> <em>se lo butti te lo suono _ <\/em>Spettacolo musicale con strumenti autocostruiti da materiali di riciclo<strong><\/p>\n<p><\/strong> <strong>sede: <\/strong>Cittadellarte &ndash; Fondazione Pistoletto, via G. Serralunga 27 &ndash; 13900 Biella <br \/><strong>info: <\/strong>tel.+39.015.0991461 store@cittadellarte.it Sito Web: www.cittadellarte.it <br \/><strong>orari: <\/strong>marted&igrave;, mercoled&igrave;, gioved&igrave; e venerdi solo su prenotazione <br \/> sabato e domenica dalle 11.00 alle 19.00 &#8211; luned&igrave; chiuso <br \/> <em>biglietto d&#8217;ingresso: intero 6 &euro;; ridotto 4,00 &euro; <\/em> <em><\/em> <strong>ufficio stampa:<\/strong> Margherita Cugini &ndash; m.cugini@cittadellarte.it &ndash; tel. +39 349 603188<\/p>\n","protected":false},"excerpt":{"rendered":"<p>Arte al Centro di una Trasformazione Sociale Responsabile giunge alla sua XVII edizione e prosegue nella sua opera di presentazione al pubblico delle attivit\u00e0 oggetto di intervento e ricerca da parte di Cittadellarte &#8211; Fondazione Pistoletto e di realt\u00e0 internazionali attive nella trasformazione sociale attraverso arte e creativit\u00e0. La proposta in esposizione di domande, processi e soluzioni, in cui si manifestano le potenzialit\u00e0 di cambiamento innescate da processi culturali in realt\u00e0 diverse, crea uno stimolante ambiente dialogico che mette in relazione il locale e il globale, dando visibilit\u00e0 a all&#8217;enorme potenziale che la societ\u00e0 civile mette in gioco e che l&#8217;attivit\u00e0 di artisti e creativi tenta di rendere maggiormente effettivo.<\/p>\n","protected":false},"author":10,"featured_media":0,"comment_status":"open","ping_status":"open","sticky":false,"template":"","format":"standard","meta":{"cybocfi_hide_featured_image":"","footnotes":""},"categories":[27],"tags":[1024,22179,48227,48228,48226],"class_list":["post-42638","post","type-post","status-publish","format-standard","hentry","category-arte-e-cultura","tag-arte-contemporanea","tag-cambiamento","tag-cantieri-urbani","tag-michelangelo-pistoletto","tag-risposte-alla-crisi"],"yoast_head":"<!-- This site is optimized with the Yoast SEO plugin v27.0 - https:\/\/yoast.com\/product\/yoast-seo-wordpress\/ -->\n<title>ArtealCentro per una trasformazione sociale responsabile 2014 - Article Marketing<\/title>\n<meta name=\"robots\" content=\"index, follow, max-snippet:-1, max-image-preview:large, max-video-preview:-1\" \/>\n<link rel=\"canonical\" href=\"https:\/\/www.article-marketing.eu\/comunicati\/arte-e-cultura\/artealcentro-2014\/\" \/>\n<meta property=\"og:locale\" content=\"it_IT\" \/>\n<meta property=\"og:type\" content=\"article\" \/>\n<meta property=\"og:title\" content=\"ArtealCentro per una trasformazione sociale responsabile 2014 - Article Marketing\" \/>\n<meta property=\"og:description\" content=\"Arte al Centro di una Trasformazione Sociale Responsabile giunge alla sua XVII edizione e prosegue nella sua opera di presentazione al pubblico delle attivit\u00e0 oggetto di intervento e ricerca da parte di Cittadellarte - Fondazione Pistoletto e di realt\u00e0 internazionali attive nella trasformazione sociale attraverso arte e creativit\u00e0. La proposta in esposizione di domande, processi e soluzioni, in cui si manifestano le potenzialit\u00e0 di cambiamento innescate da processi culturali in realt\u00e0 diverse, crea uno stimolante ambiente dialogico che mette in relazione il locale e il globale, dando visibilit\u00e0 a all&#039;enorme potenziale che la societ\u00e0 civile mette in gioco e che l&#039;attivit\u00e0 di artisti e creativi tenta di rendere maggiormente effettivo.\" \/>\n<meta property=\"og:url\" content=\"https:\/\/www.article-marketing.eu\/comunicati\/arte-e-cultura\/artealcentro-2014\/\" \/>\n<meta property=\"og:site_name\" content=\"Article Marketing\" \/>\n<meta property=\"article:published_time\" content=\"2014-07-08T10:53:48+00:00\" \/>\n<meta name=\"author\" content=\"Redazione Comunicati Stampa\" \/>\n<meta name=\"twitter:card\" content=\"summary_large_image\" \/>\n<meta name=\"twitter:label1\" content=\"Scritto da\" \/>\n\t<meta name=\"twitter:data1\" content=\"Redazione Comunicati Stampa\" \/>\n\t<meta name=\"twitter:label2\" content=\"Tempo di lettura stimato\" \/>\n\t<meta name=\"twitter:data2\" content=\"11 minuti\" \/>\n<script type=\"application\/ld+json\" class=\"yoast-schema-graph\">{\"@context\":\"https:\/\/schema.org\",\"@graph\":[{\"@type\":\"Article\",\"@id\":\"https:\/\/www.article-marketing.eu\/comunicati\/arte-e-cultura\/artealcentro-2014\/#article\",\"isPartOf\":{\"@id\":\"https:\/\/www.article-marketing.eu\/comunicati\/arte-e-cultura\/artealcentro-2014\/\"},\"author\":{\"name\":\"Redazione Comunicati Stampa\",\"@id\":\"https:\/\/www.article-marketing.eu\/comunicati\/#\/schema\/person\/44372e4d4d0fa797b18e03ed1ace9017\"},\"headline\":\"ArtealCentro per una trasformazione sociale responsabile 2014\",\"datePublished\":\"2014-07-08T10:53:48+00:00\",\"mainEntityOfPage\":{\"@id\":\"https:\/\/www.article-marketing.eu\/comunicati\/arte-e-cultura\/artealcentro-2014\/\"},\"wordCount\":2174,\"commentCount\":0,\"keywords\":[\"arte contemporanea\",\"cambiamento\",\"cantieri urbani\",\"Michelangelo Pistoletto\",\"risposte alla crisi\"],\"articleSection\":[\"Arte e cultura\"],\"inLanguage\":\"it-IT\",\"potentialAction\":[{\"@type\":\"CommentAction\",\"name\":\"Comment\",\"target\":[\"https:\/\/www.article-marketing.eu\/comunicati\/arte-e-cultura\/artealcentro-2014\/#respond\"]}]},{\"@type\":\"WebPage\",\"@id\":\"https:\/\/www.article-marketing.eu\/comunicati\/arte-e-cultura\/artealcentro-2014\/\",\"url\":\"https:\/\/www.article-marketing.eu\/comunicati\/arte-e-cultura\/artealcentro-2014\/\",\"name\":\"ArtealCentro per una trasformazione sociale responsabile 2014 - Article Marketing\",\"isPartOf\":{\"@id\":\"https:\/\/www.article-marketing.eu\/comunicati\/#website\"},\"datePublished\":\"2014-07-08T10:53:48+00:00\",\"author\":{\"@id\":\"https:\/\/www.article-marketing.eu\/comunicati\/#\/schema\/person\/44372e4d4d0fa797b18e03ed1ace9017\"},\"breadcrumb\":{\"@id\":\"https:\/\/www.article-marketing.eu\/comunicati\/arte-e-cultura\/artealcentro-2014\/#breadcrumb\"},\"inLanguage\":\"it-IT\",\"potentialAction\":[{\"@type\":\"ReadAction\",\"target\":[\"https:\/\/www.article-marketing.eu\/comunicati\/arte-e-cultura\/artealcentro-2014\/\"]}]},{\"@type\":\"BreadcrumbList\",\"@id\":\"https:\/\/www.article-marketing.eu\/comunicati\/arte-e-cultura\/artealcentro-2014\/#breadcrumb\",\"itemListElement\":[{\"@type\":\"ListItem\",\"position\":1,\"name\":\"Home\",\"item\":\"https:\/\/www.article-marketing.eu\/comunicati\/\"},{\"@type\":\"ListItem\",\"position\":2,\"name\":\"ArtealCentro per una trasformazione sociale responsabile 2014\"}]},{\"@type\":\"WebSite\",\"@id\":\"https:\/\/www.article-marketing.eu\/comunicati\/#website\",\"url\":\"https:\/\/www.article-marketing.eu\/comunicati\/\",\"name\":\"Article Marketing\",\"description\":\"article marketing &amp; press release\",\"potentialAction\":[{\"@type\":\"SearchAction\",\"target\":{\"@type\":\"EntryPoint\",\"urlTemplate\":\"https:\/\/www.article-marketing.eu\/comunicati\/?s={search_term_string}\"},\"query-input\":{\"@type\":\"PropertyValueSpecification\",\"valueRequired\":true,\"valueName\":\"search_term_string\"}}],\"inLanguage\":\"it-IT\"},{\"@type\":\"Person\",\"@id\":\"https:\/\/www.article-marketing.eu\/comunicati\/#\/schema\/person\/44372e4d4d0fa797b18e03ed1ace9017\",\"name\":\"Redazione Comunicati Stampa\",\"image\":{\"@type\":\"ImageObject\",\"inLanguage\":\"it-IT\",\"@id\":\"https:\/\/www.article-marketing.eu\/comunicati\/#\/schema\/person\/image\/\",\"url\":\"https:\/\/secure.gravatar.com\/avatar\/50e5c6421d3072f42e7ace803501602c60d75233d34e29fd05feb91c8760b792?s=96&d=mm&r=g\",\"contentUrl\":\"https:\/\/secure.gravatar.com\/avatar\/50e5c6421d3072f42e7ace803501602c60d75233d34e29fd05feb91c8760b792?s=96&d=mm&r=g\",\"caption\":\"Redazione Comunicati Stampa\"},\"url\":\"https:\/\/www.article-marketing.eu\/comunicati\/author\/redazione-comunicati-stampa\/\"}]}<\/script>\n<!-- \/ Yoast SEO plugin. -->","yoast_head_json":{"title":"ArtealCentro per una trasformazione sociale responsabile 2014 - Article Marketing","robots":{"index":"index","follow":"follow","max-snippet":"max-snippet:-1","max-image-preview":"max-image-preview:large","max-video-preview":"max-video-preview:-1"},"canonical":"https:\/\/www.article-marketing.eu\/comunicati\/arte-e-cultura\/artealcentro-2014\/","og_locale":"it_IT","og_type":"article","og_title":"ArtealCentro per una trasformazione sociale responsabile 2014 - Article Marketing","og_description":"Arte al Centro di una Trasformazione Sociale Responsabile giunge alla sua XVII edizione e prosegue nella sua opera di presentazione al pubblico delle attivit\u00e0 oggetto di intervento e ricerca da parte di Cittadellarte - Fondazione Pistoletto e di realt\u00e0 internazionali attive nella trasformazione sociale attraverso arte e creativit\u00e0. La proposta in esposizione di domande, processi e soluzioni, in cui si manifestano le potenzialit\u00e0 di cambiamento innescate da processi culturali in realt\u00e0 diverse, crea uno stimolante ambiente dialogico che mette in relazione il locale e il globale, dando visibilit\u00e0 a all'enorme potenziale che la societ\u00e0 civile mette in gioco e che l'attivit\u00e0 di artisti e creativi tenta di rendere maggiormente effettivo.","og_url":"https:\/\/www.article-marketing.eu\/comunicati\/arte-e-cultura\/artealcentro-2014\/","og_site_name":"Article Marketing","article_published_time":"2014-07-08T10:53:48+00:00","author":"Redazione Comunicati Stampa","twitter_card":"summary_large_image","twitter_misc":{"Scritto da":"Redazione Comunicati Stampa","Tempo di lettura stimato":"11 minuti"},"schema":{"@context":"https:\/\/schema.org","@graph":[{"@type":"Article","@id":"https:\/\/www.article-marketing.eu\/comunicati\/arte-e-cultura\/artealcentro-2014\/#article","isPartOf":{"@id":"https:\/\/www.article-marketing.eu\/comunicati\/arte-e-cultura\/artealcentro-2014\/"},"author":{"name":"Redazione Comunicati Stampa","@id":"https:\/\/www.article-marketing.eu\/comunicati\/#\/schema\/person\/44372e4d4d0fa797b18e03ed1ace9017"},"headline":"ArtealCentro per una trasformazione sociale responsabile 2014","datePublished":"2014-07-08T10:53:48+00:00","mainEntityOfPage":{"@id":"https:\/\/www.article-marketing.eu\/comunicati\/arte-e-cultura\/artealcentro-2014\/"},"wordCount":2174,"commentCount":0,"keywords":["arte contemporanea","cambiamento","cantieri urbani","Michelangelo Pistoletto","risposte alla crisi"],"articleSection":["Arte e cultura"],"inLanguage":"it-IT","potentialAction":[{"@type":"CommentAction","name":"Comment","target":["https:\/\/www.article-marketing.eu\/comunicati\/arte-e-cultura\/artealcentro-2014\/#respond"]}]},{"@type":"WebPage","@id":"https:\/\/www.article-marketing.eu\/comunicati\/arte-e-cultura\/artealcentro-2014\/","url":"https:\/\/www.article-marketing.eu\/comunicati\/arte-e-cultura\/artealcentro-2014\/","name":"ArtealCentro per una trasformazione sociale responsabile 2014 - Article Marketing","isPartOf":{"@id":"https:\/\/www.article-marketing.eu\/comunicati\/#website"},"datePublished":"2014-07-08T10:53:48+00:00","author":{"@id":"https:\/\/www.article-marketing.eu\/comunicati\/#\/schema\/person\/44372e4d4d0fa797b18e03ed1ace9017"},"breadcrumb":{"@id":"https:\/\/www.article-marketing.eu\/comunicati\/arte-e-cultura\/artealcentro-2014\/#breadcrumb"},"inLanguage":"it-IT","potentialAction":[{"@type":"ReadAction","target":["https:\/\/www.article-marketing.eu\/comunicati\/arte-e-cultura\/artealcentro-2014\/"]}]},{"@type":"BreadcrumbList","@id":"https:\/\/www.article-marketing.eu\/comunicati\/arte-e-cultura\/artealcentro-2014\/#breadcrumb","itemListElement":[{"@type":"ListItem","position":1,"name":"Home","item":"https:\/\/www.article-marketing.eu\/comunicati\/"},{"@type":"ListItem","position":2,"name":"ArtealCentro per una trasformazione sociale responsabile 2014"}]},{"@type":"WebSite","@id":"https:\/\/www.article-marketing.eu\/comunicati\/#website","url":"https:\/\/www.article-marketing.eu\/comunicati\/","name":"Article Marketing","description":"article marketing &amp; press release","potentialAction":[{"@type":"SearchAction","target":{"@type":"EntryPoint","urlTemplate":"https:\/\/www.article-marketing.eu\/comunicati\/?s={search_term_string}"},"query-input":{"@type":"PropertyValueSpecification","valueRequired":true,"valueName":"search_term_string"}}],"inLanguage":"it-IT"},{"@type":"Person","@id":"https:\/\/www.article-marketing.eu\/comunicati\/#\/schema\/person\/44372e4d4d0fa797b18e03ed1ace9017","name":"Redazione Comunicati Stampa","image":{"@type":"ImageObject","inLanguage":"it-IT","@id":"https:\/\/www.article-marketing.eu\/comunicati\/#\/schema\/person\/image\/","url":"https:\/\/secure.gravatar.com\/avatar\/50e5c6421d3072f42e7ace803501602c60d75233d34e29fd05feb91c8760b792?s=96&d=mm&r=g","contentUrl":"https:\/\/secure.gravatar.com\/avatar\/50e5c6421d3072f42e7ace803501602c60d75233d34e29fd05feb91c8760b792?s=96&d=mm&r=g","caption":"Redazione Comunicati Stampa"},"url":"https:\/\/www.article-marketing.eu\/comunicati\/author\/redazione-comunicati-stampa\/"}]}},"_links":{"self":[{"href":"https:\/\/www.article-marketing.eu\/comunicati\/wp-json\/wp\/v2\/posts\/42638","targetHints":{"allow":["GET"]}}],"collection":[{"href":"https:\/\/www.article-marketing.eu\/comunicati\/wp-json\/wp\/v2\/posts"}],"about":[{"href":"https:\/\/www.article-marketing.eu\/comunicati\/wp-json\/wp\/v2\/types\/post"}],"author":[{"embeddable":true,"href":"https:\/\/www.article-marketing.eu\/comunicati\/wp-json\/wp\/v2\/users\/10"}],"replies":[{"embeddable":true,"href":"https:\/\/www.article-marketing.eu\/comunicati\/wp-json\/wp\/v2\/comments?post=42638"}],"version-history":[{"count":0,"href":"https:\/\/www.article-marketing.eu\/comunicati\/wp-json\/wp\/v2\/posts\/42638\/revisions"}],"wp:attachment":[{"href":"https:\/\/www.article-marketing.eu\/comunicati\/wp-json\/wp\/v2\/media?parent=42638"}],"wp:term":[{"taxonomy":"category","embeddable":true,"href":"https:\/\/www.article-marketing.eu\/comunicati\/wp-json\/wp\/v2\/categories?post=42638"},{"taxonomy":"post_tag","embeddable":true,"href":"https:\/\/www.article-marketing.eu\/comunicati\/wp-json\/wp\/v2\/tags?post=42638"}],"curies":[{"name":"wp","href":"https:\/\/api.w.org\/{rel}","templated":true}]}}