{"id":42665,"date":"2014-07-08T18:18:50","date_gmt":"2014-07-08T16:18:50","guid":{"rendered":"http:\/\/www.article-marketing.eu\/comunicati\/senza-categoria\/nevruz-4-anni-dopo-la%80%99esperienza-xfactor-si-rilancia-con-il-singolo-la-protesta\/"},"modified":"2020-08-10T00:51:48","modified_gmt":"2020-08-09T22:51:48","slug":"nevruz-4-anni-dopo-la%80%99esperienza-xfactor-si-rilancia-con-il-singolo-la-protesta","status":"publish","type":"post","link":"https:\/\/www.article-marketing.eu\/comunicati\/arte-e-cultura\/musica\/nevruz-4-anni-dopo-la%80%99esperienza-xfactor-si-rilancia-con-il-singolo-la-protesta\/","title":{"rendered":"NEVRUZ, 4 anni dopo l\u2019esperienza XFACTOR si rilancia con il singolo LA PROTESTA"},"content":{"rendered":"<p>Finalmente libero da qualsiasi legame con etichette discografiche, Nevruz pubblica sul web un nuovo singolo dal titolo LA PROTESTA, brano che dice molto del proprio autore, ma che &egrave; soprattutto dedicato all&rsquo;Italia e a tutti gli italiani. Un pezzo autoironico che ben rappresenta l&rsquo;italiano di oggi, anche per come viene visto all&rsquo;estero, pieno di riferimenti sonori e citazioni a personaggi del presente e del passato, condito da un sound volutamente canzonatorio. Nevruz affronta un tema sociale importante e di attualit&agrave; come &lsquo;la protesta&rsquo; e ne fa un ballo per l&rsquo;estate<br \/>Guarda il video del singolo: https:\/\/www.youtube.com\/watch?v=opFgVy_JWpI&amp;list=PLMyu6pRAEc31_03mU_WUSD5SmEZCquxPA&amp;hd=1<br \/>Fondatore del C.M.D. &#8221; LE OSSA&#8221; (Collettivo Musica Diversa ). Collettivo di progetti artistici indipendenti liberi e d&#8217;avanguardia.<br \/>NEVRUZ JOKU, all&rsquo;anagrafe Nevruz Maljoku, polistrumentista, autore e sperimentatore della voce, cantautore-compositore-musicista. Nato a Caserta da madre campana e padre balcanico. Approda nella Bassa Modenese all&rsquo;et&agrave; di 4 anni e i suoi primi tentativi di formare una band risalgono al 2004 con i Qvestion Tag ed al 2005 con i Ruffled. A 22 anni, nel 2006, con il progetto WATER IN FACE, Nevruz calca, in veste di cantante e batterista vince il main stage di AREZZO WAVE e HEINEKEN JAMMIN FESTIVAL nello stesso anno, grazie all&rsquo;EP &ldquo;13 Hours&rdquo;. Un risultato ancora oggi imbattuto. <br \/>Nel 2010 partecipa alla quarta stagione del talent show X FACTOR, nella squadra capitanata da ELIO di ELIO E LE STORIE TESE. In virt&ugrave; della forte visibilit&agrave; fornita dall&rsquo;importante vetrina che la diretta su RAI 2 ha rappresentato, si fa conoscere dal grande pubblico e giunge fino alla finalissima del programma televisivo, ricevendo apprezzamenti anche dalla critica. A seguito di tale risultato, esce nello stesso anno l&rsquo;EP della SONY &ldquo;TRA L&rsquo;AMORE E IL MALE&rdquo; e contestualmente parte il suo JOKER TOUR 2011 con questa formazione: Batteria : Matteo Rosestolato &#8211; Basso: Alessandro Giliberti &#8211; Chitarra : Elia Garutti &ndash; Pianoforte &amp; Sinth: Filippo Lui e Giulio Saltini &#8211; Violoncello : Pietro Orlandi &ndash; Voce e Chitarra: Nevruz Joku, il quale registra diverse date sold out in giro per l&rsquo;Italia, tra cui l&#8217;evento &#8220;ROCK IN ROMA&#8221; in veste di gruppo opening act di Elio e le Storie Tese. E&rsquo; in questo periodo che Nevruz aderisce al progetto di beneficenza &ldquo;COMICSXAFRICA&rdquo;. A fine tour, lancia, da REGISTA, il videoclip di &ldquo;Tra l&rsquo;Amore e il Male&rdquo; su Youtube. <br \/>Verso la fine del 2011, il giovane artista ottiene il contratto discografico con l&rsquo;etichetta indipendente HUKAPAN di E.E.L.S.T. e con loro registra il suo primo album d&rsquo;autore. Per il Capodanno del 2012 presenta in teatro, collaborando con l&rsquo;orchestra sinfonica NEXTIME ENSEMBLE lo spettacolo teatrale &lsquo;KURT WEILL SONGS&rsquo;, tratto dall&rsquo;Opera da Tre Soldi di Bertolt Brecht e le musiche di Kurt Weill. In attesa dell&rsquo;uscita del suo nuovo disco, Nevruz cerca inoltre di produrre il suo progetto LE OSSA come collettivo di musicisti indipendenti. Vive in una piccola localit&agrave; tra i comuni di San Prospero e Cavezzo, un piccolo comune in provincia di Modena, in un ex monastero del 1600. Il paese viene completamente devastato dal terremoto del 29 maggio 2012. Tra gli sfollati, il &ldquo;Joker della Bassa&rdquo; perde casa e posto di lavoro, ossia il suo laboratorio di musica. Durante questa vicenda, assieme alle persone amiche, anch&rsquo;esse colpite dal sisma, gira il videoclip-documento del singolo dalle sonorit&agrave; Dark-wave &ldquo;MAYA SAID THE WORLD IS GONNA DIE&rdquo;. Attraverso questa canzone, lanciata in rete, prende definitivamente vita concreta il suo Progetto LE OSSA: un collettivo che unisce alcuni tra i migliori maestri del Rock della Bassa Modenese. Grazie al suddetto brano, Nevruz entra a far parte del progetto REZOPHONIC di Mario Riso e ROCK TV, partendo cos&igrave; per un nuovo tour in giro per l&rsquo;Italia nell&rsquo;estate del 2012. <br \/>Nell&rsquo;autunno 2012 vede la luce l&rsquo;iniziativa &ldquo;ZONA ROSSA ROCK FESTIVAL&rdquo;, la quale presenta come obiettivo la ricostruzione dei centri culturali in Emilia. Ad essa prendono parte nomi della scena Underground e Progressive Rock come Pino Scotto, gli AREA, i Trick or Treat, Elio con il suo spettacolo &ldquo;FU-TURISTI&rdquo;, la Nextime Ensemble di Danilo Grassi ed il ritorno dei Water in Face. In questa occasione, Nevruz canta &ldquo;Gioia e Rivoluzione&rdquo; accompagnato dagli stessi Area. Nello stesso periodo viene girato anche uno speciale per Sky Uno dal titolo &lsquo;NEVRUZLAND&rsquo;. Il suo primo album d&#8217;autore s&rsquo;intitola &ldquo;LA CASA E GLI SPIRITI PERDUTI&rdquo; ed esce a fine Novembre 2012, su etichetta discografica HUKAPAN S.P.A..nel 2013 Nevruz inizia a studiare in maniera pi&ugrave; approfondita il canto sperimentale e lo fa affidandosi al maestro Raffaello Regoli allievo del grande maestro della voce Demetrio Stratos. Anche Nevruz &egrave; presente nel nuovo album 2013 RIDI PAIASSO di Sir Oliver Skardy (ex cantante dei Pitura Freska), in veste di ospite nel brano &ldquo;Tuto Normal&rdquo;. Nevruz e Skardy si incontrano sul set cinematografico del film indipendente &ldquo;SEXY SHOP&rdquo;. Il poliedrico cantante recita il ruolo di uno dei tre antagonisti insieme ad Ivan Cattaneo e lo stesso Skardy e sar&agrave; visibile nelle sale cinematografiche italiane dall&rsquo;8 maggio 2014. <br \/>Nevruz nel 2014, dopo essersi visto negata la possibilit&agrave; di presentare il suo nuovo singolo all&rsquo;iscrizione al concorso di Sanremo Giovani 2014 dalla sua etichetta, si libera di comune accordo dalla stessa e lancia LA PROTESTA, che dice molto di s&eacute;, ma &egrave; soprattutto dedicata all&rsquo;Italia e a tutti gli italiani. <\/p>\n<p><strong>L&#8217;AltopArlAnte PromoRadio ||| PromoVideo ||| PromoStampa&amp;Web <\/strong><strong>info@laltoparlante.it<\/strong><strong> 3483650978<\/strong><\/p>\n","protected":false},"excerpt":{"rendered":"<p>Un mix di musica che si discosta dalla linea solitamente intrapresa da Nevruz, a creare una sorta di sfott\u00f2 nei confronti di ci\u00f2 che oggi \u00e8 considerato \u2018vendibile\u2019 a discapito di chi invece vuole proporre nuove forme di musica.<\/p>\n","protected":false},"author":10,"featured_media":0,"comment_status":"open","ping_status":"open","sticky":false,"template":"","format":"standard","meta":{"cybocfi_hide_featured_image":"","footnotes":""},"categories":[42],"tags":[48241,48240,29829],"class_list":["post-42665","post","type-post","status-publish","format-standard","hentry","category-musica","tag-la-protesta","tag-nevruz","tag-nuovo-singolo"],"yoast_head":"<!-- This site is optimized with the Yoast SEO plugin v27.0 - https:\/\/yoast.com\/product\/yoast-seo-wordpress\/ -->\n<title>NEVRUZ, 4 anni dopo l\u2019esperienza XFACTOR si rilancia con il singolo LA PROTESTA - Article Marketing<\/title>\n<meta name=\"robots\" content=\"index, follow, max-snippet:-1, max-image-preview:large, max-video-preview:-1\" \/>\n<link rel=\"canonical\" href=\"https:\/\/www.article-marketing.eu\/comunicati\/arte-e-cultura\/musica\/nevruz-4-anni-dopo-la??esperienza-xfactor-si-rilancia-con-il-singolo-la-protesta\/\" \/>\n<meta property=\"og:locale\" content=\"it_IT\" \/>\n<meta property=\"og:type\" content=\"article\" \/>\n<meta property=\"og:title\" content=\"NEVRUZ, 4 anni dopo l\u2019esperienza XFACTOR si rilancia con il singolo LA PROTESTA - Article Marketing\" \/>\n<meta property=\"og:description\" content=\"Un mix di musica che si discosta dalla linea solitamente intrapresa da Nevruz, a creare una sorta di sfott\u00f2 nei confronti di ci\u00f2 che oggi \u00e8 considerato \u2018vendibile\u2019 a discapito di chi invece vuole proporre nuove forme di musica.\" \/>\n<meta property=\"og:url\" content=\"\" \/>\n<meta property=\"og:site_name\" content=\"Article Marketing\" \/>\n<meta property=\"article:published_time\" content=\"2014-07-08T16:18:50+00:00\" \/>\n<meta property=\"article:modified_time\" content=\"2020-08-09T22:51:48+00:00\" \/>\n<meta name=\"author\" content=\"Redazione Comunicati Stampa\" \/>\n<meta name=\"twitter:card\" content=\"summary_large_image\" \/>\n<meta name=\"twitter:label1\" content=\"Scritto da\" \/>\n\t<meta name=\"twitter:data1\" content=\"Redazione Comunicati Stampa\" \/>\n\t<meta name=\"twitter:label2\" content=\"Tempo di lettura stimato\" \/>\n\t<meta name=\"twitter:data2\" content=\"5 minuti\" \/>\n<script type=\"application\/ld+json\" class=\"yoast-schema-graph\">{\"@context\":\"https:\/\/schema.org\",\"@graph\":[{\"@type\":\"Article\",\"@id\":\"https:\/\/www.article-marketing.eu\/comunicati\/arte-e-cultura\/musica\/nevruz-4-anni-dopo-la%80%99esperienza-xfactor-si-rilancia-con-il-singolo-la-protesta\/#article\",\"isPartOf\":{\"@id\":\"https:\/\/www.article-marketing.eu\/comunicati\/arte-e-cultura\/musica\/nevruz-4-anni-dopo-la%80%99esperienza-xfactor-si-rilancia-con-il-singolo-la-protesta\/\"},\"author\":{\"name\":\"Redazione Comunicati Stampa\",\"@id\":\"https:\/\/www.article-marketing.eu\/comunicati\/#\/schema\/person\/44372e4d4d0fa797b18e03ed1ace9017\"},\"headline\":\"NEVRUZ, 4 anni dopo l\u2019esperienza XFACTOR si rilancia con il singolo LA PROTESTA\",\"datePublished\":\"2014-07-08T16:18:50+00:00\",\"dateModified\":\"2020-08-09T22:51:48+00:00\",\"mainEntityOfPage\":{\"@id\":\"https:\/\/www.article-marketing.eu\/comunicati\/arte-e-cultura\/musica\/nevruz-4-anni-dopo-la%80%99esperienza-xfactor-si-rilancia-con-il-singolo-la-protesta\/\"},\"wordCount\":977,\"commentCount\":0,\"keywords\":[\"la protesta\",\"nevruz\",\"Nuovo singolo\"],\"articleSection\":[\"Musica\"],\"inLanguage\":\"it-IT\",\"potentialAction\":[{\"@type\":\"CommentAction\",\"name\":\"Comment\",\"target\":[\"https:\/\/www.article-marketing.eu\/comunicati\/arte-e-cultura\/musica\/nevruz-4-anni-dopo-la%80%99esperienza-xfactor-si-rilancia-con-il-singolo-la-protesta\/#respond\"]}]},{\"@type\":\"WebPage\",\"@id\":\"https:\/\/www.article-marketing.eu\/comunicati\/arte-e-cultura\/musica\/nevruz-4-anni-dopo-la%80%99esperienza-xfactor-si-rilancia-con-il-singolo-la-protesta\/\",\"url\":\"https:\/\/www.article-marketing.eu\/comunicati\/arte-e-cultura\/musica\/nevruz-4-anni-dopo-la%80%99esperienza-xfactor-si-rilancia-con-il-singolo-la-protesta\/\",\"name\":\"NEVRUZ, 4 anni dopo l\u2019esperienza XFACTOR si rilancia con il singolo LA PROTESTA - Article Marketing\",\"isPartOf\":{\"@id\":\"https:\/\/www.article-marketing.eu\/comunicati\/#website\"},\"datePublished\":\"2014-07-08T16:18:50+00:00\",\"dateModified\":\"2020-08-09T22:51:48+00:00\",\"author\":{\"@id\":\"https:\/\/www.article-marketing.eu\/comunicati\/#\/schema\/person\/44372e4d4d0fa797b18e03ed1ace9017\"},\"breadcrumb\":{\"@id\":\"https:\/\/www.article-marketing.eu\/comunicati\/arte-e-cultura\/musica\/nevruz-4-anni-dopo-la%80%99esperienza-xfactor-si-rilancia-con-il-singolo-la-protesta\/#breadcrumb\"},\"inLanguage\":\"it-IT\",\"potentialAction\":[{\"@type\":\"ReadAction\",\"target\":[\"https:\/\/www.article-marketing.eu\/comunicati\/arte-e-cultura\/musica\/nevruz-4-anni-dopo-la%80%99esperienza-xfactor-si-rilancia-con-il-singolo-la-protesta\/\"]}]},{\"@type\":\"BreadcrumbList\",\"@id\":\"https:\/\/www.article-marketing.eu\/comunicati\/arte-e-cultura\/musica\/nevruz-4-anni-dopo-la%80%99esperienza-xfactor-si-rilancia-con-il-singolo-la-protesta\/#breadcrumb\",\"itemListElement\":[{\"@type\":\"ListItem\",\"position\":1,\"name\":\"Home\",\"item\":\"https:\/\/www.article-marketing.eu\/comunicati\/\"},{\"@type\":\"ListItem\",\"position\":2,\"name\":\"NEVRUZ, 4 anni dopo l\u2019esperienza XFACTOR si rilancia con il singolo LA PROTESTA\"}]},{\"@type\":\"WebSite\",\"@id\":\"https:\/\/www.article-marketing.eu\/comunicati\/#website\",\"url\":\"https:\/\/www.article-marketing.eu\/comunicati\/\",\"name\":\"Article Marketing\",\"description\":\"article marketing &amp; press release\",\"potentialAction\":[{\"@type\":\"SearchAction\",\"target\":{\"@type\":\"EntryPoint\",\"urlTemplate\":\"https:\/\/www.article-marketing.eu\/comunicati\/?s={search_term_string}\"},\"query-input\":{\"@type\":\"PropertyValueSpecification\",\"valueRequired\":true,\"valueName\":\"search_term_string\"}}],\"inLanguage\":\"it-IT\"},{\"@type\":\"Person\",\"@id\":\"https:\/\/www.article-marketing.eu\/comunicati\/#\/schema\/person\/44372e4d4d0fa797b18e03ed1ace9017\",\"name\":\"Redazione Comunicati Stampa\",\"image\":{\"@type\":\"ImageObject\",\"inLanguage\":\"it-IT\",\"@id\":\"https:\/\/www.article-marketing.eu\/comunicati\/#\/schema\/person\/image\/\",\"url\":\"https:\/\/secure.gravatar.com\/avatar\/50e5c6421d3072f42e7ace803501602c60d75233d34e29fd05feb91c8760b792?s=96&d=mm&r=g\",\"contentUrl\":\"https:\/\/secure.gravatar.com\/avatar\/50e5c6421d3072f42e7ace803501602c60d75233d34e29fd05feb91c8760b792?s=96&d=mm&r=g\",\"caption\":\"Redazione Comunicati Stampa\"},\"url\":\"https:\/\/www.article-marketing.eu\/comunicati\/author\/redazione-comunicati-stampa\/\"}]}<\/script>\n<!-- \/ Yoast SEO plugin. -->","yoast_head_json":{"title":"NEVRUZ, 4 anni dopo l\u2019esperienza XFACTOR si rilancia con il singolo LA PROTESTA - Article Marketing","robots":{"index":"index","follow":"follow","max-snippet":"max-snippet:-1","max-image-preview":"max-image-preview:large","max-video-preview":"max-video-preview:-1"},"canonical":"https:\/\/www.article-marketing.eu\/comunicati\/arte-e-cultura\/musica\/nevruz-4-anni-dopo-la??esperienza-xfactor-si-rilancia-con-il-singolo-la-protesta\/","og_locale":"it_IT","og_type":"article","og_title":"NEVRUZ, 4 anni dopo l\u2019esperienza XFACTOR si rilancia con il singolo LA PROTESTA - Article Marketing","og_description":"Un mix di musica che si discosta dalla linea solitamente intrapresa da Nevruz, a creare una sorta di sfott\u00f2 nei confronti di ci\u00f2 che oggi \u00e8 considerato \u2018vendibile\u2019 a discapito di chi invece vuole proporre nuove forme di musica.","og_url":"https:\/\/www.article-marketing.eu\/comunicati\/arte-e-cultura\/musica\/nevruz-4-anni-dopo-la??esperienza-xfactor-si-rilancia-con-il-singolo-la-protesta\/","og_site_name":"Article Marketing","article_published_time":"2014-07-08T16:18:50+00:00","article_modified_time":"2020-08-09T22:51:48+00:00","author":"Redazione Comunicati Stampa","twitter_card":"summary_large_image","twitter_misc":{"Scritto da":"Redazione Comunicati Stampa","Tempo di lettura stimato":"5 minuti"},"schema":{"@context":"https:\/\/schema.org","@graph":[{"@type":"Article","@id":"https:\/\/www.article-marketing.eu\/comunicati\/arte-e-cultura\/musica\/nevruz-4-anni-dopo-la%80%99esperienza-xfactor-si-rilancia-con-il-singolo-la-protesta\/#article","isPartOf":{"@id":"https:\/\/www.article-marketing.eu\/comunicati\/arte-e-cultura\/musica\/nevruz-4-anni-dopo-la%80%99esperienza-xfactor-si-rilancia-con-il-singolo-la-protesta\/"},"author":{"name":"Redazione Comunicati Stampa","@id":"https:\/\/www.article-marketing.eu\/comunicati\/#\/schema\/person\/44372e4d4d0fa797b18e03ed1ace9017"},"headline":"NEVRUZ, 4 anni dopo l\u2019esperienza XFACTOR si rilancia con il singolo LA PROTESTA","datePublished":"2014-07-08T16:18:50+00:00","dateModified":"2020-08-09T22:51:48+00:00","mainEntityOfPage":{"@id":"https:\/\/www.article-marketing.eu\/comunicati\/arte-e-cultura\/musica\/nevruz-4-anni-dopo-la%80%99esperienza-xfactor-si-rilancia-con-il-singolo-la-protesta\/"},"wordCount":977,"commentCount":0,"keywords":["la protesta","nevruz","Nuovo singolo"],"articleSection":["Musica"],"inLanguage":"it-IT","potentialAction":[{"@type":"CommentAction","name":"Comment","target":["https:\/\/www.article-marketing.eu\/comunicati\/arte-e-cultura\/musica\/nevruz-4-anni-dopo-la%80%99esperienza-xfactor-si-rilancia-con-il-singolo-la-protesta\/#respond"]}]},{"@type":"WebPage","@id":"https:\/\/www.article-marketing.eu\/comunicati\/arte-e-cultura\/musica\/nevruz-4-anni-dopo-la%80%99esperienza-xfactor-si-rilancia-con-il-singolo-la-protesta\/","url":"https:\/\/www.article-marketing.eu\/comunicati\/arte-e-cultura\/musica\/nevruz-4-anni-dopo-la%80%99esperienza-xfactor-si-rilancia-con-il-singolo-la-protesta\/","name":"NEVRUZ, 4 anni dopo l\u2019esperienza XFACTOR si rilancia con il singolo LA PROTESTA - Article Marketing","isPartOf":{"@id":"https:\/\/www.article-marketing.eu\/comunicati\/#website"},"datePublished":"2014-07-08T16:18:50+00:00","dateModified":"2020-08-09T22:51:48+00:00","author":{"@id":"https:\/\/www.article-marketing.eu\/comunicati\/#\/schema\/person\/44372e4d4d0fa797b18e03ed1ace9017"},"breadcrumb":{"@id":"https:\/\/www.article-marketing.eu\/comunicati\/arte-e-cultura\/musica\/nevruz-4-anni-dopo-la%80%99esperienza-xfactor-si-rilancia-con-il-singolo-la-protesta\/#breadcrumb"},"inLanguage":"it-IT","potentialAction":[{"@type":"ReadAction","target":["https:\/\/www.article-marketing.eu\/comunicati\/arte-e-cultura\/musica\/nevruz-4-anni-dopo-la%80%99esperienza-xfactor-si-rilancia-con-il-singolo-la-protesta\/"]}]},{"@type":"BreadcrumbList","@id":"https:\/\/www.article-marketing.eu\/comunicati\/arte-e-cultura\/musica\/nevruz-4-anni-dopo-la%80%99esperienza-xfactor-si-rilancia-con-il-singolo-la-protesta\/#breadcrumb","itemListElement":[{"@type":"ListItem","position":1,"name":"Home","item":"https:\/\/www.article-marketing.eu\/comunicati\/"},{"@type":"ListItem","position":2,"name":"NEVRUZ, 4 anni dopo l\u2019esperienza XFACTOR si rilancia con il singolo LA PROTESTA"}]},{"@type":"WebSite","@id":"https:\/\/www.article-marketing.eu\/comunicati\/#website","url":"https:\/\/www.article-marketing.eu\/comunicati\/","name":"Article Marketing","description":"article marketing &amp; press release","potentialAction":[{"@type":"SearchAction","target":{"@type":"EntryPoint","urlTemplate":"https:\/\/www.article-marketing.eu\/comunicati\/?s={search_term_string}"},"query-input":{"@type":"PropertyValueSpecification","valueRequired":true,"valueName":"search_term_string"}}],"inLanguage":"it-IT"},{"@type":"Person","@id":"https:\/\/www.article-marketing.eu\/comunicati\/#\/schema\/person\/44372e4d4d0fa797b18e03ed1ace9017","name":"Redazione Comunicati Stampa","image":{"@type":"ImageObject","inLanguage":"it-IT","@id":"https:\/\/www.article-marketing.eu\/comunicati\/#\/schema\/person\/image\/","url":"https:\/\/secure.gravatar.com\/avatar\/50e5c6421d3072f42e7ace803501602c60d75233d34e29fd05feb91c8760b792?s=96&d=mm&r=g","contentUrl":"https:\/\/secure.gravatar.com\/avatar\/50e5c6421d3072f42e7ace803501602c60d75233d34e29fd05feb91c8760b792?s=96&d=mm&r=g","caption":"Redazione Comunicati Stampa"},"url":"https:\/\/www.article-marketing.eu\/comunicati\/author\/redazione-comunicati-stampa\/"}]}},"_links":{"self":[{"href":"https:\/\/www.article-marketing.eu\/comunicati\/wp-json\/wp\/v2\/posts\/42665","targetHints":{"allow":["GET"]}}],"collection":[{"href":"https:\/\/www.article-marketing.eu\/comunicati\/wp-json\/wp\/v2\/posts"}],"about":[{"href":"https:\/\/www.article-marketing.eu\/comunicati\/wp-json\/wp\/v2\/types\/post"}],"author":[{"embeddable":true,"href":"https:\/\/www.article-marketing.eu\/comunicati\/wp-json\/wp\/v2\/users\/10"}],"replies":[{"embeddable":true,"href":"https:\/\/www.article-marketing.eu\/comunicati\/wp-json\/wp\/v2\/comments?post=42665"}],"version-history":[{"count":1,"href":"https:\/\/www.article-marketing.eu\/comunicati\/wp-json\/wp\/v2\/posts\/42665\/revisions"}],"predecessor-version":[{"id":64129,"href":"https:\/\/www.article-marketing.eu\/comunicati\/wp-json\/wp\/v2\/posts\/42665\/revisions\/64129"}],"wp:attachment":[{"href":"https:\/\/www.article-marketing.eu\/comunicati\/wp-json\/wp\/v2\/media?parent=42665"}],"wp:term":[{"taxonomy":"category","embeddable":true,"href":"https:\/\/www.article-marketing.eu\/comunicati\/wp-json\/wp\/v2\/categories?post=42665"},{"taxonomy":"post_tag","embeddable":true,"href":"https:\/\/www.article-marketing.eu\/comunicati\/wp-json\/wp\/v2\/tags?post=42665"}],"curies":[{"name":"wp","href":"https:\/\/api.w.org\/{rel}","templated":true}]}}