{"id":4282,"date":"2010-03-02T10:06:04","date_gmt":"2010-03-02T09:06:04","guid":{"rendered":"http:\/\/www.article-marketing.eu\/comunicati\/senza-categoria\/il-polifonico-citt%e0-di-rovigo-la-passione-e-la-resurrezione-di-cristo\/"},"modified":"2010-03-02T10:06:04","modified_gmt":"2010-03-02T09:06:04","slug":"il-polifonico-citt%e0-di-rovigo-la-passione-e-la-resurrezione-di-cristo","status":"publish","type":"post","link":"https:\/\/www.article-marketing.eu\/comunicati\/arte-e-cultura\/musica\/il-polifonico-citt%e0-di-rovigo-la-passione-e-la-resurrezione-di-cristo\/","title":{"rendered":"Il Polifonico citt\u00e0 di Rovigo: la passione e la resurrezione di Cristo."},"content":{"rendered":"<p>Un itinerario lungo nove secoli nella musica dedicata alla passione e resurrezione di Cristo: questo il programma del dodicesimo appuntamento interno alla rassegna intitolata <em>Oltre il tempo della musica. Tra memoria e futuro<\/em>. L\u2019evento, promosso dalla Fondazione Cassa di Risparmio di Padova e Rovigo, vedr\u00e0 protagonista il <strong>Polifonico citt\u00e0 di Rovigo<\/strong> che eseguir\u00e0 composizioni di <strong>Gregorio Allegri<\/strong>, <strong>Jan Dismas Zelenka<\/strong>, <strong>Marc-Antoine Charpentier<\/strong>, <strong>Giovanni Felice Sances<\/strong>, <strong>Georg Philipp Telemann<\/strong>, oltre a due composizioni anonime del X-XI secolo. <\/p>\n<p>L\u2019appuntamento \u00e8 per <strong>venerd\u00ec 5 marzo 2010 alle ore 21.00 presso la Chiesa Arcipretale di Trebaseleghe (PD)<\/strong>. Il Polifonico citt\u00e0 di Rovigo si esibir\u00e0 insieme all\u2019organista <strong>Marco Vincenzi<\/strong> e sar\u00e0 diretto da <strong>Vittorio Zanon<\/strong>, maestro concertatore al cembalo. <\/p>\n<p>La musica in programma, un invito alla riflessione e alla spiritualit\u00e0, inizier\u00e0 con l\u2019antifona gregoriana di Anonimo (X-XI secolo) intitolata <em>Invocabo nomen tuum Domine<\/em>. Sar\u00e0 poi la volta del celeberrimo <em>Miserere, mei Deus<\/em> di <strong>Gregorio Allegri<\/strong>, a nove voci in due cori, che per anni fu eseguito esclusivamente a Roma, nella Cappella Sistina. Seguiranno poi alcuni brani tratti da <em>Responsoria pro hebdomada sancta a quattro voci e continuo<\/em> del compositore <strong>Jan Dismas Zelenka<\/strong>, e alcune parti da <em>Meditation pour la Car\u00eame<\/em> del francese <strong>Marc-Antoine Charpentier<\/strong>. Del seicentesco <strong>Giovanni Felice Sances<\/strong> sar\u00e0 proposto lo <em>Stabat Mater a voce sola e continuo<\/em>. Infine, dopo la sequenza gregoriana di autore anonimo (XI secolo) <em>Victimae paschali laudes<\/em>, sar\u00e0 la <em>Missa Brevis Christ lag in Todesbanden<\/em> di <strong>Georg Philipp Telemann<\/strong> a chiudere l\u2019evento. <\/p>\n<p>Il<strong> Polifonico citt\u00e0 di Rovigo<\/strong> nasce nel 1979 per iniziativa di G. Mazzucato e fin dagli esordi affronta con impegno e coraggio percorsi musicali anche assai diversi fra loro per epoche e stili. La continua ricerca stilistica e lo studio della vocalit\u00e0 nella prassi esecutiva dei diversi periodi storici si sono concretizzate nell\u2019apprezzata attivit\u00e0 concertistica in Italia e all\u2019estero, oltre che nelle numerose prime affermazioni assolute in concorsi nazionali e internazionali. Ha inciso in CD per l\u2019Ares i Responsori del Venerd\u00ec Santo di A. Scarlatti e il Te Deum (1690) di M. A. Charpentier e per Rivo Alto Momenti di musica sacra e profana con musiche di M. Crestani. Di recente pubblicazione \u00e8 il CD L\u2019Alba dell\u2019Anima per la casa discografica Rainbow. Dal 1998 la direzione artistica \u00e8 stata affidata a Marco Scavazza (preparatore vocale) e Vittorio Zanon (direttore), musicisti impegnati professionalmente nello studio e nell\u2019esecuzione del repertorio rinascimentale e barocco, vocale e strumentale.<\/p>\n<p><strong>Vittorio Zanon<\/strong> ha compiuto gli studi musicali presso il Conservatorio di Rovigo (organo, pianoforte, clavicembalo, didattica della musica). Si \u00e8 specializzato nel repertorio per organo e clavicembalo e nella prassi del basso continuo con i maestri G. Morini, A. Marcon, C. Standbrige, A. Curtis, T. Koopman. Interessato alla vocalit\u00e0 rinascimentale e barocca, ha seguito i corsi promossi dal Centro Ricerca Vocale di Venezia. Ha svolto attivit\u00e0 didattica nel campo della musica antica e in diversi istituti e conservatori italiani. Da tempo si dedica all&#8217;attivit\u00e0 concertistica in Italia e all&#8217;estero come solista e direttore. Collabora in qualit\u00e0 di continuista con alcuni fra i pi\u00f9 importanti gruppi italiani (Cappella Ducale Venetia, Stagione Armonica, Athestis Chorus). Ha al suo attivo registrazioni discografiche, radiofoniche e televisive in Italia, Germania e Svizzera. Da segnalare l&#8217;edizione discografica della musica sacra inedita di Giacomo Carissimi e della scuola romana coeva, realizzata con il Consortium Carissimi di cui \u00e8 direttore artistico dal 1996.<\/p>\n<p>Organista e clavicembalista veronese,&nbsp; <strong>Marco Vincenzi<\/strong> si \u00e8 diplomato nel 1984 con il massimo dei voti in&nbsp;Organo e Composizione organistica al Conservatorio di Verona, sotto la guida di U. Forni, e nel 1989 con il massimo dei voti in Clavicembalo al Conservatorio di Mantova, sotto la guida di S. Vartolo. Ha seguito vari corsi di interpretazione e perfezionamento con importanti musicisti. Svolge intensa attivit\u00e0 concertistica in qualit\u00e0 di solista e di direttore e concertatore in diverse formazioni cameristiche barocche. Suona in tutta Italia e in diversi paesi europei, in Messico, in Russia e negli Stati Uniti. Attivo nella ricerca con edizioni e pubblicazioni di carattere storico e musicologico, ha partecipato attivamente al recupero di antichi strumenti da tasto come organi e pianoforti (\u201cfortepiani\u201d). Ha riscosso apprezzati riconoscimenti di critica e di pubblico sia per la tecnica esecutiva sia per le capacit\u00e0 interpretative ed espressive. Ha partecipato a registrazioni televisive (RAI e altre emittenti locali) e vanta incisioni discografiche, sia in formazione sia come solista di&nbsp;organo&nbsp;e clavicembalo. Ha insegnato nei Conservatori di Musica di Sassari, Adria, Rovigo, Potenza. Vincitore di cattedra, \u00e8 attualmente docente di Clavicembalo presso il Conservatorio Statale di musica \u201cF.E. Dall\u2019Abaco\u201d di Verona. \u00c8 organista sullo storico&nbsp;organo&nbsp;\u201cDe Lorenzi\u201d della parrocchiale di Pescantina (VR).<\/p>\n<p><strong>L\u2019ingresso \u00e8 libero e gratuito fino ad esaurimento dei posti.<\/strong><\/p>\n<p><strong><br \/>Ufficio stampa XVI Rassegna Musicale: <br \/>Studio P.R.P.<\/strong><br \/>Alessandra Canella<br \/>tel. 049.8753166 <br \/>canella@studiopierrepi.it<br \/>&nbsp;&nbsp; &nbsp;<br \/><strong>Per informazioni:<br \/>Fondazione Cassa di Risparmio di Padova e Rovigo<\/strong><br \/>tel. 049 8234800 (int. 3)<br \/>info@fondazionecariparo.it<br \/>&nbsp;<\/p>\n","protected":false},"excerpt":{"rendered":"<p>Il Polifonico citt\u00e0 di Rovigo propone un percorso musicale attraverso la passione e la resurrezione di Cristo. Venerd\u00ec 5 marzo a Trebaseleghe (PD), importante appuntamento con la XVI Rassegna musicale promossa dalla Fondazione Cassa di Risparmio di Padova e Rovigo.<\/p>\n","protected":false},"author":10,"featured_media":0,"comment_status":"open","ping_status":"open","sticky":false,"template":"","format":"standard","meta":{"cybocfi_hide_featured_image":"","footnotes":""},"categories":[42],"tags":[],"class_list":["post-4282","post","type-post","status-publish","format-standard","hentry","category-musica"],"yoast_head":"<!-- This site is optimized with the Yoast SEO plugin v27.0 - https:\/\/yoast.com\/product\/yoast-seo-wordpress\/ -->\n<title>Il Polifonico citt\u00e0 di Rovigo: la passione e la resurrezione di Cristo. - Article Marketing<\/title>\n<meta name=\"robots\" content=\"index, follow, max-snippet:-1, max-image-preview:large, max-video-preview:-1\" \/>\n<link rel=\"canonical\" href=\"https:\/\/www.article-marketing.eu\/comunicati\/arte-e-cultura\/musica\/il-polifonico-citt?-di-rovigo-la-passione-e-la-resurrezione-di-cristo\/\" \/>\n<meta property=\"og:locale\" content=\"it_IT\" \/>\n<meta property=\"og:type\" content=\"article\" \/>\n<meta property=\"og:title\" content=\"Il Polifonico citt\u00e0 di Rovigo: la passione e la resurrezione di Cristo. - Article Marketing\" \/>\n<meta property=\"og:description\" content=\"Il Polifonico citt\u00e0 di Rovigo propone un percorso musicale attraverso la passione e la resurrezione di Cristo. Venerd\u00ec 5 marzo a Trebaseleghe (PD), importante appuntamento con la XVI Rassegna musicale promossa dalla Fondazione Cassa di Risparmio di Padova e Rovigo.\" \/>\n<meta property=\"og:url\" content=\"\" \/>\n<meta property=\"og:site_name\" content=\"Article Marketing\" \/>\n<meta property=\"article:published_time\" content=\"2010-03-02T09:06:04+00:00\" \/>\n<meta name=\"author\" content=\"Redazione Comunicati Stampa\" \/>\n<meta name=\"twitter:card\" content=\"summary_large_image\" \/>\n<meta name=\"twitter:label1\" content=\"Scritto da\" \/>\n\t<meta name=\"twitter:data1\" content=\"Redazione Comunicati Stampa\" \/>\n\t<meta name=\"twitter:label2\" content=\"Tempo di lettura stimato\" \/>\n\t<meta name=\"twitter:data2\" content=\"4 minuti\" \/>\n<script type=\"application\/ld+json\" class=\"yoast-schema-graph\">{\"@context\":\"https:\/\/schema.org\",\"@graph\":[{\"@type\":\"Article\",\"@id\":\"https:\/\/www.article-marketing.eu\/comunicati\/arte-e-cultura\/musica\/il-polifonico-citt%e0-di-rovigo-la-passione-e-la-resurrezione-di-cristo\/#article\",\"isPartOf\":{\"@id\":\"https:\/\/www.article-marketing.eu\/comunicati\/arte-e-cultura\/musica\/il-polifonico-citt%e0-di-rovigo-la-passione-e-la-resurrezione-di-cristo\/\"},\"author\":{\"name\":\"Redazione Comunicati Stampa\",\"@id\":\"https:\/\/www.article-marketing.eu\/comunicati\/#\/schema\/person\/44372e4d4d0fa797b18e03ed1ace9017\"},\"headline\":\"Il Polifonico citt\u00e0 di Rovigo: la passione e la resurrezione di Cristo.\",\"datePublished\":\"2010-03-02T09:06:04+00:00\",\"mainEntityOfPage\":{\"@id\":\"https:\/\/www.article-marketing.eu\/comunicati\/arte-e-cultura\/musica\/il-polifonico-citt%e0-di-rovigo-la-passione-e-la-resurrezione-di-cristo\/\"},\"wordCount\":819,\"commentCount\":0,\"articleSection\":[\"Musica\"],\"inLanguage\":\"it-IT\",\"potentialAction\":[{\"@type\":\"CommentAction\",\"name\":\"Comment\",\"target\":[\"https:\/\/www.article-marketing.eu\/comunicati\/arte-e-cultura\/musica\/il-polifonico-citt%e0-di-rovigo-la-passione-e-la-resurrezione-di-cristo\/#respond\"]}]},{\"@type\":\"WebPage\",\"@id\":\"https:\/\/www.article-marketing.eu\/comunicati\/arte-e-cultura\/musica\/il-polifonico-citt%e0-di-rovigo-la-passione-e-la-resurrezione-di-cristo\/\",\"url\":\"https:\/\/www.article-marketing.eu\/comunicati\/arte-e-cultura\/musica\/il-polifonico-citt%e0-di-rovigo-la-passione-e-la-resurrezione-di-cristo\/\",\"name\":\"Il Polifonico citt\u00e0 di Rovigo: la passione e la resurrezione di Cristo. - Article Marketing\",\"isPartOf\":{\"@id\":\"https:\/\/www.article-marketing.eu\/comunicati\/#website\"},\"datePublished\":\"2010-03-02T09:06:04+00:00\",\"author\":{\"@id\":\"https:\/\/www.article-marketing.eu\/comunicati\/#\/schema\/person\/44372e4d4d0fa797b18e03ed1ace9017\"},\"breadcrumb\":{\"@id\":\"https:\/\/www.article-marketing.eu\/comunicati\/arte-e-cultura\/musica\/il-polifonico-citt%e0-di-rovigo-la-passione-e-la-resurrezione-di-cristo\/#breadcrumb\"},\"inLanguage\":\"it-IT\",\"potentialAction\":[{\"@type\":\"ReadAction\",\"target\":[\"https:\/\/www.article-marketing.eu\/comunicati\/arte-e-cultura\/musica\/il-polifonico-citt%e0-di-rovigo-la-passione-e-la-resurrezione-di-cristo\/\"]}]},{\"@type\":\"BreadcrumbList\",\"@id\":\"https:\/\/www.article-marketing.eu\/comunicati\/arte-e-cultura\/musica\/il-polifonico-citt%e0-di-rovigo-la-passione-e-la-resurrezione-di-cristo\/#breadcrumb\",\"itemListElement\":[{\"@type\":\"ListItem\",\"position\":1,\"name\":\"Home\",\"item\":\"https:\/\/www.article-marketing.eu\/comunicati\/\"},{\"@type\":\"ListItem\",\"position\":2,\"name\":\"Il Polifonico citt\u00e0 di Rovigo: la passione e la resurrezione di Cristo.\"}]},{\"@type\":\"WebSite\",\"@id\":\"https:\/\/www.article-marketing.eu\/comunicati\/#website\",\"url\":\"https:\/\/www.article-marketing.eu\/comunicati\/\",\"name\":\"Article Marketing\",\"description\":\"article marketing &amp; press release\",\"potentialAction\":[{\"@type\":\"SearchAction\",\"target\":{\"@type\":\"EntryPoint\",\"urlTemplate\":\"https:\/\/www.article-marketing.eu\/comunicati\/?s={search_term_string}\"},\"query-input\":{\"@type\":\"PropertyValueSpecification\",\"valueRequired\":true,\"valueName\":\"search_term_string\"}}],\"inLanguage\":\"it-IT\"},{\"@type\":\"Person\",\"@id\":\"https:\/\/www.article-marketing.eu\/comunicati\/#\/schema\/person\/44372e4d4d0fa797b18e03ed1ace9017\",\"name\":\"Redazione Comunicati Stampa\",\"image\":{\"@type\":\"ImageObject\",\"inLanguage\":\"it-IT\",\"@id\":\"https:\/\/www.article-marketing.eu\/comunicati\/#\/schema\/person\/image\/\",\"url\":\"https:\/\/secure.gravatar.com\/avatar\/50e5c6421d3072f42e7ace803501602c60d75233d34e29fd05feb91c8760b792?s=96&d=mm&r=g\",\"contentUrl\":\"https:\/\/secure.gravatar.com\/avatar\/50e5c6421d3072f42e7ace803501602c60d75233d34e29fd05feb91c8760b792?s=96&d=mm&r=g\",\"caption\":\"Redazione Comunicati Stampa\"},\"url\":\"https:\/\/www.article-marketing.eu\/comunicati\/author\/redazione-comunicati-stampa\/\"}]}<\/script>\n<!-- \/ Yoast SEO plugin. -->","yoast_head_json":{"title":"Il Polifonico citt\u00e0 di Rovigo: la passione e la resurrezione di Cristo. - Article Marketing","robots":{"index":"index","follow":"follow","max-snippet":"max-snippet:-1","max-image-preview":"max-image-preview:large","max-video-preview":"max-video-preview:-1"},"canonical":"https:\/\/www.article-marketing.eu\/comunicati\/arte-e-cultura\/musica\/il-polifonico-citt?-di-rovigo-la-passione-e-la-resurrezione-di-cristo\/","og_locale":"it_IT","og_type":"article","og_title":"Il Polifonico citt\u00e0 di Rovigo: la passione e la resurrezione di Cristo. - Article Marketing","og_description":"Il Polifonico citt\u00e0 di Rovigo propone un percorso musicale attraverso la passione e la resurrezione di Cristo. Venerd\u00ec 5 marzo a Trebaseleghe (PD), importante appuntamento con la XVI Rassegna musicale promossa dalla Fondazione Cassa di Risparmio di Padova e Rovigo.","og_url":"https:\/\/www.article-marketing.eu\/comunicati\/arte-e-cultura\/musica\/il-polifonico-citt?-di-rovigo-la-passione-e-la-resurrezione-di-cristo\/","og_site_name":"Article Marketing","article_published_time":"2010-03-02T09:06:04+00:00","author":"Redazione Comunicati Stampa","twitter_card":"summary_large_image","twitter_misc":{"Scritto da":"Redazione Comunicati Stampa","Tempo di lettura stimato":"4 minuti"},"schema":{"@context":"https:\/\/schema.org","@graph":[{"@type":"Article","@id":"https:\/\/www.article-marketing.eu\/comunicati\/arte-e-cultura\/musica\/il-polifonico-citt%e0-di-rovigo-la-passione-e-la-resurrezione-di-cristo\/#article","isPartOf":{"@id":"https:\/\/www.article-marketing.eu\/comunicati\/arte-e-cultura\/musica\/il-polifonico-citt%e0-di-rovigo-la-passione-e-la-resurrezione-di-cristo\/"},"author":{"name":"Redazione Comunicati Stampa","@id":"https:\/\/www.article-marketing.eu\/comunicati\/#\/schema\/person\/44372e4d4d0fa797b18e03ed1ace9017"},"headline":"Il Polifonico citt\u00e0 di Rovigo: la passione e la resurrezione di Cristo.","datePublished":"2010-03-02T09:06:04+00:00","mainEntityOfPage":{"@id":"https:\/\/www.article-marketing.eu\/comunicati\/arte-e-cultura\/musica\/il-polifonico-citt%e0-di-rovigo-la-passione-e-la-resurrezione-di-cristo\/"},"wordCount":819,"commentCount":0,"articleSection":["Musica"],"inLanguage":"it-IT","potentialAction":[{"@type":"CommentAction","name":"Comment","target":["https:\/\/www.article-marketing.eu\/comunicati\/arte-e-cultura\/musica\/il-polifonico-citt%e0-di-rovigo-la-passione-e-la-resurrezione-di-cristo\/#respond"]}]},{"@type":"WebPage","@id":"https:\/\/www.article-marketing.eu\/comunicati\/arte-e-cultura\/musica\/il-polifonico-citt%e0-di-rovigo-la-passione-e-la-resurrezione-di-cristo\/","url":"https:\/\/www.article-marketing.eu\/comunicati\/arte-e-cultura\/musica\/il-polifonico-citt%e0-di-rovigo-la-passione-e-la-resurrezione-di-cristo\/","name":"Il Polifonico citt\u00e0 di Rovigo: la passione e la resurrezione di Cristo. - Article Marketing","isPartOf":{"@id":"https:\/\/www.article-marketing.eu\/comunicati\/#website"},"datePublished":"2010-03-02T09:06:04+00:00","author":{"@id":"https:\/\/www.article-marketing.eu\/comunicati\/#\/schema\/person\/44372e4d4d0fa797b18e03ed1ace9017"},"breadcrumb":{"@id":"https:\/\/www.article-marketing.eu\/comunicati\/arte-e-cultura\/musica\/il-polifonico-citt%e0-di-rovigo-la-passione-e-la-resurrezione-di-cristo\/#breadcrumb"},"inLanguage":"it-IT","potentialAction":[{"@type":"ReadAction","target":["https:\/\/www.article-marketing.eu\/comunicati\/arte-e-cultura\/musica\/il-polifonico-citt%e0-di-rovigo-la-passione-e-la-resurrezione-di-cristo\/"]}]},{"@type":"BreadcrumbList","@id":"https:\/\/www.article-marketing.eu\/comunicati\/arte-e-cultura\/musica\/il-polifonico-citt%e0-di-rovigo-la-passione-e-la-resurrezione-di-cristo\/#breadcrumb","itemListElement":[{"@type":"ListItem","position":1,"name":"Home","item":"https:\/\/www.article-marketing.eu\/comunicati\/"},{"@type":"ListItem","position":2,"name":"Il Polifonico citt\u00e0 di Rovigo: la passione e la resurrezione di Cristo."}]},{"@type":"WebSite","@id":"https:\/\/www.article-marketing.eu\/comunicati\/#website","url":"https:\/\/www.article-marketing.eu\/comunicati\/","name":"Article Marketing","description":"article marketing &amp; press release","potentialAction":[{"@type":"SearchAction","target":{"@type":"EntryPoint","urlTemplate":"https:\/\/www.article-marketing.eu\/comunicati\/?s={search_term_string}"},"query-input":{"@type":"PropertyValueSpecification","valueRequired":true,"valueName":"search_term_string"}}],"inLanguage":"it-IT"},{"@type":"Person","@id":"https:\/\/www.article-marketing.eu\/comunicati\/#\/schema\/person\/44372e4d4d0fa797b18e03ed1ace9017","name":"Redazione Comunicati Stampa","image":{"@type":"ImageObject","inLanguage":"it-IT","@id":"https:\/\/www.article-marketing.eu\/comunicati\/#\/schema\/person\/image\/","url":"https:\/\/secure.gravatar.com\/avatar\/50e5c6421d3072f42e7ace803501602c60d75233d34e29fd05feb91c8760b792?s=96&d=mm&r=g","contentUrl":"https:\/\/secure.gravatar.com\/avatar\/50e5c6421d3072f42e7ace803501602c60d75233d34e29fd05feb91c8760b792?s=96&d=mm&r=g","caption":"Redazione Comunicati Stampa"},"url":"https:\/\/www.article-marketing.eu\/comunicati\/author\/redazione-comunicati-stampa\/"}]}},"_links":{"self":[{"href":"https:\/\/www.article-marketing.eu\/comunicati\/wp-json\/wp\/v2\/posts\/4282","targetHints":{"allow":["GET"]}}],"collection":[{"href":"https:\/\/www.article-marketing.eu\/comunicati\/wp-json\/wp\/v2\/posts"}],"about":[{"href":"https:\/\/www.article-marketing.eu\/comunicati\/wp-json\/wp\/v2\/types\/post"}],"author":[{"embeddable":true,"href":"https:\/\/www.article-marketing.eu\/comunicati\/wp-json\/wp\/v2\/users\/10"}],"replies":[{"embeddable":true,"href":"https:\/\/www.article-marketing.eu\/comunicati\/wp-json\/wp\/v2\/comments?post=4282"}],"version-history":[{"count":0,"href":"https:\/\/www.article-marketing.eu\/comunicati\/wp-json\/wp\/v2\/posts\/4282\/revisions"}],"wp:attachment":[{"href":"https:\/\/www.article-marketing.eu\/comunicati\/wp-json\/wp\/v2\/media?parent=4282"}],"wp:term":[{"taxonomy":"category","embeddable":true,"href":"https:\/\/www.article-marketing.eu\/comunicati\/wp-json\/wp\/v2\/categories?post=4282"},{"taxonomy":"post_tag","embeddable":true,"href":"https:\/\/www.article-marketing.eu\/comunicati\/wp-json\/wp\/v2\/tags?post=4282"}],"curies":[{"name":"wp","href":"https:\/\/api.w.org\/{rel}","templated":true}]}}