{"id":4285,"date":"2010-03-02T16:56:24","date_gmt":"2010-03-02T15:56:24","guid":{"rendered":"http:\/\/www.article-marketing.eu\/comunicati\/senza-categoria\/fedi-nuziali-per-il-vostro-matrimonio\/"},"modified":"2018-07-10T05:26:05","modified_gmt":"2018-07-10T03:26:05","slug":"fedi-nuziali-per-il-vostro-matrimonio","status":"publish","type":"post","link":"https:\/\/www.article-marketing.eu\/comunicati\/societa\/abbigliamento\/fedi-nuziali-per-il-vostro-matrimonio\/","title":{"rendered":"Fedi nuziali per il vostro matrimonio"},"content":{"rendered":"<p>&nbsp;<\/p>\n<p>&nbsp;<\/p>\n<p><strong><\/strong><\/p>\n<p>&nbsp;<\/p>\n<p>&nbsp;<\/p>\n<p>&nbsp;<\/p>\n<p><strong>Gioielleriaoropi\u00f9 <\/strong>di SERRADURA Daniele vi offre una vasta scelta di fedi nuziali con o senza diamanti in oro giallo, oro bianco, oro rosa e anche bicolore con prezzi altamente competitivi.<\/p>\n<p>&nbsp;<\/p>\n<p>Nel nostro negozio a solagna(VI) o nel nostro sito e-commerce &nbsp;www.gioiellerieoropiu.it troverete anelli di fidanzamento e fedi nuziali delle migliori marche come polello, carlo pignatelli, unoaerre e troverete anche un vasto assortimento di tutte le fedi classiche(la francesina, la normale, la mantovana, la piatta, la comoda) e potete scegliere il colore della fede che vi piace di pi\u00f9.<\/p>\n<p>&nbsp;<\/p>\n<p>Gioielleriaoropi\u00f9 vi da la possibilit\u00e0 di scegliere tra svariati gioielli per la sposa di alta qualit\u00e0 e dal design innovativo e sempre alla moda per rendere il vostro matrimonio pi\u00f9 prezioso e unico con la semplicit\u00e0 e l&#8217;eleganza dei nostri gioielli.<\/p>\n<p>&nbsp;<\/p>\n<p>&nbsp;Da noi troverete anche i gioielli di nostra produzione, quelli di Mirco Visconti e molti altri ancora : ciondoli e croci da donna e uomo, orecchini, bracciali e collier per tutte le occasioni, gioielli con diamanti e con perle, troverete inoltre le collezioni di Giovanni Raspini con i suoi gioielli in argento che riescono a stupire ogni volta per la loro raffinata bellezza, orologi delle migliori marche come Breil, Dolce e Gabbana, Chronotech, Seiko, Guess e molto altro. <\/p>\n<p>&nbsp;<\/p>\n<p>I nostri servizi : <\/p>\n<p>&nbsp; * Realizzazione gioielli personalizzati ;<\/p>\n<p>&nbsp; * Riparazioni su gioielli e orologi ;<\/p>\n<p>&nbsp; * Infilatura perle incisioni su bracciali e fedi ;<\/p>\n<p>&nbsp; * Foto incisione su medaglie ;<\/p>\n<p>&nbsp; * <strong>Acquisto<\/strong> <strong>oro<\/strong> <strong>con<\/strong> <strong>la<\/strong> <strong>massima<\/strong> <strong>valutazione<\/strong>.<\/p>\n<p>&nbsp;<\/p>\n<p>Venite a visitarci in negozio a solagna o on line via il nostro sito e-commerce www.gioielleriaoropiu.it troverete tutto quello che state cercando. Vi aspettiamo!!!<\/p>\n<p>&nbsp;<\/p>\n<p>&nbsp;<\/p>\n<p>&nbsp;Gioielleria Oropi\u00f9 di SERRADURA Daniele Via codogno, 34 &nbsp;36020-solagna(VI)<\/p>\n<p>&nbsp;Tel \/ Fax : 0424 817771<\/p>\n<p>&nbsp;E-mail : info@gioielleriaoropiu.it<\/p>\n<p>www.gioielleriaoropiu.it<\/p>\n","protected":false},"excerpt":{"rendered":"<p>Il matrimonio dopo l&#8217;amore \u00e8 la realizzazione di un bel sogno&#8230;<br \/>\nRendilo ancora pi\u00f9 prszioso e unico con la semplicit\u00e0 delle nostre fedi.<\/p>\n","protected":false},"author":10,"featured_media":0,"comment_status":"open","ping_status":"open","sticky":false,"template":"","format":"standard","meta":{"cybocfi_hide_featured_image":"","footnotes":""},"categories":[3429],"tags":[12611,12615,8610,12608,3941,3942,12609,12614,12612,12613,8518,11664,12610],"class_list":["post-4285","post","type-post","status-publish","format-standard","hentry","category-abbigliamento","tag-fede","tag-fede-bicolore","tag-fedi","tag-fedi-classiche","tag-fedi-matrimoniali","tag-fedi-nuziali","tag-fedi-polello","tag-la-francesina","tag-la-mantovana","tag-la-normale","tag-oro-bianco","tag-oro-giallo","tag-polello-fedi"],"yoast_head":"<!-- This site is optimized with the Yoast SEO plugin v27.0 - https:\/\/yoast.com\/product\/yoast-seo-wordpress\/ -->\n<title>Fedi nuziali per il vostro matrimonio - Article Marketing<\/title>\n<meta name=\"robots\" content=\"index, follow, max-snippet:-1, max-image-preview:large, max-video-preview:-1\" \/>\n<link rel=\"canonical\" href=\"https:\/\/www.article-marketing.eu\/comunicati\/societa\/abbigliamento\/fedi-nuziali-per-il-vostro-matrimonio\/\" \/>\n<meta property=\"og:locale\" content=\"it_IT\" \/>\n<meta property=\"og:type\" content=\"article\" \/>\n<meta property=\"og:title\" content=\"Fedi nuziali per il vostro matrimonio - Article Marketing\" \/>\n<meta property=\"og:description\" content=\"Il matrimonio dopo l&#039;amore \u00e8 la realizzazione di un bel sogno... Rendilo ancora pi\u00f9 prszioso e unico con la semplicit\u00e0 delle nostre fedi.\" \/>\n<meta property=\"og:url\" content=\"https:\/\/www.article-marketing.eu\/comunicati\/societa\/abbigliamento\/fedi-nuziali-per-il-vostro-matrimonio\/\" \/>\n<meta property=\"og:site_name\" content=\"Article Marketing\" \/>\n<meta property=\"article:published_time\" content=\"2010-03-02T15:56:24+00:00\" \/>\n<meta property=\"article:modified_time\" content=\"2018-07-10T03:26:05+00:00\" \/>\n<meta name=\"author\" content=\"Redazione Comunicati Stampa\" \/>\n<meta name=\"twitter:card\" content=\"summary_large_image\" \/>\n<meta name=\"twitter:label1\" content=\"Scritto da\" \/>\n\t<meta name=\"twitter:data1\" content=\"Redazione Comunicati Stampa\" \/>\n\t<meta name=\"twitter:label2\" content=\"Tempo di lettura stimato\" \/>\n\t<meta name=\"twitter:data2\" content=\"2 minuti\" \/>\n<script type=\"application\/ld+json\" class=\"yoast-schema-graph\">{\"@context\":\"https:\/\/schema.org\",\"@graph\":[{\"@type\":\"Article\",\"@id\":\"https:\/\/www.article-marketing.eu\/comunicati\/societa\/abbigliamento\/fedi-nuziali-per-il-vostro-matrimonio\/#article\",\"isPartOf\":{\"@id\":\"https:\/\/www.article-marketing.eu\/comunicati\/societa\/abbigliamento\/fedi-nuziali-per-il-vostro-matrimonio\/\"},\"author\":{\"name\":\"Redazione Comunicati Stampa\",\"@id\":\"https:\/\/www.article-marketing.eu\/comunicati\/#\/schema\/person\/44372e4d4d0fa797b18e03ed1ace9017\"},\"headline\":\"Fedi nuziali per il vostro matrimonio\",\"datePublished\":\"2010-03-02T15:56:24+00:00\",\"dateModified\":\"2018-07-10T03:26:05+00:00\",\"mainEntityOfPage\":{\"@id\":\"https:\/\/www.article-marketing.eu\/comunicati\/societa\/abbigliamento\/fedi-nuziali-per-il-vostro-matrimonio\/\"},\"wordCount\":311,\"commentCount\":0,\"keywords\":[\"fede\",\"fede bicolore\",\"fedi\",\"fedi classiche\",\"fedi matrimoniali\",\"fedi nuziali\",\"fedi polello\",\"la francesina\",\"la mantovana\",\"la normale\",\"oro bianco\",\"oro giallo\",\"polello fedi\"],\"articleSection\":[\"Abbigliamento e accessori\"],\"inLanguage\":\"it-IT\",\"potentialAction\":[{\"@type\":\"CommentAction\",\"name\":\"Comment\",\"target\":[\"https:\/\/www.article-marketing.eu\/comunicati\/societa\/abbigliamento\/fedi-nuziali-per-il-vostro-matrimonio\/#respond\"]}]},{\"@type\":\"WebPage\",\"@id\":\"https:\/\/www.article-marketing.eu\/comunicati\/societa\/abbigliamento\/fedi-nuziali-per-il-vostro-matrimonio\/\",\"url\":\"https:\/\/www.article-marketing.eu\/comunicati\/societa\/abbigliamento\/fedi-nuziali-per-il-vostro-matrimonio\/\",\"name\":\"Fedi nuziali per il vostro matrimonio - Article Marketing\",\"isPartOf\":{\"@id\":\"https:\/\/www.article-marketing.eu\/comunicati\/#website\"},\"datePublished\":\"2010-03-02T15:56:24+00:00\",\"dateModified\":\"2018-07-10T03:26:05+00:00\",\"author\":{\"@id\":\"https:\/\/www.article-marketing.eu\/comunicati\/#\/schema\/person\/44372e4d4d0fa797b18e03ed1ace9017\"},\"breadcrumb\":{\"@id\":\"https:\/\/www.article-marketing.eu\/comunicati\/societa\/abbigliamento\/fedi-nuziali-per-il-vostro-matrimonio\/#breadcrumb\"},\"inLanguage\":\"it-IT\",\"potentialAction\":[{\"@type\":\"ReadAction\",\"target\":[\"https:\/\/www.article-marketing.eu\/comunicati\/societa\/abbigliamento\/fedi-nuziali-per-il-vostro-matrimonio\/\"]}]},{\"@type\":\"BreadcrumbList\",\"@id\":\"https:\/\/www.article-marketing.eu\/comunicati\/societa\/abbigliamento\/fedi-nuziali-per-il-vostro-matrimonio\/#breadcrumb\",\"itemListElement\":[{\"@type\":\"ListItem\",\"position\":1,\"name\":\"Home\",\"item\":\"https:\/\/www.article-marketing.eu\/comunicati\/\"},{\"@type\":\"ListItem\",\"position\":2,\"name\":\"Fedi nuziali per il vostro matrimonio\"}]},{\"@type\":\"WebSite\",\"@id\":\"https:\/\/www.article-marketing.eu\/comunicati\/#website\",\"url\":\"https:\/\/www.article-marketing.eu\/comunicati\/\",\"name\":\"Article Marketing\",\"description\":\"article marketing &amp; press release\",\"potentialAction\":[{\"@type\":\"SearchAction\",\"target\":{\"@type\":\"EntryPoint\",\"urlTemplate\":\"https:\/\/www.article-marketing.eu\/comunicati\/?s={search_term_string}\"},\"query-input\":{\"@type\":\"PropertyValueSpecification\",\"valueRequired\":true,\"valueName\":\"search_term_string\"}}],\"inLanguage\":\"it-IT\"},{\"@type\":\"Person\",\"@id\":\"https:\/\/www.article-marketing.eu\/comunicati\/#\/schema\/person\/44372e4d4d0fa797b18e03ed1ace9017\",\"name\":\"Redazione Comunicati Stampa\",\"image\":{\"@type\":\"ImageObject\",\"inLanguage\":\"it-IT\",\"@id\":\"https:\/\/www.article-marketing.eu\/comunicati\/#\/schema\/person\/image\/\",\"url\":\"https:\/\/secure.gravatar.com\/avatar\/50e5c6421d3072f42e7ace803501602c60d75233d34e29fd05feb91c8760b792?s=96&d=mm&r=g\",\"contentUrl\":\"https:\/\/secure.gravatar.com\/avatar\/50e5c6421d3072f42e7ace803501602c60d75233d34e29fd05feb91c8760b792?s=96&d=mm&r=g\",\"caption\":\"Redazione Comunicati Stampa\"},\"url\":\"https:\/\/www.article-marketing.eu\/comunicati\/author\/redazione-comunicati-stampa\/\"}]}<\/script>\n<!-- \/ Yoast SEO plugin. -->","yoast_head_json":{"title":"Fedi nuziali per il vostro matrimonio - Article Marketing","robots":{"index":"index","follow":"follow","max-snippet":"max-snippet:-1","max-image-preview":"max-image-preview:large","max-video-preview":"max-video-preview:-1"},"canonical":"https:\/\/www.article-marketing.eu\/comunicati\/societa\/abbigliamento\/fedi-nuziali-per-il-vostro-matrimonio\/","og_locale":"it_IT","og_type":"article","og_title":"Fedi nuziali per il vostro matrimonio - Article Marketing","og_description":"Il matrimonio dopo l'amore \u00e8 la realizzazione di un bel sogno... Rendilo ancora pi\u00f9 prszioso e unico con la semplicit\u00e0 delle nostre fedi.","og_url":"https:\/\/www.article-marketing.eu\/comunicati\/societa\/abbigliamento\/fedi-nuziali-per-il-vostro-matrimonio\/","og_site_name":"Article Marketing","article_published_time":"2010-03-02T15:56:24+00:00","article_modified_time":"2018-07-10T03:26:05+00:00","author":"Redazione Comunicati Stampa","twitter_card":"summary_large_image","twitter_misc":{"Scritto da":"Redazione Comunicati Stampa","Tempo di lettura stimato":"2 minuti"},"schema":{"@context":"https:\/\/schema.org","@graph":[{"@type":"Article","@id":"https:\/\/www.article-marketing.eu\/comunicati\/societa\/abbigliamento\/fedi-nuziali-per-il-vostro-matrimonio\/#article","isPartOf":{"@id":"https:\/\/www.article-marketing.eu\/comunicati\/societa\/abbigliamento\/fedi-nuziali-per-il-vostro-matrimonio\/"},"author":{"name":"Redazione Comunicati Stampa","@id":"https:\/\/www.article-marketing.eu\/comunicati\/#\/schema\/person\/44372e4d4d0fa797b18e03ed1ace9017"},"headline":"Fedi nuziali per il vostro matrimonio","datePublished":"2010-03-02T15:56:24+00:00","dateModified":"2018-07-10T03:26:05+00:00","mainEntityOfPage":{"@id":"https:\/\/www.article-marketing.eu\/comunicati\/societa\/abbigliamento\/fedi-nuziali-per-il-vostro-matrimonio\/"},"wordCount":311,"commentCount":0,"keywords":["fede","fede bicolore","fedi","fedi classiche","fedi matrimoniali","fedi nuziali","fedi polello","la francesina","la mantovana","la normale","oro bianco","oro giallo","polello fedi"],"articleSection":["Abbigliamento e accessori"],"inLanguage":"it-IT","potentialAction":[{"@type":"CommentAction","name":"Comment","target":["https:\/\/www.article-marketing.eu\/comunicati\/societa\/abbigliamento\/fedi-nuziali-per-il-vostro-matrimonio\/#respond"]}]},{"@type":"WebPage","@id":"https:\/\/www.article-marketing.eu\/comunicati\/societa\/abbigliamento\/fedi-nuziali-per-il-vostro-matrimonio\/","url":"https:\/\/www.article-marketing.eu\/comunicati\/societa\/abbigliamento\/fedi-nuziali-per-il-vostro-matrimonio\/","name":"Fedi nuziali per il vostro matrimonio - Article Marketing","isPartOf":{"@id":"https:\/\/www.article-marketing.eu\/comunicati\/#website"},"datePublished":"2010-03-02T15:56:24+00:00","dateModified":"2018-07-10T03:26:05+00:00","author":{"@id":"https:\/\/www.article-marketing.eu\/comunicati\/#\/schema\/person\/44372e4d4d0fa797b18e03ed1ace9017"},"breadcrumb":{"@id":"https:\/\/www.article-marketing.eu\/comunicati\/societa\/abbigliamento\/fedi-nuziali-per-il-vostro-matrimonio\/#breadcrumb"},"inLanguage":"it-IT","potentialAction":[{"@type":"ReadAction","target":["https:\/\/www.article-marketing.eu\/comunicati\/societa\/abbigliamento\/fedi-nuziali-per-il-vostro-matrimonio\/"]}]},{"@type":"BreadcrumbList","@id":"https:\/\/www.article-marketing.eu\/comunicati\/societa\/abbigliamento\/fedi-nuziali-per-il-vostro-matrimonio\/#breadcrumb","itemListElement":[{"@type":"ListItem","position":1,"name":"Home","item":"https:\/\/www.article-marketing.eu\/comunicati\/"},{"@type":"ListItem","position":2,"name":"Fedi nuziali per il vostro matrimonio"}]},{"@type":"WebSite","@id":"https:\/\/www.article-marketing.eu\/comunicati\/#website","url":"https:\/\/www.article-marketing.eu\/comunicati\/","name":"Article Marketing","description":"article marketing &amp; press release","potentialAction":[{"@type":"SearchAction","target":{"@type":"EntryPoint","urlTemplate":"https:\/\/www.article-marketing.eu\/comunicati\/?s={search_term_string}"},"query-input":{"@type":"PropertyValueSpecification","valueRequired":true,"valueName":"search_term_string"}}],"inLanguage":"it-IT"},{"@type":"Person","@id":"https:\/\/www.article-marketing.eu\/comunicati\/#\/schema\/person\/44372e4d4d0fa797b18e03ed1ace9017","name":"Redazione Comunicati Stampa","image":{"@type":"ImageObject","inLanguage":"it-IT","@id":"https:\/\/www.article-marketing.eu\/comunicati\/#\/schema\/person\/image\/","url":"https:\/\/secure.gravatar.com\/avatar\/50e5c6421d3072f42e7ace803501602c60d75233d34e29fd05feb91c8760b792?s=96&d=mm&r=g","contentUrl":"https:\/\/secure.gravatar.com\/avatar\/50e5c6421d3072f42e7ace803501602c60d75233d34e29fd05feb91c8760b792?s=96&d=mm&r=g","caption":"Redazione Comunicati Stampa"},"url":"https:\/\/www.article-marketing.eu\/comunicati\/author\/redazione-comunicati-stampa\/"}]}},"_links":{"self":[{"href":"https:\/\/www.article-marketing.eu\/comunicati\/wp-json\/wp\/v2\/posts\/4285","targetHints":{"allow":["GET"]}}],"collection":[{"href":"https:\/\/www.article-marketing.eu\/comunicati\/wp-json\/wp\/v2\/posts"}],"about":[{"href":"https:\/\/www.article-marketing.eu\/comunicati\/wp-json\/wp\/v2\/types\/post"}],"author":[{"embeddable":true,"href":"https:\/\/www.article-marketing.eu\/comunicati\/wp-json\/wp\/v2\/users\/10"}],"replies":[{"embeddable":true,"href":"https:\/\/www.article-marketing.eu\/comunicati\/wp-json\/wp\/v2\/comments?post=4285"}],"version-history":[{"count":4,"href":"https:\/\/www.article-marketing.eu\/comunicati\/wp-json\/wp\/v2\/posts\/4285\/revisions"}],"predecessor-version":[{"id":61512,"href":"https:\/\/www.article-marketing.eu\/comunicati\/wp-json\/wp\/v2\/posts\/4285\/revisions\/61512"}],"wp:attachment":[{"href":"https:\/\/www.article-marketing.eu\/comunicati\/wp-json\/wp\/v2\/media?parent=4285"}],"wp:term":[{"taxonomy":"category","embeddable":true,"href":"https:\/\/www.article-marketing.eu\/comunicati\/wp-json\/wp\/v2\/categories?post=4285"},{"taxonomy":"post_tag","embeddable":true,"href":"https:\/\/www.article-marketing.eu\/comunicati\/wp-json\/wp\/v2\/tags?post=4285"}],"curies":[{"name":"wp","href":"https:\/\/api.w.org\/{rel}","templated":true}]}}