{"id":4306,"date":"2010-03-04T15:06:12","date_gmt":"2010-03-04T14:06:12","guid":{"rendered":"http:\/\/www.article-marketing.eu\/comunicati\/senza-categoria\/osteria-dei-fiori-macerata\/"},"modified":"2010-03-04T15:06:12","modified_gmt":"2010-03-04T14:06:12","slug":"osteria-dei-fiori-macerata","status":"publish","type":"post","link":"https:\/\/www.article-marketing.eu\/comunicati\/tempo-libero\/osteria-dei-fiori-macerata\/","title":{"rendered":"Osteria dei fiori Macerata&#8230;."},"content":{"rendered":"<p>Recensita in tutte le maggiori guide turistiche enogastronomiche,<br \/>\nL&#8217;Osteria dei Fiori svolge la sua attivit\u00e0&nbsp; nel cuore del centro<br \/>\nstorico di <a target=\"_blank\" href=\"http:\/\/www.seratiamo.it\/macerata-e-dintorni\/locali\/7\/\">Macerata<\/a>, in uno dei vicoli pi\u00f9 suggestivi e caratteristici<br \/>\ndella citt\u00e0: via Lauro Rossi.&nbsp; Si tratta di un ristorante&nbsp; di antica<br \/>\nmemoria, all&#8217;interno del quale i&nbsp; tre fratelli Carducci propongono dal<br \/>\n1980 piatti di cucina creativa e tradizionale maceratese.&nbsp;&nbsp; In estate \u00e8<br \/>\npossibile mangiare all&#8217;aperto godendo, cos\u00ec, di una meravigliosa<br \/>\ncornice. Va poi evidenziata una particolarit\u00e0&nbsp; indicativa della qualit\u00e0<br \/>\ndei piatti proposti: il men\u00f9 cambia&nbsp; pi\u00f9 volte durante l\u2019anno, in base<br \/>\na ci\u00f2 che offre la terra nelle diverse stagioni. Inoltre,&nbsp; l&#8217;Osteria<br \/>\npropone anche un piccolo men\u00f9 degustazione intitolato &quot;I sapori della<br \/>\nnostra terra&quot;,&nbsp; piatti vegetariani e &#8211; frutto della collaborazione con<br \/>\nl&#8217;Associazione Italiana Celiachia &#8211; piatti senza glutine.<\/p>\n<p>Recensita in tutte le maggiori guide turistiche enogastronomiche,<br \/>\nL&#8217;Osteria dei Fiori svolge la sua attivit\u00e0&nbsp; nel cuore del centro<br \/>\nstorico di Macerata, in uno dei vicoli pi\u00f9 suggestivi e caratteristici<br \/>\ndella citt\u00e0: via Lauro Rossi.&nbsp; Si tratta di un ristorante&nbsp; di antica<br \/>\nmemoria, all&#8217;interno del quale i&nbsp; tre fratelli Carducci propongono dal<br \/>\n1980 piatti di cucina creativa e tradizionale maceratese.&nbsp;&nbsp; In estate \u00e8<br \/>\npossibile mangiare all&#8217;aperto godendo, cos\u00ec, di una meravigliosa<br \/>\ncornice. Va poi evidenziata una particolarit\u00e0&nbsp; indicativa della qualit\u00e0<br \/>\ndei piatti proposti: il men\u00f9 cambia&nbsp; pi\u00f9 volte durante l\u2019anno, in base<br \/>\na ci\u00f2 che offre la terra nelle diverse stagioni. Inoltre,&nbsp; l&#8217;Osteria<br \/>\npropone anche un piccolo men\u00f9 degustazione intitolato &quot;I sapori della<br \/>\nnostra terra&quot;,&nbsp; piatti vegetariani e &#8211; frutto della collaborazione con<br \/>\nl&#8217;Associazione Italiana Celiachia &#8211; piatti senza glutine. <\/p>\n<p>&nbsp;Recensita in tutte le maggiori guide turistiche enogastronomiche,<br \/>\nL&#8217;Osteria dei Fiori svolge la sua attivit\u00e0&nbsp; nel cuore del centro<br \/>\nstorico di Macerata, in uno dei vicoli pi\u00f9 suggestivi e caratteristici<br \/>\ndella citt\u00e0: via Lauro Rossi.&nbsp; Si tratta di un ristorante&nbsp; di antica<br \/>\nmemoria, all&#8217;interno del quale i&nbsp; tre fratelli Carducci propongono dal<br \/>\n1980 piatti di cucina creativa e tradizionale maceratese.&nbsp;&nbsp; In estate \u00e8<br \/>\npossibile mangiare all&#8217;aperto godendo, cos\u00ec, di una meravigliosa<br \/>\ncornice. Va poi evidenziata una particolarit\u00e0&nbsp; indicativa della qualit\u00e0<br \/>\ndei piatti proposti: il men\u00f9 cambia&nbsp; pi\u00f9 volte durante l\u2019anno, in base<br \/>\na ci\u00f2 che offre la terra nelle diverse stagioni. Inoltre,&nbsp; l&#8217;Osteria<br \/>\npropone anche un piccolo men\u00f9 degustazione intitolato &quot;I sapori della<br \/>\nnostra terra&quot;,&nbsp; piatti vegetariani e &#8211; frutto della collaborazione con<br \/>\nl&#8217;Associazione Italiana Celiachia &#8211; piatti senza glutine. <\/p>\n","protected":false},"excerpt":{"rendered":"<p>Recensita in tutte le maggiori guide  turistiche  enogastronomiche, L&#8217;Osteria dei Fiori svolge la sua  attivit\u00e0  nel cuore del centro storico di Macerata, in uno dei  vicoli pi\u00f9 suggestivi e caratteristici  della citt\u00e0: via Lauro Rossi.<\/p>\n","protected":false},"author":10,"featured_media":0,"comment_status":"open","ping_status":"open","sticky":false,"template":"","format":"standard","meta":{"cybocfi_hide_featured_image":"","footnotes":""},"categories":[295],"tags":[12661,2321],"class_list":["post-4306","post","type-post","status-publish","format-standard","hentry","category-tempo-libero","tag-macerata","tag-ristorante"],"yoast_head":"<!-- This site is optimized with the Yoast SEO plugin v27.0 - https:\/\/yoast.com\/product\/yoast-seo-wordpress\/ -->\n<title>Osteria dei fiori Macerata.... - Article Marketing<\/title>\n<meta name=\"robots\" content=\"index, follow, max-snippet:-1, max-image-preview:large, max-video-preview:-1\" \/>\n<link rel=\"canonical\" href=\"https:\/\/www.article-marketing.eu\/comunicati\/tempo-libero\/osteria-dei-fiori-macerata\/\" \/>\n<meta property=\"og:locale\" content=\"it_IT\" \/>\n<meta property=\"og:type\" content=\"article\" \/>\n<meta property=\"og:title\" content=\"Osteria dei fiori Macerata.... - Article Marketing\" \/>\n<meta property=\"og:description\" content=\"Recensita in tutte le maggiori guide turistiche enogastronomiche, L&#039;Osteria dei Fiori svolge la sua attivit\u00e0 nel cuore del centro storico di Macerata, in uno dei vicoli pi\u00f9 suggestivi e caratteristici della citt\u00e0: via Lauro Rossi.\" \/>\n<meta property=\"og:url\" content=\"https:\/\/www.article-marketing.eu\/comunicati\/tempo-libero\/osteria-dei-fiori-macerata\/\" \/>\n<meta property=\"og:site_name\" content=\"Article Marketing\" \/>\n<meta property=\"article:published_time\" content=\"2010-03-04T14:06:12+00:00\" \/>\n<meta name=\"author\" content=\"Redazione Comunicati Stampa\" \/>\n<meta name=\"twitter:card\" content=\"summary_large_image\" \/>\n<meta name=\"twitter:label1\" content=\"Scritto da\" \/>\n\t<meta name=\"twitter:data1\" content=\"Redazione Comunicati Stampa\" \/>\n\t<meta name=\"twitter:label2\" content=\"Tempo di lettura stimato\" \/>\n\t<meta name=\"twitter:data2\" content=\"2 minuti\" \/>\n<script type=\"application\/ld+json\" class=\"yoast-schema-graph\">{\"@context\":\"https:\/\/schema.org\",\"@graph\":[{\"@type\":\"Article\",\"@id\":\"https:\/\/www.article-marketing.eu\/comunicati\/tempo-libero\/osteria-dei-fiori-macerata\/#article\",\"isPartOf\":{\"@id\":\"https:\/\/www.article-marketing.eu\/comunicati\/tempo-libero\/osteria-dei-fiori-macerata\/\"},\"author\":{\"name\":\"Redazione Comunicati Stampa\",\"@id\":\"https:\/\/www.article-marketing.eu\/comunicati\/#\/schema\/person\/44372e4d4d0fa797b18e03ed1ace9017\"},\"headline\":\"Osteria dei fiori Macerata&#8230;.\",\"datePublished\":\"2010-03-04T14:06:12+00:00\",\"mainEntityOfPage\":{\"@id\":\"https:\/\/www.article-marketing.eu\/comunicati\/tempo-libero\/osteria-dei-fiori-macerata\/\"},\"wordCount\":428,\"commentCount\":0,\"keywords\":[\"macerata\",\"ristorante\"],\"articleSection\":[\"Tempo libero\"],\"inLanguage\":\"it-IT\",\"potentialAction\":[{\"@type\":\"CommentAction\",\"name\":\"Comment\",\"target\":[\"https:\/\/www.article-marketing.eu\/comunicati\/tempo-libero\/osteria-dei-fiori-macerata\/#respond\"]}]},{\"@type\":\"WebPage\",\"@id\":\"https:\/\/www.article-marketing.eu\/comunicati\/tempo-libero\/osteria-dei-fiori-macerata\/\",\"url\":\"https:\/\/www.article-marketing.eu\/comunicati\/tempo-libero\/osteria-dei-fiori-macerata\/\",\"name\":\"Osteria dei fiori Macerata.... - Article Marketing\",\"isPartOf\":{\"@id\":\"https:\/\/www.article-marketing.eu\/comunicati\/#website\"},\"datePublished\":\"2010-03-04T14:06:12+00:00\",\"author\":{\"@id\":\"https:\/\/www.article-marketing.eu\/comunicati\/#\/schema\/person\/44372e4d4d0fa797b18e03ed1ace9017\"},\"breadcrumb\":{\"@id\":\"https:\/\/www.article-marketing.eu\/comunicati\/tempo-libero\/osteria-dei-fiori-macerata\/#breadcrumb\"},\"inLanguage\":\"it-IT\",\"potentialAction\":[{\"@type\":\"ReadAction\",\"target\":[\"https:\/\/www.article-marketing.eu\/comunicati\/tempo-libero\/osteria-dei-fiori-macerata\/\"]}]},{\"@type\":\"BreadcrumbList\",\"@id\":\"https:\/\/www.article-marketing.eu\/comunicati\/tempo-libero\/osteria-dei-fiori-macerata\/#breadcrumb\",\"itemListElement\":[{\"@type\":\"ListItem\",\"position\":1,\"name\":\"Home\",\"item\":\"https:\/\/www.article-marketing.eu\/comunicati\/\"},{\"@type\":\"ListItem\",\"position\":2,\"name\":\"Osteria dei fiori Macerata&#8230;.\"}]},{\"@type\":\"WebSite\",\"@id\":\"https:\/\/www.article-marketing.eu\/comunicati\/#website\",\"url\":\"https:\/\/www.article-marketing.eu\/comunicati\/\",\"name\":\"Article Marketing\",\"description\":\"article marketing &amp; press release\",\"potentialAction\":[{\"@type\":\"SearchAction\",\"target\":{\"@type\":\"EntryPoint\",\"urlTemplate\":\"https:\/\/www.article-marketing.eu\/comunicati\/?s={search_term_string}\"},\"query-input\":{\"@type\":\"PropertyValueSpecification\",\"valueRequired\":true,\"valueName\":\"search_term_string\"}}],\"inLanguage\":\"it-IT\"},{\"@type\":\"Person\",\"@id\":\"https:\/\/www.article-marketing.eu\/comunicati\/#\/schema\/person\/44372e4d4d0fa797b18e03ed1ace9017\",\"name\":\"Redazione Comunicati Stampa\",\"image\":{\"@type\":\"ImageObject\",\"inLanguage\":\"it-IT\",\"@id\":\"https:\/\/www.article-marketing.eu\/comunicati\/#\/schema\/person\/image\/\",\"url\":\"https:\/\/secure.gravatar.com\/avatar\/50e5c6421d3072f42e7ace803501602c60d75233d34e29fd05feb91c8760b792?s=96&d=mm&r=g\",\"contentUrl\":\"https:\/\/secure.gravatar.com\/avatar\/50e5c6421d3072f42e7ace803501602c60d75233d34e29fd05feb91c8760b792?s=96&d=mm&r=g\",\"caption\":\"Redazione Comunicati Stampa\"},\"url\":\"https:\/\/www.article-marketing.eu\/comunicati\/author\/redazione-comunicati-stampa\/\"}]}<\/script>\n<!-- \/ Yoast SEO plugin. -->","yoast_head_json":{"title":"Osteria dei fiori Macerata.... - Article Marketing","robots":{"index":"index","follow":"follow","max-snippet":"max-snippet:-1","max-image-preview":"max-image-preview:large","max-video-preview":"max-video-preview:-1"},"canonical":"https:\/\/www.article-marketing.eu\/comunicati\/tempo-libero\/osteria-dei-fiori-macerata\/","og_locale":"it_IT","og_type":"article","og_title":"Osteria dei fiori Macerata.... - Article Marketing","og_description":"Recensita in tutte le maggiori guide turistiche enogastronomiche, L'Osteria dei Fiori svolge la sua attivit\u00e0 nel cuore del centro storico di Macerata, in uno dei vicoli pi\u00f9 suggestivi e caratteristici della citt\u00e0: via Lauro Rossi.","og_url":"https:\/\/www.article-marketing.eu\/comunicati\/tempo-libero\/osteria-dei-fiori-macerata\/","og_site_name":"Article Marketing","article_published_time":"2010-03-04T14:06:12+00:00","author":"Redazione Comunicati Stampa","twitter_card":"summary_large_image","twitter_misc":{"Scritto da":"Redazione Comunicati Stampa","Tempo di lettura stimato":"2 minuti"},"schema":{"@context":"https:\/\/schema.org","@graph":[{"@type":"Article","@id":"https:\/\/www.article-marketing.eu\/comunicati\/tempo-libero\/osteria-dei-fiori-macerata\/#article","isPartOf":{"@id":"https:\/\/www.article-marketing.eu\/comunicati\/tempo-libero\/osteria-dei-fiori-macerata\/"},"author":{"name":"Redazione Comunicati Stampa","@id":"https:\/\/www.article-marketing.eu\/comunicati\/#\/schema\/person\/44372e4d4d0fa797b18e03ed1ace9017"},"headline":"Osteria dei fiori Macerata&#8230;.","datePublished":"2010-03-04T14:06:12+00:00","mainEntityOfPage":{"@id":"https:\/\/www.article-marketing.eu\/comunicati\/tempo-libero\/osteria-dei-fiori-macerata\/"},"wordCount":428,"commentCount":0,"keywords":["macerata","ristorante"],"articleSection":["Tempo libero"],"inLanguage":"it-IT","potentialAction":[{"@type":"CommentAction","name":"Comment","target":["https:\/\/www.article-marketing.eu\/comunicati\/tempo-libero\/osteria-dei-fiori-macerata\/#respond"]}]},{"@type":"WebPage","@id":"https:\/\/www.article-marketing.eu\/comunicati\/tempo-libero\/osteria-dei-fiori-macerata\/","url":"https:\/\/www.article-marketing.eu\/comunicati\/tempo-libero\/osteria-dei-fiori-macerata\/","name":"Osteria dei fiori Macerata.... - Article Marketing","isPartOf":{"@id":"https:\/\/www.article-marketing.eu\/comunicati\/#website"},"datePublished":"2010-03-04T14:06:12+00:00","author":{"@id":"https:\/\/www.article-marketing.eu\/comunicati\/#\/schema\/person\/44372e4d4d0fa797b18e03ed1ace9017"},"breadcrumb":{"@id":"https:\/\/www.article-marketing.eu\/comunicati\/tempo-libero\/osteria-dei-fiori-macerata\/#breadcrumb"},"inLanguage":"it-IT","potentialAction":[{"@type":"ReadAction","target":["https:\/\/www.article-marketing.eu\/comunicati\/tempo-libero\/osteria-dei-fiori-macerata\/"]}]},{"@type":"BreadcrumbList","@id":"https:\/\/www.article-marketing.eu\/comunicati\/tempo-libero\/osteria-dei-fiori-macerata\/#breadcrumb","itemListElement":[{"@type":"ListItem","position":1,"name":"Home","item":"https:\/\/www.article-marketing.eu\/comunicati\/"},{"@type":"ListItem","position":2,"name":"Osteria dei fiori Macerata&#8230;."}]},{"@type":"WebSite","@id":"https:\/\/www.article-marketing.eu\/comunicati\/#website","url":"https:\/\/www.article-marketing.eu\/comunicati\/","name":"Article Marketing","description":"article marketing &amp; press release","potentialAction":[{"@type":"SearchAction","target":{"@type":"EntryPoint","urlTemplate":"https:\/\/www.article-marketing.eu\/comunicati\/?s={search_term_string}"},"query-input":{"@type":"PropertyValueSpecification","valueRequired":true,"valueName":"search_term_string"}}],"inLanguage":"it-IT"},{"@type":"Person","@id":"https:\/\/www.article-marketing.eu\/comunicati\/#\/schema\/person\/44372e4d4d0fa797b18e03ed1ace9017","name":"Redazione Comunicati Stampa","image":{"@type":"ImageObject","inLanguage":"it-IT","@id":"https:\/\/www.article-marketing.eu\/comunicati\/#\/schema\/person\/image\/","url":"https:\/\/secure.gravatar.com\/avatar\/50e5c6421d3072f42e7ace803501602c60d75233d34e29fd05feb91c8760b792?s=96&d=mm&r=g","contentUrl":"https:\/\/secure.gravatar.com\/avatar\/50e5c6421d3072f42e7ace803501602c60d75233d34e29fd05feb91c8760b792?s=96&d=mm&r=g","caption":"Redazione Comunicati Stampa"},"url":"https:\/\/www.article-marketing.eu\/comunicati\/author\/redazione-comunicati-stampa\/"}]}},"_links":{"self":[{"href":"https:\/\/www.article-marketing.eu\/comunicati\/wp-json\/wp\/v2\/posts\/4306","targetHints":{"allow":["GET"]}}],"collection":[{"href":"https:\/\/www.article-marketing.eu\/comunicati\/wp-json\/wp\/v2\/posts"}],"about":[{"href":"https:\/\/www.article-marketing.eu\/comunicati\/wp-json\/wp\/v2\/types\/post"}],"author":[{"embeddable":true,"href":"https:\/\/www.article-marketing.eu\/comunicati\/wp-json\/wp\/v2\/users\/10"}],"replies":[{"embeddable":true,"href":"https:\/\/www.article-marketing.eu\/comunicati\/wp-json\/wp\/v2\/comments?post=4306"}],"version-history":[{"count":0,"href":"https:\/\/www.article-marketing.eu\/comunicati\/wp-json\/wp\/v2\/posts\/4306\/revisions"}],"wp:attachment":[{"href":"https:\/\/www.article-marketing.eu\/comunicati\/wp-json\/wp\/v2\/media?parent=4306"}],"wp:term":[{"taxonomy":"category","embeddable":true,"href":"https:\/\/www.article-marketing.eu\/comunicati\/wp-json\/wp\/v2\/categories?post=4306"},{"taxonomy":"post_tag","embeddable":true,"href":"https:\/\/www.article-marketing.eu\/comunicati\/wp-json\/wp\/v2\/tags?post=4306"}],"curies":[{"name":"wp","href":"https:\/\/api.w.org\/{rel}","templated":true}]}}