{"id":4307,"date":"2010-03-04T15:15:42","date_gmt":"2010-03-04T14:15:42","guid":{"rendered":"http:\/\/www.article-marketing.eu\/comunicati\/senza-categoria\/il-settecento-in-concerto-la-magnifica-comunit%e0-e-alessio-corti\/"},"modified":"2010-03-04T15:15:42","modified_gmt":"2010-03-04T14:15:42","slug":"il-settecento-in-concerto-la-magnifica-comunit%e0-e-alessio-corti","status":"publish","type":"post","link":"https:\/\/www.article-marketing.eu\/comunicati\/arte-e-cultura\/musica\/il-settecento-in-concerto-la-magnifica-comunit%e0-e-alessio-corti\/","title":{"rendered":"Il Settecento in concerto: La Magnifica  Comunit\u00e0 e Alessio Corti"},"content":{"rendered":"<p><strong>Il Settecento in concerto: La Magnifica&nbsp; Comunit\u00e0 e Alessio Corti <\/strong><br \/><em>Venerd\u00ec 12 marzo l\u2019orchestra La Magnifica Comunit\u00e0, diretta da Enrico Casazza, e l\u2019organista Alessio Corti si esibiranno a Camposampiero (PD)<\/em><\/p>\n<p>La XVI Rassegna di eventi musicali promossa dalla Fondazione Cassa di Risparmio di Padova e Rovigo, intitolata <em>Oltre il tempo della musica. Tra memoria e futuro<\/em>, propone un nuovo appuntamento. Ispirata alle opere del pittore settecentesco Mattia Bortoloni, da gennaio in mostra a Palazzo Roverella (Rovigo), la rassegna ospita, in questa occasione, l\u2019orchestra <strong>La Magnifica Comunit\u00e0<\/strong>. Il programma \u00e8 tutto all\u2019insegna della musica del primo Settecento: il <em>Concerto grosso in re maggiore, op. 6 n. 4<\/em> di <strong>Arcangelo Corelli<\/strong>; il <em>Concerto grosso in re maggiore op. 6 n. 5<\/em> e i <em>Concerti in sol minore op. 4 n. 3 e in fa maggiore op. 4 n. 4 per organo e archi<\/em> di <strong>Georg Friedrich H\u00e4ndel<\/strong>; il <em>Concerto in re minore RV 541 per violino, organo e archi<\/em> e il <em>Concerto in re maggiore RV 212 per violino e archi<\/em> di <strong>Antonio Vivaldi<\/strong>. <\/p>\n<p>Il concerto sar\u00e0 affidato a<strong> La Magnifica Comunit\u00e0<\/strong>, diretta dal violino solista <strong>Enrico Casazza<\/strong>, e vedr\u00e0 la partecipazione dell\u2019organista <strong>Alessio Corti<\/strong>. L\u2019appuntamento \u00e8 per <strong>venerd\u00ec 12 marzo 2010 alle ore 21.00 a Camposampiero (PD)<\/strong>, presso la <strong>Chiesa di San Marco<\/strong>.&nbsp; <\/p>\n<p>Il Concerto grosso op. 6 n. 4 di <strong>Arcangelo Corelli<\/strong> fu pubblicato, all\u2019interno di una raccolta di 12 Concerti grossi, nel 1714, un anno dopo la morte del musicista. Insieme alle altre sue composizioni strumentali date alle stampe negli anni precedenti, i concerti rappresentarono per tutto il Settecento un imprescindibile punto di riferimento, nell\u2019ambito della musica strumentale, per tutti i compositori europei. Ne \u00e8 un esempio l\u2019altro concerto grosso in programma, quello in re maggiore op. 6 n. 5 di <strong>Georg Friedrich H\u00e4ndel<\/strong>. Del musicista tedesco, naturalizzato inglese, saranno eseguiti anche due concerti per organo e archi: l\u2019op. 4 n. 3 in sol minore (HWV 291) e l\u2019op. 4 n. 4 in fa maggiore (HWV 292). Entrambi furono composti all\u2019inizio del 1735 ed eseguiti dallo stesso compositore come intermezzi di alcuni suoi oratori. Al violino e all\u2019organo \u00e8 dedicato il Concerto in re minore RV 541 di <strong>Antonio Vivaldi<\/strong>. Il concerto, la cui composizione risale probabilmente agli anni dieci del Settecento, rivela l\u2019aspetto di maggiore interesse nella fusione del timbro dei due strumenti accompagnati dall\u2019orchestra d\u2019archi.. Al 1712 \u00e8 datata invece l\u2019altra composizione di Vivaldi in programma: il Concerto per violino in re maggiore RV 212, che una fonte manoscritta riporta con il titolo di Concerto fatto per la solennit\u00e0 della S. Lingua di S. Antonio in Padova, 1712. Eseguito a Padova dallo stesso Vivaldi, in occasione della festivit\u00e0 della Traslazione della Lingua di S. Antonio, il concerto \u00e8 ricco di passaggi virtuosistici impegnativi e caratterizzato da un tono solenne e brillante.<\/p>\n<p>La <strong>Magnifica Comunit\u00e0<\/strong> \u00e8 nata come complesso strumentale barocco nel 1990. I musicisti che lo compongono svolgono una costante attivit\u00e0 di ricerca filologica e approfondimento della prassi esecutiva. Articola la propria attivit\u00e0 in numerose formazioni che vanno dal trio all&#8217;orchestra da camera, collaborando con ensemble corali e con solisti di chiara fama. I componenti partecipano anche in veste di solisti in vari gruppi strumentali tra i quali: Accademia Bizantina, Europa Galante, Concerto Italiano, Orchestra di Padova e del Veneto, e altre importanti compagini. Primo violino e concertatore dell\u2019ensemble \u00e8 Enrico Casazza. L\u2019attivit\u00e0 musicale dell\u2019ensemble \u00e8 cospicua soprattutto sotto il profilo discografico: con l\u2019etichetta discografica Brilliant sta portando a termine l\u2019opera omnia dei Quintetti di Boccherini. Con il recentissimo premio \u201cChoc\u201d di Le Monde de la Musique ricevuto per il IV volume della raccolta, si conferma come una delle formazioni cameristiche pi\u00f9 autorevoli a livello internazionale<\/p>\n<p>Nato ad Adria nel 1965, <strong>Enrico Casazza<\/strong> compie gli studi musicali presso il Conservatorio di musica della sua citt\u00e0, diplomandosi in violino sotto la guida di A. Vio. Si \u00e8 perfezionato con C. Chiarappa, P. Vernikov e D. Asciolla, con F. Gulli e G. Carmignola. Nel 1985 vince il Concorso Internazionale di Stresa e il Concorso Nazionale di Cento di Ferrara. Inizia una brillante carriera concertistica suonando con musicisti quali F. Biondi, R. Alessandrini, G. Guglielmo, E. Gatti, A. Sholl, S. Piau, J. Bostrige, A. Curtis, K. Gilbert, O. Dantone, E. Scano, P. Toso, solo per citarne alcuni, e sotto la direzione di C. Hogwood, G. Radulescu, L. Berio, F. Ferrara, P. Bellugi, P. Maag. Si \u00e8 esibito in Italia e all\u2019estero, ospite dei pi\u00f9 importanti festival e teatri internazionali. Ha suonato in duo con il violista D. Asciolla e ha eseguito ed inciso, per la casa discografica DENON, i duetti per due violini di Luciano Berio con il violinista Carlo Chiarappa. Primo violino e direttore della Magnifica Comunit\u00e0, ha collaborato con numerose formazioni orchestrali e da camera.&nbsp; <\/p>\n<p><strong>Alessio Corti<\/strong> si \u00e8 diplomato in pianoforte, organo e clavicembalo sotto la guida di L. Romanini, E. Corti e L. Alvini. Ha proseguito gli studi d\u2019organo e improvvisazione con L. Rogg presso il Conservatorio Superiore di Ginevra, ottenendo un \u201cPremier Prix de Virtuosit\u00e9 avec distinction\u201d e un \u201cPrix Sp\u00e9cial Otto Barblan\u201d. Pluripremiato in molti concorsi nazionali ed internazionali, dal 1983 \u00e8 organista titolare della Chiesa di Santa Maria Segreta a Milano. Interprete versatile di un vasto repertorio, \u00e8 regolarmente invitato a suonare per i pi\u00f9 importanti festival internazionali, svolgendo anche attivit\u00e0 di clavicembalista. Come interprete bachiano \u00e8 stato pi\u00f9 volte ospite dei \u201cBach-Fest\u201d tedeschi. Per la casa discografica italo-tedesca ANTES-CONCERTO ha registrato l\u2019Opera Omnia per Organo di J. S. Bach in 17 CD. Gi\u00e0 titolare della cattedra d\u2019organo e composizione organistica presso i Conservatori di Udine e Verona, dal 2001 \u00e8 stato nominato professore d\u2019organo e improvvisazione, quale successore di L. Rogg, al Conservatorio Superiore di Ginevra. <\/p>\n<p><strong>L\u2019ingresso \u00e8 libero e gratuito fino ad esaurimento dei posti.<\/strong><\/p>\n<p><strong><br \/>Ufficio stampa XVI Rassegna Musicale: <br \/>Studio P.R.P.<\/strong><br \/>Alessandra Canella<br \/>tel. 049.8753166 <br \/>canella@studiopierrepi.it<br \/>&nbsp;&nbsp;&nbsp; <br \/><strong>Per informazioni:<br \/>Fondazione Cassa di Risparmio di Padova e Rovigo<\/strong><br \/>tel. 049 8234800 (int. 3)<br \/>info@fondazionecariparo.it<\/p>\n","protected":false},"excerpt":{"rendered":"<p>Venerd\u00ec 12 marzo l\u2019orchestra La Magnifica Comunit\u00e0, diretta da Enrico Casazza, e l\u2019organista Alessio Corti si esibiranno a Camposampiero (PD)<\/p>\n","protected":false},"author":10,"featured_media":0,"comment_status":"open","ping_status":"open","sticky":false,"template":"","format":"standard","meta":{"cybocfi_hide_featured_image":"","footnotes":""},"categories":[42],"tags":[],"class_list":["post-4307","post","type-post","status-publish","format-standard","hentry","category-musica"],"yoast_head":"<!-- This site is optimized with the Yoast SEO plugin v27.0 - https:\/\/yoast.com\/product\/yoast-seo-wordpress\/ -->\n<title>Il Settecento in concerto: La Magnifica Comunit\u00e0 e Alessio Corti - Article Marketing<\/title>\n<meta name=\"robots\" content=\"index, follow, max-snippet:-1, max-image-preview:large, max-video-preview:-1\" \/>\n<link rel=\"canonical\" href=\"https:\/\/www.article-marketing.eu\/comunicati\/arte-e-cultura\/musica\/il-settecento-in-concerto-la-magnifica-comunit?-e-alessio-corti\/\" \/>\n<meta property=\"og:locale\" content=\"it_IT\" \/>\n<meta property=\"og:type\" content=\"article\" \/>\n<meta property=\"og:title\" content=\"Il Settecento in concerto: La Magnifica Comunit\u00e0 e Alessio Corti - Article Marketing\" \/>\n<meta property=\"og:description\" content=\"Venerd\u00ec 12 marzo l\u2019orchestra La Magnifica Comunit\u00e0, diretta da Enrico Casazza, e l\u2019organista Alessio Corti si esibiranno a Camposampiero (PD)\" \/>\n<meta property=\"og:url\" content=\"\" \/>\n<meta property=\"og:site_name\" content=\"Article Marketing\" \/>\n<meta property=\"article:published_time\" content=\"2010-03-04T14:15:42+00:00\" \/>\n<meta name=\"author\" content=\"Redazione Comunicati Stampa\" \/>\n<meta name=\"twitter:card\" content=\"summary_large_image\" \/>\n<meta name=\"twitter:label1\" content=\"Scritto da\" \/>\n\t<meta name=\"twitter:data1\" content=\"Redazione Comunicati Stampa\" \/>\n\t<meta name=\"twitter:label2\" content=\"Tempo di lettura stimato\" \/>\n\t<meta name=\"twitter:data2\" content=\"5 minuti\" \/>\n<script type=\"application\/ld+json\" class=\"yoast-schema-graph\">{\"@context\":\"https:\/\/schema.org\",\"@graph\":[{\"@type\":\"Article\",\"@id\":\"https:\/\/www.article-marketing.eu\/comunicati\/arte-e-cultura\/musica\/il-settecento-in-concerto-la-magnifica-comunit%e0-e-alessio-corti\/#article\",\"isPartOf\":{\"@id\":\"https:\/\/www.article-marketing.eu\/comunicati\/arte-e-cultura\/musica\/il-settecento-in-concerto-la-magnifica-comunit%e0-e-alessio-corti\/\"},\"author\":{\"name\":\"Redazione Comunicati Stampa\",\"@id\":\"https:\/\/www.article-marketing.eu\/comunicati\/#\/schema\/person\/44372e4d4d0fa797b18e03ed1ace9017\"},\"headline\":\"Il Settecento in concerto: La Magnifica Comunit\u00e0 e Alessio Corti\",\"datePublished\":\"2010-03-04T14:15:42+00:00\",\"mainEntityOfPage\":{\"@id\":\"https:\/\/www.article-marketing.eu\/comunicati\/arte-e-cultura\/musica\/il-settecento-in-concerto-la-magnifica-comunit%e0-e-alessio-corti\/\"},\"wordCount\":976,\"commentCount\":0,\"articleSection\":[\"Musica\"],\"inLanguage\":\"it-IT\",\"potentialAction\":[{\"@type\":\"CommentAction\",\"name\":\"Comment\",\"target\":[\"https:\/\/www.article-marketing.eu\/comunicati\/arte-e-cultura\/musica\/il-settecento-in-concerto-la-magnifica-comunit%e0-e-alessio-corti\/#respond\"]}]},{\"@type\":\"WebPage\",\"@id\":\"https:\/\/www.article-marketing.eu\/comunicati\/arte-e-cultura\/musica\/il-settecento-in-concerto-la-magnifica-comunit%e0-e-alessio-corti\/\",\"url\":\"https:\/\/www.article-marketing.eu\/comunicati\/arte-e-cultura\/musica\/il-settecento-in-concerto-la-magnifica-comunit%e0-e-alessio-corti\/\",\"name\":\"Il Settecento in concerto: La Magnifica Comunit\u00e0 e Alessio Corti - Article Marketing\",\"isPartOf\":{\"@id\":\"https:\/\/www.article-marketing.eu\/comunicati\/#website\"},\"datePublished\":\"2010-03-04T14:15:42+00:00\",\"author\":{\"@id\":\"https:\/\/www.article-marketing.eu\/comunicati\/#\/schema\/person\/44372e4d4d0fa797b18e03ed1ace9017\"},\"breadcrumb\":{\"@id\":\"https:\/\/www.article-marketing.eu\/comunicati\/arte-e-cultura\/musica\/il-settecento-in-concerto-la-magnifica-comunit%e0-e-alessio-corti\/#breadcrumb\"},\"inLanguage\":\"it-IT\",\"potentialAction\":[{\"@type\":\"ReadAction\",\"target\":[\"https:\/\/www.article-marketing.eu\/comunicati\/arte-e-cultura\/musica\/il-settecento-in-concerto-la-magnifica-comunit%e0-e-alessio-corti\/\"]}]},{\"@type\":\"BreadcrumbList\",\"@id\":\"https:\/\/www.article-marketing.eu\/comunicati\/arte-e-cultura\/musica\/il-settecento-in-concerto-la-magnifica-comunit%e0-e-alessio-corti\/#breadcrumb\",\"itemListElement\":[{\"@type\":\"ListItem\",\"position\":1,\"name\":\"Home\",\"item\":\"https:\/\/www.article-marketing.eu\/comunicati\/\"},{\"@type\":\"ListItem\",\"position\":2,\"name\":\"Il Settecento in concerto: La Magnifica Comunit\u00e0 e Alessio Corti\"}]},{\"@type\":\"WebSite\",\"@id\":\"https:\/\/www.article-marketing.eu\/comunicati\/#website\",\"url\":\"https:\/\/www.article-marketing.eu\/comunicati\/\",\"name\":\"Article Marketing\",\"description\":\"article marketing &amp; press release\",\"potentialAction\":[{\"@type\":\"SearchAction\",\"target\":{\"@type\":\"EntryPoint\",\"urlTemplate\":\"https:\/\/www.article-marketing.eu\/comunicati\/?s={search_term_string}\"},\"query-input\":{\"@type\":\"PropertyValueSpecification\",\"valueRequired\":true,\"valueName\":\"search_term_string\"}}],\"inLanguage\":\"it-IT\"},{\"@type\":\"Person\",\"@id\":\"https:\/\/www.article-marketing.eu\/comunicati\/#\/schema\/person\/44372e4d4d0fa797b18e03ed1ace9017\",\"name\":\"Redazione Comunicati Stampa\",\"image\":{\"@type\":\"ImageObject\",\"inLanguage\":\"it-IT\",\"@id\":\"https:\/\/www.article-marketing.eu\/comunicati\/#\/schema\/person\/image\/\",\"url\":\"https:\/\/secure.gravatar.com\/avatar\/50e5c6421d3072f42e7ace803501602c60d75233d34e29fd05feb91c8760b792?s=96&d=mm&r=g\",\"contentUrl\":\"https:\/\/secure.gravatar.com\/avatar\/50e5c6421d3072f42e7ace803501602c60d75233d34e29fd05feb91c8760b792?s=96&d=mm&r=g\",\"caption\":\"Redazione Comunicati Stampa\"},\"url\":\"https:\/\/www.article-marketing.eu\/comunicati\/author\/redazione-comunicati-stampa\/\"}]}<\/script>\n<!-- \/ Yoast SEO plugin. -->","yoast_head_json":{"title":"Il Settecento in concerto: La Magnifica Comunit\u00e0 e Alessio Corti - Article Marketing","robots":{"index":"index","follow":"follow","max-snippet":"max-snippet:-1","max-image-preview":"max-image-preview:large","max-video-preview":"max-video-preview:-1"},"canonical":"https:\/\/www.article-marketing.eu\/comunicati\/arte-e-cultura\/musica\/il-settecento-in-concerto-la-magnifica-comunit?-e-alessio-corti\/","og_locale":"it_IT","og_type":"article","og_title":"Il Settecento in concerto: La Magnifica Comunit\u00e0 e Alessio Corti - Article Marketing","og_description":"Venerd\u00ec 12 marzo l\u2019orchestra La Magnifica Comunit\u00e0, diretta da Enrico Casazza, e l\u2019organista Alessio Corti si esibiranno a Camposampiero (PD)","og_url":"https:\/\/www.article-marketing.eu\/comunicati\/arte-e-cultura\/musica\/il-settecento-in-concerto-la-magnifica-comunit?-e-alessio-corti\/","og_site_name":"Article Marketing","article_published_time":"2010-03-04T14:15:42+00:00","author":"Redazione Comunicati Stampa","twitter_card":"summary_large_image","twitter_misc":{"Scritto da":"Redazione Comunicati Stampa","Tempo di lettura stimato":"5 minuti"},"schema":{"@context":"https:\/\/schema.org","@graph":[{"@type":"Article","@id":"https:\/\/www.article-marketing.eu\/comunicati\/arte-e-cultura\/musica\/il-settecento-in-concerto-la-magnifica-comunit%e0-e-alessio-corti\/#article","isPartOf":{"@id":"https:\/\/www.article-marketing.eu\/comunicati\/arte-e-cultura\/musica\/il-settecento-in-concerto-la-magnifica-comunit%e0-e-alessio-corti\/"},"author":{"name":"Redazione Comunicati Stampa","@id":"https:\/\/www.article-marketing.eu\/comunicati\/#\/schema\/person\/44372e4d4d0fa797b18e03ed1ace9017"},"headline":"Il Settecento in concerto: La Magnifica Comunit\u00e0 e Alessio Corti","datePublished":"2010-03-04T14:15:42+00:00","mainEntityOfPage":{"@id":"https:\/\/www.article-marketing.eu\/comunicati\/arte-e-cultura\/musica\/il-settecento-in-concerto-la-magnifica-comunit%e0-e-alessio-corti\/"},"wordCount":976,"commentCount":0,"articleSection":["Musica"],"inLanguage":"it-IT","potentialAction":[{"@type":"CommentAction","name":"Comment","target":["https:\/\/www.article-marketing.eu\/comunicati\/arte-e-cultura\/musica\/il-settecento-in-concerto-la-magnifica-comunit%e0-e-alessio-corti\/#respond"]}]},{"@type":"WebPage","@id":"https:\/\/www.article-marketing.eu\/comunicati\/arte-e-cultura\/musica\/il-settecento-in-concerto-la-magnifica-comunit%e0-e-alessio-corti\/","url":"https:\/\/www.article-marketing.eu\/comunicati\/arte-e-cultura\/musica\/il-settecento-in-concerto-la-magnifica-comunit%e0-e-alessio-corti\/","name":"Il Settecento in concerto: La Magnifica Comunit\u00e0 e Alessio Corti - Article Marketing","isPartOf":{"@id":"https:\/\/www.article-marketing.eu\/comunicati\/#website"},"datePublished":"2010-03-04T14:15:42+00:00","author":{"@id":"https:\/\/www.article-marketing.eu\/comunicati\/#\/schema\/person\/44372e4d4d0fa797b18e03ed1ace9017"},"breadcrumb":{"@id":"https:\/\/www.article-marketing.eu\/comunicati\/arte-e-cultura\/musica\/il-settecento-in-concerto-la-magnifica-comunit%e0-e-alessio-corti\/#breadcrumb"},"inLanguage":"it-IT","potentialAction":[{"@type":"ReadAction","target":["https:\/\/www.article-marketing.eu\/comunicati\/arte-e-cultura\/musica\/il-settecento-in-concerto-la-magnifica-comunit%e0-e-alessio-corti\/"]}]},{"@type":"BreadcrumbList","@id":"https:\/\/www.article-marketing.eu\/comunicati\/arte-e-cultura\/musica\/il-settecento-in-concerto-la-magnifica-comunit%e0-e-alessio-corti\/#breadcrumb","itemListElement":[{"@type":"ListItem","position":1,"name":"Home","item":"https:\/\/www.article-marketing.eu\/comunicati\/"},{"@type":"ListItem","position":2,"name":"Il Settecento in concerto: La Magnifica Comunit\u00e0 e Alessio Corti"}]},{"@type":"WebSite","@id":"https:\/\/www.article-marketing.eu\/comunicati\/#website","url":"https:\/\/www.article-marketing.eu\/comunicati\/","name":"Article Marketing","description":"article marketing &amp; press release","potentialAction":[{"@type":"SearchAction","target":{"@type":"EntryPoint","urlTemplate":"https:\/\/www.article-marketing.eu\/comunicati\/?s={search_term_string}"},"query-input":{"@type":"PropertyValueSpecification","valueRequired":true,"valueName":"search_term_string"}}],"inLanguage":"it-IT"},{"@type":"Person","@id":"https:\/\/www.article-marketing.eu\/comunicati\/#\/schema\/person\/44372e4d4d0fa797b18e03ed1ace9017","name":"Redazione Comunicati Stampa","image":{"@type":"ImageObject","inLanguage":"it-IT","@id":"https:\/\/www.article-marketing.eu\/comunicati\/#\/schema\/person\/image\/","url":"https:\/\/secure.gravatar.com\/avatar\/50e5c6421d3072f42e7ace803501602c60d75233d34e29fd05feb91c8760b792?s=96&d=mm&r=g","contentUrl":"https:\/\/secure.gravatar.com\/avatar\/50e5c6421d3072f42e7ace803501602c60d75233d34e29fd05feb91c8760b792?s=96&d=mm&r=g","caption":"Redazione Comunicati Stampa"},"url":"https:\/\/www.article-marketing.eu\/comunicati\/author\/redazione-comunicati-stampa\/"}]}},"_links":{"self":[{"href":"https:\/\/www.article-marketing.eu\/comunicati\/wp-json\/wp\/v2\/posts\/4307","targetHints":{"allow":["GET"]}}],"collection":[{"href":"https:\/\/www.article-marketing.eu\/comunicati\/wp-json\/wp\/v2\/posts"}],"about":[{"href":"https:\/\/www.article-marketing.eu\/comunicati\/wp-json\/wp\/v2\/types\/post"}],"author":[{"embeddable":true,"href":"https:\/\/www.article-marketing.eu\/comunicati\/wp-json\/wp\/v2\/users\/10"}],"replies":[{"embeddable":true,"href":"https:\/\/www.article-marketing.eu\/comunicati\/wp-json\/wp\/v2\/comments?post=4307"}],"version-history":[{"count":0,"href":"https:\/\/www.article-marketing.eu\/comunicati\/wp-json\/wp\/v2\/posts\/4307\/revisions"}],"wp:attachment":[{"href":"https:\/\/www.article-marketing.eu\/comunicati\/wp-json\/wp\/v2\/media?parent=4307"}],"wp:term":[{"taxonomy":"category","embeddable":true,"href":"https:\/\/www.article-marketing.eu\/comunicati\/wp-json\/wp\/v2\/categories?post=4307"},{"taxonomy":"post_tag","embeddable":true,"href":"https:\/\/www.article-marketing.eu\/comunicati\/wp-json\/wp\/v2\/tags?post=4307"}],"curies":[{"name":"wp","href":"https:\/\/api.w.org\/{rel}","templated":true}]}}