{"id":43179,"date":"2014-07-25T17:08:30","date_gmt":"2014-07-25T15:08:30","guid":{"rendered":"http:\/\/www.article-marketing.eu\/comunicati\/senza-categoria\/associazione-agenti-di-commercio-di-bologna\/"},"modified":"2014-07-25T17:08:30","modified_gmt":"2014-07-25T15:08:30","slug":"associazione-agenti-di-commercio-di-bologna","status":"publish","type":"post","link":"https:\/\/www.article-marketing.eu\/comunicati\/comunicati-stampa\/eventi\/associazione-agenti-di-commercio-di-bologna\/","title":{"rendered":"ASSOCIAZIONE AGENTI DI COMMERCIO DI BOLOGNA"},"content":{"rendered":"<p>Si &egrave; tenuta in questi giorni l&#8217;assemblea generale della pi&ugrave; antica associazione di agenti di commercio appartenente al comparto del commercio. L&#8217;associazione si &egrave; sempre adoperata per riuscire a soddisfare le necessit&agrave; degli agenti di commercio (a Bologna circa 5.000 su un totale di circa 240.000 in tutta la penisola). E con questo spirito di servizio e appartenenza ha prima di tutto aiutato le migliaia di iscritti e poi, senza un euro di contributo pubblico, &egrave; riuscita a sopravvivere a tutte le turbolenze e non solo quelle direttamente imputabili alla crisi economica globale.<br \/>Con quindici dipendenti impegnati tutti i giorni per cercare di dare assistenza sindacale, fiscale, contabile ed altro ai propri iscritti, l&#8217;Associazione Bolognese datata 1945, aderente a Confcommercio, ha ricevuto, come ha spiegato nella sua relazione il Direttore dell&#8217;Associazione Fabio Corazza, oltre 3000 visite nell&#8217;anno 2013 nei suoi uffici. Ambito nel quale si &egrave; sicuramente fortemente adoperata e con un certo successo, &egrave; stato quello della formazione. Formazione obbligatoria necessaria per l&#8217;iscrizione al Registro Imprese, tenendo direttamente con propri docenti i corsi , sia di aggiornamento di inglese (a diversi livelli), di marketing e tecniche di vendita e di ICT. Non avevamo dubbi che i nostri iscritti, proprio pech&egrave; abituati a mettersi sempre in discussione, hanno aderito numerosi e con costanza. I dati economici, ormai sono noti a tutti, ma, ha sottolineato il direttore Corazza, a ben guardarci, alcuni di essi lasciano intravvedere spiragli di lenta, ma inesorabile ripresa. Certo in Italia non siamo abituati a vedere riprese iperboliche e repentine, d&#8217;altra parte oltre all&#8217;export, che non ci ha mai impensierito ed ha fatto registrare sempre segni positivi, le grandi imprese hanno dimostrato una certa capicit&agrave; di reazione. Purtroppo non sempre la PMI &egrave; stata altrettanto al passo, tanto che il saldo di natalit&agrave; delle imprese (nuove iniziative e imprese cessate) &egrave; stato ahinoi negativo.<br \/>Noi di FNAARC, siamo certi di poter un giorno non molto lontano dire che la situazione &egrave; cambiata e che la &#8220;rotella&#8221; del meccanismo rappresentata dall&#8217;agente di commercio, ne &egrave; stata uno dei fautori. Il perch&egrave; siamo cos&igrave; fiduciosi che la figura dell&#8217;agente di commercio &#8220;veda lontano&#8221; &egrave; da ricercarsi come &egrave; stato detto pi&ugrave; e pi&ugrave; volte: dalla prospettiva dell&#8217;azienda &egrave; un costo variabile (cio&egrave; costa solo quando produce affari) e sul fronte della natura commerciale perch&egrave; con spirito di adattamento ai fisiologici cambiamenti di mercato rappresenta con competenza e tanta esperienza l&#8217;immagine nel mercato dell&#8217;azienda stessa. Oggi sono sempre pi&ugrave; frequenti richieste da parte di aziende non domestiche di essere messi in contatto con reti di agenti di commercio italiani per distribuire su tutto il terriotorio nazionale. Dai servizi, al comparto meccanico, ai semilavorati. Il territorio italiano proprio per sua morfologia presenta ancora una distribuzione molto diffusa. L&#8217;azienda fatica in autonomia a coprire l&#8217;intera area. E&#8217; quindi facile comprendere perch&egrave; un&#8217;azienda tedesca che vuole penetrare il mercato italiano non si attrezzi con venditori dipendenti della sua struttura in tal senso? E sempre pi&ugrave; comune &egrave; anche la figura dell&#8217;agente italiano a cui la PMI italiana si affida per tentare la strada del mecaro globale e sempre piu&#8217; spesso questo accade con successo. Nella nota del Presidente dell&#8217;Associazione si &egrave; rimarcato lo sforzo che il Consiglio che regge l&#8217;Associazione ha sostenuto negli ultimi anni per risanare l&#8217;ente e lo sforzo che la struttura continua senza soluzione di continuit&agrave; a dare al servizio delle migliai di iscritti.<\/p>\n","protected":false},"excerpt":{"rendered":"<p>Dati positivi per l&#8217;associazione. Qualche dato in controtendenza positiva per l&#8217;economia della provincia di Bologna che d\u00e0 qualche segnale di ottimismo. L&#8217;export della regione non \u00e8 mai stato negativo e anzi ha sempre aggiustato la media generale. Necessit\u00e0 di adattamento ai nuovi scenari. L&#8217;area commerciale sar\u00e0 sempre alla ricerca di risorse di lavoro flessibili come l&#8217;agente di commercio. L&#8217;agente di commercio deve cercare di guardare in avanti come ha sempre fatto.<\/p>\n","protected":false},"author":10,"featured_media":0,"comment_status":"open","ping_status":"open","sticky":false,"template":"","format":"standard","meta":{"cybocfi_hide_featured_image":"","footnotes":""},"categories":[388],"tags":[47037,14910,457,23951,5933,48477,48476,446,419,48475,1292],"class_list":["post-43179","post","type-post","status-publish","format-standard","hentry","category-eventi","tag-agente","tag-associazioni","tag-commercio","tag-corazza","tag-di","tag-fabio","tag-fiscali","tag-mercato","tag-servizi","tag-sindacato","tag-tutela"],"yoast_head":"<!-- This site is optimized with the Yoast SEO plugin v27.0 - https:\/\/yoast.com\/product\/yoast-seo-wordpress\/ -->\n<title>ASSOCIAZIONE AGENTI DI COMMERCIO DI BOLOGNA - Article Marketing<\/title>\n<meta name=\"robots\" content=\"index, follow, max-snippet:-1, max-image-preview:large, max-video-preview:-1\" \/>\n<link rel=\"canonical\" href=\"https:\/\/www.article-marketing.eu\/comunicati\/comunicati-stampa\/eventi\/associazione-agenti-di-commercio-di-bologna\/\" \/>\n<meta property=\"og:locale\" content=\"it_IT\" \/>\n<meta property=\"og:type\" content=\"article\" \/>\n<meta property=\"og:title\" content=\"ASSOCIAZIONE AGENTI DI COMMERCIO DI BOLOGNA - Article Marketing\" \/>\n<meta property=\"og:description\" content=\"Dati positivi per l&#039;associazione. Qualche dato in controtendenza positiva per l&#039;economia della provincia di Bologna che d\u00e0 qualche segnale di ottimismo. L&#039;export della regione non \u00e8 mai stato negativo e anzi ha sempre aggiustato la media generale. Necessit\u00e0 di adattamento ai nuovi scenari. L&#039;area commerciale sar\u00e0 sempre alla ricerca di risorse di lavoro flessibili come l&#039;agente di commercio. L&#039;agente di commercio deve cercare di guardare in avanti come ha sempre fatto.\" \/>\n<meta property=\"og:url\" content=\"https:\/\/www.article-marketing.eu\/comunicati\/comunicati-stampa\/eventi\/associazione-agenti-di-commercio-di-bologna\/\" \/>\n<meta property=\"og:site_name\" content=\"Article Marketing\" \/>\n<meta property=\"article:published_time\" content=\"2014-07-25T15:08:30+00:00\" \/>\n<meta name=\"author\" content=\"Redazione Comunicati Stampa\" \/>\n<meta name=\"twitter:card\" content=\"summary_large_image\" \/>\n<meta name=\"twitter:label1\" content=\"Scritto da\" \/>\n\t<meta name=\"twitter:data1\" content=\"Redazione Comunicati Stampa\" \/>\n\t<meta name=\"twitter:label2\" content=\"Tempo di lettura stimato\" \/>\n\t<meta name=\"twitter:data2\" content=\"3 minuti\" \/>\n<script type=\"application\/ld+json\" class=\"yoast-schema-graph\">{\"@context\":\"https:\/\/schema.org\",\"@graph\":[{\"@type\":\"Article\",\"@id\":\"https:\/\/www.article-marketing.eu\/comunicati\/comunicati-stampa\/eventi\/associazione-agenti-di-commercio-di-bologna\/#article\",\"isPartOf\":{\"@id\":\"https:\/\/www.article-marketing.eu\/comunicati\/comunicati-stampa\/eventi\/associazione-agenti-di-commercio-di-bologna\/\"},\"author\":{\"name\":\"Redazione Comunicati Stampa\",\"@id\":\"https:\/\/www.article-marketing.eu\/comunicati\/#\/schema\/person\/44372e4d4d0fa797b18e03ed1ace9017\"},\"headline\":\"ASSOCIAZIONE AGENTI DI COMMERCIO DI BOLOGNA\",\"datePublished\":\"2014-07-25T15:08:30+00:00\",\"mainEntityOfPage\":{\"@id\":\"https:\/\/www.article-marketing.eu\/comunicati\/comunicati-stampa\/eventi\/associazione-agenti-di-commercio-di-bologna\/\"},\"wordCount\":579,\"commentCount\":0,\"keywords\":[\"agente\",\"associazioni\",\"commercio\",\"corazza\",\"di\",\"fabio\",\"fiscali\",\"mercato\",\"servizi\",\"sindacato\",\"tutela\"],\"articleSection\":[\"Eventi\"],\"inLanguage\":\"it-IT\",\"potentialAction\":[{\"@type\":\"CommentAction\",\"name\":\"Comment\",\"target\":[\"https:\/\/www.article-marketing.eu\/comunicati\/comunicati-stampa\/eventi\/associazione-agenti-di-commercio-di-bologna\/#respond\"]}]},{\"@type\":\"WebPage\",\"@id\":\"https:\/\/www.article-marketing.eu\/comunicati\/comunicati-stampa\/eventi\/associazione-agenti-di-commercio-di-bologna\/\",\"url\":\"https:\/\/www.article-marketing.eu\/comunicati\/comunicati-stampa\/eventi\/associazione-agenti-di-commercio-di-bologna\/\",\"name\":\"ASSOCIAZIONE AGENTI DI COMMERCIO DI BOLOGNA - Article Marketing\",\"isPartOf\":{\"@id\":\"https:\/\/www.article-marketing.eu\/comunicati\/#website\"},\"datePublished\":\"2014-07-25T15:08:30+00:00\",\"author\":{\"@id\":\"https:\/\/www.article-marketing.eu\/comunicati\/#\/schema\/person\/44372e4d4d0fa797b18e03ed1ace9017\"},\"breadcrumb\":{\"@id\":\"https:\/\/www.article-marketing.eu\/comunicati\/comunicati-stampa\/eventi\/associazione-agenti-di-commercio-di-bologna\/#breadcrumb\"},\"inLanguage\":\"it-IT\",\"potentialAction\":[{\"@type\":\"ReadAction\",\"target\":[\"https:\/\/www.article-marketing.eu\/comunicati\/comunicati-stampa\/eventi\/associazione-agenti-di-commercio-di-bologna\/\"]}]},{\"@type\":\"BreadcrumbList\",\"@id\":\"https:\/\/www.article-marketing.eu\/comunicati\/comunicati-stampa\/eventi\/associazione-agenti-di-commercio-di-bologna\/#breadcrumb\",\"itemListElement\":[{\"@type\":\"ListItem\",\"position\":1,\"name\":\"Home\",\"item\":\"https:\/\/www.article-marketing.eu\/comunicati\/\"},{\"@type\":\"ListItem\",\"position\":2,\"name\":\"ASSOCIAZIONE AGENTI DI COMMERCIO DI BOLOGNA\"}]},{\"@type\":\"WebSite\",\"@id\":\"https:\/\/www.article-marketing.eu\/comunicati\/#website\",\"url\":\"https:\/\/www.article-marketing.eu\/comunicati\/\",\"name\":\"Article Marketing\",\"description\":\"article marketing &amp; press release\",\"potentialAction\":[{\"@type\":\"SearchAction\",\"target\":{\"@type\":\"EntryPoint\",\"urlTemplate\":\"https:\/\/www.article-marketing.eu\/comunicati\/?s={search_term_string}\"},\"query-input\":{\"@type\":\"PropertyValueSpecification\",\"valueRequired\":true,\"valueName\":\"search_term_string\"}}],\"inLanguage\":\"it-IT\"},{\"@type\":\"Person\",\"@id\":\"https:\/\/www.article-marketing.eu\/comunicati\/#\/schema\/person\/44372e4d4d0fa797b18e03ed1ace9017\",\"name\":\"Redazione Comunicati Stampa\",\"image\":{\"@type\":\"ImageObject\",\"inLanguage\":\"it-IT\",\"@id\":\"https:\/\/www.article-marketing.eu\/comunicati\/#\/schema\/person\/image\/\",\"url\":\"https:\/\/secure.gravatar.com\/avatar\/50e5c6421d3072f42e7ace803501602c60d75233d34e29fd05feb91c8760b792?s=96&d=mm&r=g\",\"contentUrl\":\"https:\/\/secure.gravatar.com\/avatar\/50e5c6421d3072f42e7ace803501602c60d75233d34e29fd05feb91c8760b792?s=96&d=mm&r=g\",\"caption\":\"Redazione Comunicati Stampa\"},\"url\":\"https:\/\/www.article-marketing.eu\/comunicati\/author\/redazione-comunicati-stampa\/\"}]}<\/script>\n<!-- \/ Yoast SEO plugin. -->","yoast_head_json":{"title":"ASSOCIAZIONE AGENTI DI COMMERCIO DI BOLOGNA - Article Marketing","robots":{"index":"index","follow":"follow","max-snippet":"max-snippet:-1","max-image-preview":"max-image-preview:large","max-video-preview":"max-video-preview:-1"},"canonical":"https:\/\/www.article-marketing.eu\/comunicati\/comunicati-stampa\/eventi\/associazione-agenti-di-commercio-di-bologna\/","og_locale":"it_IT","og_type":"article","og_title":"ASSOCIAZIONE AGENTI DI COMMERCIO DI BOLOGNA - Article Marketing","og_description":"Dati positivi per l'associazione. Qualche dato in controtendenza positiva per l'economia della provincia di Bologna che d\u00e0 qualche segnale di ottimismo. L'export della regione non \u00e8 mai stato negativo e anzi ha sempre aggiustato la media generale. Necessit\u00e0 di adattamento ai nuovi scenari. L'area commerciale sar\u00e0 sempre alla ricerca di risorse di lavoro flessibili come l'agente di commercio. L'agente di commercio deve cercare di guardare in avanti come ha sempre fatto.","og_url":"https:\/\/www.article-marketing.eu\/comunicati\/comunicati-stampa\/eventi\/associazione-agenti-di-commercio-di-bologna\/","og_site_name":"Article Marketing","article_published_time":"2014-07-25T15:08:30+00:00","author":"Redazione Comunicati Stampa","twitter_card":"summary_large_image","twitter_misc":{"Scritto da":"Redazione Comunicati Stampa","Tempo di lettura stimato":"3 minuti"},"schema":{"@context":"https:\/\/schema.org","@graph":[{"@type":"Article","@id":"https:\/\/www.article-marketing.eu\/comunicati\/comunicati-stampa\/eventi\/associazione-agenti-di-commercio-di-bologna\/#article","isPartOf":{"@id":"https:\/\/www.article-marketing.eu\/comunicati\/comunicati-stampa\/eventi\/associazione-agenti-di-commercio-di-bologna\/"},"author":{"name":"Redazione Comunicati Stampa","@id":"https:\/\/www.article-marketing.eu\/comunicati\/#\/schema\/person\/44372e4d4d0fa797b18e03ed1ace9017"},"headline":"ASSOCIAZIONE AGENTI DI COMMERCIO DI BOLOGNA","datePublished":"2014-07-25T15:08:30+00:00","mainEntityOfPage":{"@id":"https:\/\/www.article-marketing.eu\/comunicati\/comunicati-stampa\/eventi\/associazione-agenti-di-commercio-di-bologna\/"},"wordCount":579,"commentCount":0,"keywords":["agente","associazioni","commercio","corazza","di","fabio","fiscali","mercato","servizi","sindacato","tutela"],"articleSection":["Eventi"],"inLanguage":"it-IT","potentialAction":[{"@type":"CommentAction","name":"Comment","target":["https:\/\/www.article-marketing.eu\/comunicati\/comunicati-stampa\/eventi\/associazione-agenti-di-commercio-di-bologna\/#respond"]}]},{"@type":"WebPage","@id":"https:\/\/www.article-marketing.eu\/comunicati\/comunicati-stampa\/eventi\/associazione-agenti-di-commercio-di-bologna\/","url":"https:\/\/www.article-marketing.eu\/comunicati\/comunicati-stampa\/eventi\/associazione-agenti-di-commercio-di-bologna\/","name":"ASSOCIAZIONE AGENTI DI COMMERCIO DI BOLOGNA - Article Marketing","isPartOf":{"@id":"https:\/\/www.article-marketing.eu\/comunicati\/#website"},"datePublished":"2014-07-25T15:08:30+00:00","author":{"@id":"https:\/\/www.article-marketing.eu\/comunicati\/#\/schema\/person\/44372e4d4d0fa797b18e03ed1ace9017"},"breadcrumb":{"@id":"https:\/\/www.article-marketing.eu\/comunicati\/comunicati-stampa\/eventi\/associazione-agenti-di-commercio-di-bologna\/#breadcrumb"},"inLanguage":"it-IT","potentialAction":[{"@type":"ReadAction","target":["https:\/\/www.article-marketing.eu\/comunicati\/comunicati-stampa\/eventi\/associazione-agenti-di-commercio-di-bologna\/"]}]},{"@type":"BreadcrumbList","@id":"https:\/\/www.article-marketing.eu\/comunicati\/comunicati-stampa\/eventi\/associazione-agenti-di-commercio-di-bologna\/#breadcrumb","itemListElement":[{"@type":"ListItem","position":1,"name":"Home","item":"https:\/\/www.article-marketing.eu\/comunicati\/"},{"@type":"ListItem","position":2,"name":"ASSOCIAZIONE AGENTI DI COMMERCIO DI BOLOGNA"}]},{"@type":"WebSite","@id":"https:\/\/www.article-marketing.eu\/comunicati\/#website","url":"https:\/\/www.article-marketing.eu\/comunicati\/","name":"Article Marketing","description":"article marketing &amp; press release","potentialAction":[{"@type":"SearchAction","target":{"@type":"EntryPoint","urlTemplate":"https:\/\/www.article-marketing.eu\/comunicati\/?s={search_term_string}"},"query-input":{"@type":"PropertyValueSpecification","valueRequired":true,"valueName":"search_term_string"}}],"inLanguage":"it-IT"},{"@type":"Person","@id":"https:\/\/www.article-marketing.eu\/comunicati\/#\/schema\/person\/44372e4d4d0fa797b18e03ed1ace9017","name":"Redazione Comunicati Stampa","image":{"@type":"ImageObject","inLanguage":"it-IT","@id":"https:\/\/www.article-marketing.eu\/comunicati\/#\/schema\/person\/image\/","url":"https:\/\/secure.gravatar.com\/avatar\/50e5c6421d3072f42e7ace803501602c60d75233d34e29fd05feb91c8760b792?s=96&d=mm&r=g","contentUrl":"https:\/\/secure.gravatar.com\/avatar\/50e5c6421d3072f42e7ace803501602c60d75233d34e29fd05feb91c8760b792?s=96&d=mm&r=g","caption":"Redazione Comunicati Stampa"},"url":"https:\/\/www.article-marketing.eu\/comunicati\/author\/redazione-comunicati-stampa\/"}]}},"_links":{"self":[{"href":"https:\/\/www.article-marketing.eu\/comunicati\/wp-json\/wp\/v2\/posts\/43179","targetHints":{"allow":["GET"]}}],"collection":[{"href":"https:\/\/www.article-marketing.eu\/comunicati\/wp-json\/wp\/v2\/posts"}],"about":[{"href":"https:\/\/www.article-marketing.eu\/comunicati\/wp-json\/wp\/v2\/types\/post"}],"author":[{"embeddable":true,"href":"https:\/\/www.article-marketing.eu\/comunicati\/wp-json\/wp\/v2\/users\/10"}],"replies":[{"embeddable":true,"href":"https:\/\/www.article-marketing.eu\/comunicati\/wp-json\/wp\/v2\/comments?post=43179"}],"version-history":[{"count":0,"href":"https:\/\/www.article-marketing.eu\/comunicati\/wp-json\/wp\/v2\/posts\/43179\/revisions"}],"wp:attachment":[{"href":"https:\/\/www.article-marketing.eu\/comunicati\/wp-json\/wp\/v2\/media?parent=43179"}],"wp:term":[{"taxonomy":"category","embeddable":true,"href":"https:\/\/www.article-marketing.eu\/comunicati\/wp-json\/wp\/v2\/categories?post=43179"},{"taxonomy":"post_tag","embeddable":true,"href":"https:\/\/www.article-marketing.eu\/comunicati\/wp-json\/wp\/v2\/tags?post=43179"}],"curies":[{"name":"wp","href":"https:\/\/api.w.org\/{rel}","templated":true}]}}