{"id":4322,"date":"2010-03-06T20:45:22","date_gmt":"2010-03-06T19:45:22","guid":{"rendered":"http:\/\/www.article-marketing.eu\/comunicati\/senza-categoria\/luigi-de-falco-la-fantasia-al-potere\/"},"modified":"2010-03-06T20:45:22","modified_gmt":"2010-03-06T19:45:22","slug":"luigi-de-falco-la-fantasia-al-potere","status":"publish","type":"post","link":"https:\/\/www.article-marketing.eu\/comunicati\/societa\/persone\/luigi-de-falco-la-fantasia-al-potere\/","title":{"rendered":"Luigi De Falco, la fantasia al potere"},"content":{"rendered":"<p>Uomo di confine. geniale, carismatico, raffinato, rigoroso. Ma<strong> troppo precoce<\/strong>.<\/p>\n<p><strong>Arriv\u00f2 prima<\/strong>, port\u00f2 il futuro, ma non se ne avvantaggi\u00f2. Come tutti quelli che attraversano nuovi confini, sal\u00ec e scese in un attimo. <\/p>\n<p>A met\u00e0 degli anni &#8217;90 c&#8217;erano <strong>due modi<\/strong> di essere imprenditori. <\/p>\n<p>Uno era quello classico, tormentato e politicizzato degli affaristii che partecipavano al banchetto delle privatizzazioni di stato &#8230; e l&#8217;altro era quello solare, irriverente e scherzoso di <strong>Luigi De Falco<\/strong> e della web generation.<\/p>\n<p>Aveva cominciato quasi per caso &quot;<strong><em>Il Giaguaro<\/em><\/strong>&quot; a fare l&#8217;imprenditore. Aveva fatto mille mestieri (bookmaker a Londra, promotore finanziario a Milano, il pilota da corsa in giro per l&#8217;Italia), poi improvvisamente nel 1999 ebbe l&#8217;intuizione che gli ha cambiato la vita: creare il primo gruppo d&#8217;acquisto intersettoriale del panorama italiano.<\/p>\n<p>Lo chiam\u00f2 <strong>e-Gav<\/strong> (Gruppo d&#8217;Acquisto Virtuale) e si lanci\u00f2 in alcune memorabili operazioni: il lancio del primo gruppo d&#8217;acquisto sulla carta A4, la vendita dei primi lettori per la firma digitale, le prime campagne di e-mail marketing, il primo servizio di adeguamenteo privacy in outsourcing.<\/p>\n<p>Ma non tutto era rose e fiori. <strong>Pi\u00f9 volte sfior\u00f2 la disfatta<\/strong>, ma sempre seppe uscire dai problemi meglio di come era entrato.<\/p>\n<p>Quel soprannome, &quot;Il Giaguaro&quot;, se lo era guadagnato nel modno delle corse per la sua capacit\u00e0 di scattare come un felino quando sente odore di vittoria.<\/p>\n<p>Una passione per le corse che non si \u00e8 mai spenta in De Falco e che lo ha portato a disputare pi\u00f9 di 50 gare in tutte le categorie dell&#8217;automobilismo sportivo (pista, salita e rally) e con qualsiasi tipo di vettura.<\/p>\n<p>Aveva la fama di indolente e di bontempone (memorabili, negli anni dell&#8217;e-Gav, gli scherzi ai suoi collaboratori e partners). Eppure quando questo napoletano fascinoso e sorridente, amante della battuta salace, pronto alla polemica pi\u00f9 cattiva, saliva in cattedra, <strong>riusciva ad incantare tutti<\/strong> per maestria, intelligenza e astuzia.<\/p>\n<p>Nel 2003 a soli 27 anni er\u00e0 gi\u00e0 il re della <strong>firma digitale<\/strong> e lottava per la leadership sul mercato nientedimeno che con il Gruppo Buffetti, lui con 12 dipendenti e Buffetti con 1.100 negozi!<\/p>\n<p>Nel 2003 fonda Blog2Biz, il primo business blog per gli imprenditori fatto dagli imprenditori.<\/p>\n<p>Nel 2004 vince nella categoria monoposto la Pikes Peak, la pi\u00f9 lunga e pericolosa gara in salita del mondo, 19 km di asfalto e terra a 4.500 metri di altitudine.<\/p>\n<p>Nel 2005 conduce su Radio Prima Rete la trasmissione &quot;<strong>La Privacy in diretta<\/strong>&quot;, mai nessuno in Italia aveva osato parlare di privacy ad un publico cos\u00ec vasto.<\/p>\n<p>Nel 2007 lancia, primo in Italia, il servizio di rating Basilea 2, un successo clamoroso. <\/p>\n<p>Nello stesso anno crea un nuovo brand, <strong>MotorSponsor<\/strong>, un operatore specializzato nella ricerca di sponsor per i piloti da corsa, e riesce ad unire la passione per i motori con il business.<\/p>\n<p>Nel 2008 lancia <strong>H2biz<\/strong>, il primo business HUB per le imprese.<\/p>\n<p>Il resto \u00e8 storia recente, come lo strepistoso successo di MotorSponsor (230 piloti in gestione) e i riconoscimenti che st\u00e0 ricevendo per l&#8217;originalit\u00e0 di H2biz.<\/p>\n<p>Alla fine del 2009 ha scritto il libro &quot;<em><strong>Le donne intelligenti non invecchiano mai &#8230; invecchiano solo gli stupidi che guardano loro le rughe<\/strong><\/em>&quot;, che gli \u00e8 valso la riconoscenza di migliaglia di signore.<\/p>\n<p>Non contento, ha dato seguito ad una sua vecchia passione, quella per la moda, e ha fondato <strong>FashionBiz<\/strong>, un network per gli operatori del Fashion e del Lifestyle.<\/p>\n<p>Sta per lanciare un nuovo brand, ma questa \u00e8 <strong>un&#8217;altra storia<\/strong> &#8230;<\/p>\n<p><img decoding=\"async\" align=\"baseline\" alt=\"Luigi De Falco\" src=\"http:\/\/www.fashionbiz.it\/public\/ldf.jpg\" border=\"0\" hspace=\"0\" complete=\"true\" \/><\/p>\n","protected":false},"excerpt":{"rendered":"<p>Uomo di confine. Geniale, carismatico, raffinato, rigoroso. Ma troppo precoce. E incapace di scendere a compromessi. La vera storia di Luigi De Falco, imprenditore, pilota da corsa e editore.<\/p>\n","protected":false},"author":10,"featured_media":0,"comment_status":"open","ping_status":"open","sticky":false,"template":"","format":"standard","meta":{"cybocfi_hide_featured_image":"","footnotes":""},"categories":[14],"tags":[12749,12751,4923,12752,12748,12750],"class_list":["post-4322","post","type-post","status-publish","format-standard","hentry","category-persone","tag-e-gav","tag-fashionbiz","tag-h2biz","tag-imprenditore","tag-luigi-de-falco","tag-motorsponsor"],"yoast_head":"<!-- This site is optimized with the Yoast SEO plugin v27.0 - https:\/\/yoast.com\/product\/yoast-seo-wordpress\/ -->\n<title>Luigi De Falco, la fantasia al potere - Article Marketing<\/title>\n<meta name=\"robots\" content=\"index, follow, max-snippet:-1, max-image-preview:large, max-video-preview:-1\" \/>\n<link rel=\"canonical\" href=\"https:\/\/www.article-marketing.eu\/comunicati\/societa\/persone\/luigi-de-falco-la-fantasia-al-potere\/\" \/>\n<meta property=\"og:locale\" content=\"it_IT\" \/>\n<meta property=\"og:type\" content=\"article\" \/>\n<meta property=\"og:title\" content=\"Luigi De Falco, la fantasia al potere - Article Marketing\" \/>\n<meta property=\"og:description\" content=\"Uomo di confine. Geniale, carismatico, raffinato, rigoroso. Ma troppo precoce. E incapace di scendere a compromessi. La vera storia di Luigi De Falco, imprenditore, pilota da corsa e editore.\" \/>\n<meta property=\"og:url\" content=\"https:\/\/www.article-marketing.eu\/comunicati\/societa\/persone\/luigi-de-falco-la-fantasia-al-potere\/\" \/>\n<meta property=\"og:site_name\" content=\"Article Marketing\" \/>\n<meta property=\"article:published_time\" content=\"2010-03-06T19:45:22+00:00\" \/>\n<meta property=\"og:image\" content=\"http:\/\/www.fashionbiz.it\/public\/ldf.jpg\" \/>\n<meta name=\"author\" content=\"Redazione Comunicati Stampa\" \/>\n<meta name=\"twitter:card\" content=\"summary_large_image\" \/>\n<meta name=\"twitter:label1\" content=\"Scritto da\" \/>\n\t<meta name=\"twitter:data1\" content=\"Redazione Comunicati Stampa\" \/>\n\t<meta name=\"twitter:label2\" content=\"Tempo di lettura stimato\" \/>\n\t<meta name=\"twitter:data2\" content=\"3 minuti\" \/>\n<script type=\"application\/ld+json\" class=\"yoast-schema-graph\">{\"@context\":\"https:\/\/schema.org\",\"@graph\":[{\"@type\":\"Article\",\"@id\":\"https:\/\/www.article-marketing.eu\/comunicati\/societa\/persone\/luigi-de-falco-la-fantasia-al-potere\/#article\",\"isPartOf\":{\"@id\":\"https:\/\/www.article-marketing.eu\/comunicati\/societa\/persone\/luigi-de-falco-la-fantasia-al-potere\/\"},\"author\":{\"name\":\"Redazione Comunicati Stampa\",\"@id\":\"https:\/\/www.article-marketing.eu\/comunicati\/#\/schema\/person\/44372e4d4d0fa797b18e03ed1ace9017\"},\"headline\":\"Luigi De Falco, la fantasia al potere\",\"datePublished\":\"2010-03-06T19:45:22+00:00\",\"mainEntityOfPage\":{\"@id\":\"https:\/\/www.article-marketing.eu\/comunicati\/societa\/persone\/luigi-de-falco-la-fantasia-al-potere\/\"},\"wordCount\":568,\"commentCount\":0,\"image\":{\"@id\":\"https:\/\/www.article-marketing.eu\/comunicati\/societa\/persone\/luigi-de-falco-la-fantasia-al-potere\/#primaryimage\"},\"thumbnailUrl\":\"http:\/\/www.fashionbiz.it\/public\/ldf.jpg\",\"keywords\":[\"e-gav\",\"fashionbiz\",\"H2biz\",\"imprenditore\",\"luigi de falco\",\"motorsponsor\"],\"articleSection\":[\"Persone\"],\"inLanguage\":\"it-IT\",\"potentialAction\":[{\"@type\":\"CommentAction\",\"name\":\"Comment\",\"target\":[\"https:\/\/www.article-marketing.eu\/comunicati\/societa\/persone\/luigi-de-falco-la-fantasia-al-potere\/#respond\"]}]},{\"@type\":\"WebPage\",\"@id\":\"https:\/\/www.article-marketing.eu\/comunicati\/societa\/persone\/luigi-de-falco-la-fantasia-al-potere\/\",\"url\":\"https:\/\/www.article-marketing.eu\/comunicati\/societa\/persone\/luigi-de-falco-la-fantasia-al-potere\/\",\"name\":\"Luigi De Falco, la fantasia al potere - Article Marketing\",\"isPartOf\":{\"@id\":\"https:\/\/www.article-marketing.eu\/comunicati\/#website\"},\"primaryImageOfPage\":{\"@id\":\"https:\/\/www.article-marketing.eu\/comunicati\/societa\/persone\/luigi-de-falco-la-fantasia-al-potere\/#primaryimage\"},\"image\":{\"@id\":\"https:\/\/www.article-marketing.eu\/comunicati\/societa\/persone\/luigi-de-falco-la-fantasia-al-potere\/#primaryimage\"},\"thumbnailUrl\":\"http:\/\/www.fashionbiz.it\/public\/ldf.jpg\",\"datePublished\":\"2010-03-06T19:45:22+00:00\",\"author\":{\"@id\":\"https:\/\/www.article-marketing.eu\/comunicati\/#\/schema\/person\/44372e4d4d0fa797b18e03ed1ace9017\"},\"breadcrumb\":{\"@id\":\"https:\/\/www.article-marketing.eu\/comunicati\/societa\/persone\/luigi-de-falco-la-fantasia-al-potere\/#breadcrumb\"},\"inLanguage\":\"it-IT\",\"potentialAction\":[{\"@type\":\"ReadAction\",\"target\":[\"https:\/\/www.article-marketing.eu\/comunicati\/societa\/persone\/luigi-de-falco-la-fantasia-al-potere\/\"]}]},{\"@type\":\"ImageObject\",\"inLanguage\":\"it-IT\",\"@id\":\"https:\/\/www.article-marketing.eu\/comunicati\/societa\/persone\/luigi-de-falco-la-fantasia-al-potere\/#primaryimage\",\"url\":\"http:\/\/www.fashionbiz.it\/public\/ldf.jpg\",\"contentUrl\":\"http:\/\/www.fashionbiz.it\/public\/ldf.jpg\"},{\"@type\":\"BreadcrumbList\",\"@id\":\"https:\/\/www.article-marketing.eu\/comunicati\/societa\/persone\/luigi-de-falco-la-fantasia-al-potere\/#breadcrumb\",\"itemListElement\":[{\"@type\":\"ListItem\",\"position\":1,\"name\":\"Home\",\"item\":\"https:\/\/www.article-marketing.eu\/comunicati\/\"},{\"@type\":\"ListItem\",\"position\":2,\"name\":\"Luigi De Falco, la fantasia al potere\"}]},{\"@type\":\"WebSite\",\"@id\":\"https:\/\/www.article-marketing.eu\/comunicati\/#website\",\"url\":\"https:\/\/www.article-marketing.eu\/comunicati\/\",\"name\":\"Article Marketing\",\"description\":\"article marketing &amp; press release\",\"potentialAction\":[{\"@type\":\"SearchAction\",\"target\":{\"@type\":\"EntryPoint\",\"urlTemplate\":\"https:\/\/www.article-marketing.eu\/comunicati\/?s={search_term_string}\"},\"query-input\":{\"@type\":\"PropertyValueSpecification\",\"valueRequired\":true,\"valueName\":\"search_term_string\"}}],\"inLanguage\":\"it-IT\"},{\"@type\":\"Person\",\"@id\":\"https:\/\/www.article-marketing.eu\/comunicati\/#\/schema\/person\/44372e4d4d0fa797b18e03ed1ace9017\",\"name\":\"Redazione Comunicati Stampa\",\"image\":{\"@type\":\"ImageObject\",\"inLanguage\":\"it-IT\",\"@id\":\"https:\/\/www.article-marketing.eu\/comunicati\/#\/schema\/person\/image\/\",\"url\":\"https:\/\/secure.gravatar.com\/avatar\/50e5c6421d3072f42e7ace803501602c60d75233d34e29fd05feb91c8760b792?s=96&d=mm&r=g\",\"contentUrl\":\"https:\/\/secure.gravatar.com\/avatar\/50e5c6421d3072f42e7ace803501602c60d75233d34e29fd05feb91c8760b792?s=96&d=mm&r=g\",\"caption\":\"Redazione Comunicati Stampa\"},\"url\":\"https:\/\/www.article-marketing.eu\/comunicati\/author\/redazione-comunicati-stampa\/\"}]}<\/script>\n<!-- \/ Yoast SEO plugin. -->","yoast_head_json":{"title":"Luigi De Falco, la fantasia al potere - Article Marketing","robots":{"index":"index","follow":"follow","max-snippet":"max-snippet:-1","max-image-preview":"max-image-preview:large","max-video-preview":"max-video-preview:-1"},"canonical":"https:\/\/www.article-marketing.eu\/comunicati\/societa\/persone\/luigi-de-falco-la-fantasia-al-potere\/","og_locale":"it_IT","og_type":"article","og_title":"Luigi De Falco, la fantasia al potere - Article Marketing","og_description":"Uomo di confine. Geniale, carismatico, raffinato, rigoroso. Ma troppo precoce. E incapace di scendere a compromessi. La vera storia di Luigi De Falco, imprenditore, pilota da corsa e editore.","og_url":"https:\/\/www.article-marketing.eu\/comunicati\/societa\/persone\/luigi-de-falco-la-fantasia-al-potere\/","og_site_name":"Article Marketing","article_published_time":"2010-03-06T19:45:22+00:00","og_image":[{"url":"http:\/\/www.fashionbiz.it\/public\/ldf.jpg","type":"","width":"","height":""}],"author":"Redazione Comunicati Stampa","twitter_card":"summary_large_image","twitter_misc":{"Scritto da":"Redazione Comunicati Stampa","Tempo di lettura stimato":"3 minuti"},"schema":{"@context":"https:\/\/schema.org","@graph":[{"@type":"Article","@id":"https:\/\/www.article-marketing.eu\/comunicati\/societa\/persone\/luigi-de-falco-la-fantasia-al-potere\/#article","isPartOf":{"@id":"https:\/\/www.article-marketing.eu\/comunicati\/societa\/persone\/luigi-de-falco-la-fantasia-al-potere\/"},"author":{"name":"Redazione Comunicati Stampa","@id":"https:\/\/www.article-marketing.eu\/comunicati\/#\/schema\/person\/44372e4d4d0fa797b18e03ed1ace9017"},"headline":"Luigi De Falco, la fantasia al potere","datePublished":"2010-03-06T19:45:22+00:00","mainEntityOfPage":{"@id":"https:\/\/www.article-marketing.eu\/comunicati\/societa\/persone\/luigi-de-falco-la-fantasia-al-potere\/"},"wordCount":568,"commentCount":0,"image":{"@id":"https:\/\/www.article-marketing.eu\/comunicati\/societa\/persone\/luigi-de-falco-la-fantasia-al-potere\/#primaryimage"},"thumbnailUrl":"http:\/\/www.fashionbiz.it\/public\/ldf.jpg","keywords":["e-gav","fashionbiz","H2biz","imprenditore","luigi de falco","motorsponsor"],"articleSection":["Persone"],"inLanguage":"it-IT","potentialAction":[{"@type":"CommentAction","name":"Comment","target":["https:\/\/www.article-marketing.eu\/comunicati\/societa\/persone\/luigi-de-falco-la-fantasia-al-potere\/#respond"]}]},{"@type":"WebPage","@id":"https:\/\/www.article-marketing.eu\/comunicati\/societa\/persone\/luigi-de-falco-la-fantasia-al-potere\/","url":"https:\/\/www.article-marketing.eu\/comunicati\/societa\/persone\/luigi-de-falco-la-fantasia-al-potere\/","name":"Luigi De Falco, la fantasia al potere - Article Marketing","isPartOf":{"@id":"https:\/\/www.article-marketing.eu\/comunicati\/#website"},"primaryImageOfPage":{"@id":"https:\/\/www.article-marketing.eu\/comunicati\/societa\/persone\/luigi-de-falco-la-fantasia-al-potere\/#primaryimage"},"image":{"@id":"https:\/\/www.article-marketing.eu\/comunicati\/societa\/persone\/luigi-de-falco-la-fantasia-al-potere\/#primaryimage"},"thumbnailUrl":"http:\/\/www.fashionbiz.it\/public\/ldf.jpg","datePublished":"2010-03-06T19:45:22+00:00","author":{"@id":"https:\/\/www.article-marketing.eu\/comunicati\/#\/schema\/person\/44372e4d4d0fa797b18e03ed1ace9017"},"breadcrumb":{"@id":"https:\/\/www.article-marketing.eu\/comunicati\/societa\/persone\/luigi-de-falco-la-fantasia-al-potere\/#breadcrumb"},"inLanguage":"it-IT","potentialAction":[{"@type":"ReadAction","target":["https:\/\/www.article-marketing.eu\/comunicati\/societa\/persone\/luigi-de-falco-la-fantasia-al-potere\/"]}]},{"@type":"ImageObject","inLanguage":"it-IT","@id":"https:\/\/www.article-marketing.eu\/comunicati\/societa\/persone\/luigi-de-falco-la-fantasia-al-potere\/#primaryimage","url":"http:\/\/www.fashionbiz.it\/public\/ldf.jpg","contentUrl":"http:\/\/www.fashionbiz.it\/public\/ldf.jpg"},{"@type":"BreadcrumbList","@id":"https:\/\/www.article-marketing.eu\/comunicati\/societa\/persone\/luigi-de-falco-la-fantasia-al-potere\/#breadcrumb","itemListElement":[{"@type":"ListItem","position":1,"name":"Home","item":"https:\/\/www.article-marketing.eu\/comunicati\/"},{"@type":"ListItem","position":2,"name":"Luigi De Falco, la fantasia al potere"}]},{"@type":"WebSite","@id":"https:\/\/www.article-marketing.eu\/comunicati\/#website","url":"https:\/\/www.article-marketing.eu\/comunicati\/","name":"Article Marketing","description":"article marketing &amp; press release","potentialAction":[{"@type":"SearchAction","target":{"@type":"EntryPoint","urlTemplate":"https:\/\/www.article-marketing.eu\/comunicati\/?s={search_term_string}"},"query-input":{"@type":"PropertyValueSpecification","valueRequired":true,"valueName":"search_term_string"}}],"inLanguage":"it-IT"},{"@type":"Person","@id":"https:\/\/www.article-marketing.eu\/comunicati\/#\/schema\/person\/44372e4d4d0fa797b18e03ed1ace9017","name":"Redazione Comunicati Stampa","image":{"@type":"ImageObject","inLanguage":"it-IT","@id":"https:\/\/www.article-marketing.eu\/comunicati\/#\/schema\/person\/image\/","url":"https:\/\/secure.gravatar.com\/avatar\/50e5c6421d3072f42e7ace803501602c60d75233d34e29fd05feb91c8760b792?s=96&d=mm&r=g","contentUrl":"https:\/\/secure.gravatar.com\/avatar\/50e5c6421d3072f42e7ace803501602c60d75233d34e29fd05feb91c8760b792?s=96&d=mm&r=g","caption":"Redazione Comunicati Stampa"},"url":"https:\/\/www.article-marketing.eu\/comunicati\/author\/redazione-comunicati-stampa\/"}]}},"_links":{"self":[{"href":"https:\/\/www.article-marketing.eu\/comunicati\/wp-json\/wp\/v2\/posts\/4322","targetHints":{"allow":["GET"]}}],"collection":[{"href":"https:\/\/www.article-marketing.eu\/comunicati\/wp-json\/wp\/v2\/posts"}],"about":[{"href":"https:\/\/www.article-marketing.eu\/comunicati\/wp-json\/wp\/v2\/types\/post"}],"author":[{"embeddable":true,"href":"https:\/\/www.article-marketing.eu\/comunicati\/wp-json\/wp\/v2\/users\/10"}],"replies":[{"embeddable":true,"href":"https:\/\/www.article-marketing.eu\/comunicati\/wp-json\/wp\/v2\/comments?post=4322"}],"version-history":[{"count":0,"href":"https:\/\/www.article-marketing.eu\/comunicati\/wp-json\/wp\/v2\/posts\/4322\/revisions"}],"wp:attachment":[{"href":"https:\/\/www.article-marketing.eu\/comunicati\/wp-json\/wp\/v2\/media?parent=4322"}],"wp:term":[{"taxonomy":"category","embeddable":true,"href":"https:\/\/www.article-marketing.eu\/comunicati\/wp-json\/wp\/v2\/categories?post=4322"},{"taxonomy":"post_tag","embeddable":true,"href":"https:\/\/www.article-marketing.eu\/comunicati\/wp-json\/wp\/v2\/tags?post=4322"}],"curies":[{"name":"wp","href":"https:\/\/api.w.org\/{rel}","templated":true}]}}