{"id":4344,"date":"2010-03-09T16:50:51","date_gmt":"2010-03-09T15:50:51","guid":{"rendered":"http:\/\/www.article-marketing.eu\/comunicati\/senza-categoria\/caffe-big-san-benedetto-del-tronto\/"},"modified":"2010-03-09T16:50:51","modified_gmt":"2010-03-09T15:50:51","slug":"caffe-big-san-benedetto-del-tronto","status":"publish","type":"post","link":"https:\/\/www.article-marketing.eu\/comunicati\/tempo-libero\/caffe-big-san-benedetto-del-tronto\/","title":{"rendered":"Caff\u00e8 Big San Benedetto del Tronto"},"content":{"rendered":"<p>Il Caff\u00e8 Big dei fratelli Incicco \u00e8 conosciuto da pi\u00f9 di trent\u2019anni non<br \/>\nsolo per la sua attivit\u00e0 tradizionale di bar, ma come punto di ritrovo<br \/>\nserale per gustare buonissimi e colorati aperitivi \u2013 vanno forte gli<br \/>\nanalcolici alla frutta \u2013,&nbsp; con un dopocena all\u2019insegna di pi\u00f9 di cento<br \/>\ntipi diversi di caffetteria. Fa bella mostra una vetrina ricca di<br \/>\ngelato artigianale a cui si rinuncia a fatica e che permette infinite<br \/>\nvariazioni anche sul tema caffetteria.<br \/>\nLa posizione periferica rispetto al centro di <a target=\"_blank\" href=\"http:\/\/www.seratiamo.it\/san-benedetto-e-dintorni\/locali\/9\/\">San Benedetto del Tronto<\/a>,<br \/>\nma sulla strada statale 16 e con parcheggio sia riservato che pubblico<br \/>\na poca distanza, lo rende facilmente raggiungibile: volano ideale per<br \/>\nlanciare la serata per chi ha deciso di fare le ore piccole, in<br \/>\nparticolar modo d\u2019estate. L\u2019atmosfera dinamica per\u00f2 \u00e8 quella giusta<br \/>\nanche per spendere del tempo di qualit\u00e0, chiacchierando piacevolmente<br \/>\ncon gli amici: a disposizione numerosi posti a sedere e sul tavolo,<br \/>\ninsieme ad aperitivi, cocktail e caffetteria, vengono servite &nbsp;porzioni<br \/>\ngenerose di e pasticceria\u2018salato\u2019. Nel salato compare anche la pizza<br \/>\nche, come il gelato, \u00e8 prodotta artigianalmente con ingredienti di<br \/>\nqualit\u00e0 e fino alle 21 \u00e8 attivo il corner \u2018pizzeria da asporto\u2019.<\/p>\n<p>&nbsp;<\/p>\n<p>Il Caff\u00e8 Big dei fratelli Incicco \u00e8 conosciuto da pi\u00f9 di trent\u2019anni non<br \/>\nsolo per la sua attivit\u00e0 tradizionale di bar, ma come punto di ritrovo<br \/>\nserale per gustare buonissimi e colorati aperitivi \u2013 vanno forte gli<br \/>\nanalcolici alla frutta \u2013,&nbsp; con un dopocena all\u2019insegna di pi\u00f9 di cento<br \/>\ntipi diversi di caffetteria. Fa bella mostra una vetrina ricca di<br \/>\ngelato artigianale a cui si rinuncia a fatica e che permette infinite<br \/>\nvariazioni anche sul tema caffetteria.<\/p>\n<p>La posizione periferica rispetto al centro di San Benedetto del Tronto,<br \/>\nma sulla strada statale 16 e con parcheggio sia riservato che pubblico<br \/>\na poca distanza, lo rende facilmente raggiungibile: volano ideale per<br \/>\nlanciare la serata per chi ha deciso di fare le ore piccole, in<br \/>\nparticolar modo d\u2019estate. L\u2019atmosfera dinamica per\u00f2 \u00e8 quella giusta<br \/>\nanche per spendere del tempo di qualit\u00e0, chiacchierando piacevolmente<br \/>\ncon gli amici: a disposizione numerosi posti a sedere e sul tavolo,<br \/>\ninsieme ad aperitivi, cocktail e caffetteria, vengono servite &nbsp;porzioni<br \/>\ngenerose di e pasticceria\u2018salato\u2019. Nel salato compare anche la pizza<br \/>\nche, come il gelato, \u00e8 prodotta artigianalmente con ingredienti di<br \/>\nqualit\u00e0 e fino alle 21 \u00e8 attivo il corner \u2018pizzeria da asporto\u2019. <\/p>\n<p>&nbsp;<\/p>\n<p>Il Caff\u00e8 Big dei fratelli Incicco \u00e8 conosciuto da pi\u00f9 di trent\u2019anni non<br \/>\nsolo per la sua attivit\u00e0 tradizionale di bar, ma come punto di ritrovo<br \/>\nserale per gustare buonissimi e colorati aperitivi \u2013 vanno forte gli<br \/>\nanalcolici alla frutta \u2013,&nbsp; con un dopocena all\u2019insegna di pi\u00f9 di cento<br \/>\ntipi diversi di caffetteria. Fa bella mostra una vetrina ricca di<br \/>\ngelato artigianale a cui si rinuncia a fatica e che permette infinite<br \/>\nvariazioni anche sul tema caffetteria.<\/p>\n<p>La posizione periferica rispetto al centro di San Benedetto del Tronto,<br \/>\nma sulla strada statale 16 e con parcheggio sia riservato che pubblico<br \/>\na poca distanza, lo rende facilmente raggiungibile: volano ideale per<br \/>\nlanciare la serata per chi ha deciso di fare le ore piccole, in<br \/>\nparticolar modo d\u2019estate. L\u2019atmosfera dinamica per\u00f2 \u00e8 quella giusta<br \/>\nanche per spendere del tempo di qualit\u00e0, chiacchierando piacevolmente<br \/>\ncon gli amici: a disposizione numerosi posti a sedere e sul tavolo,<br \/>\ninsieme ad aperitivi, cocktail e caffetteria, vengono servite &nbsp;porzioni<br \/>\ngenerose di e pasticceria\u2018salato\u2019. Nel salato compare anche la pizza<br \/>\nche, come il gelato, \u00e8 prodotta artigianalmente con ingredienti di<br \/>\nqualit\u00e0 e fino alle 21 \u00e8 attivo il corner \u2018pizzeria da asporto\u2019. <\/p>\n","protected":false},"excerpt":{"rendered":"<p>Il Caff\u00e8 Big dei fratelli Incicco \u00e8 conosciuto da pi\u00f9 di trent\u2019anni non solo per la sua attivit\u00e0 tradizionale di bar, ma come punto di ritrovo serale per gustare buonissimi e colorati aperitivi<\/p>\n","protected":false},"author":10,"featured_media":0,"comment_status":"open","ping_status":"open","sticky":false,"template":"","format":"standard","meta":{"cybocfi_hide_featured_image":"","footnotes":""},"categories":[295],"tags":[5941,10831,12806],"class_list":["post-4344","post","type-post","status-publish","format-standard","hentry","category-tempo-libero","tag-locale","tag-san-benedetto-del-tronto","tag-serata"],"yoast_head":"<!-- This site is optimized with the Yoast SEO plugin v27.0 - https:\/\/yoast.com\/product\/yoast-seo-wordpress\/ -->\n<title>Caff\u00e8 Big San Benedetto del Tronto - Article Marketing<\/title>\n<meta name=\"robots\" content=\"index, follow, max-snippet:-1, max-image-preview:large, max-video-preview:-1\" \/>\n<link rel=\"canonical\" href=\"https:\/\/www.article-marketing.eu\/comunicati\/tempo-libero\/caffe-big-san-benedetto-del-tronto\/\" \/>\n<meta property=\"og:locale\" content=\"it_IT\" \/>\n<meta property=\"og:type\" content=\"article\" \/>\n<meta property=\"og:title\" content=\"Caff\u00e8 Big San Benedetto del Tronto - Article Marketing\" \/>\n<meta property=\"og:description\" content=\"Il Caff\u00e8 Big dei fratelli Incicco \u00e8 conosciuto da pi\u00f9 di trent\u2019anni non solo per la sua attivit\u00e0 tradizionale di bar, ma come punto di ritrovo serale per gustare buonissimi e colorati aperitivi\" \/>\n<meta property=\"og:url\" content=\"https:\/\/www.article-marketing.eu\/comunicati\/tempo-libero\/caffe-big-san-benedetto-del-tronto\/\" \/>\n<meta property=\"og:site_name\" content=\"Article Marketing\" \/>\n<meta property=\"article:published_time\" content=\"2010-03-09T15:50:51+00:00\" \/>\n<meta name=\"author\" content=\"Redazione Comunicati Stampa\" \/>\n<meta name=\"twitter:card\" content=\"summary_large_image\" \/>\n<meta name=\"twitter:label1\" content=\"Scritto da\" \/>\n\t<meta name=\"twitter:data1\" content=\"Redazione Comunicati Stampa\" \/>\n\t<meta name=\"twitter:label2\" content=\"Tempo di lettura stimato\" \/>\n\t<meta name=\"twitter:data2\" content=\"3 minuti\" \/>\n<script type=\"application\/ld+json\" class=\"yoast-schema-graph\">{\"@context\":\"https:\/\/schema.org\",\"@graph\":[{\"@type\":\"Article\",\"@id\":\"https:\/\/www.article-marketing.eu\/comunicati\/tempo-libero\/caffe-big-san-benedetto-del-tronto\/#article\",\"isPartOf\":{\"@id\":\"https:\/\/www.article-marketing.eu\/comunicati\/tempo-libero\/caffe-big-san-benedetto-del-tronto\/\"},\"author\":{\"name\":\"Redazione Comunicati Stampa\",\"@id\":\"https:\/\/www.article-marketing.eu\/comunicati\/#\/schema\/person\/44372e4d4d0fa797b18e03ed1ace9017\"},\"headline\":\"Caff\u00e8 Big San Benedetto del Tronto\",\"datePublished\":\"2010-03-09T15:50:51+00:00\",\"mainEntityOfPage\":{\"@id\":\"https:\/\/www.article-marketing.eu\/comunicati\/tempo-libero\/caffe-big-san-benedetto-del-tronto\/\"},\"wordCount\":587,\"commentCount\":0,\"keywords\":[\"locale\",\"san benedetto del tronto\",\"serata\"],\"articleSection\":[\"Tempo libero\"],\"inLanguage\":\"it-IT\",\"potentialAction\":[{\"@type\":\"CommentAction\",\"name\":\"Comment\",\"target\":[\"https:\/\/www.article-marketing.eu\/comunicati\/tempo-libero\/caffe-big-san-benedetto-del-tronto\/#respond\"]}]},{\"@type\":\"WebPage\",\"@id\":\"https:\/\/www.article-marketing.eu\/comunicati\/tempo-libero\/caffe-big-san-benedetto-del-tronto\/\",\"url\":\"https:\/\/www.article-marketing.eu\/comunicati\/tempo-libero\/caffe-big-san-benedetto-del-tronto\/\",\"name\":\"Caff\u00e8 Big San Benedetto del Tronto - Article Marketing\",\"isPartOf\":{\"@id\":\"https:\/\/www.article-marketing.eu\/comunicati\/#website\"},\"datePublished\":\"2010-03-09T15:50:51+00:00\",\"author\":{\"@id\":\"https:\/\/www.article-marketing.eu\/comunicati\/#\/schema\/person\/44372e4d4d0fa797b18e03ed1ace9017\"},\"breadcrumb\":{\"@id\":\"https:\/\/www.article-marketing.eu\/comunicati\/tempo-libero\/caffe-big-san-benedetto-del-tronto\/#breadcrumb\"},\"inLanguage\":\"it-IT\",\"potentialAction\":[{\"@type\":\"ReadAction\",\"target\":[\"https:\/\/www.article-marketing.eu\/comunicati\/tempo-libero\/caffe-big-san-benedetto-del-tronto\/\"]}]},{\"@type\":\"BreadcrumbList\",\"@id\":\"https:\/\/www.article-marketing.eu\/comunicati\/tempo-libero\/caffe-big-san-benedetto-del-tronto\/#breadcrumb\",\"itemListElement\":[{\"@type\":\"ListItem\",\"position\":1,\"name\":\"Home\",\"item\":\"https:\/\/www.article-marketing.eu\/comunicati\/\"},{\"@type\":\"ListItem\",\"position\":2,\"name\":\"Caff\u00e8 Big San Benedetto del Tronto\"}]},{\"@type\":\"WebSite\",\"@id\":\"https:\/\/www.article-marketing.eu\/comunicati\/#website\",\"url\":\"https:\/\/www.article-marketing.eu\/comunicati\/\",\"name\":\"Article Marketing\",\"description\":\"article marketing &amp; press release\",\"potentialAction\":[{\"@type\":\"SearchAction\",\"target\":{\"@type\":\"EntryPoint\",\"urlTemplate\":\"https:\/\/www.article-marketing.eu\/comunicati\/?s={search_term_string}\"},\"query-input\":{\"@type\":\"PropertyValueSpecification\",\"valueRequired\":true,\"valueName\":\"search_term_string\"}}],\"inLanguage\":\"it-IT\"},{\"@type\":\"Person\",\"@id\":\"https:\/\/www.article-marketing.eu\/comunicati\/#\/schema\/person\/44372e4d4d0fa797b18e03ed1ace9017\",\"name\":\"Redazione Comunicati Stampa\",\"image\":{\"@type\":\"ImageObject\",\"inLanguage\":\"it-IT\",\"@id\":\"https:\/\/www.article-marketing.eu\/comunicati\/#\/schema\/person\/image\/\",\"url\":\"https:\/\/secure.gravatar.com\/avatar\/50e5c6421d3072f42e7ace803501602c60d75233d34e29fd05feb91c8760b792?s=96&d=mm&r=g\",\"contentUrl\":\"https:\/\/secure.gravatar.com\/avatar\/50e5c6421d3072f42e7ace803501602c60d75233d34e29fd05feb91c8760b792?s=96&d=mm&r=g\",\"caption\":\"Redazione Comunicati Stampa\"},\"url\":\"https:\/\/www.article-marketing.eu\/comunicati\/author\/redazione-comunicati-stampa\/\"}]}<\/script>\n<!-- \/ Yoast SEO plugin. -->","yoast_head_json":{"title":"Caff\u00e8 Big San Benedetto del Tronto - Article Marketing","robots":{"index":"index","follow":"follow","max-snippet":"max-snippet:-1","max-image-preview":"max-image-preview:large","max-video-preview":"max-video-preview:-1"},"canonical":"https:\/\/www.article-marketing.eu\/comunicati\/tempo-libero\/caffe-big-san-benedetto-del-tronto\/","og_locale":"it_IT","og_type":"article","og_title":"Caff\u00e8 Big San Benedetto del Tronto - Article Marketing","og_description":"Il Caff\u00e8 Big dei fratelli Incicco \u00e8 conosciuto da pi\u00f9 di trent\u2019anni non solo per la sua attivit\u00e0 tradizionale di bar, ma come punto di ritrovo serale per gustare buonissimi e colorati aperitivi","og_url":"https:\/\/www.article-marketing.eu\/comunicati\/tempo-libero\/caffe-big-san-benedetto-del-tronto\/","og_site_name":"Article Marketing","article_published_time":"2010-03-09T15:50:51+00:00","author":"Redazione Comunicati Stampa","twitter_card":"summary_large_image","twitter_misc":{"Scritto da":"Redazione Comunicati Stampa","Tempo di lettura stimato":"3 minuti"},"schema":{"@context":"https:\/\/schema.org","@graph":[{"@type":"Article","@id":"https:\/\/www.article-marketing.eu\/comunicati\/tempo-libero\/caffe-big-san-benedetto-del-tronto\/#article","isPartOf":{"@id":"https:\/\/www.article-marketing.eu\/comunicati\/tempo-libero\/caffe-big-san-benedetto-del-tronto\/"},"author":{"name":"Redazione Comunicati Stampa","@id":"https:\/\/www.article-marketing.eu\/comunicati\/#\/schema\/person\/44372e4d4d0fa797b18e03ed1ace9017"},"headline":"Caff\u00e8 Big San Benedetto del Tronto","datePublished":"2010-03-09T15:50:51+00:00","mainEntityOfPage":{"@id":"https:\/\/www.article-marketing.eu\/comunicati\/tempo-libero\/caffe-big-san-benedetto-del-tronto\/"},"wordCount":587,"commentCount":0,"keywords":["locale","san benedetto del tronto","serata"],"articleSection":["Tempo libero"],"inLanguage":"it-IT","potentialAction":[{"@type":"CommentAction","name":"Comment","target":["https:\/\/www.article-marketing.eu\/comunicati\/tempo-libero\/caffe-big-san-benedetto-del-tronto\/#respond"]}]},{"@type":"WebPage","@id":"https:\/\/www.article-marketing.eu\/comunicati\/tempo-libero\/caffe-big-san-benedetto-del-tronto\/","url":"https:\/\/www.article-marketing.eu\/comunicati\/tempo-libero\/caffe-big-san-benedetto-del-tronto\/","name":"Caff\u00e8 Big San Benedetto del Tronto - Article Marketing","isPartOf":{"@id":"https:\/\/www.article-marketing.eu\/comunicati\/#website"},"datePublished":"2010-03-09T15:50:51+00:00","author":{"@id":"https:\/\/www.article-marketing.eu\/comunicati\/#\/schema\/person\/44372e4d4d0fa797b18e03ed1ace9017"},"breadcrumb":{"@id":"https:\/\/www.article-marketing.eu\/comunicati\/tempo-libero\/caffe-big-san-benedetto-del-tronto\/#breadcrumb"},"inLanguage":"it-IT","potentialAction":[{"@type":"ReadAction","target":["https:\/\/www.article-marketing.eu\/comunicati\/tempo-libero\/caffe-big-san-benedetto-del-tronto\/"]}]},{"@type":"BreadcrumbList","@id":"https:\/\/www.article-marketing.eu\/comunicati\/tempo-libero\/caffe-big-san-benedetto-del-tronto\/#breadcrumb","itemListElement":[{"@type":"ListItem","position":1,"name":"Home","item":"https:\/\/www.article-marketing.eu\/comunicati\/"},{"@type":"ListItem","position":2,"name":"Caff\u00e8 Big San Benedetto del Tronto"}]},{"@type":"WebSite","@id":"https:\/\/www.article-marketing.eu\/comunicati\/#website","url":"https:\/\/www.article-marketing.eu\/comunicati\/","name":"Article Marketing","description":"article marketing &amp; press release","potentialAction":[{"@type":"SearchAction","target":{"@type":"EntryPoint","urlTemplate":"https:\/\/www.article-marketing.eu\/comunicati\/?s={search_term_string}"},"query-input":{"@type":"PropertyValueSpecification","valueRequired":true,"valueName":"search_term_string"}}],"inLanguage":"it-IT"},{"@type":"Person","@id":"https:\/\/www.article-marketing.eu\/comunicati\/#\/schema\/person\/44372e4d4d0fa797b18e03ed1ace9017","name":"Redazione Comunicati Stampa","image":{"@type":"ImageObject","inLanguage":"it-IT","@id":"https:\/\/www.article-marketing.eu\/comunicati\/#\/schema\/person\/image\/","url":"https:\/\/secure.gravatar.com\/avatar\/50e5c6421d3072f42e7ace803501602c60d75233d34e29fd05feb91c8760b792?s=96&d=mm&r=g","contentUrl":"https:\/\/secure.gravatar.com\/avatar\/50e5c6421d3072f42e7ace803501602c60d75233d34e29fd05feb91c8760b792?s=96&d=mm&r=g","caption":"Redazione Comunicati Stampa"},"url":"https:\/\/www.article-marketing.eu\/comunicati\/author\/redazione-comunicati-stampa\/"}]}},"_links":{"self":[{"href":"https:\/\/www.article-marketing.eu\/comunicati\/wp-json\/wp\/v2\/posts\/4344","targetHints":{"allow":["GET"]}}],"collection":[{"href":"https:\/\/www.article-marketing.eu\/comunicati\/wp-json\/wp\/v2\/posts"}],"about":[{"href":"https:\/\/www.article-marketing.eu\/comunicati\/wp-json\/wp\/v2\/types\/post"}],"author":[{"embeddable":true,"href":"https:\/\/www.article-marketing.eu\/comunicati\/wp-json\/wp\/v2\/users\/10"}],"replies":[{"embeddable":true,"href":"https:\/\/www.article-marketing.eu\/comunicati\/wp-json\/wp\/v2\/comments?post=4344"}],"version-history":[{"count":0,"href":"https:\/\/www.article-marketing.eu\/comunicati\/wp-json\/wp\/v2\/posts\/4344\/revisions"}],"wp:attachment":[{"href":"https:\/\/www.article-marketing.eu\/comunicati\/wp-json\/wp\/v2\/media?parent=4344"}],"wp:term":[{"taxonomy":"category","embeddable":true,"href":"https:\/\/www.article-marketing.eu\/comunicati\/wp-json\/wp\/v2\/categories?post=4344"},{"taxonomy":"post_tag","embeddable":true,"href":"https:\/\/www.article-marketing.eu\/comunicati\/wp-json\/wp\/v2\/tags?post=4344"}],"curies":[{"name":"wp","href":"https:\/\/api.w.org\/{rel}","templated":true}]}}