{"id":4363,"date":"2010-03-11T17:27:49","date_gmt":"2010-03-11T16:27:49","guid":{"rendered":"http:\/\/www.article-marketing.eu\/comunicati\/senza-categoria\/monica-cerutti-aderisce-allo-sciopero-generale-della-cgil\/"},"modified":"2010-03-11T17:27:49","modified_gmt":"2010-03-11T16:27:49","slug":"monica-cerutti-aderisce-allo-sciopero-generale-della-cgil","status":"publish","type":"post","link":"https:\/\/www.article-marketing.eu\/comunicati\/societa\/politica\/monica-cerutti-aderisce-allo-sciopero-generale-della-cgil\/","title":{"rendered":"Monica Cerutti aderisce allo sciopero generale della CGIL"},"content":{"rendered":"<p>Aderiamo allo sciopero generale della CGIL<br \/>\ndi domani. Ricordiamo che le donne stanno pagando questa crisi due<br \/>\nvolte.<\/p>\n<p> Domani venerd\u00ec 12 marzo la CGIL ha indetto uno sciopero generale<br \/>\ndi quattro ore. Io, da iscritta CGIL, scender\u00f2 in piazza con i<br \/>\nlavoratori e le lavoratrici del mio sindacato.<br \/>\nVogliamo, tutti insieme, urlare contro la crisi e farlo in maniera<br \/>\nsempre pi\u00f9 forte e distinta.<br \/>\nVogliamo affermare la necessit\u00e0 che il Governo affronti in maniera<br \/>\nseria ed urgente (cosa che non sta facendo per nulla) la crisi<br \/>\nviolentissima che stiamo vivendo, e che sempre pi\u00f9, giorno dopo giorno,<br \/>\nlascia il segno nella vita delle lavoratrici, dei lavoratori e delle<br \/>\nloro famiglie.\n<\/p>\n<p>La disoccupazione aumenta, aumentano in maniera sistematica e<br \/>\npreoccupante i tagli ai precari della scuola e della pubblica<br \/>\namministrazione, le fabbriche chiudono, sempre pi\u00f9 uomini e donne sono<br \/>\nlasciati a casa, senza alcuna preoccupazione per il loro destino.<br \/>\nCredo che sia un dovere di tutte e tutti stare al fianco del principale<br \/>\nsindacato italiano per sostenere le sue richieste contro la crisi.<br \/>\nA maggior ragione in un momento come questo, in cui oltre all\u2019inerzia<br \/>\ndel Governo di fronte al lento declino che sta vivendo il nostro paese<br \/>\nsotto il profilo produttivo ed occupazionale, la maggioranza di<br \/>\ncentrodestra ha sferrato un nuovo attacco ai diritti sanciti nello<br \/>\nStatuto dei Lavoratori. Un attacco che prevede, di fatto, il<br \/>\nsuperamento delle tutele previste dall\u2019art. 18 dello Statuto e quindi<br \/>\nulterori sempre pi\u00f9 spinte forme di precarizzazione e privazione di<br \/>\ntutele del mondo del lavoro.\n<\/p>\n<p>I temi dello sciopero generale di domani mi spingono fare una<br \/>\nriflessione su quanto potrebbe succedere in Piemonte se dovesse vincere<br \/>\nCota. L\u2019assenza del governo nazionale sulle risposte alla crisi, in<br \/>\nquesti anni, \u00e8 stata compensata da numerosi e mirati interventi della<br \/>\nRegione Piemonte, sia per favorire il rilancio dello sviluppo<br \/>\nindustriale (anche attraverso importanti operazioni di riconversione<br \/>\nproduttiva, improntate ai principi della nuova economia \u201cverde\u201d), sia \u2013<br \/>\ned \u00e8 la cosa pi\u00f9 importante &#8211; a sostegno dei lavoratori, delle<br \/>\nlavoratrici e delle loro famiglie. Cota avrebbe fatto, o farebbe lo<br \/>\nstesso?<br \/>\nPurtroppo \u00e8 una domanda retorica. Gli sconfortanti risultati del suo<br \/>\ngoverno nazionale parlano per lui.<br \/>\nDarci da fare per fermare questa brutta destra che si candida a<br \/>\ngovernare la nostra regione e sostenere Mercedes Bresso perch\u00e9 possa<br \/>\ncompletare il lavoro iniziato \u00e8 un dovere per tutte e tutti noi!<br \/>\nE\u2019 un dovere, aggiungo io, che ci deve vedere impegnate in primo luogo<br \/>\nper tutte le donne lavoratrici e per le madri e le mogli dei lavoratori<br \/>\nin cassa integrazione, o che hanno perso il posto di lavoro, o che sono<br \/>\nimprigionati nelle dinamiche perverse del precariato.\n<\/p>\n<p>Le donne stanno pagando doppiamente questa crisi, e allora a noi per<br \/>\nprime tocca di urlare che questa crisi non la vogliamo pi\u00f9 pagare!<\/p>\n","protected":false},"excerpt":{"rendered":"<p>La consigliera del comune di Torino, candidata per Sinistra Ecologia Libert\u00e0 nella Regione Piemonte, venerd\u00ec 12 Marzo 2010 sar\u00e0 in piazza con i lavoratori della CGIL.<\/p>\n","protected":false},"author":10,"featured_media":0,"comment_status":"open","ping_status":"open","sticky":false,"template":"","format":"standard","meta":{"cybocfi_hide_featured_image":"","footnotes":""},"categories":[19],"tags":[12864,12862,12863,2242,12860,12859,1789,12861,12865,2555,12866],"class_list":["post-4363","post","type-post","status-publish","format-standard","hentry","category-politica","tag-bresso","tag-cgil","tag-cota","tag-donne","tag-elezioni","tag-monica-cerutti","tag-piemonte","tag-sciopero","tag-sinistra-ecologia-liberta","tag-torino","tag-vendola"],"yoast_head":"<!-- This site is optimized with the Yoast SEO plugin v27.0 - https:\/\/yoast.com\/product\/yoast-seo-wordpress\/ -->\n<title>Monica Cerutti aderisce allo sciopero generale della CGIL - Article Marketing<\/title>\n<meta name=\"robots\" content=\"index, follow, max-snippet:-1, max-image-preview:large, max-video-preview:-1\" \/>\n<link rel=\"canonical\" href=\"https:\/\/www.article-marketing.eu\/comunicati\/societa\/politica\/monica-cerutti-aderisce-allo-sciopero-generale-della-cgil\/\" \/>\n<meta property=\"og:locale\" content=\"it_IT\" \/>\n<meta property=\"og:type\" content=\"article\" \/>\n<meta property=\"og:title\" content=\"Monica Cerutti aderisce allo sciopero generale della CGIL - Article Marketing\" \/>\n<meta property=\"og:description\" content=\"La consigliera del comune di Torino, candidata per Sinistra Ecologia Libert\u00e0 nella Regione Piemonte, venerd\u00ec 12 Marzo 2010 sar\u00e0 in piazza con i lavoratori della CGIL.\" \/>\n<meta property=\"og:url\" content=\"https:\/\/www.article-marketing.eu\/comunicati\/societa\/politica\/monica-cerutti-aderisce-allo-sciopero-generale-della-cgil\/\" \/>\n<meta property=\"og:site_name\" content=\"Article Marketing\" \/>\n<meta property=\"article:published_time\" content=\"2010-03-11T16:27:49+00:00\" \/>\n<meta name=\"author\" content=\"Redazione Comunicati Stampa\" \/>\n<meta name=\"twitter:card\" content=\"summary_large_image\" \/>\n<meta name=\"twitter:label1\" content=\"Scritto da\" \/>\n\t<meta name=\"twitter:data1\" content=\"Redazione Comunicati Stampa\" \/>\n\t<meta name=\"twitter:label2\" content=\"Tempo di lettura stimato\" \/>\n\t<meta name=\"twitter:data2\" content=\"2 minuti\" \/>\n<script type=\"application\/ld+json\" class=\"yoast-schema-graph\">{\"@context\":\"https:\/\/schema.org\",\"@graph\":[{\"@type\":\"Article\",\"@id\":\"https:\/\/www.article-marketing.eu\/comunicati\/societa\/politica\/monica-cerutti-aderisce-allo-sciopero-generale-della-cgil\/#article\",\"isPartOf\":{\"@id\":\"https:\/\/www.article-marketing.eu\/comunicati\/societa\/politica\/monica-cerutti-aderisce-allo-sciopero-generale-della-cgil\/\"},\"author\":{\"name\":\"Redazione Comunicati Stampa\",\"@id\":\"https:\/\/www.article-marketing.eu\/comunicati\/#\/schema\/person\/44372e4d4d0fa797b18e03ed1ace9017\"},\"headline\":\"Monica Cerutti aderisce allo sciopero generale della CGIL\",\"datePublished\":\"2010-03-11T16:27:49+00:00\",\"mainEntityOfPage\":{\"@id\":\"https:\/\/www.article-marketing.eu\/comunicati\/societa\/politica\/monica-cerutti-aderisce-allo-sciopero-generale-della-cgil\/\"},\"wordCount\":467,\"commentCount\":0,\"keywords\":[\"bresso\",\"CGIL\",\"cota\",\"donne\",\"elezioni\",\"monica cerutti\",\"piemonte\",\"sciopero\",\"sinistra ecologia libert\u00e0\",\"Torino\",\"vendola\"],\"articleSection\":[\"Politica\"],\"inLanguage\":\"it-IT\",\"potentialAction\":[{\"@type\":\"CommentAction\",\"name\":\"Comment\",\"target\":[\"https:\/\/www.article-marketing.eu\/comunicati\/societa\/politica\/monica-cerutti-aderisce-allo-sciopero-generale-della-cgil\/#respond\"]}]},{\"@type\":\"WebPage\",\"@id\":\"https:\/\/www.article-marketing.eu\/comunicati\/societa\/politica\/monica-cerutti-aderisce-allo-sciopero-generale-della-cgil\/\",\"url\":\"https:\/\/www.article-marketing.eu\/comunicati\/societa\/politica\/monica-cerutti-aderisce-allo-sciopero-generale-della-cgil\/\",\"name\":\"Monica Cerutti aderisce allo sciopero generale della CGIL - Article Marketing\",\"isPartOf\":{\"@id\":\"https:\/\/www.article-marketing.eu\/comunicati\/#website\"},\"datePublished\":\"2010-03-11T16:27:49+00:00\",\"author\":{\"@id\":\"https:\/\/www.article-marketing.eu\/comunicati\/#\/schema\/person\/44372e4d4d0fa797b18e03ed1ace9017\"},\"breadcrumb\":{\"@id\":\"https:\/\/www.article-marketing.eu\/comunicati\/societa\/politica\/monica-cerutti-aderisce-allo-sciopero-generale-della-cgil\/#breadcrumb\"},\"inLanguage\":\"it-IT\",\"potentialAction\":[{\"@type\":\"ReadAction\",\"target\":[\"https:\/\/www.article-marketing.eu\/comunicati\/societa\/politica\/monica-cerutti-aderisce-allo-sciopero-generale-della-cgil\/\"]}]},{\"@type\":\"BreadcrumbList\",\"@id\":\"https:\/\/www.article-marketing.eu\/comunicati\/societa\/politica\/monica-cerutti-aderisce-allo-sciopero-generale-della-cgil\/#breadcrumb\",\"itemListElement\":[{\"@type\":\"ListItem\",\"position\":1,\"name\":\"Home\",\"item\":\"https:\/\/www.article-marketing.eu\/comunicati\/\"},{\"@type\":\"ListItem\",\"position\":2,\"name\":\"Monica Cerutti aderisce allo sciopero generale della CGIL\"}]},{\"@type\":\"WebSite\",\"@id\":\"https:\/\/www.article-marketing.eu\/comunicati\/#website\",\"url\":\"https:\/\/www.article-marketing.eu\/comunicati\/\",\"name\":\"Article Marketing\",\"description\":\"article marketing &amp; press release\",\"potentialAction\":[{\"@type\":\"SearchAction\",\"target\":{\"@type\":\"EntryPoint\",\"urlTemplate\":\"https:\/\/www.article-marketing.eu\/comunicati\/?s={search_term_string}\"},\"query-input\":{\"@type\":\"PropertyValueSpecification\",\"valueRequired\":true,\"valueName\":\"search_term_string\"}}],\"inLanguage\":\"it-IT\"},{\"@type\":\"Person\",\"@id\":\"https:\/\/www.article-marketing.eu\/comunicati\/#\/schema\/person\/44372e4d4d0fa797b18e03ed1ace9017\",\"name\":\"Redazione Comunicati Stampa\",\"image\":{\"@type\":\"ImageObject\",\"inLanguage\":\"it-IT\",\"@id\":\"https:\/\/www.article-marketing.eu\/comunicati\/#\/schema\/person\/image\/\",\"url\":\"https:\/\/secure.gravatar.com\/avatar\/50e5c6421d3072f42e7ace803501602c60d75233d34e29fd05feb91c8760b792?s=96&d=mm&r=g\",\"contentUrl\":\"https:\/\/secure.gravatar.com\/avatar\/50e5c6421d3072f42e7ace803501602c60d75233d34e29fd05feb91c8760b792?s=96&d=mm&r=g\",\"caption\":\"Redazione Comunicati Stampa\"},\"url\":\"https:\/\/www.article-marketing.eu\/comunicati\/author\/redazione-comunicati-stampa\/\"}]}<\/script>\n<!-- \/ Yoast SEO plugin. -->","yoast_head_json":{"title":"Monica Cerutti aderisce allo sciopero generale della CGIL - Article Marketing","robots":{"index":"index","follow":"follow","max-snippet":"max-snippet:-1","max-image-preview":"max-image-preview:large","max-video-preview":"max-video-preview:-1"},"canonical":"https:\/\/www.article-marketing.eu\/comunicati\/societa\/politica\/monica-cerutti-aderisce-allo-sciopero-generale-della-cgil\/","og_locale":"it_IT","og_type":"article","og_title":"Monica Cerutti aderisce allo sciopero generale della CGIL - Article Marketing","og_description":"La consigliera del comune di Torino, candidata per Sinistra Ecologia Libert\u00e0 nella Regione Piemonte, venerd\u00ec 12 Marzo 2010 sar\u00e0 in piazza con i lavoratori della CGIL.","og_url":"https:\/\/www.article-marketing.eu\/comunicati\/societa\/politica\/monica-cerutti-aderisce-allo-sciopero-generale-della-cgil\/","og_site_name":"Article Marketing","article_published_time":"2010-03-11T16:27:49+00:00","author":"Redazione Comunicati Stampa","twitter_card":"summary_large_image","twitter_misc":{"Scritto da":"Redazione Comunicati Stampa","Tempo di lettura stimato":"2 minuti"},"schema":{"@context":"https:\/\/schema.org","@graph":[{"@type":"Article","@id":"https:\/\/www.article-marketing.eu\/comunicati\/societa\/politica\/monica-cerutti-aderisce-allo-sciopero-generale-della-cgil\/#article","isPartOf":{"@id":"https:\/\/www.article-marketing.eu\/comunicati\/societa\/politica\/monica-cerutti-aderisce-allo-sciopero-generale-della-cgil\/"},"author":{"name":"Redazione Comunicati Stampa","@id":"https:\/\/www.article-marketing.eu\/comunicati\/#\/schema\/person\/44372e4d4d0fa797b18e03ed1ace9017"},"headline":"Monica Cerutti aderisce allo sciopero generale della CGIL","datePublished":"2010-03-11T16:27:49+00:00","mainEntityOfPage":{"@id":"https:\/\/www.article-marketing.eu\/comunicati\/societa\/politica\/monica-cerutti-aderisce-allo-sciopero-generale-della-cgil\/"},"wordCount":467,"commentCount":0,"keywords":["bresso","CGIL","cota","donne","elezioni","monica cerutti","piemonte","sciopero","sinistra ecologia libert\u00e0","Torino","vendola"],"articleSection":["Politica"],"inLanguage":"it-IT","potentialAction":[{"@type":"CommentAction","name":"Comment","target":["https:\/\/www.article-marketing.eu\/comunicati\/societa\/politica\/monica-cerutti-aderisce-allo-sciopero-generale-della-cgil\/#respond"]}]},{"@type":"WebPage","@id":"https:\/\/www.article-marketing.eu\/comunicati\/societa\/politica\/monica-cerutti-aderisce-allo-sciopero-generale-della-cgil\/","url":"https:\/\/www.article-marketing.eu\/comunicati\/societa\/politica\/monica-cerutti-aderisce-allo-sciopero-generale-della-cgil\/","name":"Monica Cerutti aderisce allo sciopero generale della CGIL - Article Marketing","isPartOf":{"@id":"https:\/\/www.article-marketing.eu\/comunicati\/#website"},"datePublished":"2010-03-11T16:27:49+00:00","author":{"@id":"https:\/\/www.article-marketing.eu\/comunicati\/#\/schema\/person\/44372e4d4d0fa797b18e03ed1ace9017"},"breadcrumb":{"@id":"https:\/\/www.article-marketing.eu\/comunicati\/societa\/politica\/monica-cerutti-aderisce-allo-sciopero-generale-della-cgil\/#breadcrumb"},"inLanguage":"it-IT","potentialAction":[{"@type":"ReadAction","target":["https:\/\/www.article-marketing.eu\/comunicati\/societa\/politica\/monica-cerutti-aderisce-allo-sciopero-generale-della-cgil\/"]}]},{"@type":"BreadcrumbList","@id":"https:\/\/www.article-marketing.eu\/comunicati\/societa\/politica\/monica-cerutti-aderisce-allo-sciopero-generale-della-cgil\/#breadcrumb","itemListElement":[{"@type":"ListItem","position":1,"name":"Home","item":"https:\/\/www.article-marketing.eu\/comunicati\/"},{"@type":"ListItem","position":2,"name":"Monica Cerutti aderisce allo sciopero generale della CGIL"}]},{"@type":"WebSite","@id":"https:\/\/www.article-marketing.eu\/comunicati\/#website","url":"https:\/\/www.article-marketing.eu\/comunicati\/","name":"Article Marketing","description":"article marketing &amp; press release","potentialAction":[{"@type":"SearchAction","target":{"@type":"EntryPoint","urlTemplate":"https:\/\/www.article-marketing.eu\/comunicati\/?s={search_term_string}"},"query-input":{"@type":"PropertyValueSpecification","valueRequired":true,"valueName":"search_term_string"}}],"inLanguage":"it-IT"},{"@type":"Person","@id":"https:\/\/www.article-marketing.eu\/comunicati\/#\/schema\/person\/44372e4d4d0fa797b18e03ed1ace9017","name":"Redazione Comunicati Stampa","image":{"@type":"ImageObject","inLanguage":"it-IT","@id":"https:\/\/www.article-marketing.eu\/comunicati\/#\/schema\/person\/image\/","url":"https:\/\/secure.gravatar.com\/avatar\/50e5c6421d3072f42e7ace803501602c60d75233d34e29fd05feb91c8760b792?s=96&d=mm&r=g","contentUrl":"https:\/\/secure.gravatar.com\/avatar\/50e5c6421d3072f42e7ace803501602c60d75233d34e29fd05feb91c8760b792?s=96&d=mm&r=g","caption":"Redazione Comunicati Stampa"},"url":"https:\/\/www.article-marketing.eu\/comunicati\/author\/redazione-comunicati-stampa\/"}]}},"_links":{"self":[{"href":"https:\/\/www.article-marketing.eu\/comunicati\/wp-json\/wp\/v2\/posts\/4363","targetHints":{"allow":["GET"]}}],"collection":[{"href":"https:\/\/www.article-marketing.eu\/comunicati\/wp-json\/wp\/v2\/posts"}],"about":[{"href":"https:\/\/www.article-marketing.eu\/comunicati\/wp-json\/wp\/v2\/types\/post"}],"author":[{"embeddable":true,"href":"https:\/\/www.article-marketing.eu\/comunicati\/wp-json\/wp\/v2\/users\/10"}],"replies":[{"embeddable":true,"href":"https:\/\/www.article-marketing.eu\/comunicati\/wp-json\/wp\/v2\/comments?post=4363"}],"version-history":[{"count":0,"href":"https:\/\/www.article-marketing.eu\/comunicati\/wp-json\/wp\/v2\/posts\/4363\/revisions"}],"wp:attachment":[{"href":"https:\/\/www.article-marketing.eu\/comunicati\/wp-json\/wp\/v2\/media?parent=4363"}],"wp:term":[{"taxonomy":"category","embeddable":true,"href":"https:\/\/www.article-marketing.eu\/comunicati\/wp-json\/wp\/v2\/categories?post=4363"},{"taxonomy":"post_tag","embeddable":true,"href":"https:\/\/www.article-marketing.eu\/comunicati\/wp-json\/wp\/v2\/tags?post=4363"}],"curies":[{"name":"wp","href":"https:\/\/api.w.org\/{rel}","templated":true}]}}