{"id":4374,"date":"2010-03-12T16:21:27","date_gmt":"2010-03-12T15:21:27","guid":{"rendered":"http:\/\/www.article-marketing.eu\/comunicati\/senza-categoria\/monica-cerutti-sar%e0-in-in-piazza-con-il-popolo-viola\/"},"modified":"2010-03-12T16:21:27","modified_gmt":"2010-03-12T15:21:27","slug":"monica-cerutti-sar%e0-in-in-piazza-con-il-popolo-viola","status":"publish","type":"post","link":"https:\/\/www.article-marketing.eu\/comunicati\/societa\/politica\/monica-cerutti-sar%e0-in-in-piazza-con-il-popolo-viola\/","title":{"rendered":"Monica Cerutti sar\u00e0 in in piazza con il Popolo Viola."},"content":{"rendered":"<p>La consigliera del comune di Torino, candidata per Sinistra Ecologia Libert\u00e0 nella Regione Piemonte, sabato 13 Marzo 2010 sar\u00e0 in piazza con il Popolo Viola.<\/p>\n<p>Domani sar\u00f2 in piazza con il popolo viola. L&#8217;Italia \u00e8 stanca del berlusconismo. Ogni mattina, sfogliando i giornali o guardando la TV, non riesco trattenere la preoccupazione per quanto sta succedendo nel nostro Paese.<br \/>\nNon solo assistiamo alla farsa di un governo inetto, senza alcuna volont\u00e0 di difendere i pi\u00f9 deboli, i diritti nel lavoro, le speranze di una ripresa; siamo costretti quotidianamente a fare la cronaca di un sistematico assalto alla libera informazione, alle prerogative delle istituzioni, ad alcuni dei pi\u00f9 basilari diritti dei cittadini. <\/p>\n<p>Siamo in un momento delicato per la democrazia e per il nostro Paese. Il Governo sempre pi\u00f9 pare utilizzare le istituzioni democratiche per risolvere i problemi di una persona o delle sue liste elettorali. Vengono eliminati gli spazi di libera informazione. Il Parlamento e la Magistratura sono sotto costante attacco delle iniziative sguaiate di questo Governo e del suo Capo.<br \/>\nE\u2019 una situazione che ci deve preoccupare nel profondo, scuoterci nella nostra coscienza di cittadini: non deve restare uno slogan elettorale.<br \/>\nIn una situazione simile, occorre dimostrare che gli uomini e le donne di questo Paese hanno una coscienza libera e civile. Occorre fare rete. Occorre far capire a quanti tra i nostri amici e conoscenti pensano che \u201cormai la politica \u00e8 tutta uguale\u201d o che \u201ctanto alla fine non cambia nulla\u201d che questo non \u00e8 vero: la nostra passione e la nostra indignazione possono riempire le strade, le nostre voci possono sovrastare il rumore dei megafoni governativi, dei telegiornali di Fede e Minzolini, le urla colleriche dei tanti Ignazio La Russa che questo centrodestra ci ha fatto conoscere negli ultimi anni. <\/p>\n<p>Il 13 marzo sar\u00f2 anche io in piazza Castello davanti al Palazzo della Regione, per il raduno piemontese del popolo viola. Sar\u00f2 in piazza con mia figlia, perch\u00e9 \u00e8 del futuro dell\u2019Italia, \u00e8 del suo futuro che si tratta. E sono fiera che anche lei possa vedere e tenere con s\u00e9 il ricordo di quanta dignit\u00e0 e quanta civilt\u00e0 ci sia nelle donne e negli uomini di questo paese cos\u00ec bello e difficile. Sar\u00e0 una piazza allegra e gentile, tenace e serena, colorata di quel viola che in questi mesi ha rappresentato la forza tranquilla di centinaia di migliaia di uomini e donne che le bandiere logore della politica tradizionale non erano in grado pi\u00f9 di rappresentare.<\/p>\n<p>Il grande successo della prima uscita del popolo viola il 5 dicembre, cos\u00ec come la straordinaria risposta alle primarie in Puglia a sostegno di Nichi Vendola ci dimostrano che l\u2019Italia \u00e8 stanca del berlusconismo e di tutti i suoi emuli, nazionali e locali.<br \/>\nIl 13 marzo ciascuna delle nostre voci sar\u00e0 importante. <\/p>\n<p>Tutti insieme, siamo la rete viva della Democrazia.<\/p>\n<p>Ci vediamo in piazza! <\/p>\n<p>Monica Cerutti, Coordinamento Nazionale Sinistra Ecologia Libert\u00e0 <\/p>\n<p>www.monicacerutti.com<\/p>\n","protected":false},"excerpt":{"rendered":"<p>La consigliera del comune di Torino, candidata per Sinistra Ecologia Libert\u00e0 nella Regione Piemonte, sabato 13 Marzo 2010 sar\u00e0 in piazza con il Popolo Viola.<\/p>\n","protected":false},"author":10,"featured_media":0,"comment_status":"open","ping_status":"open","sticky":false,"template":"","format":"standard","meta":{"cybocfi_hide_featured_image":"","footnotes":""},"categories":[19],"tags":[12897,2757,5294,1789,12898,12865,2555],"class_list":["post-4374","post","type-post","status-publish","format-standard","hentry","category-politica","tag-cerutti","tag-manifestazione","tag-piazza","tag-piemonte","tag-popolo-viola","tag-sinistra-ecologia-liberta","tag-torino"],"yoast_head":"<!-- This site is optimized with the Yoast SEO plugin v27.0 - https:\/\/yoast.com\/product\/yoast-seo-wordpress\/ -->\n<title>Monica Cerutti sar\u00e0 in in piazza con il Popolo Viola. - Article Marketing<\/title>\n<meta name=\"robots\" content=\"index, follow, max-snippet:-1, max-image-preview:large, max-video-preview:-1\" \/>\n<link rel=\"canonical\" href=\"https:\/\/www.article-marketing.eu\/comunicati\/societa\/politica\/monica-cerutti-sar?-in-in-piazza-con-il-popolo-viola\/\" \/>\n<meta property=\"og:locale\" content=\"it_IT\" \/>\n<meta property=\"og:type\" content=\"article\" \/>\n<meta property=\"og:title\" content=\"Monica Cerutti sar\u00e0 in in piazza con il Popolo Viola. - Article Marketing\" \/>\n<meta property=\"og:description\" content=\"La consigliera del comune di Torino, candidata per Sinistra Ecologia Libert\u00e0 nella Regione Piemonte, sabato 13 Marzo 2010 sar\u00e0 in piazza con il Popolo Viola.\" \/>\n<meta property=\"og:url\" content=\"\" \/>\n<meta property=\"og:site_name\" content=\"Article Marketing\" \/>\n<meta property=\"article:published_time\" content=\"2010-03-12T15:21:27+00:00\" \/>\n<meta name=\"author\" content=\"Redazione Comunicati Stampa\" \/>\n<meta name=\"twitter:card\" content=\"summary_large_image\" \/>\n<meta name=\"twitter:label1\" content=\"Scritto da\" \/>\n\t<meta name=\"twitter:data1\" content=\"Redazione Comunicati Stampa\" \/>\n\t<meta name=\"twitter:label2\" content=\"Tempo di lettura stimato\" \/>\n\t<meta name=\"twitter:data2\" content=\"2 minuti\" \/>\n<script type=\"application\/ld+json\" class=\"yoast-schema-graph\">{\"@context\":\"https:\/\/schema.org\",\"@graph\":[{\"@type\":\"Article\",\"@id\":\"https:\/\/www.article-marketing.eu\/comunicati\/societa\/politica\/monica-cerutti-sar%e0-in-in-piazza-con-il-popolo-viola\/#article\",\"isPartOf\":{\"@id\":\"https:\/\/www.article-marketing.eu\/comunicati\/societa\/politica\/monica-cerutti-sar%e0-in-in-piazza-con-il-popolo-viola\/\"},\"author\":{\"name\":\"Redazione Comunicati Stampa\",\"@id\":\"https:\/\/www.article-marketing.eu\/comunicati\/#\/schema\/person\/44372e4d4d0fa797b18e03ed1ace9017\"},\"headline\":\"Monica Cerutti sar\u00e0 in in piazza con il Popolo Viola.\",\"datePublished\":\"2010-03-12T15:21:27+00:00\",\"mainEntityOfPage\":{\"@id\":\"https:\/\/www.article-marketing.eu\/comunicati\/societa\/politica\/monica-cerutti-sar%e0-in-in-piazza-con-il-popolo-viola\/\"},\"wordCount\":485,\"commentCount\":0,\"keywords\":[\"cerutti\",\"manifestazione\",\"piazza\",\"piemonte\",\"popolo viola\",\"sinistra ecologia libert\u00e0\",\"Torino\"],\"articleSection\":[\"Politica\"],\"inLanguage\":\"it-IT\",\"potentialAction\":[{\"@type\":\"CommentAction\",\"name\":\"Comment\",\"target\":[\"https:\/\/www.article-marketing.eu\/comunicati\/societa\/politica\/monica-cerutti-sar%e0-in-in-piazza-con-il-popolo-viola\/#respond\"]}]},{\"@type\":\"WebPage\",\"@id\":\"https:\/\/www.article-marketing.eu\/comunicati\/societa\/politica\/monica-cerutti-sar%e0-in-in-piazza-con-il-popolo-viola\/\",\"url\":\"https:\/\/www.article-marketing.eu\/comunicati\/societa\/politica\/monica-cerutti-sar%e0-in-in-piazza-con-il-popolo-viola\/\",\"name\":\"Monica Cerutti sar\u00e0 in in piazza con il Popolo Viola. - Article Marketing\",\"isPartOf\":{\"@id\":\"https:\/\/www.article-marketing.eu\/comunicati\/#website\"},\"datePublished\":\"2010-03-12T15:21:27+00:00\",\"author\":{\"@id\":\"https:\/\/www.article-marketing.eu\/comunicati\/#\/schema\/person\/44372e4d4d0fa797b18e03ed1ace9017\"},\"breadcrumb\":{\"@id\":\"https:\/\/www.article-marketing.eu\/comunicati\/societa\/politica\/monica-cerutti-sar%e0-in-in-piazza-con-il-popolo-viola\/#breadcrumb\"},\"inLanguage\":\"it-IT\",\"potentialAction\":[{\"@type\":\"ReadAction\",\"target\":[\"https:\/\/www.article-marketing.eu\/comunicati\/societa\/politica\/monica-cerutti-sar%e0-in-in-piazza-con-il-popolo-viola\/\"]}]},{\"@type\":\"BreadcrumbList\",\"@id\":\"https:\/\/www.article-marketing.eu\/comunicati\/societa\/politica\/monica-cerutti-sar%e0-in-in-piazza-con-il-popolo-viola\/#breadcrumb\",\"itemListElement\":[{\"@type\":\"ListItem\",\"position\":1,\"name\":\"Home\",\"item\":\"https:\/\/www.article-marketing.eu\/comunicati\/\"},{\"@type\":\"ListItem\",\"position\":2,\"name\":\"Monica Cerutti sar\u00e0 in in piazza con il Popolo Viola.\"}]},{\"@type\":\"WebSite\",\"@id\":\"https:\/\/www.article-marketing.eu\/comunicati\/#website\",\"url\":\"https:\/\/www.article-marketing.eu\/comunicati\/\",\"name\":\"Article Marketing\",\"description\":\"article marketing &amp; press release\",\"potentialAction\":[{\"@type\":\"SearchAction\",\"target\":{\"@type\":\"EntryPoint\",\"urlTemplate\":\"https:\/\/www.article-marketing.eu\/comunicati\/?s={search_term_string}\"},\"query-input\":{\"@type\":\"PropertyValueSpecification\",\"valueRequired\":true,\"valueName\":\"search_term_string\"}}],\"inLanguage\":\"it-IT\"},{\"@type\":\"Person\",\"@id\":\"https:\/\/www.article-marketing.eu\/comunicati\/#\/schema\/person\/44372e4d4d0fa797b18e03ed1ace9017\",\"name\":\"Redazione Comunicati Stampa\",\"image\":{\"@type\":\"ImageObject\",\"inLanguage\":\"it-IT\",\"@id\":\"https:\/\/www.article-marketing.eu\/comunicati\/#\/schema\/person\/image\/\",\"url\":\"https:\/\/secure.gravatar.com\/avatar\/50e5c6421d3072f42e7ace803501602c60d75233d34e29fd05feb91c8760b792?s=96&d=mm&r=g\",\"contentUrl\":\"https:\/\/secure.gravatar.com\/avatar\/50e5c6421d3072f42e7ace803501602c60d75233d34e29fd05feb91c8760b792?s=96&d=mm&r=g\",\"caption\":\"Redazione Comunicati Stampa\"},\"url\":\"https:\/\/www.article-marketing.eu\/comunicati\/author\/redazione-comunicati-stampa\/\"}]}<\/script>\n<!-- \/ Yoast SEO plugin. -->","yoast_head_json":{"title":"Monica Cerutti sar\u00e0 in in piazza con il Popolo Viola. - Article Marketing","robots":{"index":"index","follow":"follow","max-snippet":"max-snippet:-1","max-image-preview":"max-image-preview:large","max-video-preview":"max-video-preview:-1"},"canonical":"https:\/\/www.article-marketing.eu\/comunicati\/societa\/politica\/monica-cerutti-sar?-in-in-piazza-con-il-popolo-viola\/","og_locale":"it_IT","og_type":"article","og_title":"Monica Cerutti sar\u00e0 in in piazza con il Popolo Viola. - Article Marketing","og_description":"La consigliera del comune di Torino, candidata per Sinistra Ecologia Libert\u00e0 nella Regione Piemonte, sabato 13 Marzo 2010 sar\u00e0 in piazza con il Popolo Viola.","og_url":"https:\/\/www.article-marketing.eu\/comunicati\/societa\/politica\/monica-cerutti-sar?-in-in-piazza-con-il-popolo-viola\/","og_site_name":"Article Marketing","article_published_time":"2010-03-12T15:21:27+00:00","author":"Redazione Comunicati Stampa","twitter_card":"summary_large_image","twitter_misc":{"Scritto da":"Redazione Comunicati Stampa","Tempo di lettura stimato":"2 minuti"},"schema":{"@context":"https:\/\/schema.org","@graph":[{"@type":"Article","@id":"https:\/\/www.article-marketing.eu\/comunicati\/societa\/politica\/monica-cerutti-sar%e0-in-in-piazza-con-il-popolo-viola\/#article","isPartOf":{"@id":"https:\/\/www.article-marketing.eu\/comunicati\/societa\/politica\/monica-cerutti-sar%e0-in-in-piazza-con-il-popolo-viola\/"},"author":{"name":"Redazione Comunicati Stampa","@id":"https:\/\/www.article-marketing.eu\/comunicati\/#\/schema\/person\/44372e4d4d0fa797b18e03ed1ace9017"},"headline":"Monica Cerutti sar\u00e0 in in piazza con il Popolo Viola.","datePublished":"2010-03-12T15:21:27+00:00","mainEntityOfPage":{"@id":"https:\/\/www.article-marketing.eu\/comunicati\/societa\/politica\/monica-cerutti-sar%e0-in-in-piazza-con-il-popolo-viola\/"},"wordCount":485,"commentCount":0,"keywords":["cerutti","manifestazione","piazza","piemonte","popolo viola","sinistra ecologia libert\u00e0","Torino"],"articleSection":["Politica"],"inLanguage":"it-IT","potentialAction":[{"@type":"CommentAction","name":"Comment","target":["https:\/\/www.article-marketing.eu\/comunicati\/societa\/politica\/monica-cerutti-sar%e0-in-in-piazza-con-il-popolo-viola\/#respond"]}]},{"@type":"WebPage","@id":"https:\/\/www.article-marketing.eu\/comunicati\/societa\/politica\/monica-cerutti-sar%e0-in-in-piazza-con-il-popolo-viola\/","url":"https:\/\/www.article-marketing.eu\/comunicati\/societa\/politica\/monica-cerutti-sar%e0-in-in-piazza-con-il-popolo-viola\/","name":"Monica Cerutti sar\u00e0 in in piazza con il Popolo Viola. - Article Marketing","isPartOf":{"@id":"https:\/\/www.article-marketing.eu\/comunicati\/#website"},"datePublished":"2010-03-12T15:21:27+00:00","author":{"@id":"https:\/\/www.article-marketing.eu\/comunicati\/#\/schema\/person\/44372e4d4d0fa797b18e03ed1ace9017"},"breadcrumb":{"@id":"https:\/\/www.article-marketing.eu\/comunicati\/societa\/politica\/monica-cerutti-sar%e0-in-in-piazza-con-il-popolo-viola\/#breadcrumb"},"inLanguage":"it-IT","potentialAction":[{"@type":"ReadAction","target":["https:\/\/www.article-marketing.eu\/comunicati\/societa\/politica\/monica-cerutti-sar%e0-in-in-piazza-con-il-popolo-viola\/"]}]},{"@type":"BreadcrumbList","@id":"https:\/\/www.article-marketing.eu\/comunicati\/societa\/politica\/monica-cerutti-sar%e0-in-in-piazza-con-il-popolo-viola\/#breadcrumb","itemListElement":[{"@type":"ListItem","position":1,"name":"Home","item":"https:\/\/www.article-marketing.eu\/comunicati\/"},{"@type":"ListItem","position":2,"name":"Monica Cerutti sar\u00e0 in in piazza con il Popolo Viola."}]},{"@type":"WebSite","@id":"https:\/\/www.article-marketing.eu\/comunicati\/#website","url":"https:\/\/www.article-marketing.eu\/comunicati\/","name":"Article Marketing","description":"article marketing &amp; press release","potentialAction":[{"@type":"SearchAction","target":{"@type":"EntryPoint","urlTemplate":"https:\/\/www.article-marketing.eu\/comunicati\/?s={search_term_string}"},"query-input":{"@type":"PropertyValueSpecification","valueRequired":true,"valueName":"search_term_string"}}],"inLanguage":"it-IT"},{"@type":"Person","@id":"https:\/\/www.article-marketing.eu\/comunicati\/#\/schema\/person\/44372e4d4d0fa797b18e03ed1ace9017","name":"Redazione Comunicati Stampa","image":{"@type":"ImageObject","inLanguage":"it-IT","@id":"https:\/\/www.article-marketing.eu\/comunicati\/#\/schema\/person\/image\/","url":"https:\/\/secure.gravatar.com\/avatar\/50e5c6421d3072f42e7ace803501602c60d75233d34e29fd05feb91c8760b792?s=96&d=mm&r=g","contentUrl":"https:\/\/secure.gravatar.com\/avatar\/50e5c6421d3072f42e7ace803501602c60d75233d34e29fd05feb91c8760b792?s=96&d=mm&r=g","caption":"Redazione Comunicati Stampa"},"url":"https:\/\/www.article-marketing.eu\/comunicati\/author\/redazione-comunicati-stampa\/"}]}},"_links":{"self":[{"href":"https:\/\/www.article-marketing.eu\/comunicati\/wp-json\/wp\/v2\/posts\/4374","targetHints":{"allow":["GET"]}}],"collection":[{"href":"https:\/\/www.article-marketing.eu\/comunicati\/wp-json\/wp\/v2\/posts"}],"about":[{"href":"https:\/\/www.article-marketing.eu\/comunicati\/wp-json\/wp\/v2\/types\/post"}],"author":[{"embeddable":true,"href":"https:\/\/www.article-marketing.eu\/comunicati\/wp-json\/wp\/v2\/users\/10"}],"replies":[{"embeddable":true,"href":"https:\/\/www.article-marketing.eu\/comunicati\/wp-json\/wp\/v2\/comments?post=4374"}],"version-history":[{"count":0,"href":"https:\/\/www.article-marketing.eu\/comunicati\/wp-json\/wp\/v2\/posts\/4374\/revisions"}],"wp:attachment":[{"href":"https:\/\/www.article-marketing.eu\/comunicati\/wp-json\/wp\/v2\/media?parent=4374"}],"wp:term":[{"taxonomy":"category","embeddable":true,"href":"https:\/\/www.article-marketing.eu\/comunicati\/wp-json\/wp\/v2\/categories?post=4374"},{"taxonomy":"post_tag","embeddable":true,"href":"https:\/\/www.article-marketing.eu\/comunicati\/wp-json\/wp\/v2\/tags?post=4374"}],"curies":[{"name":"wp","href":"https:\/\/api.w.org\/{rel}","templated":true}]}}