{"id":4395,"date":"2010-03-15T13:30:14","date_gmt":"2010-03-15T12:30:14","guid":{"rendered":"http:\/\/www.article-marketing.eu\/comunicati\/senza-categoria\/festa-della-primavera-ai-vivai-bartoli-garden\/"},"modified":"2018-07-10T04:47:56","modified_gmt":"2018-07-10T02:47:56","slug":"festa-della-primavera-ai-vivai-bartoli-garden","status":"publish","type":"post","link":"https:\/\/www.article-marketing.eu\/comunicati\/comunicati-stampa\/eventi\/festa-della-primavera-ai-vivai-bartoli-garden\/","title":{"rendered":"Festa della Primavera ai vivai Bartoli Garden"},"content":{"rendered":"<p><strong>Terracina &#8211;<\/strong> Una giornata di festa per salutare il risveglio della natura: \u00e8 questa l&#8217;iniziativa che il <strong>21 marzo<\/strong> aprir\u00e0 le porte dei <strong>vivai Bartoli Garden<\/strong> a tutti coloro che amano l&#8217;universo di forme, colori e profumi della primavera.<\/p>\n<p style=\"MARGIN-BOTTOM: 0cm\"><strong>Domenica dalle 10:00 alle 21:00<\/strong>, il <strong>nuovo show room<\/strong> di fiori, piante e oggettistica per la casa, il giardino e l&#8217;orto ospiter\u00e0 un fitto calendario di eventi ed attivit\u00e0 dedicate agli appassionati del pollice verde. <\/p>\n<p style=\"MARGIN-BOTTOM: 0cm\"><\/p>\n<p style=\"MARGIN-BOTTOM: 0cm\"><strong>Il programma<\/strong> <\/p>\n<p style=\"MARGIN-BOTTOM: 0cm\"><em>La primavera in casa, in terrazzo e in giardino<\/em><\/p>\n<p style=\"MARGIN-BOTTOM: 0cm\">Una spettacolare <strong>mostra della natura in fiore<\/strong> accoglier\u00e0 i visitatori e costruir\u00e0 per loro un percorso che, diramandosi nei vari angoli dello show room e del vivaio, permetter\u00e0 di conoscere da vicino tutte le variet\u00e0 di piante adatte a portare un tocco di primavera all&#8217;interno di case ed appartamenti, sui terrazzi e nei giardini. <\/p>\n<p style=\"MARGIN-BOTTOM: 0cm\">Non mancheranno inoltre <strong>accessori, complementi d&#8217;arredo<\/strong> e tante <strong>idee regalo<\/strong> con i fiori.<\/p>\n<p style=\"MARGIN-BOTTOM: 0cm\"><em>Le parole degli esperti<\/em><\/p>\n<p style=\"MARGIN-BOTTOM: 0cm\">La presenza di esperti di florovivaistica offrir\u00e0 l&#8217;occasione per <strong>mini convegni<\/strong> sulla <strong>cura delle piante<\/strong> e la <strong>manutenzione del prato<\/strong>, rispettivamente tenuti da Cifo, prodotti per giardinaggio e agricoltura e Bindi Prato Pronto. <\/p>\n<p style=\"MARGIN-BOTTOM: 0cm\">Alessandro Bartoli dispenser\u00e0 <strong>consigli su orto e piante aromatiche<\/strong>, mentre sua moglie Giuliana dar\u00e0 <strong>dimostrazioni di arte floreale<\/strong> realizzando bouquet e composizioni.<\/p>\n<p style=\"MARGIN-BOTTOM: 0cm\"><em>Per i pi\u00f9 piccoli<\/em><\/p>\n<p style=\"MARGIN-BOTTOM: 0cm\">I colorati <strong>trucchi fantasy<\/strong> di Alessandra Bottiglia, make up artist, ed i<strong> giochi con i palloncini<\/strong> di Paolo, balloon twister, intratterranno i bambini in un mondo popolato di fiori, farfalle, api e altri divertenti protagonisti dell&#8217;arrivo della primavera.<\/p>\n<p style=\"MARGIN-BOTTOM: 0cm\"><\/p>\n<p style=\"MARGIN-BOTTOM: 0cm\"><strong>Dillo con i fiori<\/strong><\/p>\n<p style=\"MARGIN-BOTTOM: 0cm\"><em>Questa giornata di festa \u00e8 stata organizzata per condividere con le persone care, i clienti e tutti coloro che vorranno partecipare, un momento importante per la nostra azienda<\/em> \u2013 spiegano Alessandro e Giuliana Bartoli- <em>\u00c8 l&#8217;inaugurazione del nuovo show room, una struttura moderna ed elegante in cui la nostra esperienza trentennale si unir\u00e0 all&#8217;intraprendenza dei nostri figli Valter e Mirko.<\/em><\/p>\n<p style=\"MARGIN-BOTTOM: 0cm\"><\/p>\n<p style=\"MARGIN-BOTTOM: 0cm\">Messaggere dell&#8217;invito alla Festa della Primavera saranno migliaia di rose distribuite in ogni angolo di Terracina: c&#8217;\u00e8 chi la ricever\u00e0 insieme al cappuccino ed il cornetto del bar e chi invece la trover\u00e0 dal parrucchiere; c&#8217;\u00e8 a chi baster\u00e0 andare a fare la spesa e chi ne sar\u00e0 omaggiato al tavolo del ristorante, sul posto di lavoro o per la strada.<\/p>\n<p style=\"MARGIN-BOTTOM: 0cm\">\u201c<em>L&#8217;idea \u00e8 semplice: vogliamo ricordare ai nostri concittadini quella gratificante sensazione che ci sorprende quando qualcuno ci regala un fiore<\/em> -continuano i Bartoli &#8211; <em>Il guaio, infatti, \u00e8 che molto spesso ci facciamo assorbire dalla routine quotidiana, dimenticando il piacere intenso che \u00e8 nascosto in cose apparentemente semplici e banali come una rosa\u201d.<\/em><\/p>\n<p style=\"MARGIN-BOTTOM: 0cm; FONT-STYLE: normal\"><\/p>\n<p style=\"MARGIN-BOTTOM: 0cm\">Da sempre poeti e galantuomini hanno attinto al linguaggio dei fiori per raccontare le passioni del cuore, mentre cerimonieri e perfette padrone di casa imparavano a scegliere il fiore giusto per ogni occasione&#8230; <\/p>\n<p style=\"MARGIN-BOTTOM: 0cm\">\u201cDillo con i fiori\u201d \u00e8 il gioco che per qualche giorno divertir\u00e0 chi sar\u00e0 in giro per la citt\u00e0.<\/p>\n<p style=\"MARGIN-BOTTOM: 0cm\">Ma vuole essere soprattutto un invito a contemplare la ricchezza espressiva della natura e imparare ad attingere a essa per celebrare i sentimenti e le emozioni di ogni giorno.<\/p>\n<p style=\"MARGIN-BOTTOM: 0cm; FONT-STYLE: normal\">Come a dire che, a volte, basta un fiore per fare felice chi amiamo.<\/p>\n<p style=\"MARGIN-BOTTOM: 0cm; FONT-STYLE: normal\"><\/p>\n<p style=\"MARGIN-BOTTOM: 0cm\" align=\"left\"><strong>Bartoli Garden, Via del colle 4 Terracina LT \u2013 0773730077 www.bartoligarden.it<\/strong><\/p>\n<p style=\"MARGIN-BOTTOM: 0cm\" align=\"left\">&nbsp;<\/p>\n","protected":false},"excerpt":{"rendered":"<p>Domenica 21 marzo 2010 i vivai Bartoli Garden festeggiano l&#8217;arrivo della stagione dei fiori con una giornata di eventi dedicati agli amanti del pollice verde<\/p>\n","protected":false},"author":10,"featured_media":0,"comment_status":"open","ping_status":"open","sticky":false,"template":"","format":"standard","meta":{"cybocfi_hide_featured_image":"","footnotes":""},"categories":[388],"tags":[3310,12968,12964,904,2901,12965,2900,12967,12966],"class_list":["post-4395","post","type-post","status-publish","format-standard","hentry","category-eventi","tag-accessori","tag-bartoli-garden","tag-festa-della-primavera","tag-fiori","tag-giardinaggio","tag-orto","tag-piante","tag-terracina","tag-vivaio"],"yoast_head":"<!-- This site is optimized with the Yoast SEO plugin v27.0 - https:\/\/yoast.com\/product\/yoast-seo-wordpress\/ -->\n<title>Festa della Primavera ai vivai Bartoli Garden - Article Marketing<\/title>\n<meta name=\"robots\" content=\"index, follow, max-snippet:-1, max-image-preview:large, max-video-preview:-1\" \/>\n<link rel=\"canonical\" href=\"https:\/\/www.article-marketing.eu\/comunicati\/comunicati-stampa\/eventi\/festa-della-primavera-ai-vivai-bartoli-garden\/\" \/>\n<meta property=\"og:locale\" content=\"it_IT\" \/>\n<meta property=\"og:type\" content=\"article\" \/>\n<meta property=\"og:title\" content=\"Festa della Primavera ai vivai Bartoli Garden - Article Marketing\" \/>\n<meta property=\"og:description\" content=\"Domenica 21 marzo 2010 i vivai Bartoli Garden festeggiano l&#039;arrivo della stagione dei fiori con una giornata di eventi dedicati agli amanti del pollice verde\" \/>\n<meta property=\"og:url\" content=\"https:\/\/www.article-marketing.eu\/comunicati\/comunicati-stampa\/eventi\/festa-della-primavera-ai-vivai-bartoli-garden\/\" \/>\n<meta property=\"og:site_name\" content=\"Article Marketing\" \/>\n<meta property=\"article:published_time\" content=\"2010-03-15T12:30:14+00:00\" \/>\n<meta property=\"article:modified_time\" content=\"2018-07-10T02:47:56+00:00\" \/>\n<meta name=\"author\" content=\"Redazione Comunicati Stampa\" \/>\n<meta name=\"twitter:card\" content=\"summary_large_image\" \/>\n<meta name=\"twitter:label1\" content=\"Scritto da\" \/>\n\t<meta name=\"twitter:data1\" content=\"Redazione Comunicati Stampa\" \/>\n\t<meta name=\"twitter:label2\" content=\"Tempo di lettura stimato\" \/>\n\t<meta name=\"twitter:data2\" content=\"3 minuti\" \/>\n<script type=\"application\/ld+json\" class=\"yoast-schema-graph\">{\"@context\":\"https:\/\/schema.org\",\"@graph\":[{\"@type\":\"Article\",\"@id\":\"https:\/\/www.article-marketing.eu\/comunicati\/comunicati-stampa\/eventi\/festa-della-primavera-ai-vivai-bartoli-garden\/#article\",\"isPartOf\":{\"@id\":\"https:\/\/www.article-marketing.eu\/comunicati\/comunicati-stampa\/eventi\/festa-della-primavera-ai-vivai-bartoli-garden\/\"},\"author\":{\"name\":\"Redazione Comunicati Stampa\",\"@id\":\"https:\/\/www.article-marketing.eu\/comunicati\/#\/schema\/person\/44372e4d4d0fa797b18e03ed1ace9017\"},\"headline\":\"Festa della Primavera ai vivai Bartoli Garden\",\"datePublished\":\"2010-03-15T12:30:14+00:00\",\"dateModified\":\"2018-07-10T02:47:56+00:00\",\"mainEntityOfPage\":{\"@id\":\"https:\/\/www.article-marketing.eu\/comunicati\/comunicati-stampa\/eventi\/festa-della-primavera-ai-vivai-bartoli-garden\/\"},\"wordCount\":533,\"commentCount\":0,\"keywords\":[\"accessori\",\"Bartoli Garden\",\"festa della primavera\",\"fiori\",\"giardinaggio\",\"orto\",\"piante\",\"terracina\",\"vivaio\"],\"articleSection\":[\"Eventi\"],\"inLanguage\":\"it-IT\",\"potentialAction\":[{\"@type\":\"CommentAction\",\"name\":\"Comment\",\"target\":[\"https:\/\/www.article-marketing.eu\/comunicati\/comunicati-stampa\/eventi\/festa-della-primavera-ai-vivai-bartoli-garden\/#respond\"]}]},{\"@type\":\"WebPage\",\"@id\":\"https:\/\/www.article-marketing.eu\/comunicati\/comunicati-stampa\/eventi\/festa-della-primavera-ai-vivai-bartoli-garden\/\",\"url\":\"https:\/\/www.article-marketing.eu\/comunicati\/comunicati-stampa\/eventi\/festa-della-primavera-ai-vivai-bartoli-garden\/\",\"name\":\"Festa della Primavera ai vivai Bartoli Garden - Article Marketing\",\"isPartOf\":{\"@id\":\"https:\/\/www.article-marketing.eu\/comunicati\/#website\"},\"datePublished\":\"2010-03-15T12:30:14+00:00\",\"dateModified\":\"2018-07-10T02:47:56+00:00\",\"author\":{\"@id\":\"https:\/\/www.article-marketing.eu\/comunicati\/#\/schema\/person\/44372e4d4d0fa797b18e03ed1ace9017\"},\"breadcrumb\":{\"@id\":\"https:\/\/www.article-marketing.eu\/comunicati\/comunicati-stampa\/eventi\/festa-della-primavera-ai-vivai-bartoli-garden\/#breadcrumb\"},\"inLanguage\":\"it-IT\",\"potentialAction\":[{\"@type\":\"ReadAction\",\"target\":[\"https:\/\/www.article-marketing.eu\/comunicati\/comunicati-stampa\/eventi\/festa-della-primavera-ai-vivai-bartoli-garden\/\"]}]},{\"@type\":\"BreadcrumbList\",\"@id\":\"https:\/\/www.article-marketing.eu\/comunicati\/comunicati-stampa\/eventi\/festa-della-primavera-ai-vivai-bartoli-garden\/#breadcrumb\",\"itemListElement\":[{\"@type\":\"ListItem\",\"position\":1,\"name\":\"Home\",\"item\":\"https:\/\/www.article-marketing.eu\/comunicati\/\"},{\"@type\":\"ListItem\",\"position\":2,\"name\":\"Festa della Primavera ai vivai Bartoli Garden\"}]},{\"@type\":\"WebSite\",\"@id\":\"https:\/\/www.article-marketing.eu\/comunicati\/#website\",\"url\":\"https:\/\/www.article-marketing.eu\/comunicati\/\",\"name\":\"Article Marketing\",\"description\":\"article marketing &amp; press release\",\"potentialAction\":[{\"@type\":\"SearchAction\",\"target\":{\"@type\":\"EntryPoint\",\"urlTemplate\":\"https:\/\/www.article-marketing.eu\/comunicati\/?s={search_term_string}\"},\"query-input\":{\"@type\":\"PropertyValueSpecification\",\"valueRequired\":true,\"valueName\":\"search_term_string\"}}],\"inLanguage\":\"it-IT\"},{\"@type\":\"Person\",\"@id\":\"https:\/\/www.article-marketing.eu\/comunicati\/#\/schema\/person\/44372e4d4d0fa797b18e03ed1ace9017\",\"name\":\"Redazione Comunicati Stampa\",\"image\":{\"@type\":\"ImageObject\",\"inLanguage\":\"it-IT\",\"@id\":\"https:\/\/www.article-marketing.eu\/comunicati\/#\/schema\/person\/image\/\",\"url\":\"https:\/\/secure.gravatar.com\/avatar\/50e5c6421d3072f42e7ace803501602c60d75233d34e29fd05feb91c8760b792?s=96&d=mm&r=g\",\"contentUrl\":\"https:\/\/secure.gravatar.com\/avatar\/50e5c6421d3072f42e7ace803501602c60d75233d34e29fd05feb91c8760b792?s=96&d=mm&r=g\",\"caption\":\"Redazione Comunicati Stampa\"},\"url\":\"https:\/\/www.article-marketing.eu\/comunicati\/author\/redazione-comunicati-stampa\/\"}]}<\/script>\n<!-- \/ Yoast SEO plugin. -->","yoast_head_json":{"title":"Festa della Primavera ai vivai Bartoli Garden - Article Marketing","robots":{"index":"index","follow":"follow","max-snippet":"max-snippet:-1","max-image-preview":"max-image-preview:large","max-video-preview":"max-video-preview:-1"},"canonical":"https:\/\/www.article-marketing.eu\/comunicati\/comunicati-stampa\/eventi\/festa-della-primavera-ai-vivai-bartoli-garden\/","og_locale":"it_IT","og_type":"article","og_title":"Festa della Primavera ai vivai Bartoli Garden - Article Marketing","og_description":"Domenica 21 marzo 2010 i vivai Bartoli Garden festeggiano l'arrivo della stagione dei fiori con una giornata di eventi dedicati agli amanti del pollice verde","og_url":"https:\/\/www.article-marketing.eu\/comunicati\/comunicati-stampa\/eventi\/festa-della-primavera-ai-vivai-bartoli-garden\/","og_site_name":"Article Marketing","article_published_time":"2010-03-15T12:30:14+00:00","article_modified_time":"2018-07-10T02:47:56+00:00","author":"Redazione Comunicati Stampa","twitter_card":"summary_large_image","twitter_misc":{"Scritto da":"Redazione Comunicati Stampa","Tempo di lettura stimato":"3 minuti"},"schema":{"@context":"https:\/\/schema.org","@graph":[{"@type":"Article","@id":"https:\/\/www.article-marketing.eu\/comunicati\/comunicati-stampa\/eventi\/festa-della-primavera-ai-vivai-bartoli-garden\/#article","isPartOf":{"@id":"https:\/\/www.article-marketing.eu\/comunicati\/comunicati-stampa\/eventi\/festa-della-primavera-ai-vivai-bartoli-garden\/"},"author":{"name":"Redazione Comunicati Stampa","@id":"https:\/\/www.article-marketing.eu\/comunicati\/#\/schema\/person\/44372e4d4d0fa797b18e03ed1ace9017"},"headline":"Festa della Primavera ai vivai Bartoli Garden","datePublished":"2010-03-15T12:30:14+00:00","dateModified":"2018-07-10T02:47:56+00:00","mainEntityOfPage":{"@id":"https:\/\/www.article-marketing.eu\/comunicati\/comunicati-stampa\/eventi\/festa-della-primavera-ai-vivai-bartoli-garden\/"},"wordCount":533,"commentCount":0,"keywords":["accessori","Bartoli Garden","festa della primavera","fiori","giardinaggio","orto","piante","terracina","vivaio"],"articleSection":["Eventi"],"inLanguage":"it-IT","potentialAction":[{"@type":"CommentAction","name":"Comment","target":["https:\/\/www.article-marketing.eu\/comunicati\/comunicati-stampa\/eventi\/festa-della-primavera-ai-vivai-bartoli-garden\/#respond"]}]},{"@type":"WebPage","@id":"https:\/\/www.article-marketing.eu\/comunicati\/comunicati-stampa\/eventi\/festa-della-primavera-ai-vivai-bartoli-garden\/","url":"https:\/\/www.article-marketing.eu\/comunicati\/comunicati-stampa\/eventi\/festa-della-primavera-ai-vivai-bartoli-garden\/","name":"Festa della Primavera ai vivai Bartoli Garden - Article Marketing","isPartOf":{"@id":"https:\/\/www.article-marketing.eu\/comunicati\/#website"},"datePublished":"2010-03-15T12:30:14+00:00","dateModified":"2018-07-10T02:47:56+00:00","author":{"@id":"https:\/\/www.article-marketing.eu\/comunicati\/#\/schema\/person\/44372e4d4d0fa797b18e03ed1ace9017"},"breadcrumb":{"@id":"https:\/\/www.article-marketing.eu\/comunicati\/comunicati-stampa\/eventi\/festa-della-primavera-ai-vivai-bartoli-garden\/#breadcrumb"},"inLanguage":"it-IT","potentialAction":[{"@type":"ReadAction","target":["https:\/\/www.article-marketing.eu\/comunicati\/comunicati-stampa\/eventi\/festa-della-primavera-ai-vivai-bartoli-garden\/"]}]},{"@type":"BreadcrumbList","@id":"https:\/\/www.article-marketing.eu\/comunicati\/comunicati-stampa\/eventi\/festa-della-primavera-ai-vivai-bartoli-garden\/#breadcrumb","itemListElement":[{"@type":"ListItem","position":1,"name":"Home","item":"https:\/\/www.article-marketing.eu\/comunicati\/"},{"@type":"ListItem","position":2,"name":"Festa della Primavera ai vivai Bartoli Garden"}]},{"@type":"WebSite","@id":"https:\/\/www.article-marketing.eu\/comunicati\/#website","url":"https:\/\/www.article-marketing.eu\/comunicati\/","name":"Article Marketing","description":"article marketing &amp; press release","potentialAction":[{"@type":"SearchAction","target":{"@type":"EntryPoint","urlTemplate":"https:\/\/www.article-marketing.eu\/comunicati\/?s={search_term_string}"},"query-input":{"@type":"PropertyValueSpecification","valueRequired":true,"valueName":"search_term_string"}}],"inLanguage":"it-IT"},{"@type":"Person","@id":"https:\/\/www.article-marketing.eu\/comunicati\/#\/schema\/person\/44372e4d4d0fa797b18e03ed1ace9017","name":"Redazione Comunicati Stampa","image":{"@type":"ImageObject","inLanguage":"it-IT","@id":"https:\/\/www.article-marketing.eu\/comunicati\/#\/schema\/person\/image\/","url":"https:\/\/secure.gravatar.com\/avatar\/50e5c6421d3072f42e7ace803501602c60d75233d34e29fd05feb91c8760b792?s=96&d=mm&r=g","contentUrl":"https:\/\/secure.gravatar.com\/avatar\/50e5c6421d3072f42e7ace803501602c60d75233d34e29fd05feb91c8760b792?s=96&d=mm&r=g","caption":"Redazione Comunicati Stampa"},"url":"https:\/\/www.article-marketing.eu\/comunicati\/author\/redazione-comunicati-stampa\/"}]}},"_links":{"self":[{"href":"https:\/\/www.article-marketing.eu\/comunicati\/wp-json\/wp\/v2\/posts\/4395","targetHints":{"allow":["GET"]}}],"collection":[{"href":"https:\/\/www.article-marketing.eu\/comunicati\/wp-json\/wp\/v2\/posts"}],"about":[{"href":"https:\/\/www.article-marketing.eu\/comunicati\/wp-json\/wp\/v2\/types\/post"}],"author":[{"embeddable":true,"href":"https:\/\/www.article-marketing.eu\/comunicati\/wp-json\/wp\/v2\/users\/10"}],"replies":[{"embeddable":true,"href":"https:\/\/www.article-marketing.eu\/comunicati\/wp-json\/wp\/v2\/comments?post=4395"}],"version-history":[{"count":3,"href":"https:\/\/www.article-marketing.eu\/comunicati\/wp-json\/wp\/v2\/posts\/4395\/revisions"}],"predecessor-version":[{"id":59866,"href":"https:\/\/www.article-marketing.eu\/comunicati\/wp-json\/wp\/v2\/posts\/4395\/revisions\/59866"}],"wp:attachment":[{"href":"https:\/\/www.article-marketing.eu\/comunicati\/wp-json\/wp\/v2\/media?parent=4395"}],"wp:term":[{"taxonomy":"category","embeddable":true,"href":"https:\/\/www.article-marketing.eu\/comunicati\/wp-json\/wp\/v2\/categories?post=4395"},{"taxonomy":"post_tag","embeddable":true,"href":"https:\/\/www.article-marketing.eu\/comunicati\/wp-json\/wp\/v2\/tags?post=4395"}],"curies":[{"name":"wp","href":"https:\/\/api.w.org\/{rel}","templated":true}]}}