{"id":4399,"date":"2010-03-15T18:28:47","date_gmt":"2010-03-15T17:28:47","guid":{"rendered":"http:\/\/www.article-marketing.eu\/comunicati\/senza-categoria\/in-camper-per-una-vacanza-economica\/"},"modified":"2010-03-15T18:28:47","modified_gmt":"2010-03-15T17:28:47","slug":"in-camper-per-una-vacanza-economica","status":"publish","type":"post","link":"https:\/\/www.article-marketing.eu\/comunicati\/viaggi-e-vacanze\/destinazioni\/in-camper-per-una-vacanza-economica\/","title":{"rendered":"In camper per una vacanza economica"},"content":{"rendered":"<p>Anche se \u00e8 ancora presto state gi\u00e0 iniziando a pensare a dove effettuare la prossima vostra vacanza? In realt\u00e0 fate bene ad essere gi\u00e0 in cerca di informazioni, e se ancora siete in alto mare o volete una vacanza alternativa, senza stress e possibilmente spendendo il meno possibile, provate a pensare a quanto potrebbe essere bello avere un <a href=\"http:\/\/www.campermania.net\" title=\"camper e caravan\">camper<\/a>.<br \/>\nE\u2019 un\u2019 ottima soluzione innanzitutto per chi non vuole rinunciare agli agi di una casa vera, potendo portare con voi ci\u00f2 che desiderate, inoltre \u00e8 molto pratico anche per la grande autonomia di viaggio che consente grazie ai capienti serbatoi di acqua e gas ed \u00e8 anche un tipo di veicolo molto venduto ed utilizzato, per cui \u00e8 facile persino trovare pezzi di ricambio qualora vi dovessero servire oppure trovare ottime occasioni di usato a buon prezzo. Inoltre si pu\u00f2 andare ovunque si voglia e desideri, non ci sono problemi n\u00e9 per quanto riguarda programmi, prenotazioni di treni o aerei, orari da rispettare o inconvenienti come ritardi, scioperi. E\u2019 molto adatto anche per chi ha una famiglia numerosa, con bambini, che potranno iniziare la vacanza ancor prima di arrivare, grazie allo spazio interno del veicolo dove poter giocare, mangiare, perfino guardare la televisione; oltretutto \u00e8 ottimo nel caso di cambio nella guida, cos\u00ec il guidatore ha la possibilit\u00e0 di fare un riposino nel tragitto.<br \/>\nCon l\u2019acquisto di un camper disporrete sempre di un veicolo pronto per ogni occasione anche in caso di decisione di vacanza all\u2019ultimo minuto: potrete cos\u00ec cogliere ogni occasione, sfruttare anche brevi o brevissimi periodi di tempo come un giorno o due per fare una gita fuori porta, gite alle quali forse si sarebbe rinunciato se fosse stato necessario preparare, organizzare e prenotare alberghi e mezzi di trasporto.<br \/>\nMa se non ve la sentite di partire subito con un acquisto cos\u00ec a prima vista impegnativo, potete sempre provare l\u2019ebbrezza di una vacanza in tutta libert\u00e0 limitandovi al noleggio di un camper: questa \u00e8 la soluzione ideale nel caso non siate totalmente convinti della comodit\u00e0 di possedere un mezzo cos\u00ec importante, oppure se non avete intenzione di effettuare altri viaggi oltre alla classica vacanza estiva o semplicemente per contenere le spese. Tra gli altri vantaggi del noleggio ci sono anche i minori problemi d manutenzione del veicolo, i costi delle tasse specifiche annuali e il parcheggio dove tenere il camper quando non viene utilizzato.<br \/>\nIn ogni caso, qualunque sia la vostra decisione in proposito avrete fatto un ottimo affare: fare una vacanza all\u2019aperto con un mezzo come il camper vi consentir\u00e0 una totale indipendenza da orari, vincoli ed inconvenienti, offrendovi la possibilit\u00e0 di viaggiare ovunque voi vogliate, in tutta comodit\u00e0, anche grazie ai numerosi accessori in commercio con i quali potrete dotare il vostro mezzo personalizzandolo secondo le vostre esigenze e desideri.<br \/>\nCon il camper il relax regna sovrano: una fontana per fare rifornimento di acqua si trova dappertutto, per gli scarichi basta procurarsi una piantina dei punti convenzionati, presenti a volte presso i distributori di carburante.<\/p>\n","protected":false},"excerpt":{"rendered":"<p>Anche se \u00e8 ancora presto state gi\u00e0 iniziando a pensare a dove effettuare la prossima vostra vacanza? In realt\u00e0 fate bene ad essere gi\u00e0 in cerca di informazioni, e se ancora siete in alto mare o volete una vacanza alternativa, senza stress e possibilmente spendendo il meno possibile, provate a pensare a quanto potrebbe essere bello avere un camper.<\/p>\n","protected":false},"author":10,"featured_media":0,"comment_status":"open","ping_status":"open","sticky":false,"template":"","format":"standard","meta":{"cybocfi_hide_featured_image":"","footnotes":""},"categories":[143],"tags":[10845,12986],"class_list":["post-4399","post","type-post","status-publish","format-standard","hentry","category-destinazioni","tag-camper","tag-camper-usati"],"yoast_head":"<!-- This site is optimized with the Yoast SEO plugin v27.0 - https:\/\/yoast.com\/product\/yoast-seo-wordpress\/ -->\n<title>In camper per una vacanza economica - Article Marketing<\/title>\n<meta name=\"robots\" content=\"index, follow, max-snippet:-1, max-image-preview:large, max-video-preview:-1\" \/>\n<link rel=\"canonical\" href=\"https:\/\/www.article-marketing.eu\/comunicati\/viaggi-e-vacanze\/destinazioni\/in-camper-per-una-vacanza-economica\/\" \/>\n<meta property=\"og:locale\" content=\"it_IT\" \/>\n<meta property=\"og:type\" content=\"article\" \/>\n<meta property=\"og:title\" content=\"In camper per una vacanza economica - Article Marketing\" \/>\n<meta property=\"og:description\" content=\"Anche se \u00e8 ancora presto state gi\u00e0 iniziando a pensare a dove effettuare la prossima vostra vacanza? In realt\u00e0 fate bene ad essere gi\u00e0 in cerca di informazioni, e se ancora siete in alto mare o volete una vacanza alternativa, senza stress e possibilmente spendendo il meno possibile, provate a pensare a quanto potrebbe essere bello avere un camper.\" \/>\n<meta property=\"og:url\" content=\"https:\/\/www.article-marketing.eu\/comunicati\/viaggi-e-vacanze\/destinazioni\/in-camper-per-una-vacanza-economica\/\" \/>\n<meta property=\"og:site_name\" content=\"Article Marketing\" \/>\n<meta property=\"article:published_time\" content=\"2010-03-15T17:28:47+00:00\" \/>\n<meta name=\"author\" content=\"Redazione Comunicati Stampa\" \/>\n<meta name=\"twitter:card\" content=\"summary_large_image\" \/>\n<meta name=\"twitter:label1\" content=\"Scritto da\" \/>\n\t<meta name=\"twitter:data1\" content=\"Redazione Comunicati Stampa\" \/>\n\t<meta name=\"twitter:label2\" content=\"Tempo di lettura stimato\" \/>\n\t<meta name=\"twitter:data2\" content=\"2 minuti\" \/>\n<script type=\"application\/ld+json\" class=\"yoast-schema-graph\">{\"@context\":\"https:\/\/schema.org\",\"@graph\":[{\"@type\":\"Article\",\"@id\":\"https:\/\/www.article-marketing.eu\/comunicati\/viaggi-e-vacanze\/destinazioni\/in-camper-per-una-vacanza-economica\/#article\",\"isPartOf\":{\"@id\":\"https:\/\/www.article-marketing.eu\/comunicati\/viaggi-e-vacanze\/destinazioni\/in-camper-per-una-vacanza-economica\/\"},\"author\":{\"name\":\"Redazione Comunicati Stampa\",\"@id\":\"https:\/\/www.article-marketing.eu\/comunicati\/#\/schema\/person\/44372e4d4d0fa797b18e03ed1ace9017\"},\"headline\":\"In camper per una vacanza economica\",\"datePublished\":\"2010-03-15T17:28:47+00:00\",\"mainEntityOfPage\":{\"@id\":\"https:\/\/www.article-marketing.eu\/comunicati\/viaggi-e-vacanze\/destinazioni\/in-camper-per-una-vacanza-economica\/\"},\"wordCount\":502,\"commentCount\":0,\"keywords\":[\"camper\",\"camper usati\"],\"articleSection\":[\"Destinazioni\"],\"inLanguage\":\"it-IT\",\"potentialAction\":[{\"@type\":\"CommentAction\",\"name\":\"Comment\",\"target\":[\"https:\/\/www.article-marketing.eu\/comunicati\/viaggi-e-vacanze\/destinazioni\/in-camper-per-una-vacanza-economica\/#respond\"]}]},{\"@type\":\"WebPage\",\"@id\":\"https:\/\/www.article-marketing.eu\/comunicati\/viaggi-e-vacanze\/destinazioni\/in-camper-per-una-vacanza-economica\/\",\"url\":\"https:\/\/www.article-marketing.eu\/comunicati\/viaggi-e-vacanze\/destinazioni\/in-camper-per-una-vacanza-economica\/\",\"name\":\"In camper per una vacanza economica - Article Marketing\",\"isPartOf\":{\"@id\":\"https:\/\/www.article-marketing.eu\/comunicati\/#website\"},\"datePublished\":\"2010-03-15T17:28:47+00:00\",\"author\":{\"@id\":\"https:\/\/www.article-marketing.eu\/comunicati\/#\/schema\/person\/44372e4d4d0fa797b18e03ed1ace9017\"},\"breadcrumb\":{\"@id\":\"https:\/\/www.article-marketing.eu\/comunicati\/viaggi-e-vacanze\/destinazioni\/in-camper-per-una-vacanza-economica\/#breadcrumb\"},\"inLanguage\":\"it-IT\",\"potentialAction\":[{\"@type\":\"ReadAction\",\"target\":[\"https:\/\/www.article-marketing.eu\/comunicati\/viaggi-e-vacanze\/destinazioni\/in-camper-per-una-vacanza-economica\/\"]}]},{\"@type\":\"BreadcrumbList\",\"@id\":\"https:\/\/www.article-marketing.eu\/comunicati\/viaggi-e-vacanze\/destinazioni\/in-camper-per-una-vacanza-economica\/#breadcrumb\",\"itemListElement\":[{\"@type\":\"ListItem\",\"position\":1,\"name\":\"Home\",\"item\":\"https:\/\/www.article-marketing.eu\/comunicati\/\"},{\"@type\":\"ListItem\",\"position\":2,\"name\":\"In camper per una vacanza economica\"}]},{\"@type\":\"WebSite\",\"@id\":\"https:\/\/www.article-marketing.eu\/comunicati\/#website\",\"url\":\"https:\/\/www.article-marketing.eu\/comunicati\/\",\"name\":\"Article Marketing\",\"description\":\"article marketing &amp; press release\",\"potentialAction\":[{\"@type\":\"SearchAction\",\"target\":{\"@type\":\"EntryPoint\",\"urlTemplate\":\"https:\/\/www.article-marketing.eu\/comunicati\/?s={search_term_string}\"},\"query-input\":{\"@type\":\"PropertyValueSpecification\",\"valueRequired\":true,\"valueName\":\"search_term_string\"}}],\"inLanguage\":\"it-IT\"},{\"@type\":\"Person\",\"@id\":\"https:\/\/www.article-marketing.eu\/comunicati\/#\/schema\/person\/44372e4d4d0fa797b18e03ed1ace9017\",\"name\":\"Redazione Comunicati Stampa\",\"image\":{\"@type\":\"ImageObject\",\"inLanguage\":\"it-IT\",\"@id\":\"https:\/\/www.article-marketing.eu\/comunicati\/#\/schema\/person\/image\/\",\"url\":\"https:\/\/secure.gravatar.com\/avatar\/50e5c6421d3072f42e7ace803501602c60d75233d34e29fd05feb91c8760b792?s=96&d=mm&r=g\",\"contentUrl\":\"https:\/\/secure.gravatar.com\/avatar\/50e5c6421d3072f42e7ace803501602c60d75233d34e29fd05feb91c8760b792?s=96&d=mm&r=g\",\"caption\":\"Redazione Comunicati Stampa\"},\"url\":\"https:\/\/www.article-marketing.eu\/comunicati\/author\/redazione-comunicati-stampa\/\"}]}<\/script>\n<!-- \/ Yoast SEO plugin. -->","yoast_head_json":{"title":"In camper per una vacanza economica - Article Marketing","robots":{"index":"index","follow":"follow","max-snippet":"max-snippet:-1","max-image-preview":"max-image-preview:large","max-video-preview":"max-video-preview:-1"},"canonical":"https:\/\/www.article-marketing.eu\/comunicati\/viaggi-e-vacanze\/destinazioni\/in-camper-per-una-vacanza-economica\/","og_locale":"it_IT","og_type":"article","og_title":"In camper per una vacanza economica - Article Marketing","og_description":"Anche se \u00e8 ancora presto state gi\u00e0 iniziando a pensare a dove effettuare la prossima vostra vacanza? In realt\u00e0 fate bene ad essere gi\u00e0 in cerca di informazioni, e se ancora siete in alto mare o volete una vacanza alternativa, senza stress e possibilmente spendendo il meno possibile, provate a pensare a quanto potrebbe essere bello avere un camper.","og_url":"https:\/\/www.article-marketing.eu\/comunicati\/viaggi-e-vacanze\/destinazioni\/in-camper-per-una-vacanza-economica\/","og_site_name":"Article Marketing","article_published_time":"2010-03-15T17:28:47+00:00","author":"Redazione Comunicati Stampa","twitter_card":"summary_large_image","twitter_misc":{"Scritto da":"Redazione Comunicati Stampa","Tempo di lettura stimato":"2 minuti"},"schema":{"@context":"https:\/\/schema.org","@graph":[{"@type":"Article","@id":"https:\/\/www.article-marketing.eu\/comunicati\/viaggi-e-vacanze\/destinazioni\/in-camper-per-una-vacanza-economica\/#article","isPartOf":{"@id":"https:\/\/www.article-marketing.eu\/comunicati\/viaggi-e-vacanze\/destinazioni\/in-camper-per-una-vacanza-economica\/"},"author":{"name":"Redazione Comunicati Stampa","@id":"https:\/\/www.article-marketing.eu\/comunicati\/#\/schema\/person\/44372e4d4d0fa797b18e03ed1ace9017"},"headline":"In camper per una vacanza economica","datePublished":"2010-03-15T17:28:47+00:00","mainEntityOfPage":{"@id":"https:\/\/www.article-marketing.eu\/comunicati\/viaggi-e-vacanze\/destinazioni\/in-camper-per-una-vacanza-economica\/"},"wordCount":502,"commentCount":0,"keywords":["camper","camper usati"],"articleSection":["Destinazioni"],"inLanguage":"it-IT","potentialAction":[{"@type":"CommentAction","name":"Comment","target":["https:\/\/www.article-marketing.eu\/comunicati\/viaggi-e-vacanze\/destinazioni\/in-camper-per-una-vacanza-economica\/#respond"]}]},{"@type":"WebPage","@id":"https:\/\/www.article-marketing.eu\/comunicati\/viaggi-e-vacanze\/destinazioni\/in-camper-per-una-vacanza-economica\/","url":"https:\/\/www.article-marketing.eu\/comunicati\/viaggi-e-vacanze\/destinazioni\/in-camper-per-una-vacanza-economica\/","name":"In camper per una vacanza economica - Article Marketing","isPartOf":{"@id":"https:\/\/www.article-marketing.eu\/comunicati\/#website"},"datePublished":"2010-03-15T17:28:47+00:00","author":{"@id":"https:\/\/www.article-marketing.eu\/comunicati\/#\/schema\/person\/44372e4d4d0fa797b18e03ed1ace9017"},"breadcrumb":{"@id":"https:\/\/www.article-marketing.eu\/comunicati\/viaggi-e-vacanze\/destinazioni\/in-camper-per-una-vacanza-economica\/#breadcrumb"},"inLanguage":"it-IT","potentialAction":[{"@type":"ReadAction","target":["https:\/\/www.article-marketing.eu\/comunicati\/viaggi-e-vacanze\/destinazioni\/in-camper-per-una-vacanza-economica\/"]}]},{"@type":"BreadcrumbList","@id":"https:\/\/www.article-marketing.eu\/comunicati\/viaggi-e-vacanze\/destinazioni\/in-camper-per-una-vacanza-economica\/#breadcrumb","itemListElement":[{"@type":"ListItem","position":1,"name":"Home","item":"https:\/\/www.article-marketing.eu\/comunicati\/"},{"@type":"ListItem","position":2,"name":"In camper per una vacanza economica"}]},{"@type":"WebSite","@id":"https:\/\/www.article-marketing.eu\/comunicati\/#website","url":"https:\/\/www.article-marketing.eu\/comunicati\/","name":"Article Marketing","description":"article marketing &amp; press release","potentialAction":[{"@type":"SearchAction","target":{"@type":"EntryPoint","urlTemplate":"https:\/\/www.article-marketing.eu\/comunicati\/?s={search_term_string}"},"query-input":{"@type":"PropertyValueSpecification","valueRequired":true,"valueName":"search_term_string"}}],"inLanguage":"it-IT"},{"@type":"Person","@id":"https:\/\/www.article-marketing.eu\/comunicati\/#\/schema\/person\/44372e4d4d0fa797b18e03ed1ace9017","name":"Redazione Comunicati Stampa","image":{"@type":"ImageObject","inLanguage":"it-IT","@id":"https:\/\/www.article-marketing.eu\/comunicati\/#\/schema\/person\/image\/","url":"https:\/\/secure.gravatar.com\/avatar\/50e5c6421d3072f42e7ace803501602c60d75233d34e29fd05feb91c8760b792?s=96&d=mm&r=g","contentUrl":"https:\/\/secure.gravatar.com\/avatar\/50e5c6421d3072f42e7ace803501602c60d75233d34e29fd05feb91c8760b792?s=96&d=mm&r=g","caption":"Redazione Comunicati Stampa"},"url":"https:\/\/www.article-marketing.eu\/comunicati\/author\/redazione-comunicati-stampa\/"}]}},"_links":{"self":[{"href":"https:\/\/www.article-marketing.eu\/comunicati\/wp-json\/wp\/v2\/posts\/4399","targetHints":{"allow":["GET"]}}],"collection":[{"href":"https:\/\/www.article-marketing.eu\/comunicati\/wp-json\/wp\/v2\/posts"}],"about":[{"href":"https:\/\/www.article-marketing.eu\/comunicati\/wp-json\/wp\/v2\/types\/post"}],"author":[{"embeddable":true,"href":"https:\/\/www.article-marketing.eu\/comunicati\/wp-json\/wp\/v2\/users\/10"}],"replies":[{"embeddable":true,"href":"https:\/\/www.article-marketing.eu\/comunicati\/wp-json\/wp\/v2\/comments?post=4399"}],"version-history":[{"count":0,"href":"https:\/\/www.article-marketing.eu\/comunicati\/wp-json\/wp\/v2\/posts\/4399\/revisions"}],"wp:attachment":[{"href":"https:\/\/www.article-marketing.eu\/comunicati\/wp-json\/wp\/v2\/media?parent=4399"}],"wp:term":[{"taxonomy":"category","embeddable":true,"href":"https:\/\/www.article-marketing.eu\/comunicati\/wp-json\/wp\/v2\/categories?post=4399"},{"taxonomy":"post_tag","embeddable":true,"href":"https:\/\/www.article-marketing.eu\/comunicati\/wp-json\/wp\/v2\/tags?post=4399"}],"curies":[{"name":"wp","href":"https:\/\/api.w.org\/{rel}","templated":true}]}}