{"id":4400,"date":"2010-03-15T18:42:55","date_gmt":"2010-03-15T17:42:55","guid":{"rendered":"http:\/\/www.article-marketing.eu\/comunicati\/senza-categoria\/prenota-bed-and-breakfast-a-foligno-per-pasqua\/"},"modified":"2010-03-15T18:42:55","modified_gmt":"2010-03-15T17:42:55","slug":"prenota-bed-and-breakfast-a-foligno-per-pasqua","status":"publish","type":"post","link":"https:\/\/www.article-marketing.eu\/comunicati\/viaggi-e-vacanze\/viaggi-e-turismo\/prenota-bed-and-breakfast-a-foligno-per-pasqua\/","title":{"rendered":"Prenota bed and breakfast a Foligno per Pasqua"},"content":{"rendered":"<p>Chi, stanco delle solite mete estive, delle spiagge affollate e caotiche, vuole trascorrere una vacanza caratterizzata da pace e tranquillit\u00e0, non rester\u00e0 certo deluso dall\u2019<a href=\"http:\/\/www.lamiaumbria.it\" title=\"Umbria\">Umbria<\/a>. Questa regione, situata nel cuore dell\u2019Italia, nonostante sia poco estesa, racchiude in s\u00e9 una ricchezza paesaggistica ed artistica davvero straordinaria. Tra le innumerevoli cittadine umbre immerse nel verde che ancora conservano il loro aspetto originario nonostante l\u2019urbanizzazione e lo sviluppo degli ultimi decenni c\u2019\u00e8 Foligno. Si tratta di un comune ancora fuori dai circuiti turistici tradizionali, ma pieno di fascino ed interesse; sorto come insediamento castrense nel Medioevo, prima dell\u2019anno Mille per sostituire l\u2019ormai decaduta Fulginia, \u00e8 circondato da una larga cinta muraria che permetteva l\u2019accesso in citt\u00e0 tramite cinque porte.<br \/>\nLa cittadina \u00e8 del tutto integrata con l\u2019ambiente naturale che si estende intorno ad essa: la circondano morbide colline, mentre il fiume Topino la lambisce a nord attraversando il tessuto urbano con uno dei suoi rami. Molteplici sono i monumenti di interesse storico; dalle piazze principali della citt\u00e0 si diramano diverse vie che confluiscono in Piazza della Repubblica, la pi\u00f9 bella, piena di antichi edifici di grande rilievo.<br \/>\nChi decide di visitare Foligno trover\u00e0 molte strutture ricettive differenti tra cui orientarsi, ognuna con caratteristiche differenti: si potrebbe scegliere ad esempio un bed and breakfast Foligno. Questo tipo di pratica ha origine antichissime, riconducibili all\u2019Inghilterra di qualche secolo fa, quando era un modo economico e assai spartano per passare la nottata con un tetto sulla testa. Ai nostri giorni questa sistemazione si \u00e8 ormai affermata in tutto il mondo, soprattutto perch\u00e9 costituisce una valida alternativa agli alberghi tradizionali. Di solito sono i nuclei familiari che possiedono un\u2019abitazione privata con qualche stanza in pi\u00f9 inutilizzata ad offrire questo tipo di servizio, anche se non mancano esempi di B&amp;B in edifici storici o in cascinali ristrutturati. Il prezzo di questo tipo di strutture comprende sia il pernottamento che la prima colazione; a volte \u00e8 garantito anche un bagno privato. Per essere riconosciuto tale ogni bed and breakfast deve soddisfare determinati requisiti, a cominciare dalla grandezza delle stanze messe a disposizione: 8 metri quadrati per la singola e 14 per la doppia. La camera inoltre dev\u2019essere dotata di tutti i comfort: letto, comodino, lampade, scrivania e sedia, oltre chiaramente ad essere a norma dal punto di vista elettrico, sanitario ed edilizio. Per quanto riguarda la prima colazione, i cibi serviti devono essere tutti preconfezionati, senza subire alcun tipo di manipolazione, in modo tale da garantire la massima igiene.<br \/>\nLa sistemazione in bed and breakfast non solo \u00e8 molto pi\u00f9 economica rispetto a qualsiasi altro tipo di alloggiamento, ma consente anche un contatto migliore e pi\u00f9 stretto con la citt\u00e0 da visitare. Da non dimenticare poi il rapporto che si viene ad instaurare con gli altri ospiti dell\u2019abitazione e con i proprietari stessi dell\u2019abitazione: si trover\u00e0 per certo qual calore umano che purtroppo si \u00e8 perso nelle grandi strutture ricettive. Si tratta inoltre di una grande opportunit\u00e0 di arricchimento culturale ed umano, importante sia per i genitori che per i bambini.<\/p>\n","protected":false},"excerpt":{"rendered":"<p>Chi, stanco delle solite mete estive, delle spiagge affollate e caotiche, vuole trascorrere una vacanza caratterizzata da pace e tranquillit\u00e0, non rester\u00e0 certo deluso dall\u2019Umbria. Questa regione, situata nel cuore dell\u2019Italia, nonostante sia poco estesa, racchiude in s\u00e9 una ricchezza paesaggistica ed artistica davvero straordinaria.<\/p>\n","protected":false},"author":10,"featured_media":0,"comment_status":"open","ping_status":"open","sticky":false,"template":"","format":"standard","meta":{"cybocfi_hide_featured_image":"","footnotes":""},"categories":[2],"tags":[12987,905,889],"class_list":["post-4400","post","type-post","status-publish","format-standard","hentry","category-viaggi-e-turismo","tag-bed-and-breakfast-foligno","tag-foligno","tag-umbria"],"yoast_head":"<!-- This site is optimized with the Yoast SEO plugin v27.0 - https:\/\/yoast.com\/product\/yoast-seo-wordpress\/ -->\n<title>Prenota bed and breakfast a Foligno per Pasqua - Article Marketing<\/title>\n<meta name=\"robots\" content=\"index, follow, max-snippet:-1, max-image-preview:large, max-video-preview:-1\" \/>\n<link rel=\"canonical\" href=\"https:\/\/www.article-marketing.eu\/comunicati\/viaggi-e-vacanze\/viaggi-e-turismo\/prenota-bed-and-breakfast-a-foligno-per-pasqua\/\" \/>\n<meta property=\"og:locale\" content=\"it_IT\" \/>\n<meta property=\"og:type\" content=\"article\" \/>\n<meta property=\"og:title\" content=\"Prenota bed and breakfast a Foligno per Pasqua - Article Marketing\" \/>\n<meta property=\"og:description\" content=\"Chi, stanco delle solite mete estive, delle spiagge affollate e caotiche, vuole trascorrere una vacanza caratterizzata da pace e tranquillit\u00e0, non rester\u00e0 certo deluso dall\u2019Umbria. Questa regione, situata nel cuore dell\u2019Italia, nonostante sia poco estesa, racchiude in s\u00e9 una ricchezza paesaggistica ed artistica davvero straordinaria.\" \/>\n<meta property=\"og:url\" content=\"https:\/\/www.article-marketing.eu\/comunicati\/viaggi-e-vacanze\/viaggi-e-turismo\/prenota-bed-and-breakfast-a-foligno-per-pasqua\/\" \/>\n<meta property=\"og:site_name\" content=\"Article Marketing\" \/>\n<meta property=\"article:published_time\" content=\"2010-03-15T17:42:55+00:00\" \/>\n<meta name=\"author\" content=\"Redazione Comunicati Stampa\" \/>\n<meta name=\"twitter:card\" content=\"summary_large_image\" \/>\n<meta name=\"twitter:label1\" content=\"Scritto da\" \/>\n\t<meta name=\"twitter:data1\" content=\"Redazione Comunicati Stampa\" \/>\n\t<meta name=\"twitter:label2\" content=\"Tempo di lettura stimato\" \/>\n\t<meta name=\"twitter:data2\" content=\"3 minuti\" \/>\n<script type=\"application\/ld+json\" class=\"yoast-schema-graph\">{\"@context\":\"https:\/\/schema.org\",\"@graph\":[{\"@type\":\"Article\",\"@id\":\"https:\/\/www.article-marketing.eu\/comunicati\/viaggi-e-vacanze\/viaggi-e-turismo\/prenota-bed-and-breakfast-a-foligno-per-pasqua\/#article\",\"isPartOf\":{\"@id\":\"https:\/\/www.article-marketing.eu\/comunicati\/viaggi-e-vacanze\/viaggi-e-turismo\/prenota-bed-and-breakfast-a-foligno-per-pasqua\/\"},\"author\":{\"name\":\"Redazione Comunicati Stampa\",\"@id\":\"https:\/\/www.article-marketing.eu\/comunicati\/#\/schema\/person\/44372e4d4d0fa797b18e03ed1ace9017\"},\"headline\":\"Prenota bed and breakfast a Foligno per Pasqua\",\"datePublished\":\"2010-03-15T17:42:55+00:00\",\"mainEntityOfPage\":{\"@id\":\"https:\/\/www.article-marketing.eu\/comunicati\/viaggi-e-vacanze\/viaggi-e-turismo\/prenota-bed-and-breakfast-a-foligno-per-pasqua\/\"},\"wordCount\":516,\"commentCount\":0,\"keywords\":[\"bed and breakfast Foligno\",\"foligno\",\"Umbria\"],\"articleSection\":[\"Viaggi e Turismo\"],\"inLanguage\":\"it-IT\",\"potentialAction\":[{\"@type\":\"CommentAction\",\"name\":\"Comment\",\"target\":[\"https:\/\/www.article-marketing.eu\/comunicati\/viaggi-e-vacanze\/viaggi-e-turismo\/prenota-bed-and-breakfast-a-foligno-per-pasqua\/#respond\"]}]},{\"@type\":\"WebPage\",\"@id\":\"https:\/\/www.article-marketing.eu\/comunicati\/viaggi-e-vacanze\/viaggi-e-turismo\/prenota-bed-and-breakfast-a-foligno-per-pasqua\/\",\"url\":\"https:\/\/www.article-marketing.eu\/comunicati\/viaggi-e-vacanze\/viaggi-e-turismo\/prenota-bed-and-breakfast-a-foligno-per-pasqua\/\",\"name\":\"Prenota bed and breakfast a Foligno per Pasqua - Article Marketing\",\"isPartOf\":{\"@id\":\"https:\/\/www.article-marketing.eu\/comunicati\/#website\"},\"datePublished\":\"2010-03-15T17:42:55+00:00\",\"author\":{\"@id\":\"https:\/\/www.article-marketing.eu\/comunicati\/#\/schema\/person\/44372e4d4d0fa797b18e03ed1ace9017\"},\"breadcrumb\":{\"@id\":\"https:\/\/www.article-marketing.eu\/comunicati\/viaggi-e-vacanze\/viaggi-e-turismo\/prenota-bed-and-breakfast-a-foligno-per-pasqua\/#breadcrumb\"},\"inLanguage\":\"it-IT\",\"potentialAction\":[{\"@type\":\"ReadAction\",\"target\":[\"https:\/\/www.article-marketing.eu\/comunicati\/viaggi-e-vacanze\/viaggi-e-turismo\/prenota-bed-and-breakfast-a-foligno-per-pasqua\/\"]}]},{\"@type\":\"BreadcrumbList\",\"@id\":\"https:\/\/www.article-marketing.eu\/comunicati\/viaggi-e-vacanze\/viaggi-e-turismo\/prenota-bed-and-breakfast-a-foligno-per-pasqua\/#breadcrumb\",\"itemListElement\":[{\"@type\":\"ListItem\",\"position\":1,\"name\":\"Home\",\"item\":\"https:\/\/www.article-marketing.eu\/comunicati\/\"},{\"@type\":\"ListItem\",\"position\":2,\"name\":\"Prenota bed and breakfast a Foligno per Pasqua\"}]},{\"@type\":\"WebSite\",\"@id\":\"https:\/\/www.article-marketing.eu\/comunicati\/#website\",\"url\":\"https:\/\/www.article-marketing.eu\/comunicati\/\",\"name\":\"Article Marketing\",\"description\":\"article marketing &amp; press release\",\"potentialAction\":[{\"@type\":\"SearchAction\",\"target\":{\"@type\":\"EntryPoint\",\"urlTemplate\":\"https:\/\/www.article-marketing.eu\/comunicati\/?s={search_term_string}\"},\"query-input\":{\"@type\":\"PropertyValueSpecification\",\"valueRequired\":true,\"valueName\":\"search_term_string\"}}],\"inLanguage\":\"it-IT\"},{\"@type\":\"Person\",\"@id\":\"https:\/\/www.article-marketing.eu\/comunicati\/#\/schema\/person\/44372e4d4d0fa797b18e03ed1ace9017\",\"name\":\"Redazione Comunicati Stampa\",\"image\":{\"@type\":\"ImageObject\",\"inLanguage\":\"it-IT\",\"@id\":\"https:\/\/www.article-marketing.eu\/comunicati\/#\/schema\/person\/image\/\",\"url\":\"https:\/\/secure.gravatar.com\/avatar\/50e5c6421d3072f42e7ace803501602c60d75233d34e29fd05feb91c8760b792?s=96&d=mm&r=g\",\"contentUrl\":\"https:\/\/secure.gravatar.com\/avatar\/50e5c6421d3072f42e7ace803501602c60d75233d34e29fd05feb91c8760b792?s=96&d=mm&r=g\",\"caption\":\"Redazione Comunicati Stampa\"},\"url\":\"https:\/\/www.article-marketing.eu\/comunicati\/author\/redazione-comunicati-stampa\/\"}]}<\/script>\n<!-- \/ Yoast SEO plugin. -->","yoast_head_json":{"title":"Prenota bed and breakfast a Foligno per Pasqua - Article Marketing","robots":{"index":"index","follow":"follow","max-snippet":"max-snippet:-1","max-image-preview":"max-image-preview:large","max-video-preview":"max-video-preview:-1"},"canonical":"https:\/\/www.article-marketing.eu\/comunicati\/viaggi-e-vacanze\/viaggi-e-turismo\/prenota-bed-and-breakfast-a-foligno-per-pasqua\/","og_locale":"it_IT","og_type":"article","og_title":"Prenota bed and breakfast a Foligno per Pasqua - Article Marketing","og_description":"Chi, stanco delle solite mete estive, delle spiagge affollate e caotiche, vuole trascorrere una vacanza caratterizzata da pace e tranquillit\u00e0, non rester\u00e0 certo deluso dall\u2019Umbria. Questa regione, situata nel cuore dell\u2019Italia, nonostante sia poco estesa, racchiude in s\u00e9 una ricchezza paesaggistica ed artistica davvero straordinaria.","og_url":"https:\/\/www.article-marketing.eu\/comunicati\/viaggi-e-vacanze\/viaggi-e-turismo\/prenota-bed-and-breakfast-a-foligno-per-pasqua\/","og_site_name":"Article Marketing","article_published_time":"2010-03-15T17:42:55+00:00","author":"Redazione Comunicati Stampa","twitter_card":"summary_large_image","twitter_misc":{"Scritto da":"Redazione Comunicati Stampa","Tempo di lettura stimato":"3 minuti"},"schema":{"@context":"https:\/\/schema.org","@graph":[{"@type":"Article","@id":"https:\/\/www.article-marketing.eu\/comunicati\/viaggi-e-vacanze\/viaggi-e-turismo\/prenota-bed-and-breakfast-a-foligno-per-pasqua\/#article","isPartOf":{"@id":"https:\/\/www.article-marketing.eu\/comunicati\/viaggi-e-vacanze\/viaggi-e-turismo\/prenota-bed-and-breakfast-a-foligno-per-pasqua\/"},"author":{"name":"Redazione Comunicati Stampa","@id":"https:\/\/www.article-marketing.eu\/comunicati\/#\/schema\/person\/44372e4d4d0fa797b18e03ed1ace9017"},"headline":"Prenota bed and breakfast a Foligno per Pasqua","datePublished":"2010-03-15T17:42:55+00:00","mainEntityOfPage":{"@id":"https:\/\/www.article-marketing.eu\/comunicati\/viaggi-e-vacanze\/viaggi-e-turismo\/prenota-bed-and-breakfast-a-foligno-per-pasqua\/"},"wordCount":516,"commentCount":0,"keywords":["bed and breakfast Foligno","foligno","Umbria"],"articleSection":["Viaggi e Turismo"],"inLanguage":"it-IT","potentialAction":[{"@type":"CommentAction","name":"Comment","target":["https:\/\/www.article-marketing.eu\/comunicati\/viaggi-e-vacanze\/viaggi-e-turismo\/prenota-bed-and-breakfast-a-foligno-per-pasqua\/#respond"]}]},{"@type":"WebPage","@id":"https:\/\/www.article-marketing.eu\/comunicati\/viaggi-e-vacanze\/viaggi-e-turismo\/prenota-bed-and-breakfast-a-foligno-per-pasqua\/","url":"https:\/\/www.article-marketing.eu\/comunicati\/viaggi-e-vacanze\/viaggi-e-turismo\/prenota-bed-and-breakfast-a-foligno-per-pasqua\/","name":"Prenota bed and breakfast a Foligno per Pasqua - Article Marketing","isPartOf":{"@id":"https:\/\/www.article-marketing.eu\/comunicati\/#website"},"datePublished":"2010-03-15T17:42:55+00:00","author":{"@id":"https:\/\/www.article-marketing.eu\/comunicati\/#\/schema\/person\/44372e4d4d0fa797b18e03ed1ace9017"},"breadcrumb":{"@id":"https:\/\/www.article-marketing.eu\/comunicati\/viaggi-e-vacanze\/viaggi-e-turismo\/prenota-bed-and-breakfast-a-foligno-per-pasqua\/#breadcrumb"},"inLanguage":"it-IT","potentialAction":[{"@type":"ReadAction","target":["https:\/\/www.article-marketing.eu\/comunicati\/viaggi-e-vacanze\/viaggi-e-turismo\/prenota-bed-and-breakfast-a-foligno-per-pasqua\/"]}]},{"@type":"BreadcrumbList","@id":"https:\/\/www.article-marketing.eu\/comunicati\/viaggi-e-vacanze\/viaggi-e-turismo\/prenota-bed-and-breakfast-a-foligno-per-pasqua\/#breadcrumb","itemListElement":[{"@type":"ListItem","position":1,"name":"Home","item":"https:\/\/www.article-marketing.eu\/comunicati\/"},{"@type":"ListItem","position":2,"name":"Prenota bed and breakfast a Foligno per Pasqua"}]},{"@type":"WebSite","@id":"https:\/\/www.article-marketing.eu\/comunicati\/#website","url":"https:\/\/www.article-marketing.eu\/comunicati\/","name":"Article Marketing","description":"article marketing &amp; press release","potentialAction":[{"@type":"SearchAction","target":{"@type":"EntryPoint","urlTemplate":"https:\/\/www.article-marketing.eu\/comunicati\/?s={search_term_string}"},"query-input":{"@type":"PropertyValueSpecification","valueRequired":true,"valueName":"search_term_string"}}],"inLanguage":"it-IT"},{"@type":"Person","@id":"https:\/\/www.article-marketing.eu\/comunicati\/#\/schema\/person\/44372e4d4d0fa797b18e03ed1ace9017","name":"Redazione Comunicati Stampa","image":{"@type":"ImageObject","inLanguage":"it-IT","@id":"https:\/\/www.article-marketing.eu\/comunicati\/#\/schema\/person\/image\/","url":"https:\/\/secure.gravatar.com\/avatar\/50e5c6421d3072f42e7ace803501602c60d75233d34e29fd05feb91c8760b792?s=96&d=mm&r=g","contentUrl":"https:\/\/secure.gravatar.com\/avatar\/50e5c6421d3072f42e7ace803501602c60d75233d34e29fd05feb91c8760b792?s=96&d=mm&r=g","caption":"Redazione Comunicati Stampa"},"url":"https:\/\/www.article-marketing.eu\/comunicati\/author\/redazione-comunicati-stampa\/"}]}},"_links":{"self":[{"href":"https:\/\/www.article-marketing.eu\/comunicati\/wp-json\/wp\/v2\/posts\/4400","targetHints":{"allow":["GET"]}}],"collection":[{"href":"https:\/\/www.article-marketing.eu\/comunicati\/wp-json\/wp\/v2\/posts"}],"about":[{"href":"https:\/\/www.article-marketing.eu\/comunicati\/wp-json\/wp\/v2\/types\/post"}],"author":[{"embeddable":true,"href":"https:\/\/www.article-marketing.eu\/comunicati\/wp-json\/wp\/v2\/users\/10"}],"replies":[{"embeddable":true,"href":"https:\/\/www.article-marketing.eu\/comunicati\/wp-json\/wp\/v2\/comments?post=4400"}],"version-history":[{"count":0,"href":"https:\/\/www.article-marketing.eu\/comunicati\/wp-json\/wp\/v2\/posts\/4400\/revisions"}],"wp:attachment":[{"href":"https:\/\/www.article-marketing.eu\/comunicati\/wp-json\/wp\/v2\/media?parent=4400"}],"wp:term":[{"taxonomy":"category","embeddable":true,"href":"https:\/\/www.article-marketing.eu\/comunicati\/wp-json\/wp\/v2\/categories?post=4400"},{"taxonomy":"post_tag","embeddable":true,"href":"https:\/\/www.article-marketing.eu\/comunicati\/wp-json\/wp\/v2\/tags?post=4400"}],"curies":[{"name":"wp","href":"https:\/\/api.w.org\/{rel}","templated":true}]}}