{"id":44005,"date":"2014-09-12T22:48:19","date_gmt":"2014-09-12T20:48:19","guid":{"rendered":"http:\/\/www.article-marketing.eu\/comunicati\/senza-categoria\/disturbo-personalit%25c3%25a0-bambini\/"},"modified":"2014-09-12T22:48:19","modified_gmt":"2014-09-12T20:48:19","slug":"disturbo-personalit%25c3%25a0-bambini","status":"publish","type":"post","link":"https:\/\/www.article-marketing.eu\/comunicati\/istruzione\/infanzia\/disturbo-personalit%25c3%25a0-bambini\/","title":{"rendered":"Il disturbo della personalit\u00e0 nei bambini"},"content":{"rendered":"<p>Il disturbo della personalit&agrave; &egrave; un argomento molto serio e delicato, iniziamo nel dire che la personalit&agrave; &egrave; un ampio modello dove vengono raccolte tutte le caratteristiche psicologiche, e una volta incamerate non possono essere eliminate.<br \/>Infatti un bambino da piccolo bisogna quotidianamente fargli capire ci&ograve; che si fa e quello che non si fa. La personalit&agrave; di una persona la si riconosce dal modo di fare, infatti chi non soffre di disturbi della personalit&agrave; riesce a entrare in simbiosi con luoghi e persone, rispettano l&rsquo; ambiente che lo circonda, viceversa una persona che soffre i disturbi di personalit&agrave;, lo si riconosce dal mancato adattamento con gli altri, luoghi, idee, etc.<br \/>Ci sono vari tipi di disturbi della persona : il primo insieme sono quelli che si estraniano, gli stravaganti, gli estrosi e questo viene chiamato Paranoide, i quali sono molto diffidenti di tutti, credono che ogni individuo sia una minaccia per loro.<br \/>Poi abbiamo gli Schizoidi i quali prima si legano ad una situazione sentimentale, ma poi con il passare del tempo hanno la capacit&agrave; di rimanere distaccati e freddi nei confronti del loro partner, proprio questi non riescono nemmeno a stare in gruppo sia come dal punto di amicizia che di lavoro. Poi abbiamo i teatrali, ( i quali risultano sempre tristi), gli ansiosi, quelli che mentono in continuazione giusto per recare danno ad altri, senza curarsene del danno che possono arrecare.<br \/>Possiamo trovare anche soggetti che hanno una carriera lavorativa eccellente, ma basta osservarli e capirete che sono molto aggressivi e scattano per un no niente. Mentre chi soffre di Borderline sono quelli che non si adatta alla nostra realt&agrave;, ma si creano una realt&agrave; tutta loro sono soggetti con personalit&agrave; criminale, possiamo individuarli per la loro volubilit&agrave;, la loro impulsivit&agrave;, sono capaci di provocarsi ferite e anche tal volta il suicidio.<br \/>I disturbi della personalit&agrave; possono avere tantissime motivazioni, sono dell&#8217; idea che ad ogni modo si pu&ograve; sconfiggere il mostro finch&egrave; &egrave; piccolo, e dunque essere attenti con i propri figli, vederne i mutamenti, seguirli ed intervenire dove si pu&ograve; &egrave; di fondamentale importanza.<br \/>Dove non ci si pu&ograve; arrivare, spesso mancano le informazioni giuste per svolgere tale compito, &egrave; giusto affidarsi a consigli esperti. E&#8217; sacrosanto tutelare la crescita dei propri bambini contattando esperti motivatori e professionisti della psicologia, per far si che si cresca nel giusto, e in modo sano.<br \/>\nEvitare che un bambino che da piccolo ha una personalit&agrave; molto chiusa, diventi in et&agrave; adulta un uomo con un carattere evitante &egrave; doveroso per l&#8217; adulto che tutelaed insegna.<br \/>\nI segnali sociali che il bambino d&agrave; sono tanti, possono essere ad esempio campanelli d&#8217; allarme : balbettii, il nascondersi quando viene un estraneo in casa, quando si rifugiano in arti come il disegno o la musica, quando si rifiutano insistentemente di interagire con gli amichetti, ed ancora possono essere campanelli d&#8217; allarme :<\/p>\n<ul>\n<li>quando acconsentono sempre<\/li>\n<li>quando sono insicuri<\/li>\n<li>quando leggono troppo<\/li>\n<\/ul>\n<p>Ecco, di campanelli d&#8217;allarme ce ne sono tantissimi, se dunque si notano pi&ugrave; sintomi elencati allora l&#8217; intervento dell&#8217; adulto, coadiuvato da personale esperto pu&ograve; essere decisivo per favorire una sana crescita del bambino.<\/p>\n","protected":false},"excerpt":{"rendered":"<p>Il disturbo della personalit\u00e0 \u00e8 un argomento molto serio e delicato, iniziamo nel dire che la personalit\u00e0 \u00e8 un ampio modello dove vengono raccolte tutte le caratteristiche psicologiche, e una volta incamerate non possono essere eliminate. Infatti un bambino da piccolo bisogna quotidianamente fargli capire ci\u00f2 che si fa e quello che non si fa.<\/p>\n","protected":false},"author":10,"featured_media":0,"comment_status":"open","ping_status":"open","sticky":false,"template":"","format":"standard","meta":{"cybocfi_hide_featured_image":"","footnotes":""},"categories":[2224],"tags":[48966,48967],"class_list":["post-44005","post","type-post","status-publish","format-standard","hentry","category-infanzia","tag-coach-bambini","tag-life-coach-teenager"],"yoast_head":"<!-- This site is optimized with the Yoast SEO plugin v27.0 - https:\/\/yoast.com\/product\/yoast-seo-wordpress\/ -->\n<title>Il disturbo della personalit\u00e0 nei bambini - Article Marketing<\/title>\n<meta name=\"robots\" content=\"index, follow, max-snippet:-1, max-image-preview:large, max-video-preview:-1\" \/>\n<link rel=\"canonical\" href=\"https:\/\/www.article-marketing.eu\/comunicati\/istruzione\/infanzia\/disturbo-personalit%c3%a0-bambini\/\" \/>\n<meta property=\"og:locale\" content=\"it_IT\" \/>\n<meta property=\"og:type\" content=\"article\" \/>\n<meta property=\"og:title\" content=\"Il disturbo della personalit\u00e0 nei bambini - Article Marketing\" \/>\n<meta property=\"og:description\" content=\"Il disturbo della personalit\u00e0 \u00e8 un argomento molto serio e delicato, iniziamo nel dire che la personalit\u00e0 \u00e8 un ampio modello dove vengono raccolte tutte le caratteristiche psicologiche, e una volta incamerate non possono essere eliminate. Infatti un bambino da piccolo bisogna quotidianamente fargli capire ci\u00f2 che si fa e quello che non si fa.\" \/>\n<meta property=\"og:url\" content=\"https:\/\/www.article-marketing.eu\/comunicati\/istruzione\/infanzia\/disturbo-personalit%c3%a0-bambini\/\" \/>\n<meta property=\"og:site_name\" content=\"Article Marketing\" \/>\n<meta property=\"article:published_time\" content=\"2014-09-12T20:48:19+00:00\" \/>\n<meta name=\"author\" content=\"Redazione Comunicati Stampa\" \/>\n<meta name=\"twitter:card\" content=\"summary_large_image\" \/>\n<meta name=\"twitter:label1\" content=\"Scritto da\" \/>\n\t<meta name=\"twitter:data1\" content=\"Redazione Comunicati Stampa\" \/>\n\t<meta name=\"twitter:label2\" content=\"Tempo di lettura stimato\" \/>\n\t<meta name=\"twitter:data2\" content=\"3 minuti\" \/>\n<script type=\"application\/ld+json\" class=\"yoast-schema-graph\">{\"@context\":\"https:\/\/schema.org\",\"@graph\":[{\"@type\":\"Article\",\"@id\":\"https:\/\/www.article-marketing.eu\/comunicati\/istruzione\/infanzia\/disturbo-personalit%25c3%25a0-bambini\/#article\",\"isPartOf\":{\"@id\":\"https:\/\/www.article-marketing.eu\/comunicati\/istruzione\/infanzia\/disturbo-personalit%25c3%25a0-bambini\/\"},\"author\":{\"name\":\"Redazione Comunicati Stampa\",\"@id\":\"https:\/\/www.article-marketing.eu\/comunicati\/#\/schema\/person\/44372e4d4d0fa797b18e03ed1ace9017\"},\"headline\":\"Il disturbo della personalit\u00e0 nei bambini\",\"datePublished\":\"2014-09-12T20:48:19+00:00\",\"mainEntityOfPage\":{\"@id\":\"https:\/\/www.article-marketing.eu\/comunicati\/istruzione\/infanzia\/disturbo-personalit%25c3%25a0-bambini\/\"},\"wordCount\":549,\"commentCount\":0,\"keywords\":[\"coach bambini\",\"life coach teenager\"],\"articleSection\":[\"Infanzia\"],\"inLanguage\":\"it-IT\",\"potentialAction\":[{\"@type\":\"CommentAction\",\"name\":\"Comment\",\"target\":[\"https:\/\/www.article-marketing.eu\/comunicati\/istruzione\/infanzia\/disturbo-personalit%25c3%25a0-bambini\/#respond\"]}]},{\"@type\":\"WebPage\",\"@id\":\"https:\/\/www.article-marketing.eu\/comunicati\/istruzione\/infanzia\/disturbo-personalit%25c3%25a0-bambini\/\",\"url\":\"https:\/\/www.article-marketing.eu\/comunicati\/istruzione\/infanzia\/disturbo-personalit%25c3%25a0-bambini\/\",\"name\":\"Il disturbo della personalit\u00e0 nei bambini - Article Marketing\",\"isPartOf\":{\"@id\":\"https:\/\/www.article-marketing.eu\/comunicati\/#website\"},\"datePublished\":\"2014-09-12T20:48:19+00:00\",\"author\":{\"@id\":\"https:\/\/www.article-marketing.eu\/comunicati\/#\/schema\/person\/44372e4d4d0fa797b18e03ed1ace9017\"},\"breadcrumb\":{\"@id\":\"https:\/\/www.article-marketing.eu\/comunicati\/istruzione\/infanzia\/disturbo-personalit%25c3%25a0-bambini\/#breadcrumb\"},\"inLanguage\":\"it-IT\",\"potentialAction\":[{\"@type\":\"ReadAction\",\"target\":[\"https:\/\/www.article-marketing.eu\/comunicati\/istruzione\/infanzia\/disturbo-personalit%25c3%25a0-bambini\/\"]}]},{\"@type\":\"BreadcrumbList\",\"@id\":\"https:\/\/www.article-marketing.eu\/comunicati\/istruzione\/infanzia\/disturbo-personalit%25c3%25a0-bambini\/#breadcrumb\",\"itemListElement\":[{\"@type\":\"ListItem\",\"position\":1,\"name\":\"Home\",\"item\":\"https:\/\/www.article-marketing.eu\/comunicati\/\"},{\"@type\":\"ListItem\",\"position\":2,\"name\":\"Il disturbo della personalit\u00e0 nei bambini\"}]},{\"@type\":\"WebSite\",\"@id\":\"https:\/\/www.article-marketing.eu\/comunicati\/#website\",\"url\":\"https:\/\/www.article-marketing.eu\/comunicati\/\",\"name\":\"Article Marketing\",\"description\":\"article marketing &amp; press release\",\"potentialAction\":[{\"@type\":\"SearchAction\",\"target\":{\"@type\":\"EntryPoint\",\"urlTemplate\":\"https:\/\/www.article-marketing.eu\/comunicati\/?s={search_term_string}\"},\"query-input\":{\"@type\":\"PropertyValueSpecification\",\"valueRequired\":true,\"valueName\":\"search_term_string\"}}],\"inLanguage\":\"it-IT\"},{\"@type\":\"Person\",\"@id\":\"https:\/\/www.article-marketing.eu\/comunicati\/#\/schema\/person\/44372e4d4d0fa797b18e03ed1ace9017\",\"name\":\"Redazione Comunicati Stampa\",\"image\":{\"@type\":\"ImageObject\",\"inLanguage\":\"it-IT\",\"@id\":\"https:\/\/www.article-marketing.eu\/comunicati\/#\/schema\/person\/image\/\",\"url\":\"https:\/\/secure.gravatar.com\/avatar\/50e5c6421d3072f42e7ace803501602c60d75233d34e29fd05feb91c8760b792?s=96&d=mm&r=g\",\"contentUrl\":\"https:\/\/secure.gravatar.com\/avatar\/50e5c6421d3072f42e7ace803501602c60d75233d34e29fd05feb91c8760b792?s=96&d=mm&r=g\",\"caption\":\"Redazione Comunicati Stampa\"},\"url\":\"https:\/\/www.article-marketing.eu\/comunicati\/author\/redazione-comunicati-stampa\/\"}]}<\/script>\n<!-- \/ Yoast SEO plugin. -->","yoast_head_json":{"title":"Il disturbo della personalit\u00e0 nei bambini - Article Marketing","robots":{"index":"index","follow":"follow","max-snippet":"max-snippet:-1","max-image-preview":"max-image-preview:large","max-video-preview":"max-video-preview:-1"},"canonical":"https:\/\/www.article-marketing.eu\/comunicati\/istruzione\/infanzia\/disturbo-personalit%c3%a0-bambini\/","og_locale":"it_IT","og_type":"article","og_title":"Il disturbo della personalit\u00e0 nei bambini - Article Marketing","og_description":"Il disturbo della personalit\u00e0 \u00e8 un argomento molto serio e delicato, iniziamo nel dire che la personalit\u00e0 \u00e8 un ampio modello dove vengono raccolte tutte le caratteristiche psicologiche, e una volta incamerate non possono essere eliminate. Infatti un bambino da piccolo bisogna quotidianamente fargli capire ci\u00f2 che si fa e quello che non si fa.","og_url":"https:\/\/www.article-marketing.eu\/comunicati\/istruzione\/infanzia\/disturbo-personalit%c3%a0-bambini\/","og_site_name":"Article Marketing","article_published_time":"2014-09-12T20:48:19+00:00","author":"Redazione Comunicati Stampa","twitter_card":"summary_large_image","twitter_misc":{"Scritto da":"Redazione Comunicati Stampa","Tempo di lettura stimato":"3 minuti"},"schema":{"@context":"https:\/\/schema.org","@graph":[{"@type":"Article","@id":"https:\/\/www.article-marketing.eu\/comunicati\/istruzione\/infanzia\/disturbo-personalit%25c3%25a0-bambini\/#article","isPartOf":{"@id":"https:\/\/www.article-marketing.eu\/comunicati\/istruzione\/infanzia\/disturbo-personalit%25c3%25a0-bambini\/"},"author":{"name":"Redazione Comunicati Stampa","@id":"https:\/\/www.article-marketing.eu\/comunicati\/#\/schema\/person\/44372e4d4d0fa797b18e03ed1ace9017"},"headline":"Il disturbo della personalit\u00e0 nei bambini","datePublished":"2014-09-12T20:48:19+00:00","mainEntityOfPage":{"@id":"https:\/\/www.article-marketing.eu\/comunicati\/istruzione\/infanzia\/disturbo-personalit%25c3%25a0-bambini\/"},"wordCount":549,"commentCount":0,"keywords":["coach bambini","life coach teenager"],"articleSection":["Infanzia"],"inLanguage":"it-IT","potentialAction":[{"@type":"CommentAction","name":"Comment","target":["https:\/\/www.article-marketing.eu\/comunicati\/istruzione\/infanzia\/disturbo-personalit%25c3%25a0-bambini\/#respond"]}]},{"@type":"WebPage","@id":"https:\/\/www.article-marketing.eu\/comunicati\/istruzione\/infanzia\/disturbo-personalit%25c3%25a0-bambini\/","url":"https:\/\/www.article-marketing.eu\/comunicati\/istruzione\/infanzia\/disturbo-personalit%25c3%25a0-bambini\/","name":"Il disturbo della personalit\u00e0 nei bambini - Article Marketing","isPartOf":{"@id":"https:\/\/www.article-marketing.eu\/comunicati\/#website"},"datePublished":"2014-09-12T20:48:19+00:00","author":{"@id":"https:\/\/www.article-marketing.eu\/comunicati\/#\/schema\/person\/44372e4d4d0fa797b18e03ed1ace9017"},"breadcrumb":{"@id":"https:\/\/www.article-marketing.eu\/comunicati\/istruzione\/infanzia\/disturbo-personalit%25c3%25a0-bambini\/#breadcrumb"},"inLanguage":"it-IT","potentialAction":[{"@type":"ReadAction","target":["https:\/\/www.article-marketing.eu\/comunicati\/istruzione\/infanzia\/disturbo-personalit%25c3%25a0-bambini\/"]}]},{"@type":"BreadcrumbList","@id":"https:\/\/www.article-marketing.eu\/comunicati\/istruzione\/infanzia\/disturbo-personalit%25c3%25a0-bambini\/#breadcrumb","itemListElement":[{"@type":"ListItem","position":1,"name":"Home","item":"https:\/\/www.article-marketing.eu\/comunicati\/"},{"@type":"ListItem","position":2,"name":"Il disturbo della personalit\u00e0 nei bambini"}]},{"@type":"WebSite","@id":"https:\/\/www.article-marketing.eu\/comunicati\/#website","url":"https:\/\/www.article-marketing.eu\/comunicati\/","name":"Article Marketing","description":"article marketing &amp; press release","potentialAction":[{"@type":"SearchAction","target":{"@type":"EntryPoint","urlTemplate":"https:\/\/www.article-marketing.eu\/comunicati\/?s={search_term_string}"},"query-input":{"@type":"PropertyValueSpecification","valueRequired":true,"valueName":"search_term_string"}}],"inLanguage":"it-IT"},{"@type":"Person","@id":"https:\/\/www.article-marketing.eu\/comunicati\/#\/schema\/person\/44372e4d4d0fa797b18e03ed1ace9017","name":"Redazione Comunicati Stampa","image":{"@type":"ImageObject","inLanguage":"it-IT","@id":"https:\/\/www.article-marketing.eu\/comunicati\/#\/schema\/person\/image\/","url":"https:\/\/secure.gravatar.com\/avatar\/50e5c6421d3072f42e7ace803501602c60d75233d34e29fd05feb91c8760b792?s=96&d=mm&r=g","contentUrl":"https:\/\/secure.gravatar.com\/avatar\/50e5c6421d3072f42e7ace803501602c60d75233d34e29fd05feb91c8760b792?s=96&d=mm&r=g","caption":"Redazione Comunicati Stampa"},"url":"https:\/\/www.article-marketing.eu\/comunicati\/author\/redazione-comunicati-stampa\/"}]}},"_links":{"self":[{"href":"https:\/\/www.article-marketing.eu\/comunicati\/wp-json\/wp\/v2\/posts\/44005","targetHints":{"allow":["GET"]}}],"collection":[{"href":"https:\/\/www.article-marketing.eu\/comunicati\/wp-json\/wp\/v2\/posts"}],"about":[{"href":"https:\/\/www.article-marketing.eu\/comunicati\/wp-json\/wp\/v2\/types\/post"}],"author":[{"embeddable":true,"href":"https:\/\/www.article-marketing.eu\/comunicati\/wp-json\/wp\/v2\/users\/10"}],"replies":[{"embeddable":true,"href":"https:\/\/www.article-marketing.eu\/comunicati\/wp-json\/wp\/v2\/comments?post=44005"}],"version-history":[{"count":0,"href":"https:\/\/www.article-marketing.eu\/comunicati\/wp-json\/wp\/v2\/posts\/44005\/revisions"}],"wp:attachment":[{"href":"https:\/\/www.article-marketing.eu\/comunicati\/wp-json\/wp\/v2\/media?parent=44005"}],"wp:term":[{"taxonomy":"category","embeddable":true,"href":"https:\/\/www.article-marketing.eu\/comunicati\/wp-json\/wp\/v2\/categories?post=44005"},{"taxonomy":"post_tag","embeddable":true,"href":"https:\/\/www.article-marketing.eu\/comunicati\/wp-json\/wp\/v2\/tags?post=44005"}],"curies":[{"name":"wp","href":"https:\/\/api.w.org\/{rel}","templated":true}]}}