{"id":4406,"date":"2010-03-16T10:20:32","date_gmt":"2010-03-16T09:20:32","guid":{"rendered":"http:\/\/www.article-marketing.eu\/comunicati\/senza-categoria\/corso-nazionale-per-guide-di-mountain-bike-finale-ligure-savona-15-18-aprile\/"},"modified":"2010-03-16T10:20:32","modified_gmt":"2010-03-16T09:20:32","slug":"corso-nazionale-per-guide-di-mountain-bike-finale-ligure-savona-15-18-aprile","status":"publish","type":"post","link":"https:\/\/www.article-marketing.eu\/comunicati\/comunicati-stampa\/eventi\/corso-nazionale-per-guide-di-mountain-bike-finale-ligure-savona-15-18-aprile\/","title":{"rendered":"Corso Nazionale per Guide di Mountain Bike  Finale Ligure &#8211; Savona &#8211;  15-18 Aprile"},"content":{"rendered":"<p>L&#8217;Accademia Nazionale di Mountain Bike \u00e8 una struttura formativa che, da circa quindici anni, rappresenta oggi la pi\u00f9 importante realt\u00e0 europea nella formazione outdoor ed \u00e8 affiliata all&#8217;Associazione Italiana Formatori (AIF). <\/p>\n<p>La nostra Guida, al termine del Corso, sar\u00e0 in grado di condurre in tutta sicurezza i propri Clienti su tutto il territorio, senza limiti e condizionamenti, la meccanica e la manutenzione della propria bici non avranno pi\u00f9 segreti, conoscer\u00e0 le pi\u00f9 attuali metodologie di allenamento e tutti gli aspetti dell&#8217;alimentazione sportiva e delle sue integrazioni, la bussola e il GPS diventeranno strumenti di uso comune, potr\u00e0 insegnare nelle scuole, collaborare con le strutture turistiche anche con il concreto aiuto dello Staff dell&#8217;Accademia.<\/p>\n<p>Diventare Guida di Mountain Bike consente di accedere ad importanti opportunit\u00e0&nbsp; occupazionali sia nel mondo del turismo che in quello del tempo libero.<br \/>&nbsp;<br \/>Il programma del Corso per Guide.<\/p>\n<p>Il Corso Nazionale per Guide di Mountain Bike \u00e8 una quattro giorni imperdibile per tutti i bikers che vogliono cogliere anche l&#8217;opportunit\u00e0 di far diventare la loro passione una concreta opportunit\u00e0 di lavoro. Il ricco programma formativo e l&#8217;elevato livello dei contenuti sono la premessa per un percorso personale esclusivo sotto la garanzia dell&#8217;Accademia Nazionale di Mountain Bike, la pi\u00f9 autorevole struttura formativa oggi presente.<\/p>\n<p>Tra alcuni dei temi trattati nel Corso, oltre alle esercitazioni in mountain bike sulla tecnica di guida: topografia e orientamento, meccanica e riparazioni di&nbsp; emergenza, allenamento moderno, strategie alimentari, primo soccorso, comunicazione e pubbliche relazioni, analisi degli aspetti delle dinamiche relazionali di gruppo. Ogni materia \u00e8 trattata da professionisti con specifiche esperienze professionali e con staff di collaboratori, tecnici e di atleti di altissimo livello.<\/p>\n<p>Per partecipare al corso per Guida di Mountain Bike non ci sono limiti o condizioni e non \u00e8 necessario possedere una particolare condizione fisica. I Corsi non hanno alcun indirizzo agonistico, sar\u00e0 quindi sufficiente una naturale buona condizione fisica. Il corso \u00e8&nbsp; aperto a tutti e senza limiti di et\u00e0 basta l&#8217;entusiasmo, l&#8217;amore e il rispetto per l&#8217;ambiente. <br \/>Ovviamente la partecipazione \u00e8 consigliata a chi ha gi\u00e0 maturato esperienza nell&#8217;utilizzo della mountain bike.<\/p>\n<p>Iscrizione al Corso per Guide.<br \/>Il costo di partecipazione \u00e8 di 320,00 Euro. Al costo del corso dovr\u00e0 essera aggiunta la Quota Associativa all\u2019Accademia. La partecipazione \u00e8 a numero chiuso, iscriversi adesso garantir\u00e0 la partecipazione.&nbsp; A tutti i partecipanti verranno forniti la documentazione<br \/>didattica e la copertura assicurativa per l\u2019intera durata del corso. Il costo non comprende la sistemazione alberghiera, \u00e8 prevista una interessante convenzione sia per i partecipanti che per gli accompagnatori.<\/p>\n<p>Utilizzare i loghi ufficiali dell&#8217;Accademia <br \/>I loghi, come tutte le immagini dell&#8217;Accademia Nazionale di Mountain Bike, possono essere scaricate da questo link ed utilizzate, sia su stampa che su web, esclusivamente per la pubblicit\u00e0 e la promozione dei servizi e dei prodotti dell&#8217;Accademia Nazionale di Mountain Bike. Tutti i marchi sono registrati. Non ne \u00e8 consentita la riproduzione che modifichi forme,caratteri, dimensioni e colori.&nbsp; Per utilizzi o riproduzioni personalizzate siete invitati a contattare la Segreteria Nazionale al numero telefonico 02\/55211039.<\/p>\n<p>Rimanendo a Vostra completa disposizione per qualsiasi chiarimento e ringraziandoVi per l&#8217;attenzione<\/p>\n<p>Virginia Formisano<br \/>relazioniesterne@scuoladimtb.eu<br \/>Accademia Nazionale di Mountain Bike<br \/>via G.Avezzana, 1 &#8211; 20139 MILANO<br \/>http:\/\/www.scuoladimtb.eu\/webITA07\/start\/formguide09.html<br \/>tel. 02\/55211039<br \/>fax 02\/55213793 <\/p>\n","protected":false},"excerpt":{"rendered":"<p>Desideriamo informarVi che presso Finale Ligure, in provincia di Savona, si svolger\u00e0 dal 15 al 18 Aprile il Corso Nazionale per Guide di Mountain Bike organizzato dall\u2019Accademia Nazionale di Mountain Bike.<\/p>\n","protected":false},"author":10,"featured_media":0,"comment_status":"open","ping_status":"open","sticky":false,"template":"","format":"standard","meta":{"cybocfi_hide_featured_image":"","footnotes":""},"categories":[388],"tags":[12993,2251,12994,737,4661,12992,5907],"class_list":["post-4406","post","type-post","status-publish","format-standard","hentry","category-eventi","tag-accademia-nazionale-di-mountain-bike","tag-corso","tag-finale-ligure","tag-guida","tag-mountain-bike","tag-mtb","tag-savona"],"yoast_head":"<!-- This site is optimized with the Yoast SEO plugin v27.0 - https:\/\/yoast.com\/product\/yoast-seo-wordpress\/ -->\n<title>Corso Nazionale per Guide di Mountain Bike Finale Ligure - Savona - 15-18 Aprile - Article Marketing<\/title>\n<meta name=\"robots\" content=\"index, follow, max-snippet:-1, max-image-preview:large, max-video-preview:-1\" \/>\n<link rel=\"canonical\" href=\"https:\/\/www.article-marketing.eu\/comunicati\/comunicati-stampa\/eventi\/corso-nazionale-per-guide-di-mountain-bike-finale-ligure-savona-15-18-aprile\/\" \/>\n<meta property=\"og:locale\" content=\"it_IT\" \/>\n<meta property=\"og:type\" content=\"article\" \/>\n<meta property=\"og:title\" content=\"Corso Nazionale per Guide di Mountain Bike Finale Ligure - Savona - 15-18 Aprile - Article Marketing\" \/>\n<meta property=\"og:description\" content=\"Desideriamo informarVi che presso Finale Ligure, in provincia di Savona, si svolger\u00e0 dal 15 al 18 Aprile il Corso Nazionale per Guide di Mountain Bike organizzato dall\u2019Accademia Nazionale di Mountain Bike.\" \/>\n<meta property=\"og:url\" content=\"https:\/\/www.article-marketing.eu\/comunicati\/comunicati-stampa\/eventi\/corso-nazionale-per-guide-di-mountain-bike-finale-ligure-savona-15-18-aprile\/\" \/>\n<meta property=\"og:site_name\" content=\"Article Marketing\" \/>\n<meta property=\"article:published_time\" content=\"2010-03-16T09:20:32+00:00\" \/>\n<meta name=\"author\" content=\"Redazione Comunicati Stampa\" \/>\n<meta name=\"twitter:card\" content=\"summary_large_image\" \/>\n<meta name=\"twitter:label1\" content=\"Scritto da\" \/>\n\t<meta name=\"twitter:data1\" content=\"Redazione Comunicati Stampa\" \/>\n\t<meta name=\"twitter:label2\" content=\"Tempo di lettura stimato\" \/>\n\t<meta name=\"twitter:data2\" content=\"3 minuti\" \/>\n<script type=\"application\/ld+json\" class=\"yoast-schema-graph\">{\"@context\":\"https:\/\/schema.org\",\"@graph\":[{\"@type\":\"Article\",\"@id\":\"https:\/\/www.article-marketing.eu\/comunicati\/comunicati-stampa\/eventi\/corso-nazionale-per-guide-di-mountain-bike-finale-ligure-savona-15-18-aprile\/#article\",\"isPartOf\":{\"@id\":\"https:\/\/www.article-marketing.eu\/comunicati\/comunicati-stampa\/eventi\/corso-nazionale-per-guide-di-mountain-bike-finale-ligure-savona-15-18-aprile\/\"},\"author\":{\"name\":\"Redazione Comunicati Stampa\",\"@id\":\"https:\/\/www.article-marketing.eu\/comunicati\/#\/schema\/person\/44372e4d4d0fa797b18e03ed1ace9017\"},\"headline\":\"Corso Nazionale per Guide di Mountain Bike Finale Ligure &#8211; Savona &#8211; 15-18 Aprile\",\"datePublished\":\"2010-03-16T09:20:32+00:00\",\"mainEntityOfPage\":{\"@id\":\"https:\/\/www.article-marketing.eu\/comunicati\/comunicati-stampa\/eventi\/corso-nazionale-per-guide-di-mountain-bike-finale-ligure-savona-15-18-aprile\/\"},\"wordCount\":539,\"commentCount\":0,\"keywords\":[\"Accademia Nazionale Di Mountain Bike\",\"corso\",\"Finale Ligure\",\"guida\",\"Mountain bike\",\"MTB\",\"savona\"],\"articleSection\":[\"Eventi\"],\"inLanguage\":\"it-IT\",\"potentialAction\":[{\"@type\":\"CommentAction\",\"name\":\"Comment\",\"target\":[\"https:\/\/www.article-marketing.eu\/comunicati\/comunicati-stampa\/eventi\/corso-nazionale-per-guide-di-mountain-bike-finale-ligure-savona-15-18-aprile\/#respond\"]}]},{\"@type\":\"WebPage\",\"@id\":\"https:\/\/www.article-marketing.eu\/comunicati\/comunicati-stampa\/eventi\/corso-nazionale-per-guide-di-mountain-bike-finale-ligure-savona-15-18-aprile\/\",\"url\":\"https:\/\/www.article-marketing.eu\/comunicati\/comunicati-stampa\/eventi\/corso-nazionale-per-guide-di-mountain-bike-finale-ligure-savona-15-18-aprile\/\",\"name\":\"Corso Nazionale per Guide di Mountain Bike Finale Ligure - Savona - 15-18 Aprile - Article Marketing\",\"isPartOf\":{\"@id\":\"https:\/\/www.article-marketing.eu\/comunicati\/#website\"},\"datePublished\":\"2010-03-16T09:20:32+00:00\",\"author\":{\"@id\":\"https:\/\/www.article-marketing.eu\/comunicati\/#\/schema\/person\/44372e4d4d0fa797b18e03ed1ace9017\"},\"breadcrumb\":{\"@id\":\"https:\/\/www.article-marketing.eu\/comunicati\/comunicati-stampa\/eventi\/corso-nazionale-per-guide-di-mountain-bike-finale-ligure-savona-15-18-aprile\/#breadcrumb\"},\"inLanguage\":\"it-IT\",\"potentialAction\":[{\"@type\":\"ReadAction\",\"target\":[\"https:\/\/www.article-marketing.eu\/comunicati\/comunicati-stampa\/eventi\/corso-nazionale-per-guide-di-mountain-bike-finale-ligure-savona-15-18-aprile\/\"]}]},{\"@type\":\"BreadcrumbList\",\"@id\":\"https:\/\/www.article-marketing.eu\/comunicati\/comunicati-stampa\/eventi\/corso-nazionale-per-guide-di-mountain-bike-finale-ligure-savona-15-18-aprile\/#breadcrumb\",\"itemListElement\":[{\"@type\":\"ListItem\",\"position\":1,\"name\":\"Home\",\"item\":\"https:\/\/www.article-marketing.eu\/comunicati\/\"},{\"@type\":\"ListItem\",\"position\":2,\"name\":\"Corso Nazionale per Guide di Mountain Bike Finale Ligure &#8211; Savona &#8211; 15-18 Aprile\"}]},{\"@type\":\"WebSite\",\"@id\":\"https:\/\/www.article-marketing.eu\/comunicati\/#website\",\"url\":\"https:\/\/www.article-marketing.eu\/comunicati\/\",\"name\":\"Article Marketing\",\"description\":\"article marketing &amp; press release\",\"potentialAction\":[{\"@type\":\"SearchAction\",\"target\":{\"@type\":\"EntryPoint\",\"urlTemplate\":\"https:\/\/www.article-marketing.eu\/comunicati\/?s={search_term_string}\"},\"query-input\":{\"@type\":\"PropertyValueSpecification\",\"valueRequired\":true,\"valueName\":\"search_term_string\"}}],\"inLanguage\":\"it-IT\"},{\"@type\":\"Person\",\"@id\":\"https:\/\/www.article-marketing.eu\/comunicati\/#\/schema\/person\/44372e4d4d0fa797b18e03ed1ace9017\",\"name\":\"Redazione Comunicati Stampa\",\"image\":{\"@type\":\"ImageObject\",\"inLanguage\":\"it-IT\",\"@id\":\"https:\/\/www.article-marketing.eu\/comunicati\/#\/schema\/person\/image\/\",\"url\":\"https:\/\/secure.gravatar.com\/avatar\/50e5c6421d3072f42e7ace803501602c60d75233d34e29fd05feb91c8760b792?s=96&d=mm&r=g\",\"contentUrl\":\"https:\/\/secure.gravatar.com\/avatar\/50e5c6421d3072f42e7ace803501602c60d75233d34e29fd05feb91c8760b792?s=96&d=mm&r=g\",\"caption\":\"Redazione Comunicati Stampa\"},\"url\":\"https:\/\/www.article-marketing.eu\/comunicati\/author\/redazione-comunicati-stampa\/\"}]}<\/script>\n<!-- \/ Yoast SEO plugin. -->","yoast_head_json":{"title":"Corso Nazionale per Guide di Mountain Bike Finale Ligure - Savona - 15-18 Aprile - Article Marketing","robots":{"index":"index","follow":"follow","max-snippet":"max-snippet:-1","max-image-preview":"max-image-preview:large","max-video-preview":"max-video-preview:-1"},"canonical":"https:\/\/www.article-marketing.eu\/comunicati\/comunicati-stampa\/eventi\/corso-nazionale-per-guide-di-mountain-bike-finale-ligure-savona-15-18-aprile\/","og_locale":"it_IT","og_type":"article","og_title":"Corso Nazionale per Guide di Mountain Bike Finale Ligure - Savona - 15-18 Aprile - Article Marketing","og_description":"Desideriamo informarVi che presso Finale Ligure, in provincia di Savona, si svolger\u00e0 dal 15 al 18 Aprile il Corso Nazionale per Guide di Mountain Bike organizzato dall\u2019Accademia Nazionale di Mountain Bike.","og_url":"https:\/\/www.article-marketing.eu\/comunicati\/comunicati-stampa\/eventi\/corso-nazionale-per-guide-di-mountain-bike-finale-ligure-savona-15-18-aprile\/","og_site_name":"Article Marketing","article_published_time":"2010-03-16T09:20:32+00:00","author":"Redazione Comunicati Stampa","twitter_card":"summary_large_image","twitter_misc":{"Scritto da":"Redazione Comunicati Stampa","Tempo di lettura stimato":"3 minuti"},"schema":{"@context":"https:\/\/schema.org","@graph":[{"@type":"Article","@id":"https:\/\/www.article-marketing.eu\/comunicati\/comunicati-stampa\/eventi\/corso-nazionale-per-guide-di-mountain-bike-finale-ligure-savona-15-18-aprile\/#article","isPartOf":{"@id":"https:\/\/www.article-marketing.eu\/comunicati\/comunicati-stampa\/eventi\/corso-nazionale-per-guide-di-mountain-bike-finale-ligure-savona-15-18-aprile\/"},"author":{"name":"Redazione Comunicati Stampa","@id":"https:\/\/www.article-marketing.eu\/comunicati\/#\/schema\/person\/44372e4d4d0fa797b18e03ed1ace9017"},"headline":"Corso Nazionale per Guide di Mountain Bike Finale Ligure &#8211; Savona &#8211; 15-18 Aprile","datePublished":"2010-03-16T09:20:32+00:00","mainEntityOfPage":{"@id":"https:\/\/www.article-marketing.eu\/comunicati\/comunicati-stampa\/eventi\/corso-nazionale-per-guide-di-mountain-bike-finale-ligure-savona-15-18-aprile\/"},"wordCount":539,"commentCount":0,"keywords":["Accademia Nazionale Di Mountain Bike","corso","Finale Ligure","guida","Mountain bike","MTB","savona"],"articleSection":["Eventi"],"inLanguage":"it-IT","potentialAction":[{"@type":"CommentAction","name":"Comment","target":["https:\/\/www.article-marketing.eu\/comunicati\/comunicati-stampa\/eventi\/corso-nazionale-per-guide-di-mountain-bike-finale-ligure-savona-15-18-aprile\/#respond"]}]},{"@type":"WebPage","@id":"https:\/\/www.article-marketing.eu\/comunicati\/comunicati-stampa\/eventi\/corso-nazionale-per-guide-di-mountain-bike-finale-ligure-savona-15-18-aprile\/","url":"https:\/\/www.article-marketing.eu\/comunicati\/comunicati-stampa\/eventi\/corso-nazionale-per-guide-di-mountain-bike-finale-ligure-savona-15-18-aprile\/","name":"Corso Nazionale per Guide di Mountain Bike Finale Ligure - Savona - 15-18 Aprile - Article Marketing","isPartOf":{"@id":"https:\/\/www.article-marketing.eu\/comunicati\/#website"},"datePublished":"2010-03-16T09:20:32+00:00","author":{"@id":"https:\/\/www.article-marketing.eu\/comunicati\/#\/schema\/person\/44372e4d4d0fa797b18e03ed1ace9017"},"breadcrumb":{"@id":"https:\/\/www.article-marketing.eu\/comunicati\/comunicati-stampa\/eventi\/corso-nazionale-per-guide-di-mountain-bike-finale-ligure-savona-15-18-aprile\/#breadcrumb"},"inLanguage":"it-IT","potentialAction":[{"@type":"ReadAction","target":["https:\/\/www.article-marketing.eu\/comunicati\/comunicati-stampa\/eventi\/corso-nazionale-per-guide-di-mountain-bike-finale-ligure-savona-15-18-aprile\/"]}]},{"@type":"BreadcrumbList","@id":"https:\/\/www.article-marketing.eu\/comunicati\/comunicati-stampa\/eventi\/corso-nazionale-per-guide-di-mountain-bike-finale-ligure-savona-15-18-aprile\/#breadcrumb","itemListElement":[{"@type":"ListItem","position":1,"name":"Home","item":"https:\/\/www.article-marketing.eu\/comunicati\/"},{"@type":"ListItem","position":2,"name":"Corso Nazionale per Guide di Mountain Bike Finale Ligure &#8211; Savona &#8211; 15-18 Aprile"}]},{"@type":"WebSite","@id":"https:\/\/www.article-marketing.eu\/comunicati\/#website","url":"https:\/\/www.article-marketing.eu\/comunicati\/","name":"Article Marketing","description":"article marketing &amp; press release","potentialAction":[{"@type":"SearchAction","target":{"@type":"EntryPoint","urlTemplate":"https:\/\/www.article-marketing.eu\/comunicati\/?s={search_term_string}"},"query-input":{"@type":"PropertyValueSpecification","valueRequired":true,"valueName":"search_term_string"}}],"inLanguage":"it-IT"},{"@type":"Person","@id":"https:\/\/www.article-marketing.eu\/comunicati\/#\/schema\/person\/44372e4d4d0fa797b18e03ed1ace9017","name":"Redazione Comunicati Stampa","image":{"@type":"ImageObject","inLanguage":"it-IT","@id":"https:\/\/www.article-marketing.eu\/comunicati\/#\/schema\/person\/image\/","url":"https:\/\/secure.gravatar.com\/avatar\/50e5c6421d3072f42e7ace803501602c60d75233d34e29fd05feb91c8760b792?s=96&d=mm&r=g","contentUrl":"https:\/\/secure.gravatar.com\/avatar\/50e5c6421d3072f42e7ace803501602c60d75233d34e29fd05feb91c8760b792?s=96&d=mm&r=g","caption":"Redazione Comunicati Stampa"},"url":"https:\/\/www.article-marketing.eu\/comunicati\/author\/redazione-comunicati-stampa\/"}]}},"_links":{"self":[{"href":"https:\/\/www.article-marketing.eu\/comunicati\/wp-json\/wp\/v2\/posts\/4406","targetHints":{"allow":["GET"]}}],"collection":[{"href":"https:\/\/www.article-marketing.eu\/comunicati\/wp-json\/wp\/v2\/posts"}],"about":[{"href":"https:\/\/www.article-marketing.eu\/comunicati\/wp-json\/wp\/v2\/types\/post"}],"author":[{"embeddable":true,"href":"https:\/\/www.article-marketing.eu\/comunicati\/wp-json\/wp\/v2\/users\/10"}],"replies":[{"embeddable":true,"href":"https:\/\/www.article-marketing.eu\/comunicati\/wp-json\/wp\/v2\/comments?post=4406"}],"version-history":[{"count":0,"href":"https:\/\/www.article-marketing.eu\/comunicati\/wp-json\/wp\/v2\/posts\/4406\/revisions"}],"wp:attachment":[{"href":"https:\/\/www.article-marketing.eu\/comunicati\/wp-json\/wp\/v2\/media?parent=4406"}],"wp:term":[{"taxonomy":"category","embeddable":true,"href":"https:\/\/www.article-marketing.eu\/comunicati\/wp-json\/wp\/v2\/categories?post=4406"},{"taxonomy":"post_tag","embeddable":true,"href":"https:\/\/www.article-marketing.eu\/comunicati\/wp-json\/wp\/v2\/tags?post=4406"}],"curies":[{"name":"wp","href":"https:\/\/api.w.org\/{rel}","templated":true}]}}