{"id":4410,"date":"2010-03-16T14:30:36","date_gmt":"2010-03-16T13:30:36","guid":{"rendered":"http:\/\/www.article-marketing.eu\/comunicati\/senza-categoria\/i-consulenti-di-mentis-allarena-marketing-trends-di-smau\/"},"modified":"2018-07-10T05:05:23","modified_gmt":"2018-07-10T03:05:23","slug":"i-consulenti-di-mentis-allarena-marketing-trends-di-smau","status":"publish","type":"post","link":"https:\/\/www.article-marketing.eu\/comunicati\/comunicati-stampa\/eventi\/i-consulenti-di-mentis-allarena-marketing-trends-di-smau\/","title":{"rendered":"I consulenti di Mentis all&#8217;arena marketing trends di Smau"},"content":{"rendered":"<p>I consulenti di Mentis all&#8217;arena marketing trends di Smau <\/p>\n<p>Massanzago, 16&nbsp; Marzo 2010<br \/>Sar\u00e0 Barbara Bonaventura, consulente di Mentis srl, agenzia padovana specializzata nella realizzazione di progetti innovativi, a mediare il nuovo spazio di SMAU dedicato a scoprire le ultime tendenze sul web marketing. <br \/>A Smau Roma, marted\u00ec 24 marzo alle ore 10.00, sar\u00e0 proprio l\u2019intervento di Barbara Bonaventura ad aprire l\u2019Arena Marketing Trends, una nuova area finalizzata all\u2019analisi del mercato che sta cambiando e all\u2019utilizzo dei nuovi strumenti di comunicazione e marketing. <br \/>\u201c2010 marketing trends: opportunit\u00e0 emergenti ed errori da evitare\u201d, questo il titolo del seminario. Il 2010 sar\u00e0, infatti,&nbsp; un momento di grandi occasioni. La tempestivit\u00e0 nel riuscire a coglierle e sfruttarle al meglio sar\u00e0 un fattore critico di successo. La scelta della strategia corretta diventa quindi ancora pi\u00f9 importante: gli errori potrebbero essere fatali.<\/p>\n<p>Questo il link per iscriversi all\u2019evento:<br \/>http:\/\/www.smau.it\/event\/eventview\/1585\/1\/123,0\/2010_marketing_trends__opportunit__emergenti_ed_errori_da_evitare<\/p>\n<p>Gioved\u00ec 25 marzo alle ore 12.00 sar\u00e0 invece la volta di Amir Baldissera, con l\u2019intervento; \u201cIl Web incontra il Mondo: Come la rivoluzione mobile cambier\u00e0 le nostre vite\u201d.<\/p>\n<p>Fino a pochi anni fa il web che oggi chiamiamo 1 o 1.0 era costituito da siti creati da aziende, organizzazioni o privati che presentavano al pubblico i loro contenuti senza interazione. Oggi siamo nell&#8217;era del Web 2.0. Dei Social Media e delle Reti sociali, dei contenuti crowdsourced e del social commerce.<br \/>Dove il peso della community \u00e8 superiore a quello della somma dei suoi utenti.<br \/>Nel seminario si presenteranno le pi\u00f9 attuali tendenze dello sviluppo di Internet e ad intuire cosa sar\u00e0 il web di domani.<\/p>\n<p>http:\/\/www.smau.it\/event\/eventview\/1610\/1\/123,0\/il_web_incontra_il_mondo__come_la_rivoluzione_mobile_cambier__le_nostre_vite<\/p>\n<p>Mentis \u00e8 una societ\u00e0 padovana specializzata nella consulenza e nella realizzazione di progetti avanzati nata per far&nbsp; guadagnare a PMI e PA un concreto vantaggio competitivo utilizzando prima degli altri strategie, strumenti e tecnologie efficienti e di alta innovazione. Creata nel 2003 Mentis \u00e8 specializzata nella creazione di nuove opportunit\u00e0 di business attraverso la formazione aziendale e la consulenza di marketing e strategica, progettando e realizzando progetti ad hoc dalla fase di analisi allo sviluppo di sistemi di gestione e piattaforme di e-commerce, e-business, sviluppo intranet e siti web. www.mentis.it <\/p>\n<p>Lorna Geremia &#8211; Ufficio Stampa Mentis srl &#8211; stampa@mentis.it<\/p>\n","protected":false},"excerpt":{"rendered":"<p>a Smau Roma il 24 e 25 marzo i consulenti di mentis all&#8217;arena marketing trends<\/p>\n","protected":false},"author":10,"featured_media":0,"comment_status":"open","ping_status":"open","sticky":false,"template":"","format":"standard","meta":{"cybocfi_hide_featured_image":"","footnotes":""},"categories":[388],"tags":[],"class_list":["post-4410","post","type-post","status-publish","format-standard","hentry","category-eventi"],"yoast_head":"<!-- This site is optimized with the Yoast SEO plugin v27.0 - https:\/\/yoast.com\/product\/yoast-seo-wordpress\/ -->\n<title>I consulenti di Mentis all&#039;arena marketing trends di Smau - Article Marketing<\/title>\n<meta name=\"robots\" content=\"index, follow, max-snippet:-1, max-image-preview:large, max-video-preview:-1\" \/>\n<link rel=\"canonical\" href=\"https:\/\/www.article-marketing.eu\/comunicati\/comunicati-stampa\/eventi\/i-consulenti-di-mentis-allarena-marketing-trends-di-smau\/\" \/>\n<meta property=\"og:locale\" content=\"it_IT\" \/>\n<meta property=\"og:type\" content=\"article\" \/>\n<meta property=\"og:title\" content=\"I consulenti di Mentis all&#039;arena marketing trends di Smau - Article Marketing\" \/>\n<meta property=\"og:description\" content=\"a Smau Roma il 24 e 25 marzo i consulenti di mentis all&#039;arena marketing trends\" \/>\n<meta property=\"og:url\" content=\"https:\/\/www.article-marketing.eu\/comunicati\/comunicati-stampa\/eventi\/i-consulenti-di-mentis-allarena-marketing-trends-di-smau\/\" \/>\n<meta property=\"og:site_name\" content=\"Article Marketing\" \/>\n<meta property=\"article:published_time\" content=\"2010-03-16T13:30:36+00:00\" \/>\n<meta property=\"article:modified_time\" content=\"2018-07-10T03:05:23+00:00\" \/>\n<meta name=\"author\" content=\"Redazione Comunicati Stampa\" \/>\n<meta name=\"twitter:card\" content=\"summary_large_image\" \/>\n<meta name=\"twitter:label1\" content=\"Scritto da\" \/>\n\t<meta name=\"twitter:data1\" content=\"Redazione Comunicati Stampa\" \/>\n\t<meta name=\"twitter:label2\" content=\"Tempo di lettura stimato\" \/>\n\t<meta name=\"twitter:data2\" content=\"2 minuti\" \/>\n<script type=\"application\/ld+json\" class=\"yoast-schema-graph\">{\"@context\":\"https:\/\/schema.org\",\"@graph\":[{\"@type\":\"Article\",\"@id\":\"https:\/\/www.article-marketing.eu\/comunicati\/comunicati-stampa\/eventi\/i-consulenti-di-mentis-allarena-marketing-trends-di-smau\/#article\",\"isPartOf\":{\"@id\":\"https:\/\/www.article-marketing.eu\/comunicati\/comunicati-stampa\/eventi\/i-consulenti-di-mentis-allarena-marketing-trends-di-smau\/\"},\"author\":{\"name\":\"Redazione Comunicati Stampa\",\"@id\":\"https:\/\/www.article-marketing.eu\/comunicati\/#\/schema\/person\/44372e4d4d0fa797b18e03ed1ace9017\"},\"headline\":\"I consulenti di Mentis all&#8217;arena marketing trends di Smau\",\"datePublished\":\"2010-03-16T13:30:36+00:00\",\"dateModified\":\"2018-07-10T03:05:23+00:00\",\"mainEntityOfPage\":{\"@id\":\"https:\/\/www.article-marketing.eu\/comunicati\/comunicati-stampa\/eventi\/i-consulenti-di-mentis-allarena-marketing-trends-di-smau\/\"},\"wordCount\":397,\"commentCount\":0,\"articleSection\":[\"Eventi\"],\"inLanguage\":\"it-IT\",\"potentialAction\":[{\"@type\":\"CommentAction\",\"name\":\"Comment\",\"target\":[\"https:\/\/www.article-marketing.eu\/comunicati\/comunicati-stampa\/eventi\/i-consulenti-di-mentis-allarena-marketing-trends-di-smau\/#respond\"]}]},{\"@type\":\"WebPage\",\"@id\":\"https:\/\/www.article-marketing.eu\/comunicati\/comunicati-stampa\/eventi\/i-consulenti-di-mentis-allarena-marketing-trends-di-smau\/\",\"url\":\"https:\/\/www.article-marketing.eu\/comunicati\/comunicati-stampa\/eventi\/i-consulenti-di-mentis-allarena-marketing-trends-di-smau\/\",\"name\":\"I consulenti di Mentis all'arena marketing trends di Smau - Article Marketing\",\"isPartOf\":{\"@id\":\"https:\/\/www.article-marketing.eu\/comunicati\/#website\"},\"datePublished\":\"2010-03-16T13:30:36+00:00\",\"dateModified\":\"2018-07-10T03:05:23+00:00\",\"author\":{\"@id\":\"https:\/\/www.article-marketing.eu\/comunicati\/#\/schema\/person\/44372e4d4d0fa797b18e03ed1ace9017\"},\"breadcrumb\":{\"@id\":\"https:\/\/www.article-marketing.eu\/comunicati\/comunicati-stampa\/eventi\/i-consulenti-di-mentis-allarena-marketing-trends-di-smau\/#breadcrumb\"},\"inLanguage\":\"it-IT\",\"potentialAction\":[{\"@type\":\"ReadAction\",\"target\":[\"https:\/\/www.article-marketing.eu\/comunicati\/comunicati-stampa\/eventi\/i-consulenti-di-mentis-allarena-marketing-trends-di-smau\/\"]}]},{\"@type\":\"BreadcrumbList\",\"@id\":\"https:\/\/www.article-marketing.eu\/comunicati\/comunicati-stampa\/eventi\/i-consulenti-di-mentis-allarena-marketing-trends-di-smau\/#breadcrumb\",\"itemListElement\":[{\"@type\":\"ListItem\",\"position\":1,\"name\":\"Home\",\"item\":\"https:\/\/www.article-marketing.eu\/comunicati\/\"},{\"@type\":\"ListItem\",\"position\":2,\"name\":\"I consulenti di Mentis all&#8217;arena marketing trends di Smau\"}]},{\"@type\":\"WebSite\",\"@id\":\"https:\/\/www.article-marketing.eu\/comunicati\/#website\",\"url\":\"https:\/\/www.article-marketing.eu\/comunicati\/\",\"name\":\"Article Marketing\",\"description\":\"article marketing &amp; press release\",\"potentialAction\":[{\"@type\":\"SearchAction\",\"target\":{\"@type\":\"EntryPoint\",\"urlTemplate\":\"https:\/\/www.article-marketing.eu\/comunicati\/?s={search_term_string}\"},\"query-input\":{\"@type\":\"PropertyValueSpecification\",\"valueRequired\":true,\"valueName\":\"search_term_string\"}}],\"inLanguage\":\"it-IT\"},{\"@type\":\"Person\",\"@id\":\"https:\/\/www.article-marketing.eu\/comunicati\/#\/schema\/person\/44372e4d4d0fa797b18e03ed1ace9017\",\"name\":\"Redazione Comunicati Stampa\",\"image\":{\"@type\":\"ImageObject\",\"inLanguage\":\"it-IT\",\"@id\":\"https:\/\/www.article-marketing.eu\/comunicati\/#\/schema\/person\/image\/\",\"url\":\"https:\/\/secure.gravatar.com\/avatar\/50e5c6421d3072f42e7ace803501602c60d75233d34e29fd05feb91c8760b792?s=96&d=mm&r=g\",\"contentUrl\":\"https:\/\/secure.gravatar.com\/avatar\/50e5c6421d3072f42e7ace803501602c60d75233d34e29fd05feb91c8760b792?s=96&d=mm&r=g\",\"caption\":\"Redazione Comunicati Stampa\"},\"url\":\"https:\/\/www.article-marketing.eu\/comunicati\/author\/redazione-comunicati-stampa\/\"}]}<\/script>\n<!-- \/ Yoast SEO plugin. -->","yoast_head_json":{"title":"I consulenti di Mentis all'arena marketing trends di Smau - Article Marketing","robots":{"index":"index","follow":"follow","max-snippet":"max-snippet:-1","max-image-preview":"max-image-preview:large","max-video-preview":"max-video-preview:-1"},"canonical":"https:\/\/www.article-marketing.eu\/comunicati\/comunicati-stampa\/eventi\/i-consulenti-di-mentis-allarena-marketing-trends-di-smau\/","og_locale":"it_IT","og_type":"article","og_title":"I consulenti di Mentis all'arena marketing trends di Smau - Article Marketing","og_description":"a Smau Roma il 24 e 25 marzo i consulenti di mentis all'arena marketing trends","og_url":"https:\/\/www.article-marketing.eu\/comunicati\/comunicati-stampa\/eventi\/i-consulenti-di-mentis-allarena-marketing-trends-di-smau\/","og_site_name":"Article Marketing","article_published_time":"2010-03-16T13:30:36+00:00","article_modified_time":"2018-07-10T03:05:23+00:00","author":"Redazione Comunicati Stampa","twitter_card":"summary_large_image","twitter_misc":{"Scritto da":"Redazione Comunicati Stampa","Tempo di lettura stimato":"2 minuti"},"schema":{"@context":"https:\/\/schema.org","@graph":[{"@type":"Article","@id":"https:\/\/www.article-marketing.eu\/comunicati\/comunicati-stampa\/eventi\/i-consulenti-di-mentis-allarena-marketing-trends-di-smau\/#article","isPartOf":{"@id":"https:\/\/www.article-marketing.eu\/comunicati\/comunicati-stampa\/eventi\/i-consulenti-di-mentis-allarena-marketing-trends-di-smau\/"},"author":{"name":"Redazione Comunicati Stampa","@id":"https:\/\/www.article-marketing.eu\/comunicati\/#\/schema\/person\/44372e4d4d0fa797b18e03ed1ace9017"},"headline":"I consulenti di Mentis all&#8217;arena marketing trends di Smau","datePublished":"2010-03-16T13:30:36+00:00","dateModified":"2018-07-10T03:05:23+00:00","mainEntityOfPage":{"@id":"https:\/\/www.article-marketing.eu\/comunicati\/comunicati-stampa\/eventi\/i-consulenti-di-mentis-allarena-marketing-trends-di-smau\/"},"wordCount":397,"commentCount":0,"articleSection":["Eventi"],"inLanguage":"it-IT","potentialAction":[{"@type":"CommentAction","name":"Comment","target":["https:\/\/www.article-marketing.eu\/comunicati\/comunicati-stampa\/eventi\/i-consulenti-di-mentis-allarena-marketing-trends-di-smau\/#respond"]}]},{"@type":"WebPage","@id":"https:\/\/www.article-marketing.eu\/comunicati\/comunicati-stampa\/eventi\/i-consulenti-di-mentis-allarena-marketing-trends-di-smau\/","url":"https:\/\/www.article-marketing.eu\/comunicati\/comunicati-stampa\/eventi\/i-consulenti-di-mentis-allarena-marketing-trends-di-smau\/","name":"I consulenti di Mentis all'arena marketing trends di Smau - Article Marketing","isPartOf":{"@id":"https:\/\/www.article-marketing.eu\/comunicati\/#website"},"datePublished":"2010-03-16T13:30:36+00:00","dateModified":"2018-07-10T03:05:23+00:00","author":{"@id":"https:\/\/www.article-marketing.eu\/comunicati\/#\/schema\/person\/44372e4d4d0fa797b18e03ed1ace9017"},"breadcrumb":{"@id":"https:\/\/www.article-marketing.eu\/comunicati\/comunicati-stampa\/eventi\/i-consulenti-di-mentis-allarena-marketing-trends-di-smau\/#breadcrumb"},"inLanguage":"it-IT","potentialAction":[{"@type":"ReadAction","target":["https:\/\/www.article-marketing.eu\/comunicati\/comunicati-stampa\/eventi\/i-consulenti-di-mentis-allarena-marketing-trends-di-smau\/"]}]},{"@type":"BreadcrumbList","@id":"https:\/\/www.article-marketing.eu\/comunicati\/comunicati-stampa\/eventi\/i-consulenti-di-mentis-allarena-marketing-trends-di-smau\/#breadcrumb","itemListElement":[{"@type":"ListItem","position":1,"name":"Home","item":"https:\/\/www.article-marketing.eu\/comunicati\/"},{"@type":"ListItem","position":2,"name":"I consulenti di Mentis all&#8217;arena marketing trends di Smau"}]},{"@type":"WebSite","@id":"https:\/\/www.article-marketing.eu\/comunicati\/#website","url":"https:\/\/www.article-marketing.eu\/comunicati\/","name":"Article Marketing","description":"article marketing &amp; press release","potentialAction":[{"@type":"SearchAction","target":{"@type":"EntryPoint","urlTemplate":"https:\/\/www.article-marketing.eu\/comunicati\/?s={search_term_string}"},"query-input":{"@type":"PropertyValueSpecification","valueRequired":true,"valueName":"search_term_string"}}],"inLanguage":"it-IT"},{"@type":"Person","@id":"https:\/\/www.article-marketing.eu\/comunicati\/#\/schema\/person\/44372e4d4d0fa797b18e03ed1ace9017","name":"Redazione Comunicati Stampa","image":{"@type":"ImageObject","inLanguage":"it-IT","@id":"https:\/\/www.article-marketing.eu\/comunicati\/#\/schema\/person\/image\/","url":"https:\/\/secure.gravatar.com\/avatar\/50e5c6421d3072f42e7ace803501602c60d75233d34e29fd05feb91c8760b792?s=96&d=mm&r=g","contentUrl":"https:\/\/secure.gravatar.com\/avatar\/50e5c6421d3072f42e7ace803501602c60d75233d34e29fd05feb91c8760b792?s=96&d=mm&r=g","caption":"Redazione Comunicati Stampa"},"url":"https:\/\/www.article-marketing.eu\/comunicati\/author\/redazione-comunicati-stampa\/"}]}},"_links":{"self":[{"href":"https:\/\/www.article-marketing.eu\/comunicati\/wp-json\/wp\/v2\/posts\/4410","targetHints":{"allow":["GET"]}}],"collection":[{"href":"https:\/\/www.article-marketing.eu\/comunicati\/wp-json\/wp\/v2\/posts"}],"about":[{"href":"https:\/\/www.article-marketing.eu\/comunicati\/wp-json\/wp\/v2\/types\/post"}],"author":[{"embeddable":true,"href":"https:\/\/www.article-marketing.eu\/comunicati\/wp-json\/wp\/v2\/users\/10"}],"replies":[{"embeddable":true,"href":"https:\/\/www.article-marketing.eu\/comunicati\/wp-json\/wp\/v2\/comments?post=4410"}],"version-history":[{"count":3,"href":"https:\/\/www.article-marketing.eu\/comunicati\/wp-json\/wp\/v2\/posts\/4410\/revisions"}],"predecessor-version":[{"id":60590,"href":"https:\/\/www.article-marketing.eu\/comunicati\/wp-json\/wp\/v2\/posts\/4410\/revisions\/60590"}],"wp:attachment":[{"href":"https:\/\/www.article-marketing.eu\/comunicati\/wp-json\/wp\/v2\/media?parent=4410"}],"wp:term":[{"taxonomy":"category","embeddable":true,"href":"https:\/\/www.article-marketing.eu\/comunicati\/wp-json\/wp\/v2\/categories?post=4410"},{"taxonomy":"post_tag","embeddable":true,"href":"https:\/\/www.article-marketing.eu\/comunicati\/wp-json\/wp\/v2\/tags?post=4410"}],"curies":[{"name":"wp","href":"https:\/\/api.w.org\/{rel}","templated":true}]}}