{"id":44446,"date":"2014-10-06T12:34:34","date_gmt":"2014-10-06T10:34:34","guid":{"rendered":"http:\/\/www.article-marketing.eu\/comunicati\/senza-categoria\/massimo-binelli-certified-mental-coach\/"},"modified":"2014-10-06T12:34:34","modified_gmt":"2014-10-06T10:34:34","slug":"massimo-binelli-certified-mental-coach","status":"publish","type":"post","link":"https:\/\/www.article-marketing.eu\/comunicati\/economia-e-lavoro\/professionisti\/massimo-binelli-certified-mental-coach\/","title":{"rendered":"Massimo Binelli Certified Mental Coach"},"content":{"rendered":"<p><a href=\"http:\/\/www.corso-mental-coaching.it\/team_item\/massimo-binelli\/\" title=\"scheda mental coach\"><strong style=\"mso-bidi-font-weight: normal;\">Massimo Binelli<\/strong> <\/a>&egrave; indiscutibilmente un uomo dalla <strong style=\"mso-bidi-font-weight: normal;\">personalit&agrave; poliedrica<\/strong> dotato di grande tenacia e indubbi successi: imprenditore, formatore sportivo, professionale e giornalista, attualmente attivo tra Carrara e la provincia di Lucca.<br \/>Massimo Binelli &egrave; anche un certificato e qualificato <strong style=\"mso-bidi-font-weight: normal;\">Mental Coach<\/strong>.<\/p>\n<p><strong style=\"mso-bidi-font-weight: normal;\">Perch&eacute; diventare un Certified Mental Coach? <\/strong><br \/>Massimo Binelli diventa uno sportivo di livello agonistico quando ancora il moderno Coaching non era noto in Italia. Quando sente parlare per la prima volta di <strong style=\"mso-bidi-font-weight: normal;\">Mental Coaching, Training mentale, visualizzazione<\/strong> e altri concetti affini, si rende conto che per primo aveva gi&agrave; sperimentato sulla sua pelle queste tecniche che lo avevano aiutato a conseguire i numerosi successi sportivi.<br \/>Decide di diventare un Mental Coach certificato a livello internazionale e di iniziare a trasmettere agli altri i &ldquo;segreti&rdquo; della mente per essere persone vincenti. <img loading=\"lazy\" decoding=\"async\" src=\"\/uploads\/images\/u_41022\/thumb_60588_10151110546313031_1767685634_n.gif\" border=\"0\" width=\"250\" height=\"250\" \/> Come Sport e Business Coach Massimo Binelli si occupa di intervenire sulle seguenti capacit&agrave;:<\/p>\n<ul>\n<li>Potenziare le abilit&agrave; individuali<\/li>\n<li>Gestire la tensione<\/li>\n<li>Incrementare la motivazione e la responsabilit&agrave;<\/li>\n<li>Aumentare le prestazioni.<\/li>\n<\/ul>\n<p>Massimo Binelli &egrave; stato atleta professionista ad alti livelli ed &egrave; tuttora un manager di successo:questi aspetti sono sicuramente essenziali per l&rsquo;efficacia del suo intervento come Coach, poich&eacute; ha vissuto e vive tuttora le stesse esperienze degli utenti che a lui si rivolgono. <strong style=\"mso-bidi-font-weight: normal;\">Massimo Binelli: dallo sport all&rsquo;impresa<\/strong><br \/>Massimo Binelli, originario di Carrara, a soli undici anni arriva al <em style=\"mso-bidi-font-style: normal;\">Vostok<\/em>, all&rsquo;epoca centro sportivo dedicato alla pesistica e alla cultura atletica. Nonostante fosse di costituzione esile, nell&rsquo;arco di poco tempo attira l&rsquo;attenzione del suo allenatore e di altri &ldquo;addetti ai lavori&rdquo; per la sua <strong style=\"mso-bidi-font-weight: normal;\">grande tenacia e determinazione<\/strong>.<br \/>In breve tempo Massimo Binelli entra a far parte della squadra dei pesisti <strong style=\"mso-bidi-font-weight: normal;\">FILPJ<\/strong>, <em style=\"mso-bidi-font-style: normal;\">federazione italiana lotta, pesi e judo<\/em>, grazie a uno degli insegnanti che diventer&agrave; fondamentale per lui, <strong style=\"mso-bidi-font-weight: normal;\">Luciano Ferrari<\/strong>.<br \/>Raggiunger&agrave; con anticipo i traguardi previsti dal programma di allenamento e nell&rsquo;arco di pochi anni si impone come <strong style=\"mso-bidi-font-weight: normal;\">miglior pesista della Toscana<\/strong> nella categoria giovani, conquistando numerosi <strong style=\"mso-bidi-font-weight: normal;\">titoli nazionali<\/strong> e ben <strong style=\"mso-bidi-font-weight: normal;\">11 record italiani<\/strong>.<\/p>\n<p>Dopo il diploma <strong style=\"mso-bidi-font-weight: normal;\">Massimo Binelli<\/strong> decide di iscriversi all&rsquo;Universit&agrave; seguendo il suo istinto trasversale.<br \/>Tuttavia questa scelta entrer&agrave; in conflitto con gli impegni atletici, a cui non poteva dedicare il tempo previsto dai livelli della Nazionale italiana di pesistica. Cos&igrave; poco tempo dopo, conseguito il <strong style=\"mso-bidi-font-weight: normal;\">Diploma di allenatore di Pesistica e Cultura Fisica<\/strong> decide di abbandonare la Nazionale. Da quel momento Massimo Binelli non smetter&agrave; di fare sport fino ad oggi.<\/p>\n<p>Si laurea <strong style=\"mso-bidi-font-weight: normal;\">in Sociologia in indirizzo organizzativo ed economico del lavoro<\/strong>, <em style=\"mso-bidi-font-style: normal;\">all&rsquo;Universit&agrave; &ldquo;Carlo Bo&rdquo; <\/em>di Urbino con il massimo dei voti. Comincia una dura gavetta all&rsquo;interno di aziende multinazionali, poi nel mondo dei servizi finanziari e assicurativi e infine come consulente direzionale.<br \/>Attualmente &egrave; impegnato come imprenditore e come Business e Sport Coach per numerose aziende e atleti esordienti.<br \/><strong style=\"mso-bidi-font-weight: normal;\"> <\/strong><br \/><strong style=\"mso-bidi-font-weight: normal;\">Il &rdquo;Modello Drake&rdquo;<\/strong><br \/>Nel 2003 Massimo Binelli pubblica il testo <em style=\"mso-bidi-font-style: normal;\">&ldquo;La quotazione in borsa della Ferrari &#8211; Cambiamenti organizzativi, rischi e fattori critici&rdquo;<\/em> dove compare per la prima volta l&rsquo;espressione &ldquo;<strong style=\"mso-bidi-font-weight: normal;\">modello drake<\/strong>&rdquo; con cui Binelli indica <strong style=\"mso-bidi-font-weight: normal;\">Enzo Ferrari<\/strong> e la sua storia: modello di innovazione e successo che denota una precisa impostazione mentale e stile di vita.<br \/>Enzo Ferrari fin da ragazzino sognava di diventare pilota e oggi viene ancora ricordato per il suo grande successo nel settore dell&rsquo;ingegneria automobilistica.<br \/>La sua meta era sempre la stessa: migliorare i traguardi raggiunti, fare sempre meglio.<br \/>Per la forza con cui ha combattuto per raggiungere i suoi obiettivi e realizzare i suoi sogni, il Drake resta e rester&agrave; un modello di leadership che Massimo Binelli definisce inavvicinabile.<\/p>\n<p>Cos&igrave; come un vero Drake, Massimo Binelli tenendo sempre fede ai suoi valori: rispetto, fiducia e tenacia, crede fortemente nella sua voglia di &ldquo;fare sempre meglio&rdquo; e nella sua passione di trasmettere questo credo anche agli altri.<br \/>Eccellente nella capacit&agrave; di pianificare obiettivi e creare un piano d&rsquo;azione, Massimo Binelli sar&agrave; in grado di aiutarti a visualizzare i tuoi obiettivi, interiorizzarli e raggiungerli.<br \/>Se stai cercando qualcuno in grado di mettersi nei tuoi panni senza invadere la tua visione, ma che ti aiuti a fortificarla, Massimo Binelli potrebbe fare al caso tuo.<\/p>\n","protected":false},"excerpt":{"rendered":"<p>Perch\u00e9 diventare un Mental Coach certificato? <br \/>Ecco il punto di vista di Massimo Binelli.<br \/>Massimo Binelli \u00e8 indiscutibilmente un uomo dalla personalit\u00e0 poliedrica dotato di grande tenacia e indubbi successi: imprenditore, formatore sportivo, professionale e giornalista, attualmente attivo tra Carrara e la provincia di Lucca.<br \/>E&#8217;anche un certificato e qualificato Mental Coach.<\/p>\n","protected":false},"author":10,"featured_media":0,"comment_status":"open","ping_status":"open","sticky":false,"template":"","format":"standard","meta":{"cybocfi_hide_featured_image":"","footnotes":""},"categories":[429],"tags":[49212],"class_list":["post-44446","post","type-post","status-publish","format-standard","hentry","category-professionisti","tag-massimo-binelli"],"yoast_head":"<!-- This site is optimized with the Yoast SEO plugin v27.0 - https:\/\/yoast.com\/product\/yoast-seo-wordpress\/ -->\n<title>Massimo Binelli Certified Mental Coach - Article Marketing<\/title>\n<meta name=\"robots\" content=\"index, follow, max-snippet:-1, max-image-preview:large, max-video-preview:-1\" \/>\n<link rel=\"canonical\" href=\"https:\/\/www.article-marketing.eu\/comunicati\/economia-e-lavoro\/professionisti\/massimo-binelli-certified-mental-coach\/\" \/>\n<meta property=\"og:locale\" content=\"it_IT\" \/>\n<meta property=\"og:type\" content=\"article\" \/>\n<meta property=\"og:title\" content=\"Massimo Binelli Certified Mental Coach - Article Marketing\" \/>\n<meta property=\"og:description\" content=\"Perch\u00e9 diventare un Mental Coach certificato? Ecco il punto di vista di Massimo Binelli.Massimo Binelli \u00e8 indiscutibilmente un uomo dalla personalit\u00e0 poliedrica dotato di grande tenacia e indubbi successi: imprenditore, formatore sportivo, professionale e giornalista, attualmente attivo tra Carrara e la provincia di Lucca.E&#039;anche un certificato e qualificato Mental Coach.\" \/>\n<meta property=\"og:url\" content=\"https:\/\/www.article-marketing.eu\/comunicati\/economia-e-lavoro\/professionisti\/massimo-binelli-certified-mental-coach\/\" \/>\n<meta property=\"og:site_name\" content=\"Article Marketing\" \/>\n<meta property=\"article:published_time\" content=\"2014-10-06T10:34:34+00:00\" \/>\n<meta property=\"og:image\" content=\"https:\/\/www.article-marketing.eu\/uploads\/images\/u_41022\/thumb_60588_10151110546313031_1767685634_n.gif\" \/>\n<meta name=\"author\" content=\"Redazione Comunicati Stampa\" \/>\n<meta name=\"twitter:card\" content=\"summary_large_image\" \/>\n<meta name=\"twitter:label1\" content=\"Scritto da\" \/>\n\t<meta name=\"twitter:data1\" content=\"Redazione Comunicati Stampa\" \/>\n\t<meta name=\"twitter:label2\" content=\"Tempo di lettura stimato\" \/>\n\t<meta name=\"twitter:data2\" content=\"4 minuti\" \/>\n<script type=\"application\/ld+json\" class=\"yoast-schema-graph\">{\"@context\":\"https:\/\/schema.org\",\"@graph\":[{\"@type\":\"Article\",\"@id\":\"https:\/\/www.article-marketing.eu\/comunicati\/economia-e-lavoro\/professionisti\/massimo-binelli-certified-mental-coach\/#article\",\"isPartOf\":{\"@id\":\"https:\/\/www.article-marketing.eu\/comunicati\/economia-e-lavoro\/professionisti\/massimo-binelli-certified-mental-coach\/\"},\"author\":{\"name\":\"Redazione Comunicati Stampa\",\"@id\":\"https:\/\/www.article-marketing.eu\/comunicati\/#\/schema\/person\/44372e4d4d0fa797b18e03ed1ace9017\"},\"headline\":\"Massimo Binelli Certified Mental Coach\",\"datePublished\":\"2014-10-06T10:34:34+00:00\",\"mainEntityOfPage\":{\"@id\":\"https:\/\/www.article-marketing.eu\/comunicati\/economia-e-lavoro\/professionisti\/massimo-binelli-certified-mental-coach\/\"},\"wordCount\":731,\"commentCount\":0,\"keywords\":[\"massimo binelli\"],\"articleSection\":[\"Professionisti\"],\"inLanguage\":\"it-IT\",\"potentialAction\":[{\"@type\":\"CommentAction\",\"name\":\"Comment\",\"target\":[\"https:\/\/www.article-marketing.eu\/comunicati\/economia-e-lavoro\/professionisti\/massimo-binelli-certified-mental-coach\/#respond\"]}]},{\"@type\":\"WebPage\",\"@id\":\"https:\/\/www.article-marketing.eu\/comunicati\/economia-e-lavoro\/professionisti\/massimo-binelli-certified-mental-coach\/\",\"url\":\"https:\/\/www.article-marketing.eu\/comunicati\/economia-e-lavoro\/professionisti\/massimo-binelli-certified-mental-coach\/\",\"name\":\"Massimo Binelli Certified Mental Coach - Article Marketing\",\"isPartOf\":{\"@id\":\"https:\/\/www.article-marketing.eu\/comunicati\/#website\"},\"datePublished\":\"2014-10-06T10:34:34+00:00\",\"author\":{\"@id\":\"https:\/\/www.article-marketing.eu\/comunicati\/#\/schema\/person\/44372e4d4d0fa797b18e03ed1ace9017\"},\"breadcrumb\":{\"@id\":\"https:\/\/www.article-marketing.eu\/comunicati\/economia-e-lavoro\/professionisti\/massimo-binelli-certified-mental-coach\/#breadcrumb\"},\"inLanguage\":\"it-IT\",\"potentialAction\":[{\"@type\":\"ReadAction\",\"target\":[\"https:\/\/www.article-marketing.eu\/comunicati\/economia-e-lavoro\/professionisti\/massimo-binelli-certified-mental-coach\/\"]}]},{\"@type\":\"BreadcrumbList\",\"@id\":\"https:\/\/www.article-marketing.eu\/comunicati\/economia-e-lavoro\/professionisti\/massimo-binelli-certified-mental-coach\/#breadcrumb\",\"itemListElement\":[{\"@type\":\"ListItem\",\"position\":1,\"name\":\"Home\",\"item\":\"https:\/\/www.article-marketing.eu\/comunicati\/\"},{\"@type\":\"ListItem\",\"position\":2,\"name\":\"Massimo Binelli Certified Mental Coach\"}]},{\"@type\":\"WebSite\",\"@id\":\"https:\/\/www.article-marketing.eu\/comunicati\/#website\",\"url\":\"https:\/\/www.article-marketing.eu\/comunicati\/\",\"name\":\"Article Marketing\",\"description\":\"article marketing &amp; press release\",\"potentialAction\":[{\"@type\":\"SearchAction\",\"target\":{\"@type\":\"EntryPoint\",\"urlTemplate\":\"https:\/\/www.article-marketing.eu\/comunicati\/?s={search_term_string}\"},\"query-input\":{\"@type\":\"PropertyValueSpecification\",\"valueRequired\":true,\"valueName\":\"search_term_string\"}}],\"inLanguage\":\"it-IT\"},{\"@type\":\"Person\",\"@id\":\"https:\/\/www.article-marketing.eu\/comunicati\/#\/schema\/person\/44372e4d4d0fa797b18e03ed1ace9017\",\"name\":\"Redazione Comunicati Stampa\",\"image\":{\"@type\":\"ImageObject\",\"inLanguage\":\"it-IT\",\"@id\":\"https:\/\/www.article-marketing.eu\/comunicati\/#\/schema\/person\/image\/\",\"url\":\"https:\/\/secure.gravatar.com\/avatar\/50e5c6421d3072f42e7ace803501602c60d75233d34e29fd05feb91c8760b792?s=96&d=mm&r=g\",\"contentUrl\":\"https:\/\/secure.gravatar.com\/avatar\/50e5c6421d3072f42e7ace803501602c60d75233d34e29fd05feb91c8760b792?s=96&d=mm&r=g\",\"caption\":\"Redazione Comunicati Stampa\"},\"url\":\"https:\/\/www.article-marketing.eu\/comunicati\/author\/redazione-comunicati-stampa\/\"}]}<\/script>\n<!-- \/ Yoast SEO plugin. -->","yoast_head_json":{"title":"Massimo Binelli Certified Mental Coach - Article Marketing","robots":{"index":"index","follow":"follow","max-snippet":"max-snippet:-1","max-image-preview":"max-image-preview:large","max-video-preview":"max-video-preview:-1"},"canonical":"https:\/\/www.article-marketing.eu\/comunicati\/economia-e-lavoro\/professionisti\/massimo-binelli-certified-mental-coach\/","og_locale":"it_IT","og_type":"article","og_title":"Massimo Binelli Certified Mental Coach - Article Marketing","og_description":"Perch\u00e9 diventare un Mental Coach certificato? Ecco il punto di vista di Massimo Binelli.Massimo Binelli \u00e8 indiscutibilmente un uomo dalla personalit\u00e0 poliedrica dotato di grande tenacia e indubbi successi: imprenditore, formatore sportivo, professionale e giornalista, attualmente attivo tra Carrara e la provincia di Lucca.E'anche un certificato e qualificato Mental Coach.","og_url":"https:\/\/www.article-marketing.eu\/comunicati\/economia-e-lavoro\/professionisti\/massimo-binelli-certified-mental-coach\/","og_site_name":"Article Marketing","article_published_time":"2014-10-06T10:34:34+00:00","og_image":[{"url":"https:\/\/www.article-marketing.eu\/uploads\/images\/u_41022\/thumb_60588_10151110546313031_1767685634_n.gif","type":"","width":"","height":""}],"author":"Redazione Comunicati Stampa","twitter_card":"summary_large_image","twitter_misc":{"Scritto da":"Redazione Comunicati Stampa","Tempo di lettura stimato":"4 minuti"},"schema":{"@context":"https:\/\/schema.org","@graph":[{"@type":"Article","@id":"https:\/\/www.article-marketing.eu\/comunicati\/economia-e-lavoro\/professionisti\/massimo-binelli-certified-mental-coach\/#article","isPartOf":{"@id":"https:\/\/www.article-marketing.eu\/comunicati\/economia-e-lavoro\/professionisti\/massimo-binelli-certified-mental-coach\/"},"author":{"name":"Redazione Comunicati Stampa","@id":"https:\/\/www.article-marketing.eu\/comunicati\/#\/schema\/person\/44372e4d4d0fa797b18e03ed1ace9017"},"headline":"Massimo Binelli Certified Mental Coach","datePublished":"2014-10-06T10:34:34+00:00","mainEntityOfPage":{"@id":"https:\/\/www.article-marketing.eu\/comunicati\/economia-e-lavoro\/professionisti\/massimo-binelli-certified-mental-coach\/"},"wordCount":731,"commentCount":0,"keywords":["massimo binelli"],"articleSection":["Professionisti"],"inLanguage":"it-IT","potentialAction":[{"@type":"CommentAction","name":"Comment","target":["https:\/\/www.article-marketing.eu\/comunicati\/economia-e-lavoro\/professionisti\/massimo-binelli-certified-mental-coach\/#respond"]}]},{"@type":"WebPage","@id":"https:\/\/www.article-marketing.eu\/comunicati\/economia-e-lavoro\/professionisti\/massimo-binelli-certified-mental-coach\/","url":"https:\/\/www.article-marketing.eu\/comunicati\/economia-e-lavoro\/professionisti\/massimo-binelli-certified-mental-coach\/","name":"Massimo Binelli Certified Mental Coach - Article Marketing","isPartOf":{"@id":"https:\/\/www.article-marketing.eu\/comunicati\/#website"},"datePublished":"2014-10-06T10:34:34+00:00","author":{"@id":"https:\/\/www.article-marketing.eu\/comunicati\/#\/schema\/person\/44372e4d4d0fa797b18e03ed1ace9017"},"breadcrumb":{"@id":"https:\/\/www.article-marketing.eu\/comunicati\/economia-e-lavoro\/professionisti\/massimo-binelli-certified-mental-coach\/#breadcrumb"},"inLanguage":"it-IT","potentialAction":[{"@type":"ReadAction","target":["https:\/\/www.article-marketing.eu\/comunicati\/economia-e-lavoro\/professionisti\/massimo-binelli-certified-mental-coach\/"]}]},{"@type":"BreadcrumbList","@id":"https:\/\/www.article-marketing.eu\/comunicati\/economia-e-lavoro\/professionisti\/massimo-binelli-certified-mental-coach\/#breadcrumb","itemListElement":[{"@type":"ListItem","position":1,"name":"Home","item":"https:\/\/www.article-marketing.eu\/comunicati\/"},{"@type":"ListItem","position":2,"name":"Massimo Binelli Certified Mental Coach"}]},{"@type":"WebSite","@id":"https:\/\/www.article-marketing.eu\/comunicati\/#website","url":"https:\/\/www.article-marketing.eu\/comunicati\/","name":"Article Marketing","description":"article marketing &amp; press release","potentialAction":[{"@type":"SearchAction","target":{"@type":"EntryPoint","urlTemplate":"https:\/\/www.article-marketing.eu\/comunicati\/?s={search_term_string}"},"query-input":{"@type":"PropertyValueSpecification","valueRequired":true,"valueName":"search_term_string"}}],"inLanguage":"it-IT"},{"@type":"Person","@id":"https:\/\/www.article-marketing.eu\/comunicati\/#\/schema\/person\/44372e4d4d0fa797b18e03ed1ace9017","name":"Redazione Comunicati Stampa","image":{"@type":"ImageObject","inLanguage":"it-IT","@id":"https:\/\/www.article-marketing.eu\/comunicati\/#\/schema\/person\/image\/","url":"https:\/\/secure.gravatar.com\/avatar\/50e5c6421d3072f42e7ace803501602c60d75233d34e29fd05feb91c8760b792?s=96&d=mm&r=g","contentUrl":"https:\/\/secure.gravatar.com\/avatar\/50e5c6421d3072f42e7ace803501602c60d75233d34e29fd05feb91c8760b792?s=96&d=mm&r=g","caption":"Redazione Comunicati Stampa"},"url":"https:\/\/www.article-marketing.eu\/comunicati\/author\/redazione-comunicati-stampa\/"}]}},"_links":{"self":[{"href":"https:\/\/www.article-marketing.eu\/comunicati\/wp-json\/wp\/v2\/posts\/44446","targetHints":{"allow":["GET"]}}],"collection":[{"href":"https:\/\/www.article-marketing.eu\/comunicati\/wp-json\/wp\/v2\/posts"}],"about":[{"href":"https:\/\/www.article-marketing.eu\/comunicati\/wp-json\/wp\/v2\/types\/post"}],"author":[{"embeddable":true,"href":"https:\/\/www.article-marketing.eu\/comunicati\/wp-json\/wp\/v2\/users\/10"}],"replies":[{"embeddable":true,"href":"https:\/\/www.article-marketing.eu\/comunicati\/wp-json\/wp\/v2\/comments?post=44446"}],"version-history":[{"count":0,"href":"https:\/\/www.article-marketing.eu\/comunicati\/wp-json\/wp\/v2\/posts\/44446\/revisions"}],"wp:attachment":[{"href":"https:\/\/www.article-marketing.eu\/comunicati\/wp-json\/wp\/v2\/media?parent=44446"}],"wp:term":[{"taxonomy":"category","embeddable":true,"href":"https:\/\/www.article-marketing.eu\/comunicati\/wp-json\/wp\/v2\/categories?post=44446"},{"taxonomy":"post_tag","embeddable":true,"href":"https:\/\/www.article-marketing.eu\/comunicati\/wp-json\/wp\/v2\/tags?post=44446"}],"curies":[{"name":"wp","href":"https:\/\/api.w.org\/{rel}","templated":true}]}}