{"id":44569,"date":"2014-10-14T15:56:18","date_gmt":"2014-10-14T13:56:18","guid":{"rendered":"http:\/\/www.article-marketing.eu\/comunicati\/senza-categoria\/la-cividina-il-divano-osaka-conquista-la%2580%2599alta-moda\/"},"modified":"2014-10-14T15:56:18","modified_gmt":"2014-10-14T13:56:18","slug":"la-cividina-il-divano-osaka-conquista-la%2580%2599alta-moda","status":"publish","type":"post","link":"https:\/\/www.article-marketing.eu\/comunicati\/comunicati-stampa\/la-cividina-il-divano-osaka-conquista-la%2580%2599alta-moda\/","title":{"rendered":"LA CIVIDINA, IL DIVANO OSAKA CONQUISTA L\u2019ALTA MODA"},"content":{"rendered":"<p>Il divano <strong>Osaka<\/strong>, disegnato nel 1967 dal francese <strong>Pierre Paulin<\/strong> e rieditato nel 2013 da <a href=\"http:\/\/www.lacividina.com\">La Cividina<\/a> &ndash; marchio italiano leader nella creazione di divani e poltrone di design &#8211; &egrave; uno dei pezzi pi&ugrave; apprezzati dalle strutture del contract e dal mondo dell&rsquo;alta moda.<br \/>Dalla straordinaria passerella <strong>Louis Vuitton<\/strong> realizzata lo scorso maggio a Montecarlo per il d&eacute;fil&eacute; Cruise 2015, al concept shop <strong>10 Corso Como di Shanghai, dal Chanel Ginza Building di Tokyo<\/strong>, a hotel e show room internazionali, Osaka rappresenta una soluzione geniale. Composto da tre distinte strisce tenute insieme da una particolare struttura in acciaio e rivestito con un tessuto stretch che ne asseconda perfettamente la forma sinuosa, questo divano risolve l&rsquo;esigenza di comfort, estetica e flessibilit&agrave;.<br \/>Ad esempio, per la scenografia Louis Vuitton di Montecarlo, sono stati impiegati 55 Osaka bicolore beige-bianco, di 6 metri l&rsquo;uno per un totale di 330 metri lineari. Questa soluzione ha permesso di accogliere gli ospiti su sedute che si sono adattate perfettamente al contesto, piegandosi in base alle esigenze di scena. Tempi record anche per il montaggio: 6 metri di divano Osaka si completano in 15 minuti. Cos&igrave;, dopo il successo di Montecarlo, queste sedute sono partite verso <strong>New York <\/strong>per il press day della stessa maison francese. <br \/>Una versione bianco-rosso &egrave; invece esposta alla Pierre Paulin Exibition, attualmente in corso alla Chanel Nexus Hall, all&rsquo;interno di<strong> Chanel Ginza Building<\/strong>, edificio reinventato dall&rsquo;architetto Peter Marino + Associates Architects. E si fa apprezzare a <strong>Shanghai<\/strong>, nell&rsquo;esclusivo concept shop <strong>10 Corso Como<\/strong>, che la fashion editor Carla Sozzani ha esportato in tutto il mondo, partendo da Milano.<br \/>Per La Cividina, la riedizione di Osaka non &egrave; stato un semplice esercizio tecnico, bens&igrave; un omaggio a Pierre Paulin, scomparso nel 2009; per certo uno dei pionieri del design moderno, che con le sue creazioni ha contribuito a cambiare radicalmente il concetto dell&rsquo;abitare. <br \/>&ldquo;Abbiamo tradotto l&rsquo;opera di Paulin &ndash; spiega il presidente de La Cividina Fulvio Bulfoni &ndash; condividendola prima con la moglie Ma&iuml;a e il figlio Benjamin, poi affidandola alle mani esperte dei nostri artigiani che l&rsquo;hanno realizzata con la cura del dettaglio che contraddistingue ogni nostra creazione. Osaka &egrave; una risposta perfetta per il contract, un autentico pezzo di design funzionale, flessibile e modulabile. Non per caso, &egrave; stato accolto da subito con grande favore dalle strutture ricettive ed espositive pi&ugrave; avanzate&rdquo;.<\/p>\n<p><em><strong>Chi &egrave; La Cividina<\/strong><br \/>La Cividina, azienda con sede a Martignacco in provincia di Udine, progetta e realizza sedute imbottite per il settore contract e residenziale. La societ&agrave;, guidata dall&rsquo;amministratore unico Fulvio Bulfoni, nasce nel 1976 come azienda artigiana la cui filosofia principale &egrave; fornire sedute e prodotti di arredamento di alta qualit&agrave;. Oggi &egrave; una delle principali realt&agrave; del settore sia in Italia che all&rsquo;estero acquisendo importanti forniture nei pi&ugrave; svariati settori come hotel, ma anche societ&agrave; e ville private, studi di progettazione e aziende armatrici, tutti diventati testimonial dell&rsquo;elevato valore qualitativo espresso dall&rsquo;azienda.<\/p>\n<p>Ogni creazione de La Cividina &egrave; frutto di un attento processo di sviluppo che garantisce il perfezionamento e il miglioramento in ogni fase, dalla progettazione alla produzione. L&rsquo;elevata professionalit&agrave; dei progettisti &egrave; uno dei punti di forza che consente l&rsquo;ideazione di una gamma di prodotti d&rsquo;arredo secondo le esigenze del cliente e nel contesto ambientale in cui devono essere collocati. I progetti sono frutto di creativit&agrave; e design, ma sono anche il risultato di un attento studio che bilancia gusto estetico e funzionalit&agrave; ergonomica nella scelta delle forme, dei colori e dei materiali. <\/p>\n<p>La Cividina collabora con designer quali Antonio Rodriguez, Form Us With Love, Constance Guisset, Luca Botto, Antonino Sciortino. Ha inoltre rieditato il divano Osaka di Pierre Paulin.<\/em><\/p>\n","protected":false},"excerpt":{"rendered":"<p>Dalla sfilata Louis Vuitton di Montecarlo a 10 Corso Como Shanghai, dal Chanel Ginza Building a hotel e show room internazionali. Il pi\u00f9 sinuoso dei sof\u00e0 \u00e8 lungo fino a sei metri e risolve l\u2019esigenza di comfort, estetica e flessibilit\u00e0 <\/p>\n","protected":false},"author":10,"featured_media":0,"comment_status":"open","ping_status":"open","sticky":false,"template":"","format":"standard","meta":{"cybocfi_hide_featured_image":"","footnotes":""},"categories":[190],"tags":[],"class_list":["post-44569","post","type-post","status-publish","format-standard","hentry","category-comunicati-stampa"],"yoast_head":"<!-- This site is optimized with the Yoast SEO plugin v27.0 - https:\/\/yoast.com\/product\/yoast-seo-wordpress\/ -->\n<title>LA CIVIDINA, IL DIVANO OSAKA CONQUISTA L\u2019ALTA MODA - Article Marketing<\/title>\n<meta name=\"robots\" content=\"index, follow, max-snippet:-1, max-image-preview:large, max-video-preview:-1\" \/>\n<link rel=\"canonical\" href=\"https:\/\/www.article-marketing.eu\/comunicati\/comunicati-stampa\/la-cividina-il-divano-osaka-conquista-la%80%99alta-moda\/\" \/>\n<meta property=\"og:locale\" content=\"it_IT\" \/>\n<meta property=\"og:type\" content=\"article\" \/>\n<meta property=\"og:title\" content=\"LA CIVIDINA, IL DIVANO OSAKA CONQUISTA L\u2019ALTA MODA - Article Marketing\" \/>\n<meta property=\"og:description\" content=\"Dalla sfilata Louis Vuitton di Montecarlo a 10 Corso Como Shanghai, dal Chanel Ginza Building a hotel e show room internazionali. Il pi\u00f9 sinuoso dei sof\u00e0 \u00e8 lungo fino a sei metri e risolve l\u2019esigenza di comfort, estetica e flessibilit\u00e0\" \/>\n<meta property=\"og:url\" content=\"https:\/\/www.article-marketing.eu\/comunicati\/comunicati-stampa\/la-cividina-il-divano-osaka-conquista-la%80%99alta-moda\/\" \/>\n<meta property=\"og:site_name\" content=\"Article Marketing\" \/>\n<meta property=\"article:published_time\" content=\"2014-10-14T13:56:18+00:00\" \/>\n<meta name=\"author\" content=\"Redazione Comunicati Stampa\" \/>\n<meta name=\"twitter:card\" content=\"summary_large_image\" \/>\n<meta name=\"twitter:label1\" content=\"Scritto da\" \/>\n\t<meta name=\"twitter:data1\" content=\"Redazione Comunicati Stampa\" \/>\n\t<meta name=\"twitter:label2\" content=\"Tempo di lettura stimato\" \/>\n\t<meta name=\"twitter:data2\" content=\"3 minuti\" \/>\n<script type=\"application\/ld+json\" class=\"yoast-schema-graph\">{\"@context\":\"https:\/\/schema.org\",\"@graph\":[{\"@type\":\"Article\",\"@id\":\"https:\/\/www.article-marketing.eu\/comunicati\/comunicati-stampa\/la-cividina-il-divano-osaka-conquista-la%2580%2599alta-moda\/#article\",\"isPartOf\":{\"@id\":\"https:\/\/www.article-marketing.eu\/comunicati\/comunicati-stampa\/la-cividina-il-divano-osaka-conquista-la%2580%2599alta-moda\/\"},\"author\":{\"name\":\"Redazione Comunicati Stampa\",\"@id\":\"https:\/\/www.article-marketing.eu\/comunicati\/#\/schema\/person\/44372e4d4d0fa797b18e03ed1ace9017\"},\"headline\":\"LA CIVIDINA, IL DIVANO OSAKA CONQUISTA L\u2019ALTA MODA\",\"datePublished\":\"2014-10-14T13:56:18+00:00\",\"mainEntityOfPage\":{\"@id\":\"https:\/\/www.article-marketing.eu\/comunicati\/comunicati-stampa\/la-cividina-il-divano-osaka-conquista-la%2580%2599alta-moda\/\"},\"wordCount\":654,\"commentCount\":0,\"articleSection\":[\"Comunicati stampa\"],\"inLanguage\":\"it-IT\",\"potentialAction\":[{\"@type\":\"CommentAction\",\"name\":\"Comment\",\"target\":[\"https:\/\/www.article-marketing.eu\/comunicati\/comunicati-stampa\/la-cividina-il-divano-osaka-conquista-la%2580%2599alta-moda\/#respond\"]}]},{\"@type\":\"WebPage\",\"@id\":\"https:\/\/www.article-marketing.eu\/comunicati\/comunicati-stampa\/la-cividina-il-divano-osaka-conquista-la%2580%2599alta-moda\/\",\"url\":\"https:\/\/www.article-marketing.eu\/comunicati\/comunicati-stampa\/la-cividina-il-divano-osaka-conquista-la%2580%2599alta-moda\/\",\"name\":\"LA CIVIDINA, IL DIVANO OSAKA CONQUISTA L\u2019ALTA MODA - Article Marketing\",\"isPartOf\":{\"@id\":\"https:\/\/www.article-marketing.eu\/comunicati\/#website\"},\"datePublished\":\"2014-10-14T13:56:18+00:00\",\"author\":{\"@id\":\"https:\/\/www.article-marketing.eu\/comunicati\/#\/schema\/person\/44372e4d4d0fa797b18e03ed1ace9017\"},\"breadcrumb\":{\"@id\":\"https:\/\/www.article-marketing.eu\/comunicati\/comunicati-stampa\/la-cividina-il-divano-osaka-conquista-la%2580%2599alta-moda\/#breadcrumb\"},\"inLanguage\":\"it-IT\",\"potentialAction\":[{\"@type\":\"ReadAction\",\"target\":[\"https:\/\/www.article-marketing.eu\/comunicati\/comunicati-stampa\/la-cividina-il-divano-osaka-conquista-la%2580%2599alta-moda\/\"]}]},{\"@type\":\"BreadcrumbList\",\"@id\":\"https:\/\/www.article-marketing.eu\/comunicati\/comunicati-stampa\/la-cividina-il-divano-osaka-conquista-la%2580%2599alta-moda\/#breadcrumb\",\"itemListElement\":[{\"@type\":\"ListItem\",\"position\":1,\"name\":\"Home\",\"item\":\"https:\/\/www.article-marketing.eu\/comunicati\/\"},{\"@type\":\"ListItem\",\"position\":2,\"name\":\"LA CIVIDINA, IL DIVANO OSAKA CONQUISTA L\u2019ALTA MODA\"}]},{\"@type\":\"WebSite\",\"@id\":\"https:\/\/www.article-marketing.eu\/comunicati\/#website\",\"url\":\"https:\/\/www.article-marketing.eu\/comunicati\/\",\"name\":\"Article Marketing\",\"description\":\"article marketing &amp; press release\",\"potentialAction\":[{\"@type\":\"SearchAction\",\"target\":{\"@type\":\"EntryPoint\",\"urlTemplate\":\"https:\/\/www.article-marketing.eu\/comunicati\/?s={search_term_string}\"},\"query-input\":{\"@type\":\"PropertyValueSpecification\",\"valueRequired\":true,\"valueName\":\"search_term_string\"}}],\"inLanguage\":\"it-IT\"},{\"@type\":\"Person\",\"@id\":\"https:\/\/www.article-marketing.eu\/comunicati\/#\/schema\/person\/44372e4d4d0fa797b18e03ed1ace9017\",\"name\":\"Redazione Comunicati Stampa\",\"image\":{\"@type\":\"ImageObject\",\"inLanguage\":\"it-IT\",\"@id\":\"https:\/\/www.article-marketing.eu\/comunicati\/#\/schema\/person\/image\/\",\"url\":\"https:\/\/secure.gravatar.com\/avatar\/50e5c6421d3072f42e7ace803501602c60d75233d34e29fd05feb91c8760b792?s=96&d=mm&r=g\",\"contentUrl\":\"https:\/\/secure.gravatar.com\/avatar\/50e5c6421d3072f42e7ace803501602c60d75233d34e29fd05feb91c8760b792?s=96&d=mm&r=g\",\"caption\":\"Redazione Comunicati Stampa\"},\"url\":\"https:\/\/www.article-marketing.eu\/comunicati\/author\/redazione-comunicati-stampa\/\"}]}<\/script>\n<!-- \/ Yoast SEO plugin. -->","yoast_head_json":{"title":"LA CIVIDINA, IL DIVANO OSAKA CONQUISTA L\u2019ALTA MODA - Article Marketing","robots":{"index":"index","follow":"follow","max-snippet":"max-snippet:-1","max-image-preview":"max-image-preview:large","max-video-preview":"max-video-preview:-1"},"canonical":"https:\/\/www.article-marketing.eu\/comunicati\/comunicati-stampa\/la-cividina-il-divano-osaka-conquista-la%80%99alta-moda\/","og_locale":"it_IT","og_type":"article","og_title":"LA CIVIDINA, IL DIVANO OSAKA CONQUISTA L\u2019ALTA MODA - Article Marketing","og_description":"Dalla sfilata Louis Vuitton di Montecarlo a 10 Corso Como Shanghai, dal Chanel Ginza Building a hotel e show room internazionali. Il pi\u00f9 sinuoso dei sof\u00e0 \u00e8 lungo fino a sei metri e risolve l\u2019esigenza di comfort, estetica e flessibilit\u00e0","og_url":"https:\/\/www.article-marketing.eu\/comunicati\/comunicati-stampa\/la-cividina-il-divano-osaka-conquista-la%80%99alta-moda\/","og_site_name":"Article Marketing","article_published_time":"2014-10-14T13:56:18+00:00","author":"Redazione Comunicati Stampa","twitter_card":"summary_large_image","twitter_misc":{"Scritto da":"Redazione Comunicati Stampa","Tempo di lettura stimato":"3 minuti"},"schema":{"@context":"https:\/\/schema.org","@graph":[{"@type":"Article","@id":"https:\/\/www.article-marketing.eu\/comunicati\/comunicati-stampa\/la-cividina-il-divano-osaka-conquista-la%2580%2599alta-moda\/#article","isPartOf":{"@id":"https:\/\/www.article-marketing.eu\/comunicati\/comunicati-stampa\/la-cividina-il-divano-osaka-conquista-la%2580%2599alta-moda\/"},"author":{"name":"Redazione Comunicati Stampa","@id":"https:\/\/www.article-marketing.eu\/comunicati\/#\/schema\/person\/44372e4d4d0fa797b18e03ed1ace9017"},"headline":"LA CIVIDINA, IL DIVANO OSAKA CONQUISTA L\u2019ALTA MODA","datePublished":"2014-10-14T13:56:18+00:00","mainEntityOfPage":{"@id":"https:\/\/www.article-marketing.eu\/comunicati\/comunicati-stampa\/la-cividina-il-divano-osaka-conquista-la%2580%2599alta-moda\/"},"wordCount":654,"commentCount":0,"articleSection":["Comunicati stampa"],"inLanguage":"it-IT","potentialAction":[{"@type":"CommentAction","name":"Comment","target":["https:\/\/www.article-marketing.eu\/comunicati\/comunicati-stampa\/la-cividina-il-divano-osaka-conquista-la%2580%2599alta-moda\/#respond"]}]},{"@type":"WebPage","@id":"https:\/\/www.article-marketing.eu\/comunicati\/comunicati-stampa\/la-cividina-il-divano-osaka-conquista-la%2580%2599alta-moda\/","url":"https:\/\/www.article-marketing.eu\/comunicati\/comunicati-stampa\/la-cividina-il-divano-osaka-conquista-la%2580%2599alta-moda\/","name":"LA CIVIDINA, IL DIVANO OSAKA CONQUISTA L\u2019ALTA MODA - Article Marketing","isPartOf":{"@id":"https:\/\/www.article-marketing.eu\/comunicati\/#website"},"datePublished":"2014-10-14T13:56:18+00:00","author":{"@id":"https:\/\/www.article-marketing.eu\/comunicati\/#\/schema\/person\/44372e4d4d0fa797b18e03ed1ace9017"},"breadcrumb":{"@id":"https:\/\/www.article-marketing.eu\/comunicati\/comunicati-stampa\/la-cividina-il-divano-osaka-conquista-la%2580%2599alta-moda\/#breadcrumb"},"inLanguage":"it-IT","potentialAction":[{"@type":"ReadAction","target":["https:\/\/www.article-marketing.eu\/comunicati\/comunicati-stampa\/la-cividina-il-divano-osaka-conquista-la%2580%2599alta-moda\/"]}]},{"@type":"BreadcrumbList","@id":"https:\/\/www.article-marketing.eu\/comunicati\/comunicati-stampa\/la-cividina-il-divano-osaka-conquista-la%2580%2599alta-moda\/#breadcrumb","itemListElement":[{"@type":"ListItem","position":1,"name":"Home","item":"https:\/\/www.article-marketing.eu\/comunicati\/"},{"@type":"ListItem","position":2,"name":"LA CIVIDINA, IL DIVANO OSAKA CONQUISTA L\u2019ALTA MODA"}]},{"@type":"WebSite","@id":"https:\/\/www.article-marketing.eu\/comunicati\/#website","url":"https:\/\/www.article-marketing.eu\/comunicati\/","name":"Article Marketing","description":"article marketing &amp; press release","potentialAction":[{"@type":"SearchAction","target":{"@type":"EntryPoint","urlTemplate":"https:\/\/www.article-marketing.eu\/comunicati\/?s={search_term_string}"},"query-input":{"@type":"PropertyValueSpecification","valueRequired":true,"valueName":"search_term_string"}}],"inLanguage":"it-IT"},{"@type":"Person","@id":"https:\/\/www.article-marketing.eu\/comunicati\/#\/schema\/person\/44372e4d4d0fa797b18e03ed1ace9017","name":"Redazione Comunicati Stampa","image":{"@type":"ImageObject","inLanguage":"it-IT","@id":"https:\/\/www.article-marketing.eu\/comunicati\/#\/schema\/person\/image\/","url":"https:\/\/secure.gravatar.com\/avatar\/50e5c6421d3072f42e7ace803501602c60d75233d34e29fd05feb91c8760b792?s=96&d=mm&r=g","contentUrl":"https:\/\/secure.gravatar.com\/avatar\/50e5c6421d3072f42e7ace803501602c60d75233d34e29fd05feb91c8760b792?s=96&d=mm&r=g","caption":"Redazione Comunicati Stampa"},"url":"https:\/\/www.article-marketing.eu\/comunicati\/author\/redazione-comunicati-stampa\/"}]}},"_links":{"self":[{"href":"https:\/\/www.article-marketing.eu\/comunicati\/wp-json\/wp\/v2\/posts\/44569","targetHints":{"allow":["GET"]}}],"collection":[{"href":"https:\/\/www.article-marketing.eu\/comunicati\/wp-json\/wp\/v2\/posts"}],"about":[{"href":"https:\/\/www.article-marketing.eu\/comunicati\/wp-json\/wp\/v2\/types\/post"}],"author":[{"embeddable":true,"href":"https:\/\/www.article-marketing.eu\/comunicati\/wp-json\/wp\/v2\/users\/10"}],"replies":[{"embeddable":true,"href":"https:\/\/www.article-marketing.eu\/comunicati\/wp-json\/wp\/v2\/comments?post=44569"}],"version-history":[{"count":0,"href":"https:\/\/www.article-marketing.eu\/comunicati\/wp-json\/wp\/v2\/posts\/44569\/revisions"}],"wp:attachment":[{"href":"https:\/\/www.article-marketing.eu\/comunicati\/wp-json\/wp\/v2\/media?parent=44569"}],"wp:term":[{"taxonomy":"category","embeddable":true,"href":"https:\/\/www.article-marketing.eu\/comunicati\/wp-json\/wp\/v2\/categories?post=44569"},{"taxonomy":"post_tag","embeddable":true,"href":"https:\/\/www.article-marketing.eu\/comunicati\/wp-json\/wp\/v2\/tags?post=44569"}],"curies":[{"name":"wp","href":"https:\/\/api.w.org\/{rel}","templated":true}]}}