{"id":44655,"date":"2014-10-14T19:40:36","date_gmt":"2014-10-14T17:40:36","guid":{"rendered":"http:\/\/www.article-marketing.eu\/comunicati\/senza-categoria\/metro-web-%c3%a8-stata-premiata-per-aver-reso-milano-la-citt%c3%a0-pi%c3%b9-cablata-da%80%99europa\/"},"modified":"2014-10-14T19:40:36","modified_gmt":"2014-10-14T17:40:36","slug":"metro-web-%c3%a8-stata-premiata-per-aver-reso-milano-la-citt%c3%a0-pi%c3%b9-cablata-da%80%99europa","status":"publish","type":"post","link":"https:\/\/www.article-marketing.eu\/comunicati\/economia-e-lavoro\/aziende\/metro-web-%c3%a8-stata-premiata-per-aver-reso-milano-la-citt%c3%a0-pi%c3%b9-cablata-da%80%99europa\/","title":{"rendered":"Metro Web \u00e8 stata premiata per aver reso Milano la citt\u00e0 pi\u00f9 cablata d\u2019Europa"},"content":{"rendered":"<p>Con un cablaggio in fibra ottica della lunghezza di 375.000 km, Metro Web ha reso Milano la citt&agrave; pi&ugrave; cablata d&rsquo;Italia e del resto d&rsquo;Europa; &egrave; stata per questo insignita del prestigioso premio Grandi Guglie .<br \/>\nCentro Studi Grande Milano ha premiato l&rsquo;AD di Metro Web per il progetto di cablaggio in fibra ottica della citt&agrave;, rendendola ancora pi&ugrave; competitiva a livello europeo per quanto concerne lo sviluppo tecnologico.<br \/>\nMetro Web &egrave; stata premiata dal Centro Studi Grande Milano con il premio Grandi Guglie, per il suo cablaggio della citt&agrave;, che l&rsquo;ha resa una delle pi&ugrave; innovative a livello Europeo<br \/>\n<em><strong><a href=\"http:\/\/www.youtube.com\/watch?v=wApZZlFxzv4\" title=\"Metro Web\">Metro Web<\/a>, simbolo dell&#8217;innovazione e dell&#8217;avanguardia tecnologica della citt&agrave; di Milano, &egrave; stata insignita del prestigioso riconoscimento Grandi Guglie del Centro Studi Grande Milano.<\/strong><\/em><br \/>\nCentro Studi Grande Milano premia Metro Web per il cablaggio della citt&agrave;<br \/>\n<strong>Metro Web<\/strong> ha ricevuto il premio Grandi Guglie del <strong>Centro Studi Grande Milano<\/strong> per il suo progetto di cablaggio della citt&agrave;. Grazie all&#8217;intervento dell&#8217;azienda guidata da Alberto Trondoli, Milano &egrave; stata infatti coperta con 375.000 km di fibra ottica ed &egrave; per questo diventata la realt&agrave; europea pi&ugrave; all&#8217;avanguardia, al confronto anche con Parigi, che arriva a 130.000 km e Amsterdam, 50.000 km. <br \/>&#8220;Metro Web la velocit&agrave; che lascia il segno&#8221;, questo il titolo dell&#8217;evento promosso da Centro Studi Grande Milano, che si &egrave; svolto il 6 ottobre 2014 presso la Sala Parlamentino del Palazzo Giureconsulti. La premiazione si &egrave; aperta con l&#8217;intervento della Presidentessa Daniela Mainini, seguito dalle relazioni del Presidente di CRESCI Salvatore Carrubba, del Direttore Scientifico del Centro Studi Anticontraffazioni Cesare Galli, e del professor Enrico Valdani, vice Presidente del Comitato Strategico del Centro Studi Grande Milano.<br \/>\nPremio Grandi Guglie a Metro Web, il Centro Studi Grande Milano premia un&#8217;altra eccellenza<br \/>\nL&#8217;Amministratore Delegato di <strong>Metro Web<\/strong> ha ricevuto il premio dalla Presidentessa Daniela Mainini e dall&#8217;assessore alle Politiche per il lavoro, Sviluppo economico, Universit&agrave; e ricerca Cristina Tajani. Il manager ha spiegato che tramite il progetto l&#8217;azienda ha messo in evidenza la sua caratteristica distintiva che consiste nell&#8217;innovazione nel business, che ha permesso all&#8217;azienda di creare un modello di business unico in Italia e in Europa.<br \/>Durante la giornata di premiazione &egrave; avvenuta la presentazione di Unium, strategy room per monitorare la reputazione online di un brand e il suo valore sul web. Il premio Grandi Guglie rappresenta il riconoscimento di un&#8217;eccellenza da parte di un&#8217;altra eccellenza. La Presidentessa Mainini si &egrave; detta soddisfatta di poter premiare un&#8217;azienda di eccellenza che ha reso Milano una primatista in Europa per quanto concerne la connessione a banda larga.<br \/>\n<em><strong>Visitando il canale youtube di Centro Studi Grande Milano &egrave; possibile avere maggiori informazioni sulla premiazione di Metro Web.<\/strong><\/em><\/p>\n","protected":false},"excerpt":{"rendered":"<p>Con un cablaggio in fibra ottica della lunghezza di 375.000 km, Metro Web ha reso Milano la citt\u00e0 pi\u00f9 cablata d\u2019Italia e del resto d\u2019Europa; \u00e8 stata per questo insignita del prestigioso premio Grandi Guglie<\/p>\n","protected":false},"author":10,"featured_media":0,"comment_status":"open","ping_status":"open","sticky":false,"template":"","format":"standard","meta":{"cybocfi_hide_featured_image":"","footnotes":""},"categories":[129],"tags":[49320],"class_list":["post-44655","post","type-post","status-publish","format-standard","hentry","category-aziende","tag-metroweb"],"yoast_head":"<!-- This site is optimized with the Yoast SEO plugin v27.0 - https:\/\/yoast.com\/product\/yoast-seo-wordpress\/ -->\n<title>Metro Web \u00e8 stata premiata per aver reso Milano la citt\u00e0 pi\u00f9 cablata d\u2019Europa - Article Marketing<\/title>\n<meta name=\"robots\" content=\"index, follow, max-snippet:-1, max-image-preview:large, max-video-preview:-1\" \/>\n<link rel=\"canonical\" href=\"https:\/\/www.article-marketing.eu\/comunicati\/economia-e-lavoro\/aziende\/metro-web-\u00e8-stata-premiata-per-aver-reso-milano-la-citt\u00e0-pi\u00f9-cablata-da??europa\/\" \/>\n<meta property=\"og:locale\" content=\"it_IT\" \/>\n<meta property=\"og:type\" content=\"article\" \/>\n<meta property=\"og:title\" content=\"Metro Web \u00e8 stata premiata per aver reso Milano la citt\u00e0 pi\u00f9 cablata d\u2019Europa - Article Marketing\" \/>\n<meta property=\"og:description\" content=\"Con un cablaggio in fibra ottica della lunghezza di 375.000 km, Metro Web ha reso Milano la citt\u00e0 pi\u00f9 cablata d\u2019Italia e del resto d\u2019Europa; \u00e8 stata per questo insignita del prestigioso premio Grandi Guglie\" \/>\n<meta property=\"og:url\" content=\"\" \/>\n<meta property=\"og:site_name\" content=\"Article Marketing\" \/>\n<meta property=\"article:published_time\" content=\"2014-10-14T17:40:36+00:00\" \/>\n<meta name=\"author\" content=\"Redazione Comunicati Stampa\" \/>\n<meta name=\"twitter:card\" content=\"summary_large_image\" \/>\n<meta name=\"twitter:label1\" content=\"Scritto da\" \/>\n\t<meta name=\"twitter:data1\" content=\"Redazione Comunicati Stampa\" \/>\n\t<meta name=\"twitter:label2\" content=\"Tempo di lettura stimato\" \/>\n\t<meta name=\"twitter:data2\" content=\"2 minuti\" \/>\n<script type=\"application\/ld+json\" class=\"yoast-schema-graph\">{\"@context\":\"https:\/\/schema.org\",\"@graph\":[{\"@type\":\"Article\",\"@id\":\"https:\/\/www.article-marketing.eu\/comunicati\/economia-e-lavoro\/aziende\/metro-web-%c3%a8-stata-premiata-per-aver-reso-milano-la-citt%c3%a0-pi%c3%b9-cablata-da%80%99europa\/#article\",\"isPartOf\":{\"@id\":\"https:\/\/www.article-marketing.eu\/comunicati\/economia-e-lavoro\/aziende\/metro-web-%c3%a8-stata-premiata-per-aver-reso-milano-la-citt%c3%a0-pi%c3%b9-cablata-da%80%99europa\/\"},\"author\":{\"name\":\"Redazione Comunicati Stampa\",\"@id\":\"https:\/\/www.article-marketing.eu\/comunicati\/#\/schema\/person\/44372e4d4d0fa797b18e03ed1ace9017\"},\"headline\":\"Metro Web \u00e8 stata premiata per aver reso Milano la citt\u00e0 pi\u00f9 cablata d\u2019Europa\",\"datePublished\":\"2014-10-14T17:40:36+00:00\",\"mainEntityOfPage\":{\"@id\":\"https:\/\/www.article-marketing.eu\/comunicati\/economia-e-lavoro\/aziende\/metro-web-%c3%a8-stata-premiata-per-aver-reso-milano-la-citt%c3%a0-pi%c3%b9-cablata-da%80%99europa\/\"},\"wordCount\":472,\"commentCount\":0,\"keywords\":[\"Metroweb\"],\"articleSection\":[\"Aziende\"],\"inLanguage\":\"it-IT\",\"potentialAction\":[{\"@type\":\"CommentAction\",\"name\":\"Comment\",\"target\":[\"https:\/\/www.article-marketing.eu\/comunicati\/economia-e-lavoro\/aziende\/metro-web-%c3%a8-stata-premiata-per-aver-reso-milano-la-citt%c3%a0-pi%c3%b9-cablata-da%80%99europa\/#respond\"]}]},{\"@type\":\"WebPage\",\"@id\":\"https:\/\/www.article-marketing.eu\/comunicati\/economia-e-lavoro\/aziende\/metro-web-%c3%a8-stata-premiata-per-aver-reso-milano-la-citt%c3%a0-pi%c3%b9-cablata-da%80%99europa\/\",\"url\":\"https:\/\/www.article-marketing.eu\/comunicati\/economia-e-lavoro\/aziende\/metro-web-%c3%a8-stata-premiata-per-aver-reso-milano-la-citt%c3%a0-pi%c3%b9-cablata-da%80%99europa\/\",\"name\":\"Metro Web \u00e8 stata premiata per aver reso Milano la citt\u00e0 pi\u00f9 cablata d\u2019Europa - Article Marketing\",\"isPartOf\":{\"@id\":\"https:\/\/www.article-marketing.eu\/comunicati\/#website\"},\"datePublished\":\"2014-10-14T17:40:36+00:00\",\"author\":{\"@id\":\"https:\/\/www.article-marketing.eu\/comunicati\/#\/schema\/person\/44372e4d4d0fa797b18e03ed1ace9017\"},\"breadcrumb\":{\"@id\":\"https:\/\/www.article-marketing.eu\/comunicati\/economia-e-lavoro\/aziende\/metro-web-%c3%a8-stata-premiata-per-aver-reso-milano-la-citt%c3%a0-pi%c3%b9-cablata-da%80%99europa\/#breadcrumb\"},\"inLanguage\":\"it-IT\",\"potentialAction\":[{\"@type\":\"ReadAction\",\"target\":[\"https:\/\/www.article-marketing.eu\/comunicati\/economia-e-lavoro\/aziende\/metro-web-%c3%a8-stata-premiata-per-aver-reso-milano-la-citt%c3%a0-pi%c3%b9-cablata-da%80%99europa\/\"]}]},{\"@type\":\"BreadcrumbList\",\"@id\":\"https:\/\/www.article-marketing.eu\/comunicati\/economia-e-lavoro\/aziende\/metro-web-%c3%a8-stata-premiata-per-aver-reso-milano-la-citt%c3%a0-pi%c3%b9-cablata-da%80%99europa\/#breadcrumb\",\"itemListElement\":[{\"@type\":\"ListItem\",\"position\":1,\"name\":\"Home\",\"item\":\"https:\/\/www.article-marketing.eu\/comunicati\/\"},{\"@type\":\"ListItem\",\"position\":2,\"name\":\"Metro Web \u00e8 stata premiata per aver reso Milano la citt\u00e0 pi\u00f9 cablata d\u2019Europa\"}]},{\"@type\":\"WebSite\",\"@id\":\"https:\/\/www.article-marketing.eu\/comunicati\/#website\",\"url\":\"https:\/\/www.article-marketing.eu\/comunicati\/\",\"name\":\"Article Marketing\",\"description\":\"article marketing &amp; press release\",\"potentialAction\":[{\"@type\":\"SearchAction\",\"target\":{\"@type\":\"EntryPoint\",\"urlTemplate\":\"https:\/\/www.article-marketing.eu\/comunicati\/?s={search_term_string}\"},\"query-input\":{\"@type\":\"PropertyValueSpecification\",\"valueRequired\":true,\"valueName\":\"search_term_string\"}}],\"inLanguage\":\"it-IT\"},{\"@type\":\"Person\",\"@id\":\"https:\/\/www.article-marketing.eu\/comunicati\/#\/schema\/person\/44372e4d4d0fa797b18e03ed1ace9017\",\"name\":\"Redazione Comunicati Stampa\",\"image\":{\"@type\":\"ImageObject\",\"inLanguage\":\"it-IT\",\"@id\":\"https:\/\/www.article-marketing.eu\/comunicati\/#\/schema\/person\/image\/\",\"url\":\"https:\/\/secure.gravatar.com\/avatar\/50e5c6421d3072f42e7ace803501602c60d75233d34e29fd05feb91c8760b792?s=96&d=mm&r=g\",\"contentUrl\":\"https:\/\/secure.gravatar.com\/avatar\/50e5c6421d3072f42e7ace803501602c60d75233d34e29fd05feb91c8760b792?s=96&d=mm&r=g\",\"caption\":\"Redazione Comunicati Stampa\"},\"url\":\"https:\/\/www.article-marketing.eu\/comunicati\/author\/redazione-comunicati-stampa\/\"}]}<\/script>\n<!-- \/ Yoast SEO plugin. -->","yoast_head_json":{"title":"Metro Web \u00e8 stata premiata per aver reso Milano la citt\u00e0 pi\u00f9 cablata d\u2019Europa - Article Marketing","robots":{"index":"index","follow":"follow","max-snippet":"max-snippet:-1","max-image-preview":"max-image-preview:large","max-video-preview":"max-video-preview:-1"},"canonical":"https:\/\/www.article-marketing.eu\/comunicati\/economia-e-lavoro\/aziende\/metro-web-\u00e8-stata-premiata-per-aver-reso-milano-la-citt\u00e0-pi\u00f9-cablata-da??europa\/","og_locale":"it_IT","og_type":"article","og_title":"Metro Web \u00e8 stata premiata per aver reso Milano la citt\u00e0 pi\u00f9 cablata d\u2019Europa - Article Marketing","og_description":"Con un cablaggio in fibra ottica della lunghezza di 375.000 km, Metro Web ha reso Milano la citt\u00e0 pi\u00f9 cablata d\u2019Italia e del resto d\u2019Europa; \u00e8 stata per questo insignita del prestigioso premio Grandi Guglie","og_url":"https:\/\/www.article-marketing.eu\/comunicati\/economia-e-lavoro\/aziende\/metro-web-\u00e8-stata-premiata-per-aver-reso-milano-la-citt\u00e0-pi\u00f9-cablata-da??europa\/","og_site_name":"Article Marketing","article_published_time":"2014-10-14T17:40:36+00:00","author":"Redazione Comunicati Stampa","twitter_card":"summary_large_image","twitter_misc":{"Scritto da":"Redazione Comunicati Stampa","Tempo di lettura stimato":"2 minuti"},"schema":{"@context":"https:\/\/schema.org","@graph":[{"@type":"Article","@id":"https:\/\/www.article-marketing.eu\/comunicati\/economia-e-lavoro\/aziende\/metro-web-%c3%a8-stata-premiata-per-aver-reso-milano-la-citt%c3%a0-pi%c3%b9-cablata-da%80%99europa\/#article","isPartOf":{"@id":"https:\/\/www.article-marketing.eu\/comunicati\/economia-e-lavoro\/aziende\/metro-web-%c3%a8-stata-premiata-per-aver-reso-milano-la-citt%c3%a0-pi%c3%b9-cablata-da%80%99europa\/"},"author":{"name":"Redazione Comunicati Stampa","@id":"https:\/\/www.article-marketing.eu\/comunicati\/#\/schema\/person\/44372e4d4d0fa797b18e03ed1ace9017"},"headline":"Metro Web \u00e8 stata premiata per aver reso Milano la citt\u00e0 pi\u00f9 cablata d\u2019Europa","datePublished":"2014-10-14T17:40:36+00:00","mainEntityOfPage":{"@id":"https:\/\/www.article-marketing.eu\/comunicati\/economia-e-lavoro\/aziende\/metro-web-%c3%a8-stata-premiata-per-aver-reso-milano-la-citt%c3%a0-pi%c3%b9-cablata-da%80%99europa\/"},"wordCount":472,"commentCount":0,"keywords":["Metroweb"],"articleSection":["Aziende"],"inLanguage":"it-IT","potentialAction":[{"@type":"CommentAction","name":"Comment","target":["https:\/\/www.article-marketing.eu\/comunicati\/economia-e-lavoro\/aziende\/metro-web-%c3%a8-stata-premiata-per-aver-reso-milano-la-citt%c3%a0-pi%c3%b9-cablata-da%80%99europa\/#respond"]}]},{"@type":"WebPage","@id":"https:\/\/www.article-marketing.eu\/comunicati\/economia-e-lavoro\/aziende\/metro-web-%c3%a8-stata-premiata-per-aver-reso-milano-la-citt%c3%a0-pi%c3%b9-cablata-da%80%99europa\/","url":"https:\/\/www.article-marketing.eu\/comunicati\/economia-e-lavoro\/aziende\/metro-web-%c3%a8-stata-premiata-per-aver-reso-milano-la-citt%c3%a0-pi%c3%b9-cablata-da%80%99europa\/","name":"Metro Web \u00e8 stata premiata per aver reso Milano la citt\u00e0 pi\u00f9 cablata d\u2019Europa - Article Marketing","isPartOf":{"@id":"https:\/\/www.article-marketing.eu\/comunicati\/#website"},"datePublished":"2014-10-14T17:40:36+00:00","author":{"@id":"https:\/\/www.article-marketing.eu\/comunicati\/#\/schema\/person\/44372e4d4d0fa797b18e03ed1ace9017"},"breadcrumb":{"@id":"https:\/\/www.article-marketing.eu\/comunicati\/economia-e-lavoro\/aziende\/metro-web-%c3%a8-stata-premiata-per-aver-reso-milano-la-citt%c3%a0-pi%c3%b9-cablata-da%80%99europa\/#breadcrumb"},"inLanguage":"it-IT","potentialAction":[{"@type":"ReadAction","target":["https:\/\/www.article-marketing.eu\/comunicati\/economia-e-lavoro\/aziende\/metro-web-%c3%a8-stata-premiata-per-aver-reso-milano-la-citt%c3%a0-pi%c3%b9-cablata-da%80%99europa\/"]}]},{"@type":"BreadcrumbList","@id":"https:\/\/www.article-marketing.eu\/comunicati\/economia-e-lavoro\/aziende\/metro-web-%c3%a8-stata-premiata-per-aver-reso-milano-la-citt%c3%a0-pi%c3%b9-cablata-da%80%99europa\/#breadcrumb","itemListElement":[{"@type":"ListItem","position":1,"name":"Home","item":"https:\/\/www.article-marketing.eu\/comunicati\/"},{"@type":"ListItem","position":2,"name":"Metro Web \u00e8 stata premiata per aver reso Milano la citt\u00e0 pi\u00f9 cablata d\u2019Europa"}]},{"@type":"WebSite","@id":"https:\/\/www.article-marketing.eu\/comunicati\/#website","url":"https:\/\/www.article-marketing.eu\/comunicati\/","name":"Article Marketing","description":"article marketing &amp; press release","potentialAction":[{"@type":"SearchAction","target":{"@type":"EntryPoint","urlTemplate":"https:\/\/www.article-marketing.eu\/comunicati\/?s={search_term_string}"},"query-input":{"@type":"PropertyValueSpecification","valueRequired":true,"valueName":"search_term_string"}}],"inLanguage":"it-IT"},{"@type":"Person","@id":"https:\/\/www.article-marketing.eu\/comunicati\/#\/schema\/person\/44372e4d4d0fa797b18e03ed1ace9017","name":"Redazione Comunicati Stampa","image":{"@type":"ImageObject","inLanguage":"it-IT","@id":"https:\/\/www.article-marketing.eu\/comunicati\/#\/schema\/person\/image\/","url":"https:\/\/secure.gravatar.com\/avatar\/50e5c6421d3072f42e7ace803501602c60d75233d34e29fd05feb91c8760b792?s=96&d=mm&r=g","contentUrl":"https:\/\/secure.gravatar.com\/avatar\/50e5c6421d3072f42e7ace803501602c60d75233d34e29fd05feb91c8760b792?s=96&d=mm&r=g","caption":"Redazione Comunicati Stampa"},"url":"https:\/\/www.article-marketing.eu\/comunicati\/author\/redazione-comunicati-stampa\/"}]}},"_links":{"self":[{"href":"https:\/\/www.article-marketing.eu\/comunicati\/wp-json\/wp\/v2\/posts\/44655","targetHints":{"allow":["GET"]}}],"collection":[{"href":"https:\/\/www.article-marketing.eu\/comunicati\/wp-json\/wp\/v2\/posts"}],"about":[{"href":"https:\/\/www.article-marketing.eu\/comunicati\/wp-json\/wp\/v2\/types\/post"}],"author":[{"embeddable":true,"href":"https:\/\/www.article-marketing.eu\/comunicati\/wp-json\/wp\/v2\/users\/10"}],"replies":[{"embeddable":true,"href":"https:\/\/www.article-marketing.eu\/comunicati\/wp-json\/wp\/v2\/comments?post=44655"}],"version-history":[{"count":0,"href":"https:\/\/www.article-marketing.eu\/comunicati\/wp-json\/wp\/v2\/posts\/44655\/revisions"}],"wp:attachment":[{"href":"https:\/\/www.article-marketing.eu\/comunicati\/wp-json\/wp\/v2\/media?parent=44655"}],"wp:term":[{"taxonomy":"category","embeddable":true,"href":"https:\/\/www.article-marketing.eu\/comunicati\/wp-json\/wp\/v2\/categories?post=44655"},{"taxonomy":"post_tag","embeddable":true,"href":"https:\/\/www.article-marketing.eu\/comunicati\/wp-json\/wp\/v2\/tags?post=44655"}],"curies":[{"name":"wp","href":"https:\/\/api.w.org\/{rel}","templated":true}]}}