{"id":44776,"date":"2014-10-21T10:09:57","date_gmt":"2014-10-21T08:09:57","guid":{"rendered":"http:\/\/www.article-marketing.eu\/comunicati\/senza-categoria\/musica-e-parole-che-nutrono-lanima-il-24-con-matteo-giorgioni-e-lisa-frassi-al-melville-di-san-nicol%c3%b2-pc\/"},"modified":"2020-08-10T01:15:32","modified_gmt":"2020-08-09T23:15:32","slug":"musica-e-parole-che-nutrono-lanima-il-24-con-matteo-giorgioni-e-lisa-frassi-al-melville-di-san-nicol%c3%b2-pc","status":"publish","type":"post","link":"https:\/\/www.article-marketing.eu\/comunicati\/arte-e-cultura\/musica\/musica-e-parole-che-nutrono-lanima-il-24-con-matteo-giorgioni-e-lisa-frassi-al-melville-di-san-nicol%c3%b2-pc\/","title":{"rendered":"Musica e parole che nutrono l&#8217;anima: il 24 con Matteo Giorgioni e Lisa Frassi al Melville di San Nicol\u00f2 (PC)"},"content":{"rendered":"<p>Venerd&igrave; 24 ottobre, ore 21 &ndash; per la rassegna &ldquo;Melville unplugged&rdquo;<\/p>\n<p>Ingresso Libero<\/p>\n<p>&ldquo;Una&rdquo; &egrave; il terzo album di Giorgioni, artista impegnati in progetti per il Brasile grazie alla sua associazione Onlus &ldquo;Macondo Suoni di Sogni&rdquo;. <br \/>Rafforzato da storia d&#8217;amore e da un seguito sempre pi&ugrave; consistente e presente, la nuova raccolta di composizioni per piano, archi, fiati e vocalizzi, riflette la maturazione professionale e l&#8217;evoluzione musicale avvicinandolo al panorama della musica da film. <br \/>&ldquo;Una&rdquo; &egrave; un concentato di sonorit&agrave; evocative che esulano dal tempo e dallo spazio, catturando ed accompagnando l&#8217;ascoltatore nei territori dell&#8217;anima. <\/p>\n<p>&ldquo;Diario di un paraorecchi rosso&rdquo; della scrittrice Lisa Frassi &egrave; un libro ironico e divertente, ma che fa anche riflettere i lettori: chi lo legger&agrave;, cos&igrave; come la stessa Frassi ha accennato nella premessa, si trover&agrave; ad ascoltare i ricordi, gli affetti corrisposti e anche non corrisposti, i pensieri che a volte appaiono un po&rsquo; sciocchi e tanti altri piccoli dettagli. Lisa ci mostra come ci&ograve; che veramente lascia il segno si impara mettendosi in gioco e sbagliando, perch&eacute; solo cos&igrave; si riesce a crescere, a capire le proprie debolezze e a trovare sintonia con chi ci &egrave; accanto. Attraverso la sua storia ci parla di vita, di realizzazione e della necessit&agrave; di dare il giusto peso alle cose. Insomma ci insegna ad aprire un po&rsquo; gli occhi, proprio come &egrave; capitato a lei quando ha smesso di perdersi nel mondo dei sogni per cogliere la reale bellezza della vita.<\/p>\n","protected":false},"excerpt":{"rendered":"<p>Matteo Giorgioni, pianista compositore, presenter\u00e0 il suo terzo cd &#8220;Una&#8221; regalando al pubblico, attraverso le sue note, un viaggio di libert\u00e0, gioia e consapevolezza. La serata sar\u00e0 accompagnata dalla voce di Lisa Frassi che misceler\u00e0 musica e vocalizzi con brevi estratti del suo libro &#8220;Diario di un paraorecchi rosso: alla ricerca della felicit\u00e0 per prove ed errori&#8221;, ed. parallelo45.<\/p>\n","protected":false},"author":10,"featured_media":0,"comment_status":"open","ping_status":"open","sticky":false,"template":"","format":"standard","meta":{"cybocfi_hide_featured_image":"","footnotes":""},"categories":[42],"tags":[2058,49389,49387,5427,49388,45],"class_list":["post-44776","post","type-post","status-publish","format-standard","hentry","category-musica","tag-concerto","tag-frassi","tag-giorgioni","tag-live","tag-melville","tag-musica"],"yoast_head":"<!-- This site is optimized with the Yoast SEO plugin v27.0 - https:\/\/yoast.com\/product\/yoast-seo-wordpress\/ -->\n<title>Musica e parole che nutrono l&#039;anima: il 24 con Matteo Giorgioni e Lisa Frassi al Melville di San Nicol\u00f2 (PC) - Article Marketing<\/title>\n<meta name=\"robots\" content=\"index, follow, max-snippet:-1, max-image-preview:large, max-video-preview:-1\" \/>\n<link rel=\"canonical\" href=\"https:\/\/www.article-marketing.eu\/comunicati\/arte-e-cultura\/musica\/musica-e-parole-che-nutrono-lanima-il-24-con-matteo-giorgioni-e-lisa-frassi-al-melville-di-san-nicol\u00f2-pc\/\" \/>\n<meta property=\"og:locale\" content=\"it_IT\" \/>\n<meta property=\"og:type\" content=\"article\" \/>\n<meta property=\"og:title\" content=\"Musica e parole che nutrono l&#039;anima: il 24 con Matteo Giorgioni e Lisa Frassi al Melville di San Nicol\u00f2 (PC) - Article Marketing\" \/>\n<meta property=\"og:description\" content=\"Matteo Giorgioni, pianista compositore, presenter\u00e0 il suo terzo cd &quot;Una&quot; regalando al pubblico, attraverso le sue note, un viaggio di libert\u00e0, gioia e consapevolezza. La serata sar\u00e0 accompagnata dalla voce di Lisa Frassi che misceler\u00e0 musica e vocalizzi con brevi estratti del suo libro &quot;Diario di un paraorecchi rosso: alla ricerca della felicit\u00e0 per prove ed errori&quot;, ed. parallelo45.\" \/>\n<meta property=\"og:url\" content=\"https:\/\/www.article-marketing.eu\/comunicati\/arte-e-cultura\/musica\/musica-e-parole-che-nutrono-lanima-il-24-con-matteo-giorgioni-e-lisa-frassi-al-melville-di-san-nicol\u00f2-pc\/\" \/>\n<meta property=\"og:site_name\" content=\"Article Marketing\" \/>\n<meta property=\"article:published_time\" content=\"2014-10-21T08:09:57+00:00\" \/>\n<meta property=\"article:modified_time\" content=\"2020-08-09T23:15:32+00:00\" \/>\n<meta name=\"author\" content=\"Redazione Comunicati Stampa\" \/>\n<meta name=\"twitter:card\" content=\"summary_large_image\" \/>\n<meta name=\"twitter:label1\" content=\"Scritto da\" \/>\n\t<meta name=\"twitter:data1\" content=\"Redazione Comunicati Stampa\" \/>\n\t<meta name=\"twitter:label2\" content=\"Tempo di lettura stimato\" \/>\n\t<meta name=\"twitter:data2\" content=\"1 minuto\" \/>\n<script type=\"application\/ld+json\" class=\"yoast-schema-graph\">{\"@context\":\"https:\/\/schema.org\",\"@graph\":[{\"@type\":\"Article\",\"@id\":\"https:\/\/www.article-marketing.eu\/comunicati\/arte-e-cultura\/musica\/musica-e-parole-che-nutrono-lanima-il-24-con-matteo-giorgioni-e-lisa-frassi-al-melville-di-san-nicol%c3%b2-pc\/#article\",\"isPartOf\":{\"@id\":\"https:\/\/www.article-marketing.eu\/comunicati\/arte-e-cultura\/musica\/musica-e-parole-che-nutrono-lanima-il-24-con-matteo-giorgioni-e-lisa-frassi-al-melville-di-san-nicol%c3%b2-pc\/\"},\"author\":{\"name\":\"Redazione Comunicati Stampa\",\"@id\":\"https:\/\/www.article-marketing.eu\/comunicati\/#\/schema\/person\/44372e4d4d0fa797b18e03ed1ace9017\"},\"headline\":\"Musica e parole che nutrono l&#8217;anima: il 24 con Matteo Giorgioni e Lisa Frassi al Melville di San Nicol\u00f2 (PC)\",\"datePublished\":\"2014-10-21T08:09:57+00:00\",\"dateModified\":\"2020-08-09T23:15:32+00:00\",\"mainEntityOfPage\":{\"@id\":\"https:\/\/www.article-marketing.eu\/comunicati\/arte-e-cultura\/musica\/musica-e-parole-che-nutrono-lanima-il-24-con-matteo-giorgioni-e-lisa-frassi-al-melville-di-san-nicol%c3%b2-pc\/\"},\"wordCount\":284,\"commentCount\":0,\"keywords\":[\"concerto\",\"frassi\",\"giorgioni\",\"live\",\"melville\",\"musica\"],\"articleSection\":[\"Musica\"],\"inLanguage\":\"it-IT\",\"potentialAction\":[{\"@type\":\"CommentAction\",\"name\":\"Comment\",\"target\":[\"https:\/\/www.article-marketing.eu\/comunicati\/arte-e-cultura\/musica\/musica-e-parole-che-nutrono-lanima-il-24-con-matteo-giorgioni-e-lisa-frassi-al-melville-di-san-nicol%c3%b2-pc\/#respond\"]}]},{\"@type\":\"WebPage\",\"@id\":\"https:\/\/www.article-marketing.eu\/comunicati\/arte-e-cultura\/musica\/musica-e-parole-che-nutrono-lanima-il-24-con-matteo-giorgioni-e-lisa-frassi-al-melville-di-san-nicol%c3%b2-pc\/\",\"url\":\"https:\/\/www.article-marketing.eu\/comunicati\/arte-e-cultura\/musica\/musica-e-parole-che-nutrono-lanima-il-24-con-matteo-giorgioni-e-lisa-frassi-al-melville-di-san-nicol%c3%b2-pc\/\",\"name\":\"Musica e parole che nutrono l'anima: il 24 con Matteo Giorgioni e Lisa Frassi al Melville di San Nicol\u00f2 (PC) - Article Marketing\",\"isPartOf\":{\"@id\":\"https:\/\/www.article-marketing.eu\/comunicati\/#website\"},\"datePublished\":\"2014-10-21T08:09:57+00:00\",\"dateModified\":\"2020-08-09T23:15:32+00:00\",\"author\":{\"@id\":\"https:\/\/www.article-marketing.eu\/comunicati\/#\/schema\/person\/44372e4d4d0fa797b18e03ed1ace9017\"},\"breadcrumb\":{\"@id\":\"https:\/\/www.article-marketing.eu\/comunicati\/arte-e-cultura\/musica\/musica-e-parole-che-nutrono-lanima-il-24-con-matteo-giorgioni-e-lisa-frassi-al-melville-di-san-nicol%c3%b2-pc\/#breadcrumb\"},\"inLanguage\":\"it-IT\",\"potentialAction\":[{\"@type\":\"ReadAction\",\"target\":[\"https:\/\/www.article-marketing.eu\/comunicati\/arte-e-cultura\/musica\/musica-e-parole-che-nutrono-lanima-il-24-con-matteo-giorgioni-e-lisa-frassi-al-melville-di-san-nicol%c3%b2-pc\/\"]}]},{\"@type\":\"BreadcrumbList\",\"@id\":\"https:\/\/www.article-marketing.eu\/comunicati\/arte-e-cultura\/musica\/musica-e-parole-che-nutrono-lanima-il-24-con-matteo-giorgioni-e-lisa-frassi-al-melville-di-san-nicol%c3%b2-pc\/#breadcrumb\",\"itemListElement\":[{\"@type\":\"ListItem\",\"position\":1,\"name\":\"Home\",\"item\":\"https:\/\/www.article-marketing.eu\/comunicati\/\"},{\"@type\":\"ListItem\",\"position\":2,\"name\":\"Musica e parole che nutrono l&#8217;anima: il 24 con Matteo Giorgioni e Lisa Frassi al Melville di San Nicol\u00f2 (PC)\"}]},{\"@type\":\"WebSite\",\"@id\":\"https:\/\/www.article-marketing.eu\/comunicati\/#website\",\"url\":\"https:\/\/www.article-marketing.eu\/comunicati\/\",\"name\":\"Article Marketing\",\"description\":\"article marketing &amp; press release\",\"potentialAction\":[{\"@type\":\"SearchAction\",\"target\":{\"@type\":\"EntryPoint\",\"urlTemplate\":\"https:\/\/www.article-marketing.eu\/comunicati\/?s={search_term_string}\"},\"query-input\":{\"@type\":\"PropertyValueSpecification\",\"valueRequired\":true,\"valueName\":\"search_term_string\"}}],\"inLanguage\":\"it-IT\"},{\"@type\":\"Person\",\"@id\":\"https:\/\/www.article-marketing.eu\/comunicati\/#\/schema\/person\/44372e4d4d0fa797b18e03ed1ace9017\",\"name\":\"Redazione Comunicati Stampa\",\"image\":{\"@type\":\"ImageObject\",\"inLanguage\":\"it-IT\",\"@id\":\"https:\/\/www.article-marketing.eu\/comunicati\/#\/schema\/person\/image\/\",\"url\":\"https:\/\/secure.gravatar.com\/avatar\/50e5c6421d3072f42e7ace803501602c60d75233d34e29fd05feb91c8760b792?s=96&d=mm&r=g\",\"contentUrl\":\"https:\/\/secure.gravatar.com\/avatar\/50e5c6421d3072f42e7ace803501602c60d75233d34e29fd05feb91c8760b792?s=96&d=mm&r=g\",\"caption\":\"Redazione Comunicati Stampa\"},\"url\":\"https:\/\/www.article-marketing.eu\/comunicati\/author\/redazione-comunicati-stampa\/\"}]}<\/script>\n<!-- \/ Yoast SEO plugin. -->","yoast_head_json":{"title":"Musica e parole che nutrono l'anima: il 24 con Matteo Giorgioni e Lisa Frassi al Melville di San Nicol\u00f2 (PC) - Article Marketing","robots":{"index":"index","follow":"follow","max-snippet":"max-snippet:-1","max-image-preview":"max-image-preview:large","max-video-preview":"max-video-preview:-1"},"canonical":"https:\/\/www.article-marketing.eu\/comunicati\/arte-e-cultura\/musica\/musica-e-parole-che-nutrono-lanima-il-24-con-matteo-giorgioni-e-lisa-frassi-al-melville-di-san-nicol\u00f2-pc\/","og_locale":"it_IT","og_type":"article","og_title":"Musica e parole che nutrono l'anima: il 24 con Matteo Giorgioni e Lisa Frassi al Melville di San Nicol\u00f2 (PC) - Article Marketing","og_description":"Matteo Giorgioni, pianista compositore, presenter\u00e0 il suo terzo cd \"Una\" regalando al pubblico, attraverso le sue note, un viaggio di libert\u00e0, gioia e consapevolezza. La serata sar\u00e0 accompagnata dalla voce di Lisa Frassi che misceler\u00e0 musica e vocalizzi con brevi estratti del suo libro \"Diario di un paraorecchi rosso: alla ricerca della felicit\u00e0 per prove ed errori\", ed. parallelo45.","og_url":"https:\/\/www.article-marketing.eu\/comunicati\/arte-e-cultura\/musica\/musica-e-parole-che-nutrono-lanima-il-24-con-matteo-giorgioni-e-lisa-frassi-al-melville-di-san-nicol\u00f2-pc\/","og_site_name":"Article Marketing","article_published_time":"2014-10-21T08:09:57+00:00","article_modified_time":"2020-08-09T23:15:32+00:00","author":"Redazione Comunicati Stampa","twitter_card":"summary_large_image","twitter_misc":{"Scritto da":"Redazione Comunicati Stampa","Tempo di lettura stimato":"1 minuto"},"schema":{"@context":"https:\/\/schema.org","@graph":[{"@type":"Article","@id":"https:\/\/www.article-marketing.eu\/comunicati\/arte-e-cultura\/musica\/musica-e-parole-che-nutrono-lanima-il-24-con-matteo-giorgioni-e-lisa-frassi-al-melville-di-san-nicol%c3%b2-pc\/#article","isPartOf":{"@id":"https:\/\/www.article-marketing.eu\/comunicati\/arte-e-cultura\/musica\/musica-e-parole-che-nutrono-lanima-il-24-con-matteo-giorgioni-e-lisa-frassi-al-melville-di-san-nicol%c3%b2-pc\/"},"author":{"name":"Redazione Comunicati Stampa","@id":"https:\/\/www.article-marketing.eu\/comunicati\/#\/schema\/person\/44372e4d4d0fa797b18e03ed1ace9017"},"headline":"Musica e parole che nutrono l&#8217;anima: il 24 con Matteo Giorgioni e Lisa Frassi al Melville di San Nicol\u00f2 (PC)","datePublished":"2014-10-21T08:09:57+00:00","dateModified":"2020-08-09T23:15:32+00:00","mainEntityOfPage":{"@id":"https:\/\/www.article-marketing.eu\/comunicati\/arte-e-cultura\/musica\/musica-e-parole-che-nutrono-lanima-il-24-con-matteo-giorgioni-e-lisa-frassi-al-melville-di-san-nicol%c3%b2-pc\/"},"wordCount":284,"commentCount":0,"keywords":["concerto","frassi","giorgioni","live","melville","musica"],"articleSection":["Musica"],"inLanguage":"it-IT","potentialAction":[{"@type":"CommentAction","name":"Comment","target":["https:\/\/www.article-marketing.eu\/comunicati\/arte-e-cultura\/musica\/musica-e-parole-che-nutrono-lanima-il-24-con-matteo-giorgioni-e-lisa-frassi-al-melville-di-san-nicol%c3%b2-pc\/#respond"]}]},{"@type":"WebPage","@id":"https:\/\/www.article-marketing.eu\/comunicati\/arte-e-cultura\/musica\/musica-e-parole-che-nutrono-lanima-il-24-con-matteo-giorgioni-e-lisa-frassi-al-melville-di-san-nicol%c3%b2-pc\/","url":"https:\/\/www.article-marketing.eu\/comunicati\/arte-e-cultura\/musica\/musica-e-parole-che-nutrono-lanima-il-24-con-matteo-giorgioni-e-lisa-frassi-al-melville-di-san-nicol%c3%b2-pc\/","name":"Musica e parole che nutrono l'anima: il 24 con Matteo Giorgioni e Lisa Frassi al Melville di San Nicol\u00f2 (PC) - Article Marketing","isPartOf":{"@id":"https:\/\/www.article-marketing.eu\/comunicati\/#website"},"datePublished":"2014-10-21T08:09:57+00:00","dateModified":"2020-08-09T23:15:32+00:00","author":{"@id":"https:\/\/www.article-marketing.eu\/comunicati\/#\/schema\/person\/44372e4d4d0fa797b18e03ed1ace9017"},"breadcrumb":{"@id":"https:\/\/www.article-marketing.eu\/comunicati\/arte-e-cultura\/musica\/musica-e-parole-che-nutrono-lanima-il-24-con-matteo-giorgioni-e-lisa-frassi-al-melville-di-san-nicol%c3%b2-pc\/#breadcrumb"},"inLanguage":"it-IT","potentialAction":[{"@type":"ReadAction","target":["https:\/\/www.article-marketing.eu\/comunicati\/arte-e-cultura\/musica\/musica-e-parole-che-nutrono-lanima-il-24-con-matteo-giorgioni-e-lisa-frassi-al-melville-di-san-nicol%c3%b2-pc\/"]}]},{"@type":"BreadcrumbList","@id":"https:\/\/www.article-marketing.eu\/comunicati\/arte-e-cultura\/musica\/musica-e-parole-che-nutrono-lanima-il-24-con-matteo-giorgioni-e-lisa-frassi-al-melville-di-san-nicol%c3%b2-pc\/#breadcrumb","itemListElement":[{"@type":"ListItem","position":1,"name":"Home","item":"https:\/\/www.article-marketing.eu\/comunicati\/"},{"@type":"ListItem","position":2,"name":"Musica e parole che nutrono l&#8217;anima: il 24 con Matteo Giorgioni e Lisa Frassi al Melville di San Nicol\u00f2 (PC)"}]},{"@type":"WebSite","@id":"https:\/\/www.article-marketing.eu\/comunicati\/#website","url":"https:\/\/www.article-marketing.eu\/comunicati\/","name":"Article Marketing","description":"article marketing &amp; press release","potentialAction":[{"@type":"SearchAction","target":{"@type":"EntryPoint","urlTemplate":"https:\/\/www.article-marketing.eu\/comunicati\/?s={search_term_string}"},"query-input":{"@type":"PropertyValueSpecification","valueRequired":true,"valueName":"search_term_string"}}],"inLanguage":"it-IT"},{"@type":"Person","@id":"https:\/\/www.article-marketing.eu\/comunicati\/#\/schema\/person\/44372e4d4d0fa797b18e03ed1ace9017","name":"Redazione Comunicati Stampa","image":{"@type":"ImageObject","inLanguage":"it-IT","@id":"https:\/\/www.article-marketing.eu\/comunicati\/#\/schema\/person\/image\/","url":"https:\/\/secure.gravatar.com\/avatar\/50e5c6421d3072f42e7ace803501602c60d75233d34e29fd05feb91c8760b792?s=96&d=mm&r=g","contentUrl":"https:\/\/secure.gravatar.com\/avatar\/50e5c6421d3072f42e7ace803501602c60d75233d34e29fd05feb91c8760b792?s=96&d=mm&r=g","caption":"Redazione Comunicati Stampa"},"url":"https:\/\/www.article-marketing.eu\/comunicati\/author\/redazione-comunicati-stampa\/"}]}},"_links":{"self":[{"href":"https:\/\/www.article-marketing.eu\/comunicati\/wp-json\/wp\/v2\/posts\/44776","targetHints":{"allow":["GET"]}}],"collection":[{"href":"https:\/\/www.article-marketing.eu\/comunicati\/wp-json\/wp\/v2\/posts"}],"about":[{"href":"https:\/\/www.article-marketing.eu\/comunicati\/wp-json\/wp\/v2\/types\/post"}],"author":[{"embeddable":true,"href":"https:\/\/www.article-marketing.eu\/comunicati\/wp-json\/wp\/v2\/users\/10"}],"replies":[{"embeddable":true,"href":"https:\/\/www.article-marketing.eu\/comunicati\/wp-json\/wp\/v2\/comments?post=44776"}],"version-history":[{"count":1,"href":"https:\/\/www.article-marketing.eu\/comunicati\/wp-json\/wp\/v2\/posts\/44776\/revisions"}],"predecessor-version":[{"id":67057,"href":"https:\/\/www.article-marketing.eu\/comunicati\/wp-json\/wp\/v2\/posts\/44776\/revisions\/67057"}],"wp:attachment":[{"href":"https:\/\/www.article-marketing.eu\/comunicati\/wp-json\/wp\/v2\/media?parent=44776"}],"wp:term":[{"taxonomy":"category","embeddable":true,"href":"https:\/\/www.article-marketing.eu\/comunicati\/wp-json\/wp\/v2\/categories?post=44776"},{"taxonomy":"post_tag","embeddable":true,"href":"https:\/\/www.article-marketing.eu\/comunicati\/wp-json\/wp\/v2\/tags?post=44776"}],"curies":[{"name":"wp","href":"https:\/\/api.w.org\/{rel}","templated":true}]}}