{"id":45243,"date":"2014-11-06T17:35:56","date_gmt":"2014-11-06T16:35:56","guid":{"rendered":"http:\/\/www.article-marketing.eu\/comunicati\/senza-categoria\/festeggiare-la-prima-comunione-allagriturismo-vento-di-mare\/"},"modified":"2014-11-06T17:35:56","modified_gmt":"2014-11-06T16:35:56","slug":"festeggiare-la-prima-comunione-allagriturismo-vento-di-mare","status":"publish","type":"post","link":"https:\/\/www.article-marketing.eu\/comunicati\/viaggi-e-vacanze\/agriturismi\/festeggiare-la-prima-comunione-allagriturismo-vento-di-mare\/","title":{"rendered":"Festeggiare la prima comunione all&#8217;Agriturismo Vento di Mare"},"content":{"rendered":"<p>Dopo il battesimo &egrave; la seconda celebrazione che un bambino vive. Tuttavia &egrave; la prima festa che lui pu&ograve; vivere in prima persona come festeggiato e che potr&agrave; ricordare. La santit&agrave; della celebrazione, l&#8217;attenzione dovuta quando si siede in prima fila di fronte al sacerdote&#8230;.ma, parliamoci chiaramente, di tutto questo i bambini ricorderanno ben poco. Ci&ograve; che essi vogliono &egrave; togliersi immediatamente il vestito bianco e andare a festeggiare con i propri amici. La prima comunione, quindi, pone ai genitori un interrogativo: dove festeggiare? Il fatto che una tale ricorrenza venga fatta in un mese primaverile consente di scegliere luoghi all&#8217;aria aperta. Il <a href=\"http:\/\/www.agriturismoventodimare.it\" title=\"ristorante fondi\">ristorante fondi<\/a> Vento di Mare &egrave; ideale per festeggiare anche le prime comunioni. Gi&agrave; da ora, la tenuta ogni fine settimana &egrave; prenotata per cerimonie di vario tipo e la dimensione degli spazi consente di festeggiare in tutta tranquillit&agrave;; nessuno stress per parcheggiare, poich&eacute; c&#8217;&egrave; un grande spazio laterale adibito a parcheggio proprio per questi grandi eventi. Inoltre i bambini sono liberi di giocare e correre tra i viali del giardino mentre i genitori sono seduti sotto il patio della villa per cerimonie fondi. Festeggiare la prima festa in un posto piacevole come la villa per ricevimenti fondi Vento di Mare vuol dire gioia per i genitori e un piacevole ricordo per il piccolo festeggiato.<br \/>Dopo il battesimo &egrave; la seconda celebrazione che un bambino vive. Tuttavia &egrave; la prima festa che lui pu&ograve; vivere in prima persona come festeggiato e che potr&agrave; ricordare. La santit&agrave; della celebrazione, l&#8217;attenzione dovuta quando si siede in prima fila di fronte al sacerdote&#8230;.ma, parliamoci chiaramente, di tutto questo i bambini ricorderanno ben poco. Ci&ograve; che essi vogliono &egrave; togliersi immediatamente il vestito bianco e andare a festeggiare con i propri amici. La prima comunione, quindi, pone ai genitori un interrogativo: dove festeggiare? Il fatto che una tale ricorrenza venga fatta in un mese primaverile consente di scegliere luoghi all&#8217;aria aperta. Il ristorante fondi Vento di Mare &egrave; ideale per festeggiare anche le prime comunioni. Gi&agrave; da ora, la tenuta ogni fine settimana &egrave; prenotata per cerimonie di vario tipo e la dimensione degli spazi consente di festeggiare in tutta tranquillit&agrave;; nessuno stress per parcheggiare, poich&eacute; c&#8217;&egrave; un grande spazio laterale adibito a parcheggio proprio per questi grandi eventi. Inoltre i bambini sono liberi di giocare e correre tra i viali del giardino mentre i genitori sono seduti sotto il patio della villa per cerimonie fondi. Festeggiare la prima festa in un posto piacevole come la villa per ricevimenti fondi Vento di Mare vuol dire gioia per i genitori e un piacevole ricordo per il piccolo festeggiato.<br \/>Dopo il battesimo &egrave; la seconda celebrazione che un bambino vive. Tuttavia &egrave; la prima festa che lui pu&ograve; vivere in prima persona come festeggiato e che potr&agrave; ricordare. La santit&agrave; della celebrazione, l&#8217;attenzione dovuta quando si siede in prima fila di fronte al sacerdote&#8230;.ma, parliamoci chiaramente, di tutto questo i bambini ricorderanno ben poco. Ci&ograve; che essi vogliono &egrave; togliersi immediatamente il vestito bianco e andare a festeggiare con i propri amici. La prima comunione, quindi, pone ai genitori un interrogativo: dove festeggiare? Il fatto che una tale ricorrenza venga fatta in un mese primaverile consente di scegliere luoghi all&#8217;aria aperta. Il ristorante fondi Vento di Mare &egrave; ideale per festeggiare anche le prime comunioni. Gi&agrave; da ora, la tenuta ogni fine settimana &egrave; prenotata per cerimonie di vario tipo e la dimensione degli spazi consente di festeggiare in tutta tranquillit&agrave;; nessuno stress per parcheggiare, poich&eacute; c&#8217;&egrave; un grande spazio laterale adibito a parcheggio proprio per questi grandi eventi. Inoltre i bambini sono liberi di giocare e correre tra i viali del giardino mentre i genitori sono seduti sotto il patio della villa per cerimonie fondi. Festeggiare la prima festa in un posto piacevole come la villa per ricevimenti fondi Vento di Mare vuol dire gioia per i genitori e un piacevole ricordo per il piccolo festeggiato.<\/p>\n","protected":false},"excerpt":{"rendered":"<p>Dopo il battesimo \u00e8 la seconda celebrazione che un bambino vive. Tuttavia \u00e8 la prima festa che lui pu\u00f2 vivere in prima persona come festeggiato e che potr\u00e0 ricordare. La santit\u00e0 della celebrazione, l&#8217;attenzione dovuta quando si siede in prima fila di fronte al sacerdote&#8230;.ma, parliamoci chiaramente, di tutto questo i bambini ricorderanno ben poco.<\/p>\n","protected":false},"author":10,"featured_media":0,"comment_status":"open","ping_status":"open","sticky":false,"template":"","format":"standard","meta":{"cybocfi_hide_featured_image":"","footnotes":""},"categories":[521],"tags":[47821,11566,47670,48450,47669,48199,47668],"class_list":["post-45243","post","type-post","status-publish","format-standard","hentry","category-agriturismi","tag-agriturismo-fondi","tag-agriturismo-lazio","tag-cerimonie-fondi","tag-ristorante-fondi","tag-villa-matrimoni-lazio","tag-villa-per-cerimonie-fondi","tag-villa-per-ricevimenti-lazio"],"yoast_head":"<!-- This site is optimized with the Yoast SEO plugin v27.0 - https:\/\/yoast.com\/product\/yoast-seo-wordpress\/ -->\n<title>Festeggiare la prima comunione all&#039;Agriturismo Vento di Mare - Article Marketing<\/title>\n<meta name=\"robots\" content=\"index, follow, max-snippet:-1, max-image-preview:large, max-video-preview:-1\" \/>\n<link rel=\"canonical\" href=\"https:\/\/www.article-marketing.eu\/comunicati\/viaggi-e-vacanze\/agriturismi\/festeggiare-la-prima-comunione-allagriturismo-vento-di-mare\/\" \/>\n<meta property=\"og:locale\" content=\"it_IT\" \/>\n<meta property=\"og:type\" content=\"article\" \/>\n<meta property=\"og:title\" content=\"Festeggiare la prima comunione all&#039;Agriturismo Vento di Mare - Article Marketing\" \/>\n<meta property=\"og:description\" content=\"Dopo il battesimo \u00e8 la seconda celebrazione che un bambino vive. Tuttavia \u00e8 la prima festa che lui pu\u00f2 vivere in prima persona come festeggiato e che potr\u00e0 ricordare. La santit\u00e0 della celebrazione, l&#039;attenzione dovuta quando si siede in prima fila di fronte al sacerdote....ma, parliamoci chiaramente, di tutto questo i bambini ricorderanno ben poco.\" \/>\n<meta property=\"og:url\" content=\"https:\/\/www.article-marketing.eu\/comunicati\/viaggi-e-vacanze\/agriturismi\/festeggiare-la-prima-comunione-allagriturismo-vento-di-mare\/\" \/>\n<meta property=\"og:site_name\" content=\"Article Marketing\" \/>\n<meta property=\"article:published_time\" content=\"2014-11-06T16:35:56+00:00\" \/>\n<meta name=\"author\" content=\"Redazione Comunicati Stampa\" \/>\n<meta name=\"twitter:card\" content=\"summary_large_image\" \/>\n<meta name=\"twitter:label1\" content=\"Scritto da\" \/>\n\t<meta name=\"twitter:data1\" content=\"Redazione Comunicati Stampa\" \/>\n\t<meta name=\"twitter:label2\" content=\"Tempo di lettura stimato\" \/>\n\t<meta name=\"twitter:data2\" content=\"3 minuti\" \/>\n<script type=\"application\/ld+json\" class=\"yoast-schema-graph\">{\"@context\":\"https:\/\/schema.org\",\"@graph\":[{\"@type\":\"Article\",\"@id\":\"https:\/\/www.article-marketing.eu\/comunicati\/viaggi-e-vacanze\/agriturismi\/festeggiare-la-prima-comunione-allagriturismo-vento-di-mare\/#article\",\"isPartOf\":{\"@id\":\"https:\/\/www.article-marketing.eu\/comunicati\/viaggi-e-vacanze\/agriturismi\/festeggiare-la-prima-comunione-allagriturismo-vento-di-mare\/\"},\"author\":{\"name\":\"Redazione Comunicati Stampa\",\"@id\":\"https:\/\/www.article-marketing.eu\/comunicati\/#\/schema\/person\/44372e4d4d0fa797b18e03ed1ace9017\"},\"headline\":\"Festeggiare la prima comunione all&#8217;Agriturismo Vento di Mare\",\"datePublished\":\"2014-11-06T16:35:56+00:00\",\"mainEntityOfPage\":{\"@id\":\"https:\/\/www.article-marketing.eu\/comunicati\/viaggi-e-vacanze\/agriturismi\/festeggiare-la-prima-comunione-allagriturismo-vento-di-mare\/\"},\"wordCount\":689,\"commentCount\":0,\"keywords\":[\"agriturismo fondi\",\"agriturismo lazio\",\"cerimonie fondi\",\"ristorante fondi\",\"villa matrimoni lazio\",\"villa per cerimonie fondi\",\"villa per ricevimenti lazio\"],\"articleSection\":[\"Agriturismi\"],\"inLanguage\":\"it-IT\",\"potentialAction\":[{\"@type\":\"CommentAction\",\"name\":\"Comment\",\"target\":[\"https:\/\/www.article-marketing.eu\/comunicati\/viaggi-e-vacanze\/agriturismi\/festeggiare-la-prima-comunione-allagriturismo-vento-di-mare\/#respond\"]}]},{\"@type\":\"WebPage\",\"@id\":\"https:\/\/www.article-marketing.eu\/comunicati\/viaggi-e-vacanze\/agriturismi\/festeggiare-la-prima-comunione-allagriturismo-vento-di-mare\/\",\"url\":\"https:\/\/www.article-marketing.eu\/comunicati\/viaggi-e-vacanze\/agriturismi\/festeggiare-la-prima-comunione-allagriturismo-vento-di-mare\/\",\"name\":\"Festeggiare la prima comunione all'Agriturismo Vento di Mare - Article Marketing\",\"isPartOf\":{\"@id\":\"https:\/\/www.article-marketing.eu\/comunicati\/#website\"},\"datePublished\":\"2014-11-06T16:35:56+00:00\",\"author\":{\"@id\":\"https:\/\/www.article-marketing.eu\/comunicati\/#\/schema\/person\/44372e4d4d0fa797b18e03ed1ace9017\"},\"breadcrumb\":{\"@id\":\"https:\/\/www.article-marketing.eu\/comunicati\/viaggi-e-vacanze\/agriturismi\/festeggiare-la-prima-comunione-allagriturismo-vento-di-mare\/#breadcrumb\"},\"inLanguage\":\"it-IT\",\"potentialAction\":[{\"@type\":\"ReadAction\",\"target\":[\"https:\/\/www.article-marketing.eu\/comunicati\/viaggi-e-vacanze\/agriturismi\/festeggiare-la-prima-comunione-allagriturismo-vento-di-mare\/\"]}]},{\"@type\":\"BreadcrumbList\",\"@id\":\"https:\/\/www.article-marketing.eu\/comunicati\/viaggi-e-vacanze\/agriturismi\/festeggiare-la-prima-comunione-allagriturismo-vento-di-mare\/#breadcrumb\",\"itemListElement\":[{\"@type\":\"ListItem\",\"position\":1,\"name\":\"Home\",\"item\":\"https:\/\/www.article-marketing.eu\/comunicati\/\"},{\"@type\":\"ListItem\",\"position\":2,\"name\":\"Festeggiare la prima comunione all&#8217;Agriturismo Vento di Mare\"}]},{\"@type\":\"WebSite\",\"@id\":\"https:\/\/www.article-marketing.eu\/comunicati\/#website\",\"url\":\"https:\/\/www.article-marketing.eu\/comunicati\/\",\"name\":\"Article Marketing\",\"description\":\"article marketing &amp; press release\",\"potentialAction\":[{\"@type\":\"SearchAction\",\"target\":{\"@type\":\"EntryPoint\",\"urlTemplate\":\"https:\/\/www.article-marketing.eu\/comunicati\/?s={search_term_string}\"},\"query-input\":{\"@type\":\"PropertyValueSpecification\",\"valueRequired\":true,\"valueName\":\"search_term_string\"}}],\"inLanguage\":\"it-IT\"},{\"@type\":\"Person\",\"@id\":\"https:\/\/www.article-marketing.eu\/comunicati\/#\/schema\/person\/44372e4d4d0fa797b18e03ed1ace9017\",\"name\":\"Redazione Comunicati Stampa\",\"image\":{\"@type\":\"ImageObject\",\"inLanguage\":\"it-IT\",\"@id\":\"https:\/\/www.article-marketing.eu\/comunicati\/#\/schema\/person\/image\/\",\"url\":\"https:\/\/secure.gravatar.com\/avatar\/50e5c6421d3072f42e7ace803501602c60d75233d34e29fd05feb91c8760b792?s=96&d=mm&r=g\",\"contentUrl\":\"https:\/\/secure.gravatar.com\/avatar\/50e5c6421d3072f42e7ace803501602c60d75233d34e29fd05feb91c8760b792?s=96&d=mm&r=g\",\"caption\":\"Redazione Comunicati Stampa\"},\"url\":\"https:\/\/www.article-marketing.eu\/comunicati\/author\/redazione-comunicati-stampa\/\"}]}<\/script>\n<!-- \/ Yoast SEO plugin. -->","yoast_head_json":{"title":"Festeggiare la prima comunione all'Agriturismo Vento di Mare - Article Marketing","robots":{"index":"index","follow":"follow","max-snippet":"max-snippet:-1","max-image-preview":"max-image-preview:large","max-video-preview":"max-video-preview:-1"},"canonical":"https:\/\/www.article-marketing.eu\/comunicati\/viaggi-e-vacanze\/agriturismi\/festeggiare-la-prima-comunione-allagriturismo-vento-di-mare\/","og_locale":"it_IT","og_type":"article","og_title":"Festeggiare la prima comunione all'Agriturismo Vento di Mare - Article Marketing","og_description":"Dopo il battesimo \u00e8 la seconda celebrazione che un bambino vive. Tuttavia \u00e8 la prima festa che lui pu\u00f2 vivere in prima persona come festeggiato e che potr\u00e0 ricordare. La santit\u00e0 della celebrazione, l'attenzione dovuta quando si siede in prima fila di fronte al sacerdote....ma, parliamoci chiaramente, di tutto questo i bambini ricorderanno ben poco.","og_url":"https:\/\/www.article-marketing.eu\/comunicati\/viaggi-e-vacanze\/agriturismi\/festeggiare-la-prima-comunione-allagriturismo-vento-di-mare\/","og_site_name":"Article Marketing","article_published_time":"2014-11-06T16:35:56+00:00","author":"Redazione Comunicati Stampa","twitter_card":"summary_large_image","twitter_misc":{"Scritto da":"Redazione Comunicati Stampa","Tempo di lettura stimato":"3 minuti"},"schema":{"@context":"https:\/\/schema.org","@graph":[{"@type":"Article","@id":"https:\/\/www.article-marketing.eu\/comunicati\/viaggi-e-vacanze\/agriturismi\/festeggiare-la-prima-comunione-allagriturismo-vento-di-mare\/#article","isPartOf":{"@id":"https:\/\/www.article-marketing.eu\/comunicati\/viaggi-e-vacanze\/agriturismi\/festeggiare-la-prima-comunione-allagriturismo-vento-di-mare\/"},"author":{"name":"Redazione Comunicati Stampa","@id":"https:\/\/www.article-marketing.eu\/comunicati\/#\/schema\/person\/44372e4d4d0fa797b18e03ed1ace9017"},"headline":"Festeggiare la prima comunione all&#8217;Agriturismo Vento di Mare","datePublished":"2014-11-06T16:35:56+00:00","mainEntityOfPage":{"@id":"https:\/\/www.article-marketing.eu\/comunicati\/viaggi-e-vacanze\/agriturismi\/festeggiare-la-prima-comunione-allagriturismo-vento-di-mare\/"},"wordCount":689,"commentCount":0,"keywords":["agriturismo fondi","agriturismo lazio","cerimonie fondi","ristorante fondi","villa matrimoni lazio","villa per cerimonie fondi","villa per ricevimenti lazio"],"articleSection":["Agriturismi"],"inLanguage":"it-IT","potentialAction":[{"@type":"CommentAction","name":"Comment","target":["https:\/\/www.article-marketing.eu\/comunicati\/viaggi-e-vacanze\/agriturismi\/festeggiare-la-prima-comunione-allagriturismo-vento-di-mare\/#respond"]}]},{"@type":"WebPage","@id":"https:\/\/www.article-marketing.eu\/comunicati\/viaggi-e-vacanze\/agriturismi\/festeggiare-la-prima-comunione-allagriturismo-vento-di-mare\/","url":"https:\/\/www.article-marketing.eu\/comunicati\/viaggi-e-vacanze\/agriturismi\/festeggiare-la-prima-comunione-allagriturismo-vento-di-mare\/","name":"Festeggiare la prima comunione all'Agriturismo Vento di Mare - Article Marketing","isPartOf":{"@id":"https:\/\/www.article-marketing.eu\/comunicati\/#website"},"datePublished":"2014-11-06T16:35:56+00:00","author":{"@id":"https:\/\/www.article-marketing.eu\/comunicati\/#\/schema\/person\/44372e4d4d0fa797b18e03ed1ace9017"},"breadcrumb":{"@id":"https:\/\/www.article-marketing.eu\/comunicati\/viaggi-e-vacanze\/agriturismi\/festeggiare-la-prima-comunione-allagriturismo-vento-di-mare\/#breadcrumb"},"inLanguage":"it-IT","potentialAction":[{"@type":"ReadAction","target":["https:\/\/www.article-marketing.eu\/comunicati\/viaggi-e-vacanze\/agriturismi\/festeggiare-la-prima-comunione-allagriturismo-vento-di-mare\/"]}]},{"@type":"BreadcrumbList","@id":"https:\/\/www.article-marketing.eu\/comunicati\/viaggi-e-vacanze\/agriturismi\/festeggiare-la-prima-comunione-allagriturismo-vento-di-mare\/#breadcrumb","itemListElement":[{"@type":"ListItem","position":1,"name":"Home","item":"https:\/\/www.article-marketing.eu\/comunicati\/"},{"@type":"ListItem","position":2,"name":"Festeggiare la prima comunione all&#8217;Agriturismo Vento di Mare"}]},{"@type":"WebSite","@id":"https:\/\/www.article-marketing.eu\/comunicati\/#website","url":"https:\/\/www.article-marketing.eu\/comunicati\/","name":"Article Marketing","description":"article marketing &amp; press release","potentialAction":[{"@type":"SearchAction","target":{"@type":"EntryPoint","urlTemplate":"https:\/\/www.article-marketing.eu\/comunicati\/?s={search_term_string}"},"query-input":{"@type":"PropertyValueSpecification","valueRequired":true,"valueName":"search_term_string"}}],"inLanguage":"it-IT"},{"@type":"Person","@id":"https:\/\/www.article-marketing.eu\/comunicati\/#\/schema\/person\/44372e4d4d0fa797b18e03ed1ace9017","name":"Redazione Comunicati Stampa","image":{"@type":"ImageObject","inLanguage":"it-IT","@id":"https:\/\/www.article-marketing.eu\/comunicati\/#\/schema\/person\/image\/","url":"https:\/\/secure.gravatar.com\/avatar\/50e5c6421d3072f42e7ace803501602c60d75233d34e29fd05feb91c8760b792?s=96&d=mm&r=g","contentUrl":"https:\/\/secure.gravatar.com\/avatar\/50e5c6421d3072f42e7ace803501602c60d75233d34e29fd05feb91c8760b792?s=96&d=mm&r=g","caption":"Redazione Comunicati Stampa"},"url":"https:\/\/www.article-marketing.eu\/comunicati\/author\/redazione-comunicati-stampa\/"}]}},"_links":{"self":[{"href":"https:\/\/www.article-marketing.eu\/comunicati\/wp-json\/wp\/v2\/posts\/45243","targetHints":{"allow":["GET"]}}],"collection":[{"href":"https:\/\/www.article-marketing.eu\/comunicati\/wp-json\/wp\/v2\/posts"}],"about":[{"href":"https:\/\/www.article-marketing.eu\/comunicati\/wp-json\/wp\/v2\/types\/post"}],"author":[{"embeddable":true,"href":"https:\/\/www.article-marketing.eu\/comunicati\/wp-json\/wp\/v2\/users\/10"}],"replies":[{"embeddable":true,"href":"https:\/\/www.article-marketing.eu\/comunicati\/wp-json\/wp\/v2\/comments?post=45243"}],"version-history":[{"count":0,"href":"https:\/\/www.article-marketing.eu\/comunicati\/wp-json\/wp\/v2\/posts\/45243\/revisions"}],"wp:attachment":[{"href":"https:\/\/www.article-marketing.eu\/comunicati\/wp-json\/wp\/v2\/media?parent=45243"}],"wp:term":[{"taxonomy":"category","embeddable":true,"href":"https:\/\/www.article-marketing.eu\/comunicati\/wp-json\/wp\/v2\/categories?post=45243"},{"taxonomy":"post_tag","embeddable":true,"href":"https:\/\/www.article-marketing.eu\/comunicati\/wp-json\/wp\/v2\/tags?post=45243"}],"curies":[{"name":"wp","href":"https:\/\/api.w.org\/{rel}","templated":true}]}}