{"id":45371,"date":"2014-11-20T19:20:40","date_gmt":"2014-11-20T18:20:40","guid":{"rendered":"http:\/\/www.article-marketing.eu\/comunicati\/senza-categoria\/prenotare-gi%c3%a0-da-ora-alla-tenuta-vento-di-mare-per-una-fantastica-estate-2015\/"},"modified":"2014-11-20T19:20:40","modified_gmt":"2014-11-20T18:20:40","slug":"prenotare-gi%c3%a0-da-ora-alla-tenuta-vento-di-mare-per-una-fantastica-estate-2015","status":"publish","type":"post","link":"https:\/\/www.article-marketing.eu\/comunicati\/viaggi-e-vacanze\/agriturismi\/prenotare-gi%c3%a0-da-ora-alla-tenuta-vento-di-mare-per-una-fantastica-estate-2015\/","title":{"rendered":"Prenotare gi\u00e0 da ora alla tenuta Vento di Mare per una fantastica estate 2015"},"content":{"rendered":"<p>E&#8217; vero che l&#8217;inverno sembra appena cominciato e che l&#8217;idea di scendere di casa a mezze maniche ci sembri assurda, ma la verit&agrave; &egrave; che alcuni si proiettano gi&agrave; nella prossima estate 2015. La situazione economica italiana &egrave; sotto gli occhi di tutti ormai, quindi sembra che le persone stiano capendo che prima si prenota un viaggio, una vacanza o una gita e pi&ugrave; si risparmi. Purtroppo l&#8217;unica nota negativa &egrave; che non possiamo prevedere come sar&agrave; il meteo. Ecco perch&eacute; il <a href=\"http:\/\/www.agriturismoventodimare.it\" title=\"ristorante fondi\">ristorante fondi<\/a> Vento di Mare offre un&#8217;ottima soluzione ai vostri dubbi. Casomai la settimana di prenotazione non conceda un tempo caldo ed un mare calmo, l&#8217;agriturismo consente ai propri ospiti sempre e comunque di poter bagnarsi nell&#8217;azzurra piscina retrostante la tenuta. Medesimo discorso vale per chi abbia intenzione di organizzare il proprio matrimonio (o altro tipo di cerimonia) nella prossima stagione estiva ma teme che il tempo non sia clemente. La villa per cerimonie fondi rappresenta ancora un&#8217;ottima risoluzione per chi ha paura di festeggiare un matrimonio bagnato. Venite alla villa per ricevimenti fondi Vento di Mare. Anche il famoso Giuliacci ha previsto che il prossimo anno sar&agrave; caratterizzato da un&#8217;estate calda e serena. Venite a godervi il sole a fondi.<\/p>\n","protected":false},"excerpt":{"rendered":"<p>E&#8217; vero che l&#8217;inverno sembra appena cominciato e che l&#8217;idea di scendere di casa a mezze maniche ci sembri assurda, ma la verit\u00e0 \u00e8 che alcuni si proiettano gi\u00e0 nella prossima estate 2015.<\/p>\n","protected":false},"author":10,"featured_media":0,"comment_status":"open","ping_status":"open","sticky":false,"template":"","format":"standard","meta":{"cybocfi_hide_featured_image":"","footnotes":""},"categories":[521],"tags":[47821,11566,47670,48450,47669,48199,47668],"class_list":["post-45371","post","type-post","status-publish","format-standard","hentry","category-agriturismi","tag-agriturismo-fondi","tag-agriturismo-lazio","tag-cerimonie-fondi","tag-ristorante-fondi","tag-villa-matrimoni-lazio","tag-villa-per-cerimonie-fondi","tag-villa-per-ricevimenti-lazio"],"yoast_head":"<!-- This site is optimized with the Yoast SEO plugin v27.0 - https:\/\/yoast.com\/product\/yoast-seo-wordpress\/ -->\n<title>Prenotare gi\u00e0 da ora alla tenuta Vento di Mare per una fantastica estate 2015 - Article Marketing<\/title>\n<meta name=\"robots\" content=\"index, follow, max-snippet:-1, max-image-preview:large, max-video-preview:-1\" \/>\n<link rel=\"canonical\" href=\"https:\/\/www.article-marketing.eu\/comunicati\/viaggi-e-vacanze\/agriturismi\/prenotare-gi\u00e0-da-ora-alla-tenuta-vento-di-mare-per-una-fantastica-estate-2015\/\" \/>\n<meta property=\"og:locale\" content=\"it_IT\" \/>\n<meta property=\"og:type\" content=\"article\" \/>\n<meta property=\"og:title\" content=\"Prenotare gi\u00e0 da ora alla tenuta Vento di Mare per una fantastica estate 2015 - Article Marketing\" \/>\n<meta property=\"og:description\" content=\"E&#039; vero che l&#039;inverno sembra appena cominciato e che l&#039;idea di scendere di casa a mezze maniche ci sembri assurda, ma la verit\u00e0 \u00e8 che alcuni si proiettano gi\u00e0 nella prossima estate 2015.\" \/>\n<meta property=\"og:url\" content=\"https:\/\/www.article-marketing.eu\/comunicati\/viaggi-e-vacanze\/agriturismi\/prenotare-gi\u00e0-da-ora-alla-tenuta-vento-di-mare-per-una-fantastica-estate-2015\/\" \/>\n<meta property=\"og:site_name\" content=\"Article Marketing\" \/>\n<meta property=\"article:published_time\" content=\"2014-11-20T18:20:40+00:00\" \/>\n<meta name=\"author\" content=\"Redazione Comunicati Stampa\" \/>\n<meta name=\"twitter:card\" content=\"summary_large_image\" \/>\n<meta name=\"twitter:label1\" content=\"Scritto da\" \/>\n\t<meta name=\"twitter:data1\" content=\"Redazione Comunicati Stampa\" \/>\n\t<meta name=\"twitter:label2\" content=\"Tempo di lettura stimato\" \/>\n\t<meta name=\"twitter:data2\" content=\"1 minuto\" \/>\n<script type=\"application\/ld+json\" class=\"yoast-schema-graph\">{\"@context\":\"https:\/\/schema.org\",\"@graph\":[{\"@type\":\"Article\",\"@id\":\"https:\/\/www.article-marketing.eu\/comunicati\/viaggi-e-vacanze\/agriturismi\/prenotare-gi%c3%a0-da-ora-alla-tenuta-vento-di-mare-per-una-fantastica-estate-2015\/#article\",\"isPartOf\":{\"@id\":\"https:\/\/www.article-marketing.eu\/comunicati\/viaggi-e-vacanze\/agriturismi\/prenotare-gi%c3%a0-da-ora-alla-tenuta-vento-di-mare-per-una-fantastica-estate-2015\/\"},\"author\":{\"name\":\"Redazione Comunicati Stampa\",\"@id\":\"https:\/\/www.article-marketing.eu\/comunicati\/#\/schema\/person\/44372e4d4d0fa797b18e03ed1ace9017\"},\"headline\":\"Prenotare gi\u00e0 da ora alla tenuta Vento di Mare per una fantastica estate 2015\",\"datePublished\":\"2014-11-20T18:20:40+00:00\",\"mainEntityOfPage\":{\"@id\":\"https:\/\/www.article-marketing.eu\/comunicati\/viaggi-e-vacanze\/agriturismi\/prenotare-gi%c3%a0-da-ora-alla-tenuta-vento-di-mare-per-una-fantastica-estate-2015\/\"},\"wordCount\":221,\"commentCount\":0,\"keywords\":[\"agriturismo fondi\",\"agriturismo lazio\",\"cerimonie fondi\",\"ristorante fondi\",\"villa matrimoni lazio\",\"villa per cerimonie fondi\",\"villa per ricevimenti lazio\"],\"articleSection\":[\"Agriturismi\"],\"inLanguage\":\"it-IT\",\"potentialAction\":[{\"@type\":\"CommentAction\",\"name\":\"Comment\",\"target\":[\"https:\/\/www.article-marketing.eu\/comunicati\/viaggi-e-vacanze\/agriturismi\/prenotare-gi%c3%a0-da-ora-alla-tenuta-vento-di-mare-per-una-fantastica-estate-2015\/#respond\"]}]},{\"@type\":\"WebPage\",\"@id\":\"https:\/\/www.article-marketing.eu\/comunicati\/viaggi-e-vacanze\/agriturismi\/prenotare-gi%c3%a0-da-ora-alla-tenuta-vento-di-mare-per-una-fantastica-estate-2015\/\",\"url\":\"https:\/\/www.article-marketing.eu\/comunicati\/viaggi-e-vacanze\/agriturismi\/prenotare-gi%c3%a0-da-ora-alla-tenuta-vento-di-mare-per-una-fantastica-estate-2015\/\",\"name\":\"Prenotare gi\u00e0 da ora alla tenuta Vento di Mare per una fantastica estate 2015 - Article Marketing\",\"isPartOf\":{\"@id\":\"https:\/\/www.article-marketing.eu\/comunicati\/#website\"},\"datePublished\":\"2014-11-20T18:20:40+00:00\",\"author\":{\"@id\":\"https:\/\/www.article-marketing.eu\/comunicati\/#\/schema\/person\/44372e4d4d0fa797b18e03ed1ace9017\"},\"breadcrumb\":{\"@id\":\"https:\/\/www.article-marketing.eu\/comunicati\/viaggi-e-vacanze\/agriturismi\/prenotare-gi%c3%a0-da-ora-alla-tenuta-vento-di-mare-per-una-fantastica-estate-2015\/#breadcrumb\"},\"inLanguage\":\"it-IT\",\"potentialAction\":[{\"@type\":\"ReadAction\",\"target\":[\"https:\/\/www.article-marketing.eu\/comunicati\/viaggi-e-vacanze\/agriturismi\/prenotare-gi%c3%a0-da-ora-alla-tenuta-vento-di-mare-per-una-fantastica-estate-2015\/\"]}]},{\"@type\":\"BreadcrumbList\",\"@id\":\"https:\/\/www.article-marketing.eu\/comunicati\/viaggi-e-vacanze\/agriturismi\/prenotare-gi%c3%a0-da-ora-alla-tenuta-vento-di-mare-per-una-fantastica-estate-2015\/#breadcrumb\",\"itemListElement\":[{\"@type\":\"ListItem\",\"position\":1,\"name\":\"Home\",\"item\":\"https:\/\/www.article-marketing.eu\/comunicati\/\"},{\"@type\":\"ListItem\",\"position\":2,\"name\":\"Prenotare gi\u00e0 da ora alla tenuta Vento di Mare per una fantastica estate 2015\"}]},{\"@type\":\"WebSite\",\"@id\":\"https:\/\/www.article-marketing.eu\/comunicati\/#website\",\"url\":\"https:\/\/www.article-marketing.eu\/comunicati\/\",\"name\":\"Article Marketing\",\"description\":\"article marketing &amp; press release\",\"potentialAction\":[{\"@type\":\"SearchAction\",\"target\":{\"@type\":\"EntryPoint\",\"urlTemplate\":\"https:\/\/www.article-marketing.eu\/comunicati\/?s={search_term_string}\"},\"query-input\":{\"@type\":\"PropertyValueSpecification\",\"valueRequired\":true,\"valueName\":\"search_term_string\"}}],\"inLanguage\":\"it-IT\"},{\"@type\":\"Person\",\"@id\":\"https:\/\/www.article-marketing.eu\/comunicati\/#\/schema\/person\/44372e4d4d0fa797b18e03ed1ace9017\",\"name\":\"Redazione Comunicati Stampa\",\"image\":{\"@type\":\"ImageObject\",\"inLanguage\":\"it-IT\",\"@id\":\"https:\/\/www.article-marketing.eu\/comunicati\/#\/schema\/person\/image\/\",\"url\":\"https:\/\/secure.gravatar.com\/avatar\/50e5c6421d3072f42e7ace803501602c60d75233d34e29fd05feb91c8760b792?s=96&d=mm&r=g\",\"contentUrl\":\"https:\/\/secure.gravatar.com\/avatar\/50e5c6421d3072f42e7ace803501602c60d75233d34e29fd05feb91c8760b792?s=96&d=mm&r=g\",\"caption\":\"Redazione Comunicati Stampa\"},\"url\":\"https:\/\/www.article-marketing.eu\/comunicati\/author\/redazione-comunicati-stampa\/\"}]}<\/script>\n<!-- \/ Yoast SEO plugin. -->","yoast_head_json":{"title":"Prenotare gi\u00e0 da ora alla tenuta Vento di Mare per una fantastica estate 2015 - Article Marketing","robots":{"index":"index","follow":"follow","max-snippet":"max-snippet:-1","max-image-preview":"max-image-preview:large","max-video-preview":"max-video-preview:-1"},"canonical":"https:\/\/www.article-marketing.eu\/comunicati\/viaggi-e-vacanze\/agriturismi\/prenotare-gi\u00e0-da-ora-alla-tenuta-vento-di-mare-per-una-fantastica-estate-2015\/","og_locale":"it_IT","og_type":"article","og_title":"Prenotare gi\u00e0 da ora alla tenuta Vento di Mare per una fantastica estate 2015 - Article Marketing","og_description":"E' vero che l'inverno sembra appena cominciato e che l'idea di scendere di casa a mezze maniche ci sembri assurda, ma la verit\u00e0 \u00e8 che alcuni si proiettano gi\u00e0 nella prossima estate 2015.","og_url":"https:\/\/www.article-marketing.eu\/comunicati\/viaggi-e-vacanze\/agriturismi\/prenotare-gi\u00e0-da-ora-alla-tenuta-vento-di-mare-per-una-fantastica-estate-2015\/","og_site_name":"Article Marketing","article_published_time":"2014-11-20T18:20:40+00:00","author":"Redazione Comunicati Stampa","twitter_card":"summary_large_image","twitter_misc":{"Scritto da":"Redazione Comunicati Stampa","Tempo di lettura stimato":"1 minuto"},"schema":{"@context":"https:\/\/schema.org","@graph":[{"@type":"Article","@id":"https:\/\/www.article-marketing.eu\/comunicati\/viaggi-e-vacanze\/agriturismi\/prenotare-gi%c3%a0-da-ora-alla-tenuta-vento-di-mare-per-una-fantastica-estate-2015\/#article","isPartOf":{"@id":"https:\/\/www.article-marketing.eu\/comunicati\/viaggi-e-vacanze\/agriturismi\/prenotare-gi%c3%a0-da-ora-alla-tenuta-vento-di-mare-per-una-fantastica-estate-2015\/"},"author":{"name":"Redazione Comunicati Stampa","@id":"https:\/\/www.article-marketing.eu\/comunicati\/#\/schema\/person\/44372e4d4d0fa797b18e03ed1ace9017"},"headline":"Prenotare gi\u00e0 da ora alla tenuta Vento di Mare per una fantastica estate 2015","datePublished":"2014-11-20T18:20:40+00:00","mainEntityOfPage":{"@id":"https:\/\/www.article-marketing.eu\/comunicati\/viaggi-e-vacanze\/agriturismi\/prenotare-gi%c3%a0-da-ora-alla-tenuta-vento-di-mare-per-una-fantastica-estate-2015\/"},"wordCount":221,"commentCount":0,"keywords":["agriturismo fondi","agriturismo lazio","cerimonie fondi","ristorante fondi","villa matrimoni lazio","villa per cerimonie fondi","villa per ricevimenti lazio"],"articleSection":["Agriturismi"],"inLanguage":"it-IT","potentialAction":[{"@type":"CommentAction","name":"Comment","target":["https:\/\/www.article-marketing.eu\/comunicati\/viaggi-e-vacanze\/agriturismi\/prenotare-gi%c3%a0-da-ora-alla-tenuta-vento-di-mare-per-una-fantastica-estate-2015\/#respond"]}]},{"@type":"WebPage","@id":"https:\/\/www.article-marketing.eu\/comunicati\/viaggi-e-vacanze\/agriturismi\/prenotare-gi%c3%a0-da-ora-alla-tenuta-vento-di-mare-per-una-fantastica-estate-2015\/","url":"https:\/\/www.article-marketing.eu\/comunicati\/viaggi-e-vacanze\/agriturismi\/prenotare-gi%c3%a0-da-ora-alla-tenuta-vento-di-mare-per-una-fantastica-estate-2015\/","name":"Prenotare gi\u00e0 da ora alla tenuta Vento di Mare per una fantastica estate 2015 - Article Marketing","isPartOf":{"@id":"https:\/\/www.article-marketing.eu\/comunicati\/#website"},"datePublished":"2014-11-20T18:20:40+00:00","author":{"@id":"https:\/\/www.article-marketing.eu\/comunicati\/#\/schema\/person\/44372e4d4d0fa797b18e03ed1ace9017"},"breadcrumb":{"@id":"https:\/\/www.article-marketing.eu\/comunicati\/viaggi-e-vacanze\/agriturismi\/prenotare-gi%c3%a0-da-ora-alla-tenuta-vento-di-mare-per-una-fantastica-estate-2015\/#breadcrumb"},"inLanguage":"it-IT","potentialAction":[{"@type":"ReadAction","target":["https:\/\/www.article-marketing.eu\/comunicati\/viaggi-e-vacanze\/agriturismi\/prenotare-gi%c3%a0-da-ora-alla-tenuta-vento-di-mare-per-una-fantastica-estate-2015\/"]}]},{"@type":"BreadcrumbList","@id":"https:\/\/www.article-marketing.eu\/comunicati\/viaggi-e-vacanze\/agriturismi\/prenotare-gi%c3%a0-da-ora-alla-tenuta-vento-di-mare-per-una-fantastica-estate-2015\/#breadcrumb","itemListElement":[{"@type":"ListItem","position":1,"name":"Home","item":"https:\/\/www.article-marketing.eu\/comunicati\/"},{"@type":"ListItem","position":2,"name":"Prenotare gi\u00e0 da ora alla tenuta Vento di Mare per una fantastica estate 2015"}]},{"@type":"WebSite","@id":"https:\/\/www.article-marketing.eu\/comunicati\/#website","url":"https:\/\/www.article-marketing.eu\/comunicati\/","name":"Article Marketing","description":"article marketing &amp; press release","potentialAction":[{"@type":"SearchAction","target":{"@type":"EntryPoint","urlTemplate":"https:\/\/www.article-marketing.eu\/comunicati\/?s={search_term_string}"},"query-input":{"@type":"PropertyValueSpecification","valueRequired":true,"valueName":"search_term_string"}}],"inLanguage":"it-IT"},{"@type":"Person","@id":"https:\/\/www.article-marketing.eu\/comunicati\/#\/schema\/person\/44372e4d4d0fa797b18e03ed1ace9017","name":"Redazione Comunicati Stampa","image":{"@type":"ImageObject","inLanguage":"it-IT","@id":"https:\/\/www.article-marketing.eu\/comunicati\/#\/schema\/person\/image\/","url":"https:\/\/secure.gravatar.com\/avatar\/50e5c6421d3072f42e7ace803501602c60d75233d34e29fd05feb91c8760b792?s=96&d=mm&r=g","contentUrl":"https:\/\/secure.gravatar.com\/avatar\/50e5c6421d3072f42e7ace803501602c60d75233d34e29fd05feb91c8760b792?s=96&d=mm&r=g","caption":"Redazione Comunicati Stampa"},"url":"https:\/\/www.article-marketing.eu\/comunicati\/author\/redazione-comunicati-stampa\/"}]}},"_links":{"self":[{"href":"https:\/\/www.article-marketing.eu\/comunicati\/wp-json\/wp\/v2\/posts\/45371","targetHints":{"allow":["GET"]}}],"collection":[{"href":"https:\/\/www.article-marketing.eu\/comunicati\/wp-json\/wp\/v2\/posts"}],"about":[{"href":"https:\/\/www.article-marketing.eu\/comunicati\/wp-json\/wp\/v2\/types\/post"}],"author":[{"embeddable":true,"href":"https:\/\/www.article-marketing.eu\/comunicati\/wp-json\/wp\/v2\/users\/10"}],"replies":[{"embeddable":true,"href":"https:\/\/www.article-marketing.eu\/comunicati\/wp-json\/wp\/v2\/comments?post=45371"}],"version-history":[{"count":0,"href":"https:\/\/www.article-marketing.eu\/comunicati\/wp-json\/wp\/v2\/posts\/45371\/revisions"}],"wp:attachment":[{"href":"https:\/\/www.article-marketing.eu\/comunicati\/wp-json\/wp\/v2\/media?parent=45371"}],"wp:term":[{"taxonomy":"category","embeddable":true,"href":"https:\/\/www.article-marketing.eu\/comunicati\/wp-json\/wp\/v2\/categories?post=45371"},{"taxonomy":"post_tag","embeddable":true,"href":"https:\/\/www.article-marketing.eu\/comunicati\/wp-json\/wp\/v2\/tags?post=45371"}],"curies":[{"name":"wp","href":"https:\/\/api.w.org\/{rel}","templated":true}]}}