{"id":45460,"date":"2014-11-24T11:33:35","date_gmt":"2014-11-24T10:33:35","guid":{"rendered":"http:\/\/www.article-marketing.eu\/comunicati\/senza-categoria\/dal-17-gennaio-rvuno-it-firma-la-colonna-sonora-del-natale\/"},"modified":"2014-11-24T11:33:35","modified_gmt":"2014-11-24T10:33:35","slug":"dal-17-gennaio-rvuno-it-firma-la-colonna-sonora-del-natale","status":"publish","type":"post","link":"https:\/\/www.article-marketing.eu\/comunicati\/comunicati-stampa\/dal-17-gennaio-rvuno-it-firma-la-colonna-sonora-del-natale\/","title":{"rendered":"Dal 17 gennaio rvuno.it firma la colonna sonora del Natale"},"content":{"rendered":"<p>RV1, la radio che diffonde il proprio segnale esclusivamente in webcasting, si posiziona come il primo web-network nazionale ed &egrave; tra le prime cinque web radio italiane come dati di ascolto certificati da Telecom Italia. Attenta ai trend e a quanto succede a Torino e nel nostro Paese, dal 17 novembre al 6 gennaio RV1 diventa la colonna sonora delle feste. Come ogni anno l&rsquo;emittente accompagna infatti gli ascoltatori verso il periodo pi&ugrave; magico dell&rsquo;anno grazie a #RV1Christmas: la sezione all music dedicata esclusivamente al Natale che propone ogni giorno e tutti i giorni una vasta selezione di brani tematici, dai grandi classici alle ultime uscite discografiche. #RV1Christmas nasce dall&#8217;esperienza di RV1 e di Radio InStore (www.webradioinstore.it) ed &egrave; la soluzione pi&ugrave; trendy ed economica per tutti gli showroom, i centri commerciali e gli uffici perch&eacute; si pu&ograve; ascoltare gratuitamente ovunque ci sia un collegamento internet, anche mobile. Basta collegarsi al sito www.rvuno.it, cliccare sulla sezione canali e selezionare Natale.<br \/>Anche questa iniziativa dimostra che il format di RV1 &egrave; studiato specificamente per il proprio target che ha un&rsquo;et&agrave; compresa tra i 25 e i 44 anni ed &egrave; composto soprattutto da professionisti, da homeworker, da studenti e da persone che amano viaggiare ed informarsi, attente alla tecnologia e ai nuovi trend. In perfetto mood 2.0, RV1 &egrave; interattiva con dirette social dei programmi e con eventi live da tutta Italia (tra i pi&ugrave; importanti Pitti, Macef, Vinum, TGLFF, Punti verdi di Torino, Cake festival&hellip;), offre una proposta musicale vasta e multi tematica con un palinsesto articolato, veloce, coinvolgente e modulato nell&rsquo;arco delle 24 ore, &egrave; la radio InStore di molti partner con programmi e appuntamenti brandizzati nell&rsquo;arco della giornata: un modo nuovo e incisivo per personalizzare il proprio sito e per comunicare direttamente e in maniera efficace con i consumer.<br \/>Con oltre 50 canali dedicati e 15 programmi live anche con guest star nazionali, RV1 offre tutti i giorni e tutto il giorno informazioni e curiosit&agrave; sul mondo del fashion, del food, del bon ton, dei viaggi, del lifestyle e naturalmente tanta musica: dal nuovissimo Kpop ai grandi classici. Tra i canali tematici ci sono quelli dedicati alla musica italiana, ai sound stranieri e alle raccolte pi&ugrave; cool del momento. Tanti i programmi: da SOS fashion all&rsquo;appuntamento gossip The WG show, dal contenitore di life style A colazione con&hellip; a L&rsquo;ora del galateo, da Il teatro non fa paura per conoscere i palcoscenici d&rsquo;Italia a Cake lovers, da Straordinario che racconta vite eccezionali a Open per terminare la giornata con energia.<\/p>\n<p>Unconventional e interattiva sia live che social, per garantire al proprio target musica e attualit&agrave; a 360 gradi RV1 ha creato la webTV che &egrave; visibile anche su smartphone e tablets. Gli utenti possono infatti registrarsi al sito www.rvuno.it ed essere sempre connessi.<\/p>\n","protected":false},"excerpt":{"rendered":"<p>RV1, la radio che diffonde il proprio segnale esclusivamente in webcasting, \u00e8 il primo web-network nazionale ed \u00e8 tra le prime cinque web radio italiane come dati di ascolto certificati da Telecom Italia. Attenta ai trend e a quanto succede a Torino e nel nostro Paese, dal 17 novembre al 6 gennaio RV1 diventa la colonna sonora delle feste. Come ogni anno accompagna infatti gli ascoltatori verso il periodo pi\u00f9 magico dell\u2019anno grazie a #RV1Christmas: la radio all music dedicata esclusivamente al Natale che propone ogni giorno una vasta selezione di brani, dai grandi classici alle ultime uscite discografiche. #RV1Christmas nasce dall&#8217;esperienza di RV1 e di Radio InStore (www.webradioinstore.it) ed \u00e8 la soluzione pi\u00f9 trendy ed economica per tutti gli showroom, i centri commerciali e gli uffici perch\u00e9 si pu\u00f2 ascoltare gratuitamente ovunque ci sia un collegamento internet, anche mobile. Basta collegarsi al sito www.rvuno.it, cliccare sulla sezione canali e selezionare Natale.<\/p>\n","protected":false},"author":10,"featured_media":0,"comment_status":"open","ping_status":"open","sticky":false,"template":"","format":"standard","meta":{"cybocfi_hide_featured_image":"","footnotes":""},"categories":[190],"tags":[49706,472,6093,10614],"class_list":["post-45460","post","type-post","status-publish","format-standard","hentry","category-comunicati-stampa","tag-christmas","tag-natale","tag-radio","tag-web-radio"],"yoast_head":"<!-- This site is optimized with the Yoast SEO plugin v27.0 - https:\/\/yoast.com\/product\/yoast-seo-wordpress\/ -->\n<title>Dal 17 gennaio rvuno.it firma la colonna sonora del Natale - Article Marketing<\/title>\n<meta name=\"robots\" content=\"index, follow, max-snippet:-1, max-image-preview:large, max-video-preview:-1\" \/>\n<link rel=\"canonical\" href=\"https:\/\/www.article-marketing.eu\/comunicati\/comunicati-stampa\/dal-17-gennaio-rvuno-it-firma-la-colonna-sonora-del-natale\/\" \/>\n<meta property=\"og:locale\" content=\"it_IT\" \/>\n<meta property=\"og:type\" content=\"article\" \/>\n<meta property=\"og:title\" content=\"Dal 17 gennaio rvuno.it firma la colonna sonora del Natale - Article Marketing\" \/>\n<meta property=\"og:description\" content=\"RV1, la radio che diffonde il proprio segnale esclusivamente in webcasting, \u00e8 il primo web-network nazionale ed \u00e8 tra le prime cinque web radio italiane come dati di ascolto certificati da Telecom Italia. Attenta ai trend e a quanto succede a Torino e nel nostro Paese, dal 17 novembre al 6 gennaio RV1 diventa la colonna sonora delle feste. Come ogni anno accompagna infatti gli ascoltatori verso il periodo pi\u00f9 magico dell\u2019anno grazie a #RV1Christmas: la radio all music dedicata esclusivamente al Natale che propone ogni giorno una vasta selezione di brani, dai grandi classici alle ultime uscite discografiche. #RV1Christmas nasce dall&#039;esperienza di RV1 e di Radio InStore (www.webradioinstore.it) ed \u00e8 la soluzione pi\u00f9 trendy ed economica per tutti gli showroom, i centri commerciali e gli uffici perch\u00e9 si pu\u00f2 ascoltare gratuitamente ovunque ci sia un collegamento internet, anche mobile. Basta collegarsi al sito www.rvuno.it, cliccare sulla sezione canali e selezionare Natale.\" \/>\n<meta property=\"og:url\" content=\"https:\/\/www.article-marketing.eu\/comunicati\/comunicati-stampa\/dal-17-gennaio-rvuno-it-firma-la-colonna-sonora-del-natale\/\" \/>\n<meta property=\"og:site_name\" content=\"Article Marketing\" \/>\n<meta property=\"article:published_time\" content=\"2014-11-24T10:33:35+00:00\" \/>\n<meta name=\"author\" content=\"Redazione Comunicati Stampa\" \/>\n<meta name=\"twitter:card\" content=\"summary_large_image\" \/>\n<meta name=\"twitter:label1\" content=\"Scritto da\" \/>\n\t<meta name=\"twitter:data1\" content=\"Redazione Comunicati Stampa\" \/>\n\t<meta name=\"twitter:label2\" content=\"Tempo di lettura stimato\" \/>\n\t<meta name=\"twitter:data2\" content=\"2 minuti\" \/>\n<script type=\"application\/ld+json\" class=\"yoast-schema-graph\">{\"@context\":\"https:\/\/schema.org\",\"@graph\":[{\"@type\":\"Article\",\"@id\":\"https:\/\/www.article-marketing.eu\/comunicati\/comunicati-stampa\/dal-17-gennaio-rvuno-it-firma-la-colonna-sonora-del-natale\/#article\",\"isPartOf\":{\"@id\":\"https:\/\/www.article-marketing.eu\/comunicati\/comunicati-stampa\/dal-17-gennaio-rvuno-it-firma-la-colonna-sonora-del-natale\/\"},\"author\":{\"name\":\"Redazione Comunicati Stampa\",\"@id\":\"https:\/\/www.article-marketing.eu\/comunicati\/#\/schema\/person\/44372e4d4d0fa797b18e03ed1ace9017\"},\"headline\":\"Dal 17 gennaio rvuno.it firma la colonna sonora del Natale\",\"datePublished\":\"2014-11-24T10:33:35+00:00\",\"mainEntityOfPage\":{\"@id\":\"https:\/\/www.article-marketing.eu\/comunicati\/comunicati-stampa\/dal-17-gennaio-rvuno-it-firma-la-colonna-sonora-del-natale\/\"},\"wordCount\":501,\"commentCount\":0,\"keywords\":[\"Christmas\",\"natale\",\"radio\",\"web radio\"],\"articleSection\":[\"Comunicati stampa\"],\"inLanguage\":\"it-IT\",\"potentialAction\":[{\"@type\":\"CommentAction\",\"name\":\"Comment\",\"target\":[\"https:\/\/www.article-marketing.eu\/comunicati\/comunicati-stampa\/dal-17-gennaio-rvuno-it-firma-la-colonna-sonora-del-natale\/#respond\"]}]},{\"@type\":\"WebPage\",\"@id\":\"https:\/\/www.article-marketing.eu\/comunicati\/comunicati-stampa\/dal-17-gennaio-rvuno-it-firma-la-colonna-sonora-del-natale\/\",\"url\":\"https:\/\/www.article-marketing.eu\/comunicati\/comunicati-stampa\/dal-17-gennaio-rvuno-it-firma-la-colonna-sonora-del-natale\/\",\"name\":\"Dal 17 gennaio rvuno.it firma la colonna sonora del Natale - Article Marketing\",\"isPartOf\":{\"@id\":\"https:\/\/www.article-marketing.eu\/comunicati\/#website\"},\"datePublished\":\"2014-11-24T10:33:35+00:00\",\"author\":{\"@id\":\"https:\/\/www.article-marketing.eu\/comunicati\/#\/schema\/person\/44372e4d4d0fa797b18e03ed1ace9017\"},\"breadcrumb\":{\"@id\":\"https:\/\/www.article-marketing.eu\/comunicati\/comunicati-stampa\/dal-17-gennaio-rvuno-it-firma-la-colonna-sonora-del-natale\/#breadcrumb\"},\"inLanguage\":\"it-IT\",\"potentialAction\":[{\"@type\":\"ReadAction\",\"target\":[\"https:\/\/www.article-marketing.eu\/comunicati\/comunicati-stampa\/dal-17-gennaio-rvuno-it-firma-la-colonna-sonora-del-natale\/\"]}]},{\"@type\":\"BreadcrumbList\",\"@id\":\"https:\/\/www.article-marketing.eu\/comunicati\/comunicati-stampa\/dal-17-gennaio-rvuno-it-firma-la-colonna-sonora-del-natale\/#breadcrumb\",\"itemListElement\":[{\"@type\":\"ListItem\",\"position\":1,\"name\":\"Home\",\"item\":\"https:\/\/www.article-marketing.eu\/comunicati\/\"},{\"@type\":\"ListItem\",\"position\":2,\"name\":\"Dal 17 gennaio rvuno.it firma la colonna sonora del Natale\"}]},{\"@type\":\"WebSite\",\"@id\":\"https:\/\/www.article-marketing.eu\/comunicati\/#website\",\"url\":\"https:\/\/www.article-marketing.eu\/comunicati\/\",\"name\":\"Article Marketing\",\"description\":\"article marketing &amp; press release\",\"potentialAction\":[{\"@type\":\"SearchAction\",\"target\":{\"@type\":\"EntryPoint\",\"urlTemplate\":\"https:\/\/www.article-marketing.eu\/comunicati\/?s={search_term_string}\"},\"query-input\":{\"@type\":\"PropertyValueSpecification\",\"valueRequired\":true,\"valueName\":\"search_term_string\"}}],\"inLanguage\":\"it-IT\"},{\"@type\":\"Person\",\"@id\":\"https:\/\/www.article-marketing.eu\/comunicati\/#\/schema\/person\/44372e4d4d0fa797b18e03ed1ace9017\",\"name\":\"Redazione Comunicati Stampa\",\"image\":{\"@type\":\"ImageObject\",\"inLanguage\":\"it-IT\",\"@id\":\"https:\/\/www.article-marketing.eu\/comunicati\/#\/schema\/person\/image\/\",\"url\":\"https:\/\/secure.gravatar.com\/avatar\/50e5c6421d3072f42e7ace803501602c60d75233d34e29fd05feb91c8760b792?s=96&d=mm&r=g\",\"contentUrl\":\"https:\/\/secure.gravatar.com\/avatar\/50e5c6421d3072f42e7ace803501602c60d75233d34e29fd05feb91c8760b792?s=96&d=mm&r=g\",\"caption\":\"Redazione Comunicati Stampa\"},\"url\":\"https:\/\/www.article-marketing.eu\/comunicati\/author\/redazione-comunicati-stampa\/\"}]}<\/script>\n<!-- \/ Yoast SEO plugin. -->","yoast_head_json":{"title":"Dal 17 gennaio rvuno.it firma la colonna sonora del Natale - Article Marketing","robots":{"index":"index","follow":"follow","max-snippet":"max-snippet:-1","max-image-preview":"max-image-preview:large","max-video-preview":"max-video-preview:-1"},"canonical":"https:\/\/www.article-marketing.eu\/comunicati\/comunicati-stampa\/dal-17-gennaio-rvuno-it-firma-la-colonna-sonora-del-natale\/","og_locale":"it_IT","og_type":"article","og_title":"Dal 17 gennaio rvuno.it firma la colonna sonora del Natale - Article Marketing","og_description":"RV1, la radio che diffonde il proprio segnale esclusivamente in webcasting, \u00e8 il primo web-network nazionale ed \u00e8 tra le prime cinque web radio italiane come dati di ascolto certificati da Telecom Italia. Attenta ai trend e a quanto succede a Torino e nel nostro Paese, dal 17 novembre al 6 gennaio RV1 diventa la colonna sonora delle feste. Come ogni anno accompagna infatti gli ascoltatori verso il periodo pi\u00f9 magico dell\u2019anno grazie a #RV1Christmas: la radio all music dedicata esclusivamente al Natale che propone ogni giorno una vasta selezione di brani, dai grandi classici alle ultime uscite discografiche. #RV1Christmas nasce dall'esperienza di RV1 e di Radio InStore (www.webradioinstore.it) ed \u00e8 la soluzione pi\u00f9 trendy ed economica per tutti gli showroom, i centri commerciali e gli uffici perch\u00e9 si pu\u00f2 ascoltare gratuitamente ovunque ci sia un collegamento internet, anche mobile. Basta collegarsi al sito www.rvuno.it, cliccare sulla sezione canali e selezionare Natale.","og_url":"https:\/\/www.article-marketing.eu\/comunicati\/comunicati-stampa\/dal-17-gennaio-rvuno-it-firma-la-colonna-sonora-del-natale\/","og_site_name":"Article Marketing","article_published_time":"2014-11-24T10:33:35+00:00","author":"Redazione Comunicati Stampa","twitter_card":"summary_large_image","twitter_misc":{"Scritto da":"Redazione Comunicati Stampa","Tempo di lettura stimato":"2 minuti"},"schema":{"@context":"https:\/\/schema.org","@graph":[{"@type":"Article","@id":"https:\/\/www.article-marketing.eu\/comunicati\/comunicati-stampa\/dal-17-gennaio-rvuno-it-firma-la-colonna-sonora-del-natale\/#article","isPartOf":{"@id":"https:\/\/www.article-marketing.eu\/comunicati\/comunicati-stampa\/dal-17-gennaio-rvuno-it-firma-la-colonna-sonora-del-natale\/"},"author":{"name":"Redazione Comunicati Stampa","@id":"https:\/\/www.article-marketing.eu\/comunicati\/#\/schema\/person\/44372e4d4d0fa797b18e03ed1ace9017"},"headline":"Dal 17 gennaio rvuno.it firma la colonna sonora del Natale","datePublished":"2014-11-24T10:33:35+00:00","mainEntityOfPage":{"@id":"https:\/\/www.article-marketing.eu\/comunicati\/comunicati-stampa\/dal-17-gennaio-rvuno-it-firma-la-colonna-sonora-del-natale\/"},"wordCount":501,"commentCount":0,"keywords":["Christmas","natale","radio","web radio"],"articleSection":["Comunicati stampa"],"inLanguage":"it-IT","potentialAction":[{"@type":"CommentAction","name":"Comment","target":["https:\/\/www.article-marketing.eu\/comunicati\/comunicati-stampa\/dal-17-gennaio-rvuno-it-firma-la-colonna-sonora-del-natale\/#respond"]}]},{"@type":"WebPage","@id":"https:\/\/www.article-marketing.eu\/comunicati\/comunicati-stampa\/dal-17-gennaio-rvuno-it-firma-la-colonna-sonora-del-natale\/","url":"https:\/\/www.article-marketing.eu\/comunicati\/comunicati-stampa\/dal-17-gennaio-rvuno-it-firma-la-colonna-sonora-del-natale\/","name":"Dal 17 gennaio rvuno.it firma la colonna sonora del Natale - Article Marketing","isPartOf":{"@id":"https:\/\/www.article-marketing.eu\/comunicati\/#website"},"datePublished":"2014-11-24T10:33:35+00:00","author":{"@id":"https:\/\/www.article-marketing.eu\/comunicati\/#\/schema\/person\/44372e4d4d0fa797b18e03ed1ace9017"},"breadcrumb":{"@id":"https:\/\/www.article-marketing.eu\/comunicati\/comunicati-stampa\/dal-17-gennaio-rvuno-it-firma-la-colonna-sonora-del-natale\/#breadcrumb"},"inLanguage":"it-IT","potentialAction":[{"@type":"ReadAction","target":["https:\/\/www.article-marketing.eu\/comunicati\/comunicati-stampa\/dal-17-gennaio-rvuno-it-firma-la-colonna-sonora-del-natale\/"]}]},{"@type":"BreadcrumbList","@id":"https:\/\/www.article-marketing.eu\/comunicati\/comunicati-stampa\/dal-17-gennaio-rvuno-it-firma-la-colonna-sonora-del-natale\/#breadcrumb","itemListElement":[{"@type":"ListItem","position":1,"name":"Home","item":"https:\/\/www.article-marketing.eu\/comunicati\/"},{"@type":"ListItem","position":2,"name":"Dal 17 gennaio rvuno.it firma la colonna sonora del Natale"}]},{"@type":"WebSite","@id":"https:\/\/www.article-marketing.eu\/comunicati\/#website","url":"https:\/\/www.article-marketing.eu\/comunicati\/","name":"Article Marketing","description":"article marketing &amp; press release","potentialAction":[{"@type":"SearchAction","target":{"@type":"EntryPoint","urlTemplate":"https:\/\/www.article-marketing.eu\/comunicati\/?s={search_term_string}"},"query-input":{"@type":"PropertyValueSpecification","valueRequired":true,"valueName":"search_term_string"}}],"inLanguage":"it-IT"},{"@type":"Person","@id":"https:\/\/www.article-marketing.eu\/comunicati\/#\/schema\/person\/44372e4d4d0fa797b18e03ed1ace9017","name":"Redazione Comunicati Stampa","image":{"@type":"ImageObject","inLanguage":"it-IT","@id":"https:\/\/www.article-marketing.eu\/comunicati\/#\/schema\/person\/image\/","url":"https:\/\/secure.gravatar.com\/avatar\/50e5c6421d3072f42e7ace803501602c60d75233d34e29fd05feb91c8760b792?s=96&d=mm&r=g","contentUrl":"https:\/\/secure.gravatar.com\/avatar\/50e5c6421d3072f42e7ace803501602c60d75233d34e29fd05feb91c8760b792?s=96&d=mm&r=g","caption":"Redazione Comunicati Stampa"},"url":"https:\/\/www.article-marketing.eu\/comunicati\/author\/redazione-comunicati-stampa\/"}]}},"_links":{"self":[{"href":"https:\/\/www.article-marketing.eu\/comunicati\/wp-json\/wp\/v2\/posts\/45460","targetHints":{"allow":["GET"]}}],"collection":[{"href":"https:\/\/www.article-marketing.eu\/comunicati\/wp-json\/wp\/v2\/posts"}],"about":[{"href":"https:\/\/www.article-marketing.eu\/comunicati\/wp-json\/wp\/v2\/types\/post"}],"author":[{"embeddable":true,"href":"https:\/\/www.article-marketing.eu\/comunicati\/wp-json\/wp\/v2\/users\/10"}],"replies":[{"embeddable":true,"href":"https:\/\/www.article-marketing.eu\/comunicati\/wp-json\/wp\/v2\/comments?post=45460"}],"version-history":[{"count":0,"href":"https:\/\/www.article-marketing.eu\/comunicati\/wp-json\/wp\/v2\/posts\/45460\/revisions"}],"wp:attachment":[{"href":"https:\/\/www.article-marketing.eu\/comunicati\/wp-json\/wp\/v2\/media?parent=45460"}],"wp:term":[{"taxonomy":"category","embeddable":true,"href":"https:\/\/www.article-marketing.eu\/comunicati\/wp-json\/wp\/v2\/categories?post=45460"},{"taxonomy":"post_tag","embeddable":true,"href":"https:\/\/www.article-marketing.eu\/comunicati\/wp-json\/wp\/v2\/tags?post=45460"}],"curies":[{"name":"wp","href":"https:\/\/api.w.org\/{rel}","templated":true}]}}