{"id":45654,"date":"2014-12-02T16:37:56","date_gmt":"2014-12-02T15:37:56","guid":{"rendered":"http:\/\/www.article-marketing.eu\/comunicati\/senza-categoria\/a%2580cquando-mangio-mi-sento-un-rea%2580%259d-la-solidariet%25c3%25a0-%25c3%25a8-servita\/"},"modified":"2018-10-25T23:09:44","modified_gmt":"2018-10-25T21:09:44","slug":"a%2580cquando-mangio-mi-sento-un-rea%2580%259d-la-solidariet%25c3%25a0-%25c3%25a8-servita","status":"publish","type":"post","link":"https:\/\/www.article-marketing.eu\/comunicati\/economia-e-lavoro\/ristoranti\/a%2580cquando-mangio-mi-sento-un-rea%2580%259d-la-solidariet%25c3%25a0-%25c3%25a8-servita\/","title":{"rendered":"\u201cQuando mangio mi sento un re\u201d: la solidariet\u00e0 \u00e8 servita"},"content":{"rendered":"<p>Cibo naturale, biologico e locale. I sapori mediterranei o la classica pizza. Ce n&rsquo;&egrave; per accontentare anche i palati pi&ugrave; esigenti nelle proposte degli oltre venti ristoranti, pizzerie e osterie che hanno aderito alla campagna per la sovranit&agrave; alimentare di Mani Tese. &ldquo;Quando mangio mi sento un re&rdquo; intende affermare l&rsquo;accesso al cibo come un diritto per tutti e non un privilegio per i pi&ugrave; fortunati.<\/p>\n<p>L&rsquo;iniziativa sta riscuotendo grande successo con eventi organizzati ogni settimana su tutto il territorio nazionale. I ristoranti hanno scelto di devolvere una percentuale o un importo fisso dei proventi derivanti dalla propria attivit&agrave; attraverso l&rsquo;organizzazione di una cena di raccolta fondi, un piatto dedicato a Mani Tese o un men&ugrave; pensato ad hoc al quale associare il contributo per la Campagna.<br \/>Per chi vuole assaporare queste specialit&agrave; dal gusto solidale c&rsquo;&egrave; ancora tempo. A Milano, il ristorante <strong>Nerino 10<\/strong> aderisce fino al 31 Dicembre dedicando un intero Men&ugrave; a Mani Tese. Ad accogliere gli ospiti il sorriso e la gentilezza del padrone di casa, Sandro Caputo e una cucina fine, ricercata ma anche casalinga e ispirata alla tradizione italiana. In campania, invece, provincia di Caserta il Ristorante vegetariano Spartacus Arena dedica due piatti speciali a Mani Tese dal 1 Dicembre fino al 4 Gennaio.<br \/>Nelle scorse settimane dalla Sicilia alla Lombardia, sono stati molti i locali che hanno partecipato all&rsquo;iniziativa, contribuendo al suo successo. Alcuni esempi: lo chef Matteo Scibilia dell<strong>&rsquo;Osteria della Buona condotta<\/strong> per tutto il mese di Novembre ha dedicato un piatto esclusivo a Mani Tese; il ristorante bio- vegetariano &ldquo;<strong>Sorriso integrale<\/strong>&rdquo; di Napoli ha dedicato per un mese due piatti speciali a Mani Tese e un intero men&ugrave; in occasione di due cene solidali in collaborazione con dell&rsquo;Associazione Mani Tese Campania; a Vimercate, gli amici Marco e Giulia del &ldquo;<strong>Paradiso della Pizza<\/strong>&rdquo; hanno dedicato alla campagna tutte le pizze fuori men&ugrave; per due settimane; a Catania il ristorante di Salvo Pistorio &ldquo;<strong>La cucina dei colori<\/strong>&rdquo; e quello di Romina &ldquo;<strong>Suribachy<\/strong>&rdquo; hanno aderito per tutto il mese di ottobre destinando una percentuale degli incassi interamente alla Campagna.<br \/>Aderire all&rsquo;iniziativa di Mani Tese &egrave; ancora possibile. Farlo significa avere impatto sul territorio, dimostrare i propri valori aziendali e il proprio impegno sociale.<br \/>L&rsquo;obiettivo finale della campagna &egrave; il miglioramento della sicurezza alimentare in Benin e Sud Sudan attraverso l&rsquo;incremento della produzione agricola e la ricostruzione della filiera agroalimentare della Manioca, base dell&rsquo;alimentazione locale e complemento per una dieta sana ed equilibrata.<\/p>\n","protected":false},"excerpt":{"rendered":"<p>Grande successo della campagna per la sovranit\u00e0 alimentare di Mani Tese nei ristoranti di tutta Italia<\/p>\n","protected":false},"author":10,"featured_media":0,"comment_status":"open","ping_status":"open","sticky":false,"template":"","format":"standard","meta":{"cybocfi_hide_featured_image":"","footnotes":""},"categories":[6357],"tags":[3861,1166,49792],"class_list":["post-45654","post","type-post","status-publish","format-standard","hentry","category-ristoranti","tag-cibo","tag-ristoranti","tag-sovranita-alimentare"],"yoast_head":"<!-- This site is optimized with the Yoast SEO plugin v27.0 - https:\/\/yoast.com\/product\/yoast-seo-wordpress\/ -->\n<title>\u201cQuando mangio mi sento un re\u201d: la solidariet\u00e0 \u00e8 servita - Article Marketing<\/title>\n<meta name=\"robots\" content=\"index, follow, max-snippet:-1, max-image-preview:large, max-video-preview:-1\" \/>\n<link rel=\"canonical\" href=\"https:\/\/www.article-marketing.eu\/comunicati\/economia-e-lavoro\/ristoranti\/a%80cquando-mangio-mi-sento-un-rea%80%9d-la-solidariet%c3%a0-%c3%a8-servita\/\" \/>\n<meta property=\"og:locale\" content=\"it_IT\" \/>\n<meta property=\"og:type\" content=\"article\" \/>\n<meta property=\"og:title\" content=\"\u201cQuando mangio mi sento un re\u201d: la solidariet\u00e0 \u00e8 servita - Article Marketing\" \/>\n<meta property=\"og:description\" content=\"Grande successo della campagna per la sovranit\u00e0 alimentare di Mani Tese nei ristoranti di tutta Italia\" \/>\n<meta property=\"og:url\" content=\"https:\/\/www.article-marketing.eu\/comunicati\/economia-e-lavoro\/ristoranti\/a%80cquando-mangio-mi-sento-un-rea%80%9d-la-solidariet%c3%a0-%c3%a8-servita\/\" \/>\n<meta property=\"og:site_name\" content=\"Article Marketing\" \/>\n<meta property=\"article:published_time\" content=\"2014-12-02T15:37:56+00:00\" \/>\n<meta property=\"article:modified_time\" content=\"2018-10-25T21:09:44+00:00\" \/>\n<meta name=\"author\" content=\"Redazione Comunicati Stampa\" \/>\n<meta name=\"twitter:card\" content=\"summary_large_image\" \/>\n<meta name=\"twitter:label1\" content=\"Scritto da\" \/>\n\t<meta name=\"twitter:data1\" content=\"Redazione Comunicati Stampa\" \/>\n\t<meta name=\"twitter:label2\" content=\"Tempo di lettura stimato\" \/>\n\t<meta name=\"twitter:data2\" content=\"2 minuti\" \/>\n<script type=\"application\/ld+json\" class=\"yoast-schema-graph\">{\"@context\":\"https:\/\/schema.org\",\"@graph\":[{\"@type\":\"Article\",\"@id\":\"https:\/\/www.article-marketing.eu\/comunicati\/economia-e-lavoro\/ristoranti\/a%2580cquando-mangio-mi-sento-un-rea%2580%259d-la-solidariet%25c3%25a0-%25c3%25a8-servita\/#article\",\"isPartOf\":{\"@id\":\"https:\/\/www.article-marketing.eu\/comunicati\/economia-e-lavoro\/ristoranti\/a%2580cquando-mangio-mi-sento-un-rea%2580%259d-la-solidariet%25c3%25a0-%25c3%25a8-servita\/\"},\"author\":{\"name\":\"Redazione Comunicati Stampa\",\"@id\":\"https:\/\/www.article-marketing.eu\/comunicati\/#\/schema\/person\/44372e4d4d0fa797b18e03ed1ace9017\"},\"headline\":\"\u201cQuando mangio mi sento un re\u201d: la solidariet\u00e0 \u00e8 servita\",\"datePublished\":\"2014-12-02T15:37:56+00:00\",\"dateModified\":\"2018-10-25T21:09:44+00:00\",\"mainEntityOfPage\":{\"@id\":\"https:\/\/www.article-marketing.eu\/comunicati\/economia-e-lavoro\/ristoranti\/a%2580cquando-mangio-mi-sento-un-rea%2580%259d-la-solidariet%25c3%25a0-%25c3%25a8-servita\/\"},\"wordCount\":456,\"commentCount\":0,\"keywords\":[\"cibo\",\"ristoranti\",\"sovranit\u00e0 alimentare\"],\"articleSection\":[\"Ristoranti\"],\"inLanguage\":\"it-IT\",\"potentialAction\":[{\"@type\":\"CommentAction\",\"name\":\"Comment\",\"target\":[\"https:\/\/www.article-marketing.eu\/comunicati\/economia-e-lavoro\/ristoranti\/a%2580cquando-mangio-mi-sento-un-rea%2580%259d-la-solidariet%25c3%25a0-%25c3%25a8-servita\/#respond\"]}]},{\"@type\":\"WebPage\",\"@id\":\"https:\/\/www.article-marketing.eu\/comunicati\/economia-e-lavoro\/ristoranti\/a%2580cquando-mangio-mi-sento-un-rea%2580%259d-la-solidariet%25c3%25a0-%25c3%25a8-servita\/\",\"url\":\"https:\/\/www.article-marketing.eu\/comunicati\/economia-e-lavoro\/ristoranti\/a%2580cquando-mangio-mi-sento-un-rea%2580%259d-la-solidariet%25c3%25a0-%25c3%25a8-servita\/\",\"name\":\"\u201cQuando mangio mi sento un re\u201d: la solidariet\u00e0 \u00e8 servita - Article Marketing\",\"isPartOf\":{\"@id\":\"https:\/\/www.article-marketing.eu\/comunicati\/#website\"},\"datePublished\":\"2014-12-02T15:37:56+00:00\",\"dateModified\":\"2018-10-25T21:09:44+00:00\",\"author\":{\"@id\":\"https:\/\/www.article-marketing.eu\/comunicati\/#\/schema\/person\/44372e4d4d0fa797b18e03ed1ace9017\"},\"breadcrumb\":{\"@id\":\"https:\/\/www.article-marketing.eu\/comunicati\/economia-e-lavoro\/ristoranti\/a%2580cquando-mangio-mi-sento-un-rea%2580%259d-la-solidariet%25c3%25a0-%25c3%25a8-servita\/#breadcrumb\"},\"inLanguage\":\"it-IT\",\"potentialAction\":[{\"@type\":\"ReadAction\",\"target\":[\"https:\/\/www.article-marketing.eu\/comunicati\/economia-e-lavoro\/ristoranti\/a%2580cquando-mangio-mi-sento-un-rea%2580%259d-la-solidariet%25c3%25a0-%25c3%25a8-servita\/\"]}]},{\"@type\":\"BreadcrumbList\",\"@id\":\"https:\/\/www.article-marketing.eu\/comunicati\/economia-e-lavoro\/ristoranti\/a%2580cquando-mangio-mi-sento-un-rea%2580%259d-la-solidariet%25c3%25a0-%25c3%25a8-servita\/#breadcrumb\",\"itemListElement\":[{\"@type\":\"ListItem\",\"position\":1,\"name\":\"Home\",\"item\":\"https:\/\/www.article-marketing.eu\/comunicati\/\"},{\"@type\":\"ListItem\",\"position\":2,\"name\":\"\u201cQuando mangio mi sento un re\u201d: la solidariet\u00e0 \u00e8 servita\"}]},{\"@type\":\"WebSite\",\"@id\":\"https:\/\/www.article-marketing.eu\/comunicati\/#website\",\"url\":\"https:\/\/www.article-marketing.eu\/comunicati\/\",\"name\":\"Article Marketing\",\"description\":\"article marketing &amp; press release\",\"potentialAction\":[{\"@type\":\"SearchAction\",\"target\":{\"@type\":\"EntryPoint\",\"urlTemplate\":\"https:\/\/www.article-marketing.eu\/comunicati\/?s={search_term_string}\"},\"query-input\":{\"@type\":\"PropertyValueSpecification\",\"valueRequired\":true,\"valueName\":\"search_term_string\"}}],\"inLanguage\":\"it-IT\"},{\"@type\":\"Person\",\"@id\":\"https:\/\/www.article-marketing.eu\/comunicati\/#\/schema\/person\/44372e4d4d0fa797b18e03ed1ace9017\",\"name\":\"Redazione Comunicati Stampa\",\"image\":{\"@type\":\"ImageObject\",\"inLanguage\":\"it-IT\",\"@id\":\"https:\/\/www.article-marketing.eu\/comunicati\/#\/schema\/person\/image\/\",\"url\":\"https:\/\/secure.gravatar.com\/avatar\/50e5c6421d3072f42e7ace803501602c60d75233d34e29fd05feb91c8760b792?s=96&d=mm&r=g\",\"contentUrl\":\"https:\/\/secure.gravatar.com\/avatar\/50e5c6421d3072f42e7ace803501602c60d75233d34e29fd05feb91c8760b792?s=96&d=mm&r=g\",\"caption\":\"Redazione Comunicati Stampa\"},\"url\":\"https:\/\/www.article-marketing.eu\/comunicati\/author\/redazione-comunicati-stampa\/\"}]}<\/script>\n<!-- \/ Yoast SEO plugin. -->","yoast_head_json":{"title":"\u201cQuando mangio mi sento un re\u201d: la solidariet\u00e0 \u00e8 servita - Article Marketing","robots":{"index":"index","follow":"follow","max-snippet":"max-snippet:-1","max-image-preview":"max-image-preview:large","max-video-preview":"max-video-preview:-1"},"canonical":"https:\/\/www.article-marketing.eu\/comunicati\/economia-e-lavoro\/ristoranti\/a%80cquando-mangio-mi-sento-un-rea%80%9d-la-solidariet%c3%a0-%c3%a8-servita\/","og_locale":"it_IT","og_type":"article","og_title":"\u201cQuando mangio mi sento un re\u201d: la solidariet\u00e0 \u00e8 servita - Article Marketing","og_description":"Grande successo della campagna per la sovranit\u00e0 alimentare di Mani Tese nei ristoranti di tutta Italia","og_url":"https:\/\/www.article-marketing.eu\/comunicati\/economia-e-lavoro\/ristoranti\/a%80cquando-mangio-mi-sento-un-rea%80%9d-la-solidariet%c3%a0-%c3%a8-servita\/","og_site_name":"Article Marketing","article_published_time":"2014-12-02T15:37:56+00:00","article_modified_time":"2018-10-25T21:09:44+00:00","author":"Redazione Comunicati Stampa","twitter_card":"summary_large_image","twitter_misc":{"Scritto da":"Redazione Comunicati Stampa","Tempo di lettura stimato":"2 minuti"},"schema":{"@context":"https:\/\/schema.org","@graph":[{"@type":"Article","@id":"https:\/\/www.article-marketing.eu\/comunicati\/economia-e-lavoro\/ristoranti\/a%2580cquando-mangio-mi-sento-un-rea%2580%259d-la-solidariet%25c3%25a0-%25c3%25a8-servita\/#article","isPartOf":{"@id":"https:\/\/www.article-marketing.eu\/comunicati\/economia-e-lavoro\/ristoranti\/a%2580cquando-mangio-mi-sento-un-rea%2580%259d-la-solidariet%25c3%25a0-%25c3%25a8-servita\/"},"author":{"name":"Redazione Comunicati Stampa","@id":"https:\/\/www.article-marketing.eu\/comunicati\/#\/schema\/person\/44372e4d4d0fa797b18e03ed1ace9017"},"headline":"\u201cQuando mangio mi sento un re\u201d: la solidariet\u00e0 \u00e8 servita","datePublished":"2014-12-02T15:37:56+00:00","dateModified":"2018-10-25T21:09:44+00:00","mainEntityOfPage":{"@id":"https:\/\/www.article-marketing.eu\/comunicati\/economia-e-lavoro\/ristoranti\/a%2580cquando-mangio-mi-sento-un-rea%2580%259d-la-solidariet%25c3%25a0-%25c3%25a8-servita\/"},"wordCount":456,"commentCount":0,"keywords":["cibo","ristoranti","sovranit\u00e0 alimentare"],"articleSection":["Ristoranti"],"inLanguage":"it-IT","potentialAction":[{"@type":"CommentAction","name":"Comment","target":["https:\/\/www.article-marketing.eu\/comunicati\/economia-e-lavoro\/ristoranti\/a%2580cquando-mangio-mi-sento-un-rea%2580%259d-la-solidariet%25c3%25a0-%25c3%25a8-servita\/#respond"]}]},{"@type":"WebPage","@id":"https:\/\/www.article-marketing.eu\/comunicati\/economia-e-lavoro\/ristoranti\/a%2580cquando-mangio-mi-sento-un-rea%2580%259d-la-solidariet%25c3%25a0-%25c3%25a8-servita\/","url":"https:\/\/www.article-marketing.eu\/comunicati\/economia-e-lavoro\/ristoranti\/a%2580cquando-mangio-mi-sento-un-rea%2580%259d-la-solidariet%25c3%25a0-%25c3%25a8-servita\/","name":"\u201cQuando mangio mi sento un re\u201d: la solidariet\u00e0 \u00e8 servita - Article Marketing","isPartOf":{"@id":"https:\/\/www.article-marketing.eu\/comunicati\/#website"},"datePublished":"2014-12-02T15:37:56+00:00","dateModified":"2018-10-25T21:09:44+00:00","author":{"@id":"https:\/\/www.article-marketing.eu\/comunicati\/#\/schema\/person\/44372e4d4d0fa797b18e03ed1ace9017"},"breadcrumb":{"@id":"https:\/\/www.article-marketing.eu\/comunicati\/economia-e-lavoro\/ristoranti\/a%2580cquando-mangio-mi-sento-un-rea%2580%259d-la-solidariet%25c3%25a0-%25c3%25a8-servita\/#breadcrumb"},"inLanguage":"it-IT","potentialAction":[{"@type":"ReadAction","target":["https:\/\/www.article-marketing.eu\/comunicati\/economia-e-lavoro\/ristoranti\/a%2580cquando-mangio-mi-sento-un-rea%2580%259d-la-solidariet%25c3%25a0-%25c3%25a8-servita\/"]}]},{"@type":"BreadcrumbList","@id":"https:\/\/www.article-marketing.eu\/comunicati\/economia-e-lavoro\/ristoranti\/a%2580cquando-mangio-mi-sento-un-rea%2580%259d-la-solidariet%25c3%25a0-%25c3%25a8-servita\/#breadcrumb","itemListElement":[{"@type":"ListItem","position":1,"name":"Home","item":"https:\/\/www.article-marketing.eu\/comunicati\/"},{"@type":"ListItem","position":2,"name":"\u201cQuando mangio mi sento un re\u201d: la solidariet\u00e0 \u00e8 servita"}]},{"@type":"WebSite","@id":"https:\/\/www.article-marketing.eu\/comunicati\/#website","url":"https:\/\/www.article-marketing.eu\/comunicati\/","name":"Article Marketing","description":"article marketing &amp; press release","potentialAction":[{"@type":"SearchAction","target":{"@type":"EntryPoint","urlTemplate":"https:\/\/www.article-marketing.eu\/comunicati\/?s={search_term_string}"},"query-input":{"@type":"PropertyValueSpecification","valueRequired":true,"valueName":"search_term_string"}}],"inLanguage":"it-IT"},{"@type":"Person","@id":"https:\/\/www.article-marketing.eu\/comunicati\/#\/schema\/person\/44372e4d4d0fa797b18e03ed1ace9017","name":"Redazione Comunicati Stampa","image":{"@type":"ImageObject","inLanguage":"it-IT","@id":"https:\/\/www.article-marketing.eu\/comunicati\/#\/schema\/person\/image\/","url":"https:\/\/secure.gravatar.com\/avatar\/50e5c6421d3072f42e7ace803501602c60d75233d34e29fd05feb91c8760b792?s=96&d=mm&r=g","contentUrl":"https:\/\/secure.gravatar.com\/avatar\/50e5c6421d3072f42e7ace803501602c60d75233d34e29fd05feb91c8760b792?s=96&d=mm&r=g","caption":"Redazione Comunicati Stampa"},"url":"https:\/\/www.article-marketing.eu\/comunicati\/author\/redazione-comunicati-stampa\/"}]}},"_links":{"self":[{"href":"https:\/\/www.article-marketing.eu\/comunicati\/wp-json\/wp\/v2\/posts\/45654","targetHints":{"allow":["GET"]}}],"collection":[{"href":"https:\/\/www.article-marketing.eu\/comunicati\/wp-json\/wp\/v2\/posts"}],"about":[{"href":"https:\/\/www.article-marketing.eu\/comunicati\/wp-json\/wp\/v2\/types\/post"}],"author":[{"embeddable":true,"href":"https:\/\/www.article-marketing.eu\/comunicati\/wp-json\/wp\/v2\/users\/10"}],"replies":[{"embeddable":true,"href":"https:\/\/www.article-marketing.eu\/comunicati\/wp-json\/wp\/v2\/comments?post=45654"}],"version-history":[{"count":1,"href":"https:\/\/www.article-marketing.eu\/comunicati\/wp-json\/wp\/v2\/posts\/45654\/revisions"}],"predecessor-version":[{"id":64366,"href":"https:\/\/www.article-marketing.eu\/comunicati\/wp-json\/wp\/v2\/posts\/45654\/revisions\/64366"}],"wp:attachment":[{"href":"https:\/\/www.article-marketing.eu\/comunicati\/wp-json\/wp\/v2\/media?parent=45654"}],"wp:term":[{"taxonomy":"category","embeddable":true,"href":"https:\/\/www.article-marketing.eu\/comunicati\/wp-json\/wp\/v2\/categories?post=45654"},{"taxonomy":"post_tag","embeddable":true,"href":"https:\/\/www.article-marketing.eu\/comunicati\/wp-json\/wp\/v2\/tags?post=45654"}],"curies":[{"name":"wp","href":"https:\/\/api.w.org\/{rel}","templated":true}]}}