{"id":4571,"date":"2010-03-31T00:11:13","date_gmt":"2010-03-30T22:11:13","guid":{"rendered":"http:\/\/www.article-marketing.eu\/comunicati\/senza-categoria\/atavici_esposizione-lavori-su-carta-di-aurora-scarpellini\/"},"modified":"2010-03-31T00:11:13","modified_gmt":"2010-03-30T22:11:13","slug":"atavici_esposizione-lavori-su-carta-di-aurora-scarpellini","status":"publish","type":"post","link":"https:\/\/www.article-marketing.eu\/comunicati\/arte-e-cultura\/atavici_esposizione-lavori-su-carta-di-aurora-scarpellini\/","title":{"rendered":"ATAVICI_Esposizione lavori su carta di Aurora Scarpellini"},"content":{"rendered":"<p>Aurora Scarpellini propone un percorso di ricerca iniziato nel 2006 trattando del rapporto uomo-natura, oggi pi\u00f9 che mai contrastato e oggetto di ampi dibattiti. <br \/>Dall\u2019antichit\u00e0 l\u2019uomo-attore si agita in una natura-palcoscenico in permanente trasformazione e interagisce con essa quasi da un punto privilegiato, esterno ed estraneo, contribuendo a definirne di volta in volta coordinate e limiti, linguaggi e formule. Forse per sopravvivenza, probabilmente per necessit\u00e0 o plausibilmente anche per divertimento, negli ultimi duecento anni le attivit\u00e0 di produzione di massa hanno superato esponenzialmente le attivit\u00e0 dei millenni precedenti, tanto che hanno aperto la strada ad alterazioni dell\u2019ambiente sempre pi\u00f9 evidenti. <br \/>In questa cornice l\u2019uomo-attore, regista e spettatore di s\u00e9, in qualche filamento del suo DNA, conserva ancora una diversa modalit\u00e0 di essere e pensare la natura, una specie di genio atavico pronto a riemergere prepotentemente all\u2019improvviso e ad amalgamarsi con l\u2019essenza contemporanea. <br \/>\u201cAtavismo: carattere ereditario che riappare in un individuo dopo essere stato assente per pi\u00f9 generazioni come effetto di una ricombinazione di geni che codificano per fenotipi recessivi. In particolare in botanica, \u00e8 tendenza delle piante ibride a tornare alla loro genetica primitiva dopo un numero indeterminato di generazioni\u201d. Tratto dal sito <a href=\"http:\/\/www.paroleinutili.it\/\">www.paroleinutili.it<\/a><\/p>\n<p>&nbsp;&nbsp;<\/p>\n<p class=\" \">Biblioteca Centro Cultura di Nembro <\/p>\n<p class=\" \">dal 9 aprile al 5 maggio 2010 <\/p>\n<p class=\" \">&nbsp;<\/p>\n<p class=\" \">Orari apertura:<br \/>Lun \u2013 14,00\/19,00<\/p>\n<p class=\" \">Mar \u2013 Gio&nbsp; 9,00\/12,30 _ 14,00\/19,00<\/p>\n<p class=\" \">Mer \u2013 Ven 9,00\/12,30 _ 14,00\/19,00 _ &nbsp;20,00\/22,30<\/p>\n<p class=\" \">Sab \u2013 9,00\/12,30 _ 14,00\/18,00<\/p>\n<p class=\" \">&nbsp;<\/p>\n<p class=\" \">Piazza Italia 24027 Nembro (Bg)<\/p>\n<p class=\" \">Tel 035 471370<\/p>\n<p class=\" \">biblioteca@nembro.net<\/p>\n<p class=\" \">http:\/\/biblioteca.nembro.net<\/p>\n<p><p>Aurora Scarpellini propone un percorso di ricerca iniziato nel 2006 trattando del rapporto uomo-natura, oggi pi\u00f9 che mai contrastato e oggetto di ampi dibattiti. <br \/>Dall\u2019antichit\u00e0 l\u2019uomo-attore si agita in una natura-palcoscenico in permanente trasformazione e interagisce con essa quasi da un punto privilegiato, esterno ed estraneo, contribuendo a definirne di volta in volta coordinate e limiti, linguaggi e formule. Forse per sopravvivenza, probabilmente per necessit\u00e0 o plausibilmente anche per divertimento, negli ultimi duecento anni le attivit\u00e0 di produzione di massa hanno superato esponenzialmente le attivit\u00e0 dei millenni precedenti, tanto che hanno aperto la strada ad alterazioni dell\u2019ambiente sempre pi\u00f9 evidenti. <br \/>In questa cornice l\u2019uomo-attore, regista e spettatore di s\u00e9, in qualche filamento del suo DNA, conserva ancora una diversa modalit\u00e0 di essere e pensare la natura, una specie di genio atavico pronto a riemergere prepotentemente all\u2019improvviso e ad amalgamarsi con l\u2019essenza contemporanea. <br \/>\u201cAtavismo: carattere ereditario che riappare in un individuo dopo essere stato assente per pi\u00f9 generazioni come effetto di una ricombinazione di geni che codificano per fenotipi recessivi. In particolare in botanica, \u00e8 tendenza delle piante ibride a tornare alla loro genetica primitiva dopo un numero indeterminato di generazioni\u201d. Tratto dal sito www.paroleinutili.it<\/p>\n<p>&nbsp;<\/p>\n<p>&nbsp;<\/p><\/p>\n","protected":false},"excerpt":{"rendered":"<p>Esposizione lavori su carta di Aurora Scarpellini<br \/>\nDal 9 aprile al 5 maggio 2010<br \/>\nInaugurazione venerd\u00ec 9 aprile ore 20,30 Ingresso libero<br \/>\nc\/o Sala Rovere, Biblioteca Centro Cultura di Nembro<\/p>\n","protected":false},"author":10,"featured_media":0,"comment_status":"open","ping_status":"open","sticky":false,"template":"","format":"standard","meta":{"cybocfi_hide_featured_image":"","footnotes":""},"categories":[27],"tags":[13315,13310,12014,13309,705,13313,13311,13314,12013,13312,904,12016,58,10589],"class_list":["post-4571","post","type-post","status-publish","format-standard","hentry","category-arte-e-cultura","tag-artificiale","tag-atavici","tag-aurora-scarpellini","tag-biblioteca-nembro","tag-dipinti","tag-dipinto","tag-disegni","tag-disegno","tag-esposizione","tag-fiore","tag-fiori","tag-florae-mentis","tag-natura","tag-naturale"],"yoast_head":"<!-- This site is optimized with the Yoast SEO plugin v27.0 - https:\/\/yoast.com\/product\/yoast-seo-wordpress\/ -->\n<title>ATAVICI_Esposizione lavori su carta di Aurora Scarpellini - Article Marketing<\/title>\n<meta name=\"robots\" content=\"index, follow, max-snippet:-1, max-image-preview:large, max-video-preview:-1\" \/>\n<link rel=\"canonical\" href=\"https:\/\/www.article-marketing.eu\/comunicati\/arte-e-cultura\/atavici_esposizione-lavori-su-carta-di-aurora-scarpellini\/\" \/>\n<meta property=\"og:locale\" content=\"it_IT\" \/>\n<meta property=\"og:type\" content=\"article\" \/>\n<meta property=\"og:title\" content=\"ATAVICI_Esposizione lavori su carta di Aurora Scarpellini - Article Marketing\" \/>\n<meta property=\"og:description\" content=\"Esposizione lavori su carta di Aurora Scarpellini Dal 9 aprile al 5 maggio 2010 Inaugurazione venerd\u00ec 9 aprile ore 20,30 Ingresso libero c\/o Sala Rovere, Biblioteca Centro Cultura di Nembro\" \/>\n<meta property=\"og:url\" content=\"https:\/\/www.article-marketing.eu\/comunicati\/arte-e-cultura\/atavici_esposizione-lavori-su-carta-di-aurora-scarpellini\/\" \/>\n<meta property=\"og:site_name\" content=\"Article Marketing\" \/>\n<meta property=\"article:published_time\" content=\"2010-03-30T22:11:13+00:00\" \/>\n<meta name=\"author\" content=\"Redazione Comunicati Stampa\" \/>\n<meta name=\"twitter:card\" content=\"summary_large_image\" \/>\n<meta name=\"twitter:label1\" content=\"Scritto da\" \/>\n\t<meta name=\"twitter:data1\" content=\"Redazione Comunicati Stampa\" \/>\n\t<meta name=\"twitter:label2\" content=\"Tempo di lettura stimato\" \/>\n\t<meta name=\"twitter:data2\" content=\"2 minuti\" \/>\n<script type=\"application\/ld+json\" class=\"yoast-schema-graph\">{\"@context\":\"https:\/\/schema.org\",\"@graph\":[{\"@type\":\"Article\",\"@id\":\"https:\/\/www.article-marketing.eu\/comunicati\/arte-e-cultura\/atavici_esposizione-lavori-su-carta-di-aurora-scarpellini\/#article\",\"isPartOf\":{\"@id\":\"https:\/\/www.article-marketing.eu\/comunicati\/arte-e-cultura\/atavici_esposizione-lavori-su-carta-di-aurora-scarpellini\/\"},\"author\":{\"name\":\"Redazione Comunicati Stampa\",\"@id\":\"https:\/\/www.article-marketing.eu\/comunicati\/#\/schema\/person\/44372e4d4d0fa797b18e03ed1ace9017\"},\"headline\":\"ATAVICI_Esposizione lavori su carta di Aurora Scarpellini\",\"datePublished\":\"2010-03-30T22:11:13+00:00\",\"mainEntityOfPage\":{\"@id\":\"https:\/\/www.article-marketing.eu\/comunicati\/arte-e-cultura\/atavici_esposizione-lavori-su-carta-di-aurora-scarpellini\/\"},\"wordCount\":445,\"commentCount\":0,\"keywords\":[\"artificiale\",\"atavici\",\"aurora scarpellini\",\"biblioteca nembro\",\"dipinti\",\"dipinto\",\"disegni\",\"disegno\",\"esposizione\",\"fiore\",\"fiori\",\"florae mentis\",\"natura\",\"naturale\"],\"articleSection\":[\"Arte e cultura\"],\"inLanguage\":\"it-IT\",\"potentialAction\":[{\"@type\":\"CommentAction\",\"name\":\"Comment\",\"target\":[\"https:\/\/www.article-marketing.eu\/comunicati\/arte-e-cultura\/atavici_esposizione-lavori-su-carta-di-aurora-scarpellini\/#respond\"]}]},{\"@type\":\"WebPage\",\"@id\":\"https:\/\/www.article-marketing.eu\/comunicati\/arte-e-cultura\/atavici_esposizione-lavori-su-carta-di-aurora-scarpellini\/\",\"url\":\"https:\/\/www.article-marketing.eu\/comunicati\/arte-e-cultura\/atavici_esposizione-lavori-su-carta-di-aurora-scarpellini\/\",\"name\":\"ATAVICI_Esposizione lavori su carta di Aurora Scarpellini - Article Marketing\",\"isPartOf\":{\"@id\":\"https:\/\/www.article-marketing.eu\/comunicati\/#website\"},\"datePublished\":\"2010-03-30T22:11:13+00:00\",\"author\":{\"@id\":\"https:\/\/www.article-marketing.eu\/comunicati\/#\/schema\/person\/44372e4d4d0fa797b18e03ed1ace9017\"},\"breadcrumb\":{\"@id\":\"https:\/\/www.article-marketing.eu\/comunicati\/arte-e-cultura\/atavici_esposizione-lavori-su-carta-di-aurora-scarpellini\/#breadcrumb\"},\"inLanguage\":\"it-IT\",\"potentialAction\":[{\"@type\":\"ReadAction\",\"target\":[\"https:\/\/www.article-marketing.eu\/comunicati\/arte-e-cultura\/atavici_esposizione-lavori-su-carta-di-aurora-scarpellini\/\"]}]},{\"@type\":\"BreadcrumbList\",\"@id\":\"https:\/\/www.article-marketing.eu\/comunicati\/arte-e-cultura\/atavici_esposizione-lavori-su-carta-di-aurora-scarpellini\/#breadcrumb\",\"itemListElement\":[{\"@type\":\"ListItem\",\"position\":1,\"name\":\"Home\",\"item\":\"https:\/\/www.article-marketing.eu\/comunicati\/\"},{\"@type\":\"ListItem\",\"position\":2,\"name\":\"ATAVICI_Esposizione lavori su carta di Aurora Scarpellini\"}]},{\"@type\":\"WebSite\",\"@id\":\"https:\/\/www.article-marketing.eu\/comunicati\/#website\",\"url\":\"https:\/\/www.article-marketing.eu\/comunicati\/\",\"name\":\"Article Marketing\",\"description\":\"article marketing &amp; press release\",\"potentialAction\":[{\"@type\":\"SearchAction\",\"target\":{\"@type\":\"EntryPoint\",\"urlTemplate\":\"https:\/\/www.article-marketing.eu\/comunicati\/?s={search_term_string}\"},\"query-input\":{\"@type\":\"PropertyValueSpecification\",\"valueRequired\":true,\"valueName\":\"search_term_string\"}}],\"inLanguage\":\"it-IT\"},{\"@type\":\"Person\",\"@id\":\"https:\/\/www.article-marketing.eu\/comunicati\/#\/schema\/person\/44372e4d4d0fa797b18e03ed1ace9017\",\"name\":\"Redazione Comunicati Stampa\",\"image\":{\"@type\":\"ImageObject\",\"inLanguage\":\"it-IT\",\"@id\":\"https:\/\/www.article-marketing.eu\/comunicati\/#\/schema\/person\/image\/\",\"url\":\"https:\/\/secure.gravatar.com\/avatar\/50e5c6421d3072f42e7ace803501602c60d75233d34e29fd05feb91c8760b792?s=96&d=mm&r=g\",\"contentUrl\":\"https:\/\/secure.gravatar.com\/avatar\/50e5c6421d3072f42e7ace803501602c60d75233d34e29fd05feb91c8760b792?s=96&d=mm&r=g\",\"caption\":\"Redazione Comunicati Stampa\"},\"url\":\"https:\/\/www.article-marketing.eu\/comunicati\/author\/redazione-comunicati-stampa\/\"}]}<\/script>\n<!-- \/ Yoast SEO plugin. -->","yoast_head_json":{"title":"ATAVICI_Esposizione lavori su carta di Aurora Scarpellini - Article Marketing","robots":{"index":"index","follow":"follow","max-snippet":"max-snippet:-1","max-image-preview":"max-image-preview:large","max-video-preview":"max-video-preview:-1"},"canonical":"https:\/\/www.article-marketing.eu\/comunicati\/arte-e-cultura\/atavici_esposizione-lavori-su-carta-di-aurora-scarpellini\/","og_locale":"it_IT","og_type":"article","og_title":"ATAVICI_Esposizione lavori su carta di Aurora Scarpellini - Article Marketing","og_description":"Esposizione lavori su carta di Aurora Scarpellini Dal 9 aprile al 5 maggio 2010 Inaugurazione venerd\u00ec 9 aprile ore 20,30 Ingresso libero c\/o Sala Rovere, Biblioteca Centro Cultura di Nembro","og_url":"https:\/\/www.article-marketing.eu\/comunicati\/arte-e-cultura\/atavici_esposizione-lavori-su-carta-di-aurora-scarpellini\/","og_site_name":"Article Marketing","article_published_time":"2010-03-30T22:11:13+00:00","author":"Redazione Comunicati Stampa","twitter_card":"summary_large_image","twitter_misc":{"Scritto da":"Redazione Comunicati Stampa","Tempo di lettura stimato":"2 minuti"},"schema":{"@context":"https:\/\/schema.org","@graph":[{"@type":"Article","@id":"https:\/\/www.article-marketing.eu\/comunicati\/arte-e-cultura\/atavici_esposizione-lavori-su-carta-di-aurora-scarpellini\/#article","isPartOf":{"@id":"https:\/\/www.article-marketing.eu\/comunicati\/arte-e-cultura\/atavici_esposizione-lavori-su-carta-di-aurora-scarpellini\/"},"author":{"name":"Redazione Comunicati Stampa","@id":"https:\/\/www.article-marketing.eu\/comunicati\/#\/schema\/person\/44372e4d4d0fa797b18e03ed1ace9017"},"headline":"ATAVICI_Esposizione lavori su carta di Aurora Scarpellini","datePublished":"2010-03-30T22:11:13+00:00","mainEntityOfPage":{"@id":"https:\/\/www.article-marketing.eu\/comunicati\/arte-e-cultura\/atavici_esposizione-lavori-su-carta-di-aurora-scarpellini\/"},"wordCount":445,"commentCount":0,"keywords":["artificiale","atavici","aurora scarpellini","biblioteca nembro","dipinti","dipinto","disegni","disegno","esposizione","fiore","fiori","florae mentis","natura","naturale"],"articleSection":["Arte e cultura"],"inLanguage":"it-IT","potentialAction":[{"@type":"CommentAction","name":"Comment","target":["https:\/\/www.article-marketing.eu\/comunicati\/arte-e-cultura\/atavici_esposizione-lavori-su-carta-di-aurora-scarpellini\/#respond"]}]},{"@type":"WebPage","@id":"https:\/\/www.article-marketing.eu\/comunicati\/arte-e-cultura\/atavici_esposizione-lavori-su-carta-di-aurora-scarpellini\/","url":"https:\/\/www.article-marketing.eu\/comunicati\/arte-e-cultura\/atavici_esposizione-lavori-su-carta-di-aurora-scarpellini\/","name":"ATAVICI_Esposizione lavori su carta di Aurora Scarpellini - Article Marketing","isPartOf":{"@id":"https:\/\/www.article-marketing.eu\/comunicati\/#website"},"datePublished":"2010-03-30T22:11:13+00:00","author":{"@id":"https:\/\/www.article-marketing.eu\/comunicati\/#\/schema\/person\/44372e4d4d0fa797b18e03ed1ace9017"},"breadcrumb":{"@id":"https:\/\/www.article-marketing.eu\/comunicati\/arte-e-cultura\/atavici_esposizione-lavori-su-carta-di-aurora-scarpellini\/#breadcrumb"},"inLanguage":"it-IT","potentialAction":[{"@type":"ReadAction","target":["https:\/\/www.article-marketing.eu\/comunicati\/arte-e-cultura\/atavici_esposizione-lavori-su-carta-di-aurora-scarpellini\/"]}]},{"@type":"BreadcrumbList","@id":"https:\/\/www.article-marketing.eu\/comunicati\/arte-e-cultura\/atavici_esposizione-lavori-su-carta-di-aurora-scarpellini\/#breadcrumb","itemListElement":[{"@type":"ListItem","position":1,"name":"Home","item":"https:\/\/www.article-marketing.eu\/comunicati\/"},{"@type":"ListItem","position":2,"name":"ATAVICI_Esposizione lavori su carta di Aurora Scarpellini"}]},{"@type":"WebSite","@id":"https:\/\/www.article-marketing.eu\/comunicati\/#website","url":"https:\/\/www.article-marketing.eu\/comunicati\/","name":"Article Marketing","description":"article marketing &amp; press release","potentialAction":[{"@type":"SearchAction","target":{"@type":"EntryPoint","urlTemplate":"https:\/\/www.article-marketing.eu\/comunicati\/?s={search_term_string}"},"query-input":{"@type":"PropertyValueSpecification","valueRequired":true,"valueName":"search_term_string"}}],"inLanguage":"it-IT"},{"@type":"Person","@id":"https:\/\/www.article-marketing.eu\/comunicati\/#\/schema\/person\/44372e4d4d0fa797b18e03ed1ace9017","name":"Redazione Comunicati Stampa","image":{"@type":"ImageObject","inLanguage":"it-IT","@id":"https:\/\/www.article-marketing.eu\/comunicati\/#\/schema\/person\/image\/","url":"https:\/\/secure.gravatar.com\/avatar\/50e5c6421d3072f42e7ace803501602c60d75233d34e29fd05feb91c8760b792?s=96&d=mm&r=g","contentUrl":"https:\/\/secure.gravatar.com\/avatar\/50e5c6421d3072f42e7ace803501602c60d75233d34e29fd05feb91c8760b792?s=96&d=mm&r=g","caption":"Redazione Comunicati Stampa"},"url":"https:\/\/www.article-marketing.eu\/comunicati\/author\/redazione-comunicati-stampa\/"}]}},"_links":{"self":[{"href":"https:\/\/www.article-marketing.eu\/comunicati\/wp-json\/wp\/v2\/posts\/4571","targetHints":{"allow":["GET"]}}],"collection":[{"href":"https:\/\/www.article-marketing.eu\/comunicati\/wp-json\/wp\/v2\/posts"}],"about":[{"href":"https:\/\/www.article-marketing.eu\/comunicati\/wp-json\/wp\/v2\/types\/post"}],"author":[{"embeddable":true,"href":"https:\/\/www.article-marketing.eu\/comunicati\/wp-json\/wp\/v2\/users\/10"}],"replies":[{"embeddable":true,"href":"https:\/\/www.article-marketing.eu\/comunicati\/wp-json\/wp\/v2\/comments?post=4571"}],"version-history":[{"count":0,"href":"https:\/\/www.article-marketing.eu\/comunicati\/wp-json\/wp\/v2\/posts\/4571\/revisions"}],"wp:attachment":[{"href":"https:\/\/www.article-marketing.eu\/comunicati\/wp-json\/wp\/v2\/media?parent=4571"}],"wp:term":[{"taxonomy":"category","embeddable":true,"href":"https:\/\/www.article-marketing.eu\/comunicati\/wp-json\/wp\/v2\/categories?post=4571"},{"taxonomy":"post_tag","embeddable":true,"href":"https:\/\/www.article-marketing.eu\/comunicati\/wp-json\/wp\/v2\/tags?post=4571"}],"curies":[{"name":"wp","href":"https:\/\/api.w.org\/{rel}","templated":true}]}}