{"id":45849,"date":"2014-12-11T17:03:21","date_gmt":"2014-12-11T16:03:21","guid":{"rendered":"http:\/\/www.article-marketing.eu\/comunicati\/senza-categoria\/maschio-gaspardo-macchine-agricole-ad-eima-2014\/"},"modified":"2014-12-11T17:03:21","modified_gmt":"2014-12-11T16:03:21","slug":"maschio-gaspardo-macchine-agricole-ad-eima-2014","status":"publish","type":"post","link":"https:\/\/www.article-marketing.eu\/comunicati\/comunicati-stampa\/eventi\/maschio-gaspardo-macchine-agricole-ad-eima-2014\/","title":{"rendered":"MASCHIO GASPARDO &#8211; macchine agricole &#8211; AD EIMA 2014"},"content":{"rendered":"<p>3.000 mq di stand espositivo. 70 <a href=\"http:\/\/www.maschionet.com\" target=\"_blank\" title=\"macchine agricole\"><strong>macchine agricole<\/strong><\/a> esposte. 7 i marchi presenti. E migliaia di visitatori incontrati presso lo stand.<br \/> Questi i numeri della partecipazione del Gruppo Maschio Gaspardo ad EIMA 2014, la Fiera internazionale dedicata al mondo dell&rsquo;agricoltura e del giardinaggio, che si &egrave; svolta a Bologna dal 12 al 16 novembre. Il Gruppo di Campodarsego (PD ha esposto i suoi prodotti top di gamma e le sue novit&agrave;, alcune in anteprima assoluta.Tra queste vi sono Unico, aratro entrosolco a parallelogramma, Talpa, nuovo interratore semovente per digestato, Shuttle Premium, carrobotte spandiliquame a 3 assi e Runner Premium, dumper a 3 assi, ed i nuovi decespugliatori Katia e Camilla.Non sono mancate poi le nuove versioni e rielaborazioni di macchine gi&agrave; appartenenti alla gamma Maschio Gaspardo, come la rotopressa Extreme 365 &ndash; HTU, nuova versione del celebre brevetto Feraboli, la seminatrice combinata Corona, ora anche in versione compatta da 3 metri, il coltivatore Dracula, nella nuova versione 4 metri, e molti altri prodotti, per un totale di 70 macchine esposte. <br \/>Uno stand che esprime il recente completamento della full line di prodotti per l&rsquo;agricoltura. Grazie alla sua politica di espansione ed acquisizioni, la Maschio Gaspardo &egrave; oggi in grado di rispondere a tutte le diverse esigenze agricole. <br \/>Un traguardo importante, proprio nell&rsquo;anno in cui il Gruppo festeggia il suo 50esimo anno di attivit&agrave;. Grazie all&#8217;impegno ed alla continua ricerca ed innovazione il Gruppo &egrave; riuscito ad affermarsi nel corso degli anni ed a conseguire traguardi prestigiosi sempre all&#8217;insegna della qualit&agrave; totale. <br \/>L&#8217;affidabilit&agrave; dimostrata dalle nostre macchine agricole nel corso del tempo ha accresciuto la popolarit&agrave; e la consapevolezza di una gamma di prodotti di assoluta eccellenza in grado di soddisfare quasi tutti gli impieghi in ambito agricolo e per la manutenzione del verde.<br \/>In cinquant&#8217;anni si &egrave; passati da una realt&agrave; locale basata sull&#8217;iniziativa familiare della famiglia Maschio alla gestione di un Gruppo Multinazionale in grado di competere a livello mondiale , un Gruppo che ha saputo consolidare nel mondo la propria immagine di solidit&agrave; e qualit&agrave; e che si prefigge di ampliare ulteriormente la propria identit&agrave; sui mercati.<br \/>Competenza e professionalit&agrave; costituiscono alcune delle priorit&agrave; aziendali che il Gruppo continua a perseguire per l&#8217;affermazione del brand sul mercato e per confermare il proprio ruolo di azienda di riferimento del settore. <br \/> Tanto infatti &egrave; passato da quel 1964, quando i fratelli Egidio e Giorgio Maschio costruirono artigianalmente la prima fresa. Da l&igrave;, il Gruppo ha fatto molta strada: oggi, impiega oltre 2.000 dipendenti in tutto il mondo, possiede 19 stabilimenti produttivi (di cui 4 all&rsquo;estero) e 12 filiali commerciali nel mondo.<br \/> Un lungo percorso di passione, tradizione e tecnologia.<\/p>\n","protected":false},"excerpt":{"rendered":"<p>Maschio Gaspardo ha presenziato all&#8217;EIMA la Fiera dell&#8217;agricoltura pi\u00f9 importante d&#8217;Italia che si \u00e8 tenuta a Bologna ed in occasione della quale ha esposto le ultime novit\u00e0 relativamente alla propria produzione di macchine agricole<\/p>\n","protected":false},"author":10,"featured_media":0,"comment_status":"open","ping_status":"open","sticky":false,"template":"","format":"standard","meta":{"cybocfi_hide_featured_image":"","footnotes":""},"categories":[388],"tags":[14282,49642],"class_list":["post-45849","post","type-post","status-publish","format-standard","hentry","category-eventi","tag-macchine-agricole","tag-manutenzione-del-verde"],"yoast_head":"<!-- This site is optimized with the Yoast SEO plugin v27.0 - https:\/\/yoast.com\/product\/yoast-seo-wordpress\/ -->\n<title>MASCHIO GASPARDO - macchine agricole - AD EIMA 2014 - Article Marketing<\/title>\n<meta name=\"robots\" content=\"index, follow, max-snippet:-1, max-image-preview:large, max-video-preview:-1\" \/>\n<link rel=\"canonical\" href=\"https:\/\/www.article-marketing.eu\/comunicati\/comunicati-stampa\/eventi\/maschio-gaspardo-macchine-agricole-ad-eima-2014\/\" \/>\n<meta property=\"og:locale\" content=\"it_IT\" \/>\n<meta property=\"og:type\" content=\"article\" \/>\n<meta property=\"og:title\" content=\"MASCHIO GASPARDO - macchine agricole - AD EIMA 2014 - Article Marketing\" \/>\n<meta property=\"og:description\" content=\"Maschio Gaspardo ha presenziato all&#039;EIMA la Fiera dell&#039;agricoltura pi\u00f9 importante d&#039;Italia che si \u00e8 tenuta a Bologna ed in occasione della quale ha esposto le ultime novit\u00e0 relativamente alla propria produzione di macchine agricole\" \/>\n<meta property=\"og:url\" content=\"https:\/\/www.article-marketing.eu\/comunicati\/comunicati-stampa\/eventi\/maschio-gaspardo-macchine-agricole-ad-eima-2014\/\" \/>\n<meta property=\"og:site_name\" content=\"Article Marketing\" \/>\n<meta property=\"article:published_time\" content=\"2014-12-11T16:03:21+00:00\" \/>\n<meta name=\"author\" content=\"Redazione Comunicati Stampa\" \/>\n<meta name=\"twitter:card\" content=\"summary_large_image\" \/>\n<meta name=\"twitter:label1\" content=\"Scritto da\" \/>\n\t<meta name=\"twitter:data1\" content=\"Redazione Comunicati Stampa\" \/>\n\t<meta name=\"twitter:label2\" content=\"Tempo di lettura stimato\" \/>\n\t<meta name=\"twitter:data2\" content=\"2 minuti\" \/>\n<script type=\"application\/ld+json\" class=\"yoast-schema-graph\">{\"@context\":\"https:\/\/schema.org\",\"@graph\":[{\"@type\":\"Article\",\"@id\":\"https:\/\/www.article-marketing.eu\/comunicati\/comunicati-stampa\/eventi\/maschio-gaspardo-macchine-agricole-ad-eima-2014\/#article\",\"isPartOf\":{\"@id\":\"https:\/\/www.article-marketing.eu\/comunicati\/comunicati-stampa\/eventi\/maschio-gaspardo-macchine-agricole-ad-eima-2014\/\"},\"author\":{\"name\":\"Redazione Comunicati Stampa\",\"@id\":\"https:\/\/www.article-marketing.eu\/comunicati\/#\/schema\/person\/44372e4d4d0fa797b18e03ed1ace9017\"},\"headline\":\"MASCHIO GASPARDO &#8211; macchine agricole &#8211; AD EIMA 2014\",\"datePublished\":\"2014-12-11T16:03:21+00:00\",\"mainEntityOfPage\":{\"@id\":\"https:\/\/www.article-marketing.eu\/comunicati\/comunicati-stampa\/eventi\/maschio-gaspardo-macchine-agricole-ad-eima-2014\/\"},\"wordCount\":452,\"commentCount\":0,\"keywords\":[\"macchine agricole\",\"manutenzione del verde\"],\"articleSection\":[\"Eventi\"],\"inLanguage\":\"it-IT\",\"potentialAction\":[{\"@type\":\"CommentAction\",\"name\":\"Comment\",\"target\":[\"https:\/\/www.article-marketing.eu\/comunicati\/comunicati-stampa\/eventi\/maschio-gaspardo-macchine-agricole-ad-eima-2014\/#respond\"]}]},{\"@type\":\"WebPage\",\"@id\":\"https:\/\/www.article-marketing.eu\/comunicati\/comunicati-stampa\/eventi\/maschio-gaspardo-macchine-agricole-ad-eima-2014\/\",\"url\":\"https:\/\/www.article-marketing.eu\/comunicati\/comunicati-stampa\/eventi\/maschio-gaspardo-macchine-agricole-ad-eima-2014\/\",\"name\":\"MASCHIO GASPARDO - macchine agricole - AD EIMA 2014 - Article Marketing\",\"isPartOf\":{\"@id\":\"https:\/\/www.article-marketing.eu\/comunicati\/#website\"},\"datePublished\":\"2014-12-11T16:03:21+00:00\",\"author\":{\"@id\":\"https:\/\/www.article-marketing.eu\/comunicati\/#\/schema\/person\/44372e4d4d0fa797b18e03ed1ace9017\"},\"breadcrumb\":{\"@id\":\"https:\/\/www.article-marketing.eu\/comunicati\/comunicati-stampa\/eventi\/maschio-gaspardo-macchine-agricole-ad-eima-2014\/#breadcrumb\"},\"inLanguage\":\"it-IT\",\"potentialAction\":[{\"@type\":\"ReadAction\",\"target\":[\"https:\/\/www.article-marketing.eu\/comunicati\/comunicati-stampa\/eventi\/maschio-gaspardo-macchine-agricole-ad-eima-2014\/\"]}]},{\"@type\":\"BreadcrumbList\",\"@id\":\"https:\/\/www.article-marketing.eu\/comunicati\/comunicati-stampa\/eventi\/maschio-gaspardo-macchine-agricole-ad-eima-2014\/#breadcrumb\",\"itemListElement\":[{\"@type\":\"ListItem\",\"position\":1,\"name\":\"Home\",\"item\":\"https:\/\/www.article-marketing.eu\/comunicati\/\"},{\"@type\":\"ListItem\",\"position\":2,\"name\":\"MASCHIO GASPARDO &#8211; macchine agricole &#8211; AD EIMA 2014\"}]},{\"@type\":\"WebSite\",\"@id\":\"https:\/\/www.article-marketing.eu\/comunicati\/#website\",\"url\":\"https:\/\/www.article-marketing.eu\/comunicati\/\",\"name\":\"Article Marketing\",\"description\":\"article marketing &amp; press release\",\"potentialAction\":[{\"@type\":\"SearchAction\",\"target\":{\"@type\":\"EntryPoint\",\"urlTemplate\":\"https:\/\/www.article-marketing.eu\/comunicati\/?s={search_term_string}\"},\"query-input\":{\"@type\":\"PropertyValueSpecification\",\"valueRequired\":true,\"valueName\":\"search_term_string\"}}],\"inLanguage\":\"it-IT\"},{\"@type\":\"Person\",\"@id\":\"https:\/\/www.article-marketing.eu\/comunicati\/#\/schema\/person\/44372e4d4d0fa797b18e03ed1ace9017\",\"name\":\"Redazione Comunicati Stampa\",\"image\":{\"@type\":\"ImageObject\",\"inLanguage\":\"it-IT\",\"@id\":\"https:\/\/www.article-marketing.eu\/comunicati\/#\/schema\/person\/image\/\",\"url\":\"https:\/\/secure.gravatar.com\/avatar\/50e5c6421d3072f42e7ace803501602c60d75233d34e29fd05feb91c8760b792?s=96&d=mm&r=g\",\"contentUrl\":\"https:\/\/secure.gravatar.com\/avatar\/50e5c6421d3072f42e7ace803501602c60d75233d34e29fd05feb91c8760b792?s=96&d=mm&r=g\",\"caption\":\"Redazione Comunicati Stampa\"},\"url\":\"https:\/\/www.article-marketing.eu\/comunicati\/author\/redazione-comunicati-stampa\/\"}]}<\/script>\n<!-- \/ Yoast SEO plugin. -->","yoast_head_json":{"title":"MASCHIO GASPARDO - macchine agricole - AD EIMA 2014 - Article Marketing","robots":{"index":"index","follow":"follow","max-snippet":"max-snippet:-1","max-image-preview":"max-image-preview:large","max-video-preview":"max-video-preview:-1"},"canonical":"https:\/\/www.article-marketing.eu\/comunicati\/comunicati-stampa\/eventi\/maschio-gaspardo-macchine-agricole-ad-eima-2014\/","og_locale":"it_IT","og_type":"article","og_title":"MASCHIO GASPARDO - macchine agricole - AD EIMA 2014 - Article Marketing","og_description":"Maschio Gaspardo ha presenziato all'EIMA la Fiera dell'agricoltura pi\u00f9 importante d'Italia che si \u00e8 tenuta a Bologna ed in occasione della quale ha esposto le ultime novit\u00e0 relativamente alla propria produzione di macchine agricole","og_url":"https:\/\/www.article-marketing.eu\/comunicati\/comunicati-stampa\/eventi\/maschio-gaspardo-macchine-agricole-ad-eima-2014\/","og_site_name":"Article Marketing","article_published_time":"2014-12-11T16:03:21+00:00","author":"Redazione Comunicati Stampa","twitter_card":"summary_large_image","twitter_misc":{"Scritto da":"Redazione Comunicati Stampa","Tempo di lettura stimato":"2 minuti"},"schema":{"@context":"https:\/\/schema.org","@graph":[{"@type":"Article","@id":"https:\/\/www.article-marketing.eu\/comunicati\/comunicati-stampa\/eventi\/maschio-gaspardo-macchine-agricole-ad-eima-2014\/#article","isPartOf":{"@id":"https:\/\/www.article-marketing.eu\/comunicati\/comunicati-stampa\/eventi\/maschio-gaspardo-macchine-agricole-ad-eima-2014\/"},"author":{"name":"Redazione Comunicati Stampa","@id":"https:\/\/www.article-marketing.eu\/comunicati\/#\/schema\/person\/44372e4d4d0fa797b18e03ed1ace9017"},"headline":"MASCHIO GASPARDO &#8211; macchine agricole &#8211; AD EIMA 2014","datePublished":"2014-12-11T16:03:21+00:00","mainEntityOfPage":{"@id":"https:\/\/www.article-marketing.eu\/comunicati\/comunicati-stampa\/eventi\/maschio-gaspardo-macchine-agricole-ad-eima-2014\/"},"wordCount":452,"commentCount":0,"keywords":["macchine agricole","manutenzione del verde"],"articleSection":["Eventi"],"inLanguage":"it-IT","potentialAction":[{"@type":"CommentAction","name":"Comment","target":["https:\/\/www.article-marketing.eu\/comunicati\/comunicati-stampa\/eventi\/maschio-gaspardo-macchine-agricole-ad-eima-2014\/#respond"]}]},{"@type":"WebPage","@id":"https:\/\/www.article-marketing.eu\/comunicati\/comunicati-stampa\/eventi\/maschio-gaspardo-macchine-agricole-ad-eima-2014\/","url":"https:\/\/www.article-marketing.eu\/comunicati\/comunicati-stampa\/eventi\/maschio-gaspardo-macchine-agricole-ad-eima-2014\/","name":"MASCHIO GASPARDO - macchine agricole - AD EIMA 2014 - Article Marketing","isPartOf":{"@id":"https:\/\/www.article-marketing.eu\/comunicati\/#website"},"datePublished":"2014-12-11T16:03:21+00:00","author":{"@id":"https:\/\/www.article-marketing.eu\/comunicati\/#\/schema\/person\/44372e4d4d0fa797b18e03ed1ace9017"},"breadcrumb":{"@id":"https:\/\/www.article-marketing.eu\/comunicati\/comunicati-stampa\/eventi\/maschio-gaspardo-macchine-agricole-ad-eima-2014\/#breadcrumb"},"inLanguage":"it-IT","potentialAction":[{"@type":"ReadAction","target":["https:\/\/www.article-marketing.eu\/comunicati\/comunicati-stampa\/eventi\/maschio-gaspardo-macchine-agricole-ad-eima-2014\/"]}]},{"@type":"BreadcrumbList","@id":"https:\/\/www.article-marketing.eu\/comunicati\/comunicati-stampa\/eventi\/maschio-gaspardo-macchine-agricole-ad-eima-2014\/#breadcrumb","itemListElement":[{"@type":"ListItem","position":1,"name":"Home","item":"https:\/\/www.article-marketing.eu\/comunicati\/"},{"@type":"ListItem","position":2,"name":"MASCHIO GASPARDO &#8211; macchine agricole &#8211; AD EIMA 2014"}]},{"@type":"WebSite","@id":"https:\/\/www.article-marketing.eu\/comunicati\/#website","url":"https:\/\/www.article-marketing.eu\/comunicati\/","name":"Article Marketing","description":"article marketing &amp; press release","potentialAction":[{"@type":"SearchAction","target":{"@type":"EntryPoint","urlTemplate":"https:\/\/www.article-marketing.eu\/comunicati\/?s={search_term_string}"},"query-input":{"@type":"PropertyValueSpecification","valueRequired":true,"valueName":"search_term_string"}}],"inLanguage":"it-IT"},{"@type":"Person","@id":"https:\/\/www.article-marketing.eu\/comunicati\/#\/schema\/person\/44372e4d4d0fa797b18e03ed1ace9017","name":"Redazione Comunicati Stampa","image":{"@type":"ImageObject","inLanguage":"it-IT","@id":"https:\/\/www.article-marketing.eu\/comunicati\/#\/schema\/person\/image\/","url":"https:\/\/secure.gravatar.com\/avatar\/50e5c6421d3072f42e7ace803501602c60d75233d34e29fd05feb91c8760b792?s=96&d=mm&r=g","contentUrl":"https:\/\/secure.gravatar.com\/avatar\/50e5c6421d3072f42e7ace803501602c60d75233d34e29fd05feb91c8760b792?s=96&d=mm&r=g","caption":"Redazione Comunicati Stampa"},"url":"https:\/\/www.article-marketing.eu\/comunicati\/author\/redazione-comunicati-stampa\/"}]}},"_links":{"self":[{"href":"https:\/\/www.article-marketing.eu\/comunicati\/wp-json\/wp\/v2\/posts\/45849","targetHints":{"allow":["GET"]}}],"collection":[{"href":"https:\/\/www.article-marketing.eu\/comunicati\/wp-json\/wp\/v2\/posts"}],"about":[{"href":"https:\/\/www.article-marketing.eu\/comunicati\/wp-json\/wp\/v2\/types\/post"}],"author":[{"embeddable":true,"href":"https:\/\/www.article-marketing.eu\/comunicati\/wp-json\/wp\/v2\/users\/10"}],"replies":[{"embeddable":true,"href":"https:\/\/www.article-marketing.eu\/comunicati\/wp-json\/wp\/v2\/comments?post=45849"}],"version-history":[{"count":0,"href":"https:\/\/www.article-marketing.eu\/comunicati\/wp-json\/wp\/v2\/posts\/45849\/revisions"}],"wp:attachment":[{"href":"https:\/\/www.article-marketing.eu\/comunicati\/wp-json\/wp\/v2\/media?parent=45849"}],"wp:term":[{"taxonomy":"category","embeddable":true,"href":"https:\/\/www.article-marketing.eu\/comunicati\/wp-json\/wp\/v2\/categories?post=45849"},{"taxonomy":"post_tag","embeddable":true,"href":"https:\/\/www.article-marketing.eu\/comunicati\/wp-json\/wp\/v2\/tags?post=45849"}],"curies":[{"name":"wp","href":"https:\/\/api.w.org\/{rel}","templated":true}]}}