{"id":45957,"date":"2014-12-17T16:04:45","date_gmt":"2014-12-17T15:04:45","guid":{"rendered":"http:\/\/www.article-marketing.eu\/comunicati\/senza-categoria\/amapola-al-fianco-della-centrale-del-latte-di-alessandria-e-asti-per-comunicare-valori-e-azioni-sostenibili\/"},"modified":"2014-12-17T16:04:45","modified_gmt":"2014-12-17T15:04:45","slug":"amapola-al-fianco-della-centrale-del-latte-di-alessandria-e-asti-per-comunicare-valori-e-azioni-sostenibili","status":"publish","type":"post","link":"https:\/\/www.article-marketing.eu\/comunicati\/economia-e-lavoro\/aziende\/amapola-al-fianco-della-centrale-del-latte-di-alessandria-e-asti-per-comunicare-valori-e-azioni-sostenibili\/","title":{"rendered":"Amapola al fianco della Centrale del Latte di Alessandria e Asti  per comunicare valori e azioni sostenibili"},"content":{"rendered":"<p>L&rsquo;azienda casearia del nord-ovest ha deciso di rinnovare la sua immagine e oggi si presenta sugli scaffali con nuove etichette e nuovi brik della gamma latte. Questo traguardo &egrave; il punto di arrivo di un lungo percorso che ha visto Amapola condurre uno studio sulla comunicazione di mercato, organizzare focus group con i consumatori e gli esercenti commerciali e realizzare interviste individuali ai distributori dell&#8217;azienda. Al termine di questa <strong>campagna di ascolto<\/strong> sono emersi gli spunti e gli indirizzi utili a ridefinire la &#8216;veste&#8217; delle bottiglie e dei cartoni di latte fresco, distribuiti in tutti i punti di vendita del territorio. Con il coordinamento strategico di <strong>Amapola<\/strong> e l&#8217;art direction di <strong>Tomaso Serloreti <\/strong>il logo, il marchio e il packaging sono stati completamenti rinnovati, per raccontare al meglio cosa &ldquo;<em>sta dietro&rdquo;<\/em> a una bottiglia di latte della Centrale di Alessandria e Asti:  la filiera corta che avvicina il lavoro quotidiano di allevatori, trasformatori e distributori, le analisi e i controlli di qualit&agrave; dei laboratori e la soddisfazione delle richieste dei consumatori, sempre pi&ugrave; esigenti e attenti alla sostenibilit&agrave; dei prodotti. &nbsp; &ldquo;<em>L&#8217;impegno al<\/em><em> fianco della Centrale del Latte di Alessandria e Asti<\/em> &ndash; sottolinea <strong>Sergio Vazzoler, partner di Amapola<\/strong> &ndash; <em>riassume bene i valori e le buone pratiche a cui ci ispiriamo per svolgere al meglio il nostro lavoro. Per noi comunicare la sostenibilit&agrave; vuol dire valorizzare i benefici sociali e ambientali senza esagerazioni o opacit&agrave;, dialogare e interagire con gli stakeholder in modo da capirli, soddisfarli ma allo stesso tempo responsabilizzarli sugli impegni condivisi, evitare ogni rischio di greenwashing o scorciatoie di pura immagine<\/em>&rdquo;. &nbsp; Proprio l&#8217;attenzione alla sostenibilit&agrave; rende la Centrale del Latte di Alessandria e Asti un interlocutore privilegiato nel settore caseario del nord ovest. L&#8217;impegno dell&#8217;azienda in tale direzione si concretizza negli sforzi quotidiani per assicurare la <strong>sicurezza alimentare del prodotto<\/strong> e il <strong>rispetto della natura e dell&rsquo;ambiente<\/strong> e nel farsi carico delle <strong>istanze sociali del territorio.<\/strong> &nbsp; Questa scelta convinta a favore della sostenibilit&agrave; da oggi sar&agrave; ancora pi&ugrave; tangibile: <strong>i nuovi &ldquo;brik&rdquo;<\/strong> <strong>del latte fresco sono realizzati, infatti, con<\/strong> <strong>cartone FSC &ldquo;duplex&rdquo;<\/strong> e cellulosa proveniente unicamente da foreste gestite in modo responsabile. I nuovi cartoni sono prodotti evitando l&rsquo;utilizzo di cloro e garantiscono maggior sicurezza al latte grazie a una rinforzata barriera alla luce e all&rsquo;aria.  Nell&rsquo;ultimo triennio, la Centrale ha investito in <strong>innovazione tecnologica<\/strong> oltre <strong>2,6 milioni di euro<\/strong>, perseguendo obiettivi di efficienza e sostenibilit&agrave; delle produzioni, di cui i nuovi &ldquo;brik&rdquo; sono un esempio. &nbsp;<br \/>\nTutte le novit&agrave; si trovano raccolte sul sito web <a href=\"http:\/\/www.iltuolatte.it\/\" class=\"western\">iltuolatte.it<\/a> <strong><br \/><\/strong> &nbsp; &nbsp; &nbsp; &nbsp;<br \/>\n&nbsp;<br \/>\n<em><strong>La Centrale del Latte di Alessandria e Asti<\/strong><\/em><br \/>\nNel 2013 la Centrale del Latte di Alessandria e Asti ha realizzato oltre <strong>30 milioni di euro di ricavi netti<\/strong>, garantendo occupazione e sostegno economico a <strong>oltre 50 dipendenti<\/strong> e a una rete di oltre <strong>60 distributori<\/strong> e <strong>3 concessionari<\/strong> (oltre a tutti i lavoratori dell&rsquo;indotto nell&rsquo;ambito della filiera per l&rsquo;allevamento e la raccolta). Oggi la <strong>compagine societaria<\/strong> &egrave; cos&igrave; suddivisa: oltre l&rsquo;88% delle quote &egrave; suddiviso tra la cooperativa produttori e 9 allevatori e produttori, poco oltre il 10% &egrave; detenuto dal Comune di Alessandria e una percentuale di poco superiore all&rsquo;1% &egrave; detenuta dal Comune di Novi Ligure e dalla Banca Popolare di Milano.<\/p>\n","protected":false},"excerpt":{"rendered":"<p>Amapola, agenzia di comunicazione specializzata sui temi della sostenibilit\u00e0, ha firmato la campagna di comunicazione e lancio della nuova idendit\u00e0 di marca della Centrale del Latte di Alessandria e Asti, Societ\u00e0 per Azioni che ha sede e stabilimento di produzione ad Alessandria con una filiera che lavora e vende circa 15 milioni di litri di latte fresco e panna all&#8217;anno e distribuisce circa 400 diversi prodotti.<\/p>\n","protected":false},"author":10,"featured_media":0,"comment_status":"open","ping_status":"open","sticky":false,"template":"","format":"standard","meta":{"cybocfi_hide_featured_image":"","footnotes":""},"categories":[129],"tags":[49961,2023,30064,12246,3451],"class_list":["post-45957","post","type-post","status-publish","format-standard","hentry","category-aziende","tag-centrale-del-latte-alessandria-e-asti","tag-immagine","tag-latte","tag-logo","tag-marchio"],"yoast_head":"<!-- This site is optimized with the Yoast SEO plugin v27.0 - https:\/\/yoast.com\/product\/yoast-seo-wordpress\/ -->\n<title>Amapola al fianco della Centrale del Latte di Alessandria e Asti per comunicare valori e azioni sostenibili - Article Marketing<\/title>\n<meta name=\"robots\" content=\"index, follow, max-snippet:-1, max-image-preview:large, max-video-preview:-1\" \/>\n<link rel=\"canonical\" href=\"https:\/\/www.article-marketing.eu\/comunicati\/economia-e-lavoro\/aziende\/amapola-al-fianco-della-centrale-del-latte-di-alessandria-e-asti-per-comunicare-valori-e-azioni-sostenibili\/\" \/>\n<meta property=\"og:locale\" content=\"it_IT\" \/>\n<meta property=\"og:type\" content=\"article\" \/>\n<meta property=\"og:title\" content=\"Amapola al fianco della Centrale del Latte di Alessandria e Asti per comunicare valori e azioni sostenibili - Article Marketing\" \/>\n<meta property=\"og:description\" content=\"Amapola, agenzia di comunicazione specializzata sui temi della sostenibilit\u00e0, ha firmato la campagna di comunicazione e lancio della nuova idendit\u00e0 di marca della Centrale del Latte di Alessandria e Asti, Societ\u00e0 per Azioni che ha sede e stabilimento di produzione ad Alessandria con una filiera che lavora e vende circa 15 milioni di litri di latte fresco e panna all&#039;anno e distribuisce circa 400 diversi prodotti.\" \/>\n<meta property=\"og:url\" content=\"https:\/\/www.article-marketing.eu\/comunicati\/economia-e-lavoro\/aziende\/amapola-al-fianco-della-centrale-del-latte-di-alessandria-e-asti-per-comunicare-valori-e-azioni-sostenibili\/\" \/>\n<meta property=\"og:site_name\" content=\"Article Marketing\" \/>\n<meta property=\"article:published_time\" content=\"2014-12-17T15:04:45+00:00\" \/>\n<meta name=\"author\" content=\"Redazione Comunicati Stampa\" \/>\n<meta name=\"twitter:card\" content=\"summary_large_image\" \/>\n<meta name=\"twitter:label1\" content=\"Scritto da\" \/>\n\t<meta name=\"twitter:data1\" content=\"Redazione Comunicati Stampa\" \/>\n\t<meta name=\"twitter:label2\" content=\"Tempo di lettura stimato\" \/>\n\t<meta name=\"twitter:data2\" content=\"3 minuti\" \/>\n<script type=\"application\/ld+json\" class=\"yoast-schema-graph\">{\"@context\":\"https:\/\/schema.org\",\"@graph\":[{\"@type\":\"Article\",\"@id\":\"https:\/\/www.article-marketing.eu\/comunicati\/economia-e-lavoro\/aziende\/amapola-al-fianco-della-centrale-del-latte-di-alessandria-e-asti-per-comunicare-valori-e-azioni-sostenibili\/#article\",\"isPartOf\":{\"@id\":\"https:\/\/www.article-marketing.eu\/comunicati\/economia-e-lavoro\/aziende\/amapola-al-fianco-della-centrale-del-latte-di-alessandria-e-asti-per-comunicare-valori-e-azioni-sostenibili\/\"},\"author\":{\"name\":\"Redazione Comunicati Stampa\",\"@id\":\"https:\/\/www.article-marketing.eu\/comunicati\/#\/schema\/person\/44372e4d4d0fa797b18e03ed1ace9017\"},\"headline\":\"Amapola al fianco della Centrale del Latte di Alessandria e Asti per comunicare valori e azioni sostenibili\",\"datePublished\":\"2014-12-17T15:04:45+00:00\",\"mainEntityOfPage\":{\"@id\":\"https:\/\/www.article-marketing.eu\/comunicati\/economia-e-lavoro\/aziende\/amapola-al-fianco-della-centrale-del-latte-di-alessandria-e-asti-per-comunicare-valori-e-azioni-sostenibili\/\"},\"wordCount\":592,\"commentCount\":0,\"keywords\":[\"Centrale del Latte Alessandria e Asti\",\"immagine\",\"latte\",\"logo\",\"marchio\"],\"articleSection\":[\"Aziende\"],\"inLanguage\":\"it-IT\",\"potentialAction\":[{\"@type\":\"CommentAction\",\"name\":\"Comment\",\"target\":[\"https:\/\/www.article-marketing.eu\/comunicati\/economia-e-lavoro\/aziende\/amapola-al-fianco-della-centrale-del-latte-di-alessandria-e-asti-per-comunicare-valori-e-azioni-sostenibili\/#respond\"]}]},{\"@type\":\"WebPage\",\"@id\":\"https:\/\/www.article-marketing.eu\/comunicati\/economia-e-lavoro\/aziende\/amapola-al-fianco-della-centrale-del-latte-di-alessandria-e-asti-per-comunicare-valori-e-azioni-sostenibili\/\",\"url\":\"https:\/\/www.article-marketing.eu\/comunicati\/economia-e-lavoro\/aziende\/amapola-al-fianco-della-centrale-del-latte-di-alessandria-e-asti-per-comunicare-valori-e-azioni-sostenibili\/\",\"name\":\"Amapola al fianco della Centrale del Latte di Alessandria e Asti per comunicare valori e azioni sostenibili - Article Marketing\",\"isPartOf\":{\"@id\":\"https:\/\/www.article-marketing.eu\/comunicati\/#website\"},\"datePublished\":\"2014-12-17T15:04:45+00:00\",\"author\":{\"@id\":\"https:\/\/www.article-marketing.eu\/comunicati\/#\/schema\/person\/44372e4d4d0fa797b18e03ed1ace9017\"},\"breadcrumb\":{\"@id\":\"https:\/\/www.article-marketing.eu\/comunicati\/economia-e-lavoro\/aziende\/amapola-al-fianco-della-centrale-del-latte-di-alessandria-e-asti-per-comunicare-valori-e-azioni-sostenibili\/#breadcrumb\"},\"inLanguage\":\"it-IT\",\"potentialAction\":[{\"@type\":\"ReadAction\",\"target\":[\"https:\/\/www.article-marketing.eu\/comunicati\/economia-e-lavoro\/aziende\/amapola-al-fianco-della-centrale-del-latte-di-alessandria-e-asti-per-comunicare-valori-e-azioni-sostenibili\/\"]}]},{\"@type\":\"BreadcrumbList\",\"@id\":\"https:\/\/www.article-marketing.eu\/comunicati\/economia-e-lavoro\/aziende\/amapola-al-fianco-della-centrale-del-latte-di-alessandria-e-asti-per-comunicare-valori-e-azioni-sostenibili\/#breadcrumb\",\"itemListElement\":[{\"@type\":\"ListItem\",\"position\":1,\"name\":\"Home\",\"item\":\"https:\/\/www.article-marketing.eu\/comunicati\/\"},{\"@type\":\"ListItem\",\"position\":2,\"name\":\"Amapola al fianco della Centrale del Latte di Alessandria e Asti per comunicare valori e azioni sostenibili\"}]},{\"@type\":\"WebSite\",\"@id\":\"https:\/\/www.article-marketing.eu\/comunicati\/#website\",\"url\":\"https:\/\/www.article-marketing.eu\/comunicati\/\",\"name\":\"Article Marketing\",\"description\":\"article marketing &amp; press release\",\"potentialAction\":[{\"@type\":\"SearchAction\",\"target\":{\"@type\":\"EntryPoint\",\"urlTemplate\":\"https:\/\/www.article-marketing.eu\/comunicati\/?s={search_term_string}\"},\"query-input\":{\"@type\":\"PropertyValueSpecification\",\"valueRequired\":true,\"valueName\":\"search_term_string\"}}],\"inLanguage\":\"it-IT\"},{\"@type\":\"Person\",\"@id\":\"https:\/\/www.article-marketing.eu\/comunicati\/#\/schema\/person\/44372e4d4d0fa797b18e03ed1ace9017\",\"name\":\"Redazione Comunicati Stampa\",\"image\":{\"@type\":\"ImageObject\",\"inLanguage\":\"it-IT\",\"@id\":\"https:\/\/www.article-marketing.eu\/comunicati\/#\/schema\/person\/image\/\",\"url\":\"https:\/\/secure.gravatar.com\/avatar\/50e5c6421d3072f42e7ace803501602c60d75233d34e29fd05feb91c8760b792?s=96&d=mm&r=g\",\"contentUrl\":\"https:\/\/secure.gravatar.com\/avatar\/50e5c6421d3072f42e7ace803501602c60d75233d34e29fd05feb91c8760b792?s=96&d=mm&r=g\",\"caption\":\"Redazione Comunicati Stampa\"},\"url\":\"https:\/\/www.article-marketing.eu\/comunicati\/author\/redazione-comunicati-stampa\/\"}]}<\/script>\n<!-- \/ Yoast SEO plugin. -->","yoast_head_json":{"title":"Amapola al fianco della Centrale del Latte di Alessandria e Asti per comunicare valori e azioni sostenibili - Article Marketing","robots":{"index":"index","follow":"follow","max-snippet":"max-snippet:-1","max-image-preview":"max-image-preview:large","max-video-preview":"max-video-preview:-1"},"canonical":"https:\/\/www.article-marketing.eu\/comunicati\/economia-e-lavoro\/aziende\/amapola-al-fianco-della-centrale-del-latte-di-alessandria-e-asti-per-comunicare-valori-e-azioni-sostenibili\/","og_locale":"it_IT","og_type":"article","og_title":"Amapola al fianco della Centrale del Latte di Alessandria e Asti per comunicare valori e azioni sostenibili - Article Marketing","og_description":"Amapola, agenzia di comunicazione specializzata sui temi della sostenibilit\u00e0, ha firmato la campagna di comunicazione e lancio della nuova idendit\u00e0 di marca della Centrale del Latte di Alessandria e Asti, Societ\u00e0 per Azioni che ha sede e stabilimento di produzione ad Alessandria con una filiera che lavora e vende circa 15 milioni di litri di latte fresco e panna all'anno e distribuisce circa 400 diversi prodotti.","og_url":"https:\/\/www.article-marketing.eu\/comunicati\/economia-e-lavoro\/aziende\/amapola-al-fianco-della-centrale-del-latte-di-alessandria-e-asti-per-comunicare-valori-e-azioni-sostenibili\/","og_site_name":"Article Marketing","article_published_time":"2014-12-17T15:04:45+00:00","author":"Redazione Comunicati Stampa","twitter_card":"summary_large_image","twitter_misc":{"Scritto da":"Redazione Comunicati Stampa","Tempo di lettura stimato":"3 minuti"},"schema":{"@context":"https:\/\/schema.org","@graph":[{"@type":"Article","@id":"https:\/\/www.article-marketing.eu\/comunicati\/economia-e-lavoro\/aziende\/amapola-al-fianco-della-centrale-del-latte-di-alessandria-e-asti-per-comunicare-valori-e-azioni-sostenibili\/#article","isPartOf":{"@id":"https:\/\/www.article-marketing.eu\/comunicati\/economia-e-lavoro\/aziende\/amapola-al-fianco-della-centrale-del-latte-di-alessandria-e-asti-per-comunicare-valori-e-azioni-sostenibili\/"},"author":{"name":"Redazione Comunicati Stampa","@id":"https:\/\/www.article-marketing.eu\/comunicati\/#\/schema\/person\/44372e4d4d0fa797b18e03ed1ace9017"},"headline":"Amapola al fianco della Centrale del Latte di Alessandria e Asti per comunicare valori e azioni sostenibili","datePublished":"2014-12-17T15:04:45+00:00","mainEntityOfPage":{"@id":"https:\/\/www.article-marketing.eu\/comunicati\/economia-e-lavoro\/aziende\/amapola-al-fianco-della-centrale-del-latte-di-alessandria-e-asti-per-comunicare-valori-e-azioni-sostenibili\/"},"wordCount":592,"commentCount":0,"keywords":["Centrale del Latte Alessandria e Asti","immagine","latte","logo","marchio"],"articleSection":["Aziende"],"inLanguage":"it-IT","potentialAction":[{"@type":"CommentAction","name":"Comment","target":["https:\/\/www.article-marketing.eu\/comunicati\/economia-e-lavoro\/aziende\/amapola-al-fianco-della-centrale-del-latte-di-alessandria-e-asti-per-comunicare-valori-e-azioni-sostenibili\/#respond"]}]},{"@type":"WebPage","@id":"https:\/\/www.article-marketing.eu\/comunicati\/economia-e-lavoro\/aziende\/amapola-al-fianco-della-centrale-del-latte-di-alessandria-e-asti-per-comunicare-valori-e-azioni-sostenibili\/","url":"https:\/\/www.article-marketing.eu\/comunicati\/economia-e-lavoro\/aziende\/amapola-al-fianco-della-centrale-del-latte-di-alessandria-e-asti-per-comunicare-valori-e-azioni-sostenibili\/","name":"Amapola al fianco della Centrale del Latte di Alessandria e Asti per comunicare valori e azioni sostenibili - Article Marketing","isPartOf":{"@id":"https:\/\/www.article-marketing.eu\/comunicati\/#website"},"datePublished":"2014-12-17T15:04:45+00:00","author":{"@id":"https:\/\/www.article-marketing.eu\/comunicati\/#\/schema\/person\/44372e4d4d0fa797b18e03ed1ace9017"},"breadcrumb":{"@id":"https:\/\/www.article-marketing.eu\/comunicati\/economia-e-lavoro\/aziende\/amapola-al-fianco-della-centrale-del-latte-di-alessandria-e-asti-per-comunicare-valori-e-azioni-sostenibili\/#breadcrumb"},"inLanguage":"it-IT","potentialAction":[{"@type":"ReadAction","target":["https:\/\/www.article-marketing.eu\/comunicati\/economia-e-lavoro\/aziende\/amapola-al-fianco-della-centrale-del-latte-di-alessandria-e-asti-per-comunicare-valori-e-azioni-sostenibili\/"]}]},{"@type":"BreadcrumbList","@id":"https:\/\/www.article-marketing.eu\/comunicati\/economia-e-lavoro\/aziende\/amapola-al-fianco-della-centrale-del-latte-di-alessandria-e-asti-per-comunicare-valori-e-azioni-sostenibili\/#breadcrumb","itemListElement":[{"@type":"ListItem","position":1,"name":"Home","item":"https:\/\/www.article-marketing.eu\/comunicati\/"},{"@type":"ListItem","position":2,"name":"Amapola al fianco della Centrale del Latte di Alessandria e Asti per comunicare valori e azioni sostenibili"}]},{"@type":"WebSite","@id":"https:\/\/www.article-marketing.eu\/comunicati\/#website","url":"https:\/\/www.article-marketing.eu\/comunicati\/","name":"Article Marketing","description":"article marketing &amp; press release","potentialAction":[{"@type":"SearchAction","target":{"@type":"EntryPoint","urlTemplate":"https:\/\/www.article-marketing.eu\/comunicati\/?s={search_term_string}"},"query-input":{"@type":"PropertyValueSpecification","valueRequired":true,"valueName":"search_term_string"}}],"inLanguage":"it-IT"},{"@type":"Person","@id":"https:\/\/www.article-marketing.eu\/comunicati\/#\/schema\/person\/44372e4d4d0fa797b18e03ed1ace9017","name":"Redazione Comunicati Stampa","image":{"@type":"ImageObject","inLanguage":"it-IT","@id":"https:\/\/www.article-marketing.eu\/comunicati\/#\/schema\/person\/image\/","url":"https:\/\/secure.gravatar.com\/avatar\/50e5c6421d3072f42e7ace803501602c60d75233d34e29fd05feb91c8760b792?s=96&d=mm&r=g","contentUrl":"https:\/\/secure.gravatar.com\/avatar\/50e5c6421d3072f42e7ace803501602c60d75233d34e29fd05feb91c8760b792?s=96&d=mm&r=g","caption":"Redazione Comunicati Stampa"},"url":"https:\/\/www.article-marketing.eu\/comunicati\/author\/redazione-comunicati-stampa\/"}]}},"_links":{"self":[{"href":"https:\/\/www.article-marketing.eu\/comunicati\/wp-json\/wp\/v2\/posts\/45957","targetHints":{"allow":["GET"]}}],"collection":[{"href":"https:\/\/www.article-marketing.eu\/comunicati\/wp-json\/wp\/v2\/posts"}],"about":[{"href":"https:\/\/www.article-marketing.eu\/comunicati\/wp-json\/wp\/v2\/types\/post"}],"author":[{"embeddable":true,"href":"https:\/\/www.article-marketing.eu\/comunicati\/wp-json\/wp\/v2\/users\/10"}],"replies":[{"embeddable":true,"href":"https:\/\/www.article-marketing.eu\/comunicati\/wp-json\/wp\/v2\/comments?post=45957"}],"version-history":[{"count":0,"href":"https:\/\/www.article-marketing.eu\/comunicati\/wp-json\/wp\/v2\/posts\/45957\/revisions"}],"wp:attachment":[{"href":"https:\/\/www.article-marketing.eu\/comunicati\/wp-json\/wp\/v2\/media?parent=45957"}],"wp:term":[{"taxonomy":"category","embeddable":true,"href":"https:\/\/www.article-marketing.eu\/comunicati\/wp-json\/wp\/v2\/categories?post=45957"},{"taxonomy":"post_tag","embeddable":true,"href":"https:\/\/www.article-marketing.eu\/comunicati\/wp-json\/wp\/v2\/tags?post=45957"}],"curies":[{"name":"wp","href":"https:\/\/api.w.org\/{rel}","templated":true}]}}