{"id":46017,"date":"2014-12-27T12:22:42","date_gmt":"2014-12-27T11:22:42","guid":{"rendered":"http:\/\/www.article-marketing.eu\/comunicati\/senza-categoria\/cala-luas-resort-cardedu\/"},"modified":"2014-12-27T12:22:42","modified_gmt":"2014-12-27T11:22:42","slug":"cala-luas-resort-cardedu","status":"publish","type":"post","link":"https:\/\/www.article-marketing.eu\/comunicati\/viaggi-e-vacanze\/hotels-ed-alberghi\/cala-luas-resort-cardedu\/","title":{"rendered":"Cala Luas Resort &#8211; Cardedu, Sardegna"},"content":{"rendered":"<p>Ci troviamo nella costa centro-orientale della Sardegna, nella provincia dell&rsquo;Ogliastra, nota per la ricchezza naturalistica dei suoi territori. In Ogliastra si trova la localit&agrave; di Cardedu, di recente costruzione, &egrave; uno dei litorali pi&ugrave; belli dell&rsquo;isola. Questa zona costiera si caratterizza per le sue spiagge bianche e lunghissime, per le sue acque limpide, sicuramente meta indiscussa per gli amanti delle vacanze estive. <br \/>Nell&rsquo;area di Cardedu &egrave; possibile ammirare interessanti siti archeologici come il nuraghe Perda e Pera, le Domus de Janasa ed un maestoso posso sacro chiamato Su Presoneddu perfettamente integro. <br \/>La rigogliosa vegetazione, tipicamente mediterranea, si estende per oltre 2000 ettari tra i quali si trova anche il Monte Ferru, percorribile grazie ai sentieri immersi nel verde che permettono di contemplare un composito paesaggio naturalistico. <br \/>In perfetta sintonia con questa cornice naturalistica sorge il Cala Luna Resort di Cardedu in tutta la sua eleganza. <br \/>Immerso in un ampio parco con vista direttamente sul mare &egrave; dotato di 170 camere, alcune dislocate in aree tranquille e silenziose del complesso. Nella zona centrale vengono concentrati i servizi principali e tutt&rsquo;intorno sono dislocati eleganti unit&agrave; residenziali distribuiti su due livelli. <br \/>Il <a href=\"http:\/\/www.betogo.com\/cala-luas-resort-cardedu.aspx\" target=\"_self\" title=\"Cala Luas Resort - Cardedu\">Cala Luas Resort<\/a> propone una cucina ricercata e gustosa sugli eleganti tavoli del Ristorante Mirto&rsquo;s. Le materie prime vengono attentamente selezionate per garantire la qualit&agrave; e la genuinit&agrave; dei piatti suggeriti. Gli Chefs guideranno gli ospiti in un vero e proprio percorso del gusto. La suggestiva atmosfera a due passi dal mare arricchisce le delizie e i sapori della cucina mediterranea. <br \/>Il dopocena si riempie di musica ed energia al Sileno American Bar che intorno alla suggestiva piscina crea un&rsquo;atmosfera di luci e musica di gran coinvolgimento. <br \/>Uno staff di animazione giovane e dinamico organizza una serie di attivit&agrave; per tutti gli ospiti del resort. A partire dalle feste, spettacoli, cabaret e sorprese di mezzanotte fino ad arrivare alle attivit&agrave; sportive. <br \/>Interessanti inoltre le attivit&agrave; delle Academy. Allenatori qualificati e sempre disponibili organizzano corsi di canoa, lezioni di vela, surf e nuoto. Oltre a questo il Bike Academy, la Football Academy con campi di calcetto in erba sintetica e la Tennis Academy con un campo di tennis in erba sintetica. <br \/>Al Cal Luas Resort la parola noia &egrave; bandita, durante il giorno vengono infatti organizzati tornei di beach volley, tiro con l&rsquo;arco, bocce, freccette, ping pong e tanto altro. <br \/>Dal villaggio si pu&ograve; facilmente raggiungere la spiaggia attraverso i sentieri che percorrono la pineta e conducono all&rsquo;Ogliastra beach, un angolo suggestivo di sabbia bianca fine con un bagnasciuga ciottolato e prontamente attrezzata di ombrelloni e sdraio. La spiaggia &egrave; protetta da una catena di montagne che la riparano dal vento o dall&rsquo;afa delle giornate estremamente calde. <br \/>Tutto intorno &egrave; possibile raggiungere le spiagge e cale circostanti, particolarmente tranquille sono l&rsquo;ideale per chi ama godersi il mare lontano dalle folle chiassose. Alcune cale sono raggiungibili esclusivamente via mare, magari in canoa, a disposizione degli ospiti del resort. <br \/>Particolare attenzione &egrave; riservata ai piccoli ospiti. Vengono proposti momenti di gioco condividi, un laboratorio di attivit&agrave; studiato per stimolare la creativit&agrave; e la curiosit&agrave; dei bambini. Sculture, plastici, pietre dipinte, giochi a specchi sono solo un esempio delle attivit&agrave; che ispireranno la fantasia dei piccoli ospiti. <\/p>\n<p>Un&rsquo;armonia di colori, emozioni e divertimento caratterizzano la vacanza al Cala Luas Resort in un&rsquo;area della Sardegna unica nel suo genere.<\/p>\n<p><img decoding=\"async\" src=\"\/uploads\/images\/u_41978\/13.CalaLuasResort.jpg\" border=\"0\" \/><\/p>\n","protected":false},"excerpt":{"rendered":"<p>Ci troviamo nella costa centro-orientale della Sardegna, nella provincia dell\u2019Ogliastra, nota per la ricchezza naturalistica dei suoi territori. In Ogliastra si trova la localit\u00e0 di Cardedu, di recente costruzione, \u00e8 uno dei litorali pi\u00f9 belli dell\u2019isola.<\/p>\n","protected":false},"author":10,"featured_media":0,"comment_status":"open","ping_status":"open","sticky":false,"template":"","format":"standard","meta":{"cybocfi_hide_featured_image":"","footnotes":""},"categories":[151],"tags":[2430,49988,49989,21658,2444],"class_list":["post-46017","post","type-post","status-publish","format-standard","hentry","category-hotels-ed-alberghi","tag-betogo","tag-cala-luas-resort","tag-cardedu","tag-vacanze-in-famiglia","tag-vacanze-in-sardegna"],"yoast_head":"<!-- This site is optimized with the Yoast SEO plugin v27.0 - https:\/\/yoast.com\/product\/yoast-seo-wordpress\/ -->\n<title>Cala Luas Resort - Cardedu, Sardegna - Article Marketing<\/title>\n<meta name=\"robots\" content=\"index, follow, max-snippet:-1, max-image-preview:large, max-video-preview:-1\" \/>\n<link rel=\"canonical\" href=\"https:\/\/www.article-marketing.eu\/comunicati\/viaggi-e-vacanze\/hotels-ed-alberghi\/cala-luas-resort-cardedu\/\" \/>\n<meta property=\"og:locale\" content=\"it_IT\" \/>\n<meta property=\"og:type\" content=\"article\" \/>\n<meta property=\"og:title\" content=\"Cala Luas Resort - Cardedu, Sardegna - Article Marketing\" \/>\n<meta property=\"og:description\" content=\"Ci troviamo nella costa centro-orientale della Sardegna, nella provincia dell\u2019Ogliastra, nota per la ricchezza naturalistica dei suoi territori. In Ogliastra si trova la localit\u00e0 di Cardedu, di recente costruzione, \u00e8 uno dei litorali pi\u00f9 belli dell\u2019isola.\" \/>\n<meta property=\"og:url\" content=\"https:\/\/www.article-marketing.eu\/comunicati\/viaggi-e-vacanze\/hotels-ed-alberghi\/cala-luas-resort-cardedu\/\" \/>\n<meta property=\"og:site_name\" content=\"Article Marketing\" \/>\n<meta property=\"article:published_time\" content=\"2014-12-27T11:22:42+00:00\" \/>\n<meta property=\"og:image\" content=\"https:\/\/www.article-marketing.eu\/uploads\/images\/u_41978\/13.CalaLuasResort.jpg\" \/>\n<meta name=\"author\" content=\"Redazione Comunicati Stampa\" \/>\n<meta name=\"twitter:card\" content=\"summary_large_image\" \/>\n<meta name=\"twitter:label1\" content=\"Scritto da\" \/>\n\t<meta name=\"twitter:data1\" content=\"Redazione Comunicati Stampa\" \/>\n\t<meta name=\"twitter:label2\" content=\"Tempo di lettura stimato\" \/>\n\t<meta name=\"twitter:data2\" content=\"3 minuti\" \/>\n<script type=\"application\/ld+json\" class=\"yoast-schema-graph\">{\"@context\":\"https:\/\/schema.org\",\"@graph\":[{\"@type\":\"Article\",\"@id\":\"https:\/\/www.article-marketing.eu\/comunicati\/viaggi-e-vacanze\/hotels-ed-alberghi\/cala-luas-resort-cardedu\/#article\",\"isPartOf\":{\"@id\":\"https:\/\/www.article-marketing.eu\/comunicati\/viaggi-e-vacanze\/hotels-ed-alberghi\/cala-luas-resort-cardedu\/\"},\"author\":{\"name\":\"Redazione Comunicati Stampa\",\"@id\":\"https:\/\/www.article-marketing.eu\/comunicati\/#\/schema\/person\/44372e4d4d0fa797b18e03ed1ace9017\"},\"headline\":\"Cala Luas Resort &#8211; Cardedu, Sardegna\",\"datePublished\":\"2014-12-27T11:22:42+00:00\",\"mainEntityOfPage\":{\"@id\":\"https:\/\/www.article-marketing.eu\/comunicati\/viaggi-e-vacanze\/hotels-ed-alberghi\/cala-luas-resort-cardedu\/\"},\"wordCount\":594,\"commentCount\":0,\"keywords\":[\"betogo\",\"cala luas resort\",\"cardedu\",\"vacanze in famiglia\",\"vacanze in sardegna\"],\"articleSection\":[\"Hotels ed alberghi\"],\"inLanguage\":\"it-IT\",\"potentialAction\":[{\"@type\":\"CommentAction\",\"name\":\"Comment\",\"target\":[\"https:\/\/www.article-marketing.eu\/comunicati\/viaggi-e-vacanze\/hotels-ed-alberghi\/cala-luas-resort-cardedu\/#respond\"]}]},{\"@type\":\"WebPage\",\"@id\":\"https:\/\/www.article-marketing.eu\/comunicati\/viaggi-e-vacanze\/hotels-ed-alberghi\/cala-luas-resort-cardedu\/\",\"url\":\"https:\/\/www.article-marketing.eu\/comunicati\/viaggi-e-vacanze\/hotels-ed-alberghi\/cala-luas-resort-cardedu\/\",\"name\":\"Cala Luas Resort - Cardedu, Sardegna - Article Marketing\",\"isPartOf\":{\"@id\":\"https:\/\/www.article-marketing.eu\/comunicati\/#website\"},\"datePublished\":\"2014-12-27T11:22:42+00:00\",\"author\":{\"@id\":\"https:\/\/www.article-marketing.eu\/comunicati\/#\/schema\/person\/44372e4d4d0fa797b18e03ed1ace9017\"},\"breadcrumb\":{\"@id\":\"https:\/\/www.article-marketing.eu\/comunicati\/viaggi-e-vacanze\/hotels-ed-alberghi\/cala-luas-resort-cardedu\/#breadcrumb\"},\"inLanguage\":\"it-IT\",\"potentialAction\":[{\"@type\":\"ReadAction\",\"target\":[\"https:\/\/www.article-marketing.eu\/comunicati\/viaggi-e-vacanze\/hotels-ed-alberghi\/cala-luas-resort-cardedu\/\"]}]},{\"@type\":\"BreadcrumbList\",\"@id\":\"https:\/\/www.article-marketing.eu\/comunicati\/viaggi-e-vacanze\/hotels-ed-alberghi\/cala-luas-resort-cardedu\/#breadcrumb\",\"itemListElement\":[{\"@type\":\"ListItem\",\"position\":1,\"name\":\"Home\",\"item\":\"https:\/\/www.article-marketing.eu\/comunicati\/\"},{\"@type\":\"ListItem\",\"position\":2,\"name\":\"Cala Luas Resort &#8211; Cardedu, Sardegna\"}]},{\"@type\":\"WebSite\",\"@id\":\"https:\/\/www.article-marketing.eu\/comunicati\/#website\",\"url\":\"https:\/\/www.article-marketing.eu\/comunicati\/\",\"name\":\"Article Marketing\",\"description\":\"article marketing &amp; press release\",\"potentialAction\":[{\"@type\":\"SearchAction\",\"target\":{\"@type\":\"EntryPoint\",\"urlTemplate\":\"https:\/\/www.article-marketing.eu\/comunicati\/?s={search_term_string}\"},\"query-input\":{\"@type\":\"PropertyValueSpecification\",\"valueRequired\":true,\"valueName\":\"search_term_string\"}}],\"inLanguage\":\"it-IT\"},{\"@type\":\"Person\",\"@id\":\"https:\/\/www.article-marketing.eu\/comunicati\/#\/schema\/person\/44372e4d4d0fa797b18e03ed1ace9017\",\"name\":\"Redazione Comunicati Stampa\",\"image\":{\"@type\":\"ImageObject\",\"inLanguage\":\"it-IT\",\"@id\":\"https:\/\/www.article-marketing.eu\/comunicati\/#\/schema\/person\/image\/\",\"url\":\"https:\/\/secure.gravatar.com\/avatar\/50e5c6421d3072f42e7ace803501602c60d75233d34e29fd05feb91c8760b792?s=96&d=mm&r=g\",\"contentUrl\":\"https:\/\/secure.gravatar.com\/avatar\/50e5c6421d3072f42e7ace803501602c60d75233d34e29fd05feb91c8760b792?s=96&d=mm&r=g\",\"caption\":\"Redazione Comunicati Stampa\"},\"url\":\"https:\/\/www.article-marketing.eu\/comunicati\/author\/redazione-comunicati-stampa\/\"}]}<\/script>\n<!-- \/ Yoast SEO plugin. -->","yoast_head_json":{"title":"Cala Luas Resort - Cardedu, Sardegna - Article Marketing","robots":{"index":"index","follow":"follow","max-snippet":"max-snippet:-1","max-image-preview":"max-image-preview:large","max-video-preview":"max-video-preview:-1"},"canonical":"https:\/\/www.article-marketing.eu\/comunicati\/viaggi-e-vacanze\/hotels-ed-alberghi\/cala-luas-resort-cardedu\/","og_locale":"it_IT","og_type":"article","og_title":"Cala Luas Resort - Cardedu, Sardegna - Article Marketing","og_description":"Ci troviamo nella costa centro-orientale della Sardegna, nella provincia dell\u2019Ogliastra, nota per la ricchezza naturalistica dei suoi territori. In Ogliastra si trova la localit\u00e0 di Cardedu, di recente costruzione, \u00e8 uno dei litorali pi\u00f9 belli dell\u2019isola.","og_url":"https:\/\/www.article-marketing.eu\/comunicati\/viaggi-e-vacanze\/hotels-ed-alberghi\/cala-luas-resort-cardedu\/","og_site_name":"Article Marketing","article_published_time":"2014-12-27T11:22:42+00:00","og_image":[{"url":"https:\/\/www.article-marketing.eu\/uploads\/images\/u_41978\/13.CalaLuasResort.jpg","type":"","width":"","height":""}],"author":"Redazione Comunicati Stampa","twitter_card":"summary_large_image","twitter_misc":{"Scritto da":"Redazione Comunicati Stampa","Tempo di lettura stimato":"3 minuti"},"schema":{"@context":"https:\/\/schema.org","@graph":[{"@type":"Article","@id":"https:\/\/www.article-marketing.eu\/comunicati\/viaggi-e-vacanze\/hotels-ed-alberghi\/cala-luas-resort-cardedu\/#article","isPartOf":{"@id":"https:\/\/www.article-marketing.eu\/comunicati\/viaggi-e-vacanze\/hotels-ed-alberghi\/cala-luas-resort-cardedu\/"},"author":{"name":"Redazione Comunicati Stampa","@id":"https:\/\/www.article-marketing.eu\/comunicati\/#\/schema\/person\/44372e4d4d0fa797b18e03ed1ace9017"},"headline":"Cala Luas Resort &#8211; Cardedu, Sardegna","datePublished":"2014-12-27T11:22:42+00:00","mainEntityOfPage":{"@id":"https:\/\/www.article-marketing.eu\/comunicati\/viaggi-e-vacanze\/hotels-ed-alberghi\/cala-luas-resort-cardedu\/"},"wordCount":594,"commentCount":0,"keywords":["betogo","cala luas resort","cardedu","vacanze in famiglia","vacanze in sardegna"],"articleSection":["Hotels ed alberghi"],"inLanguage":"it-IT","potentialAction":[{"@type":"CommentAction","name":"Comment","target":["https:\/\/www.article-marketing.eu\/comunicati\/viaggi-e-vacanze\/hotels-ed-alberghi\/cala-luas-resort-cardedu\/#respond"]}]},{"@type":"WebPage","@id":"https:\/\/www.article-marketing.eu\/comunicati\/viaggi-e-vacanze\/hotels-ed-alberghi\/cala-luas-resort-cardedu\/","url":"https:\/\/www.article-marketing.eu\/comunicati\/viaggi-e-vacanze\/hotels-ed-alberghi\/cala-luas-resort-cardedu\/","name":"Cala Luas Resort - Cardedu, Sardegna - Article Marketing","isPartOf":{"@id":"https:\/\/www.article-marketing.eu\/comunicati\/#website"},"datePublished":"2014-12-27T11:22:42+00:00","author":{"@id":"https:\/\/www.article-marketing.eu\/comunicati\/#\/schema\/person\/44372e4d4d0fa797b18e03ed1ace9017"},"breadcrumb":{"@id":"https:\/\/www.article-marketing.eu\/comunicati\/viaggi-e-vacanze\/hotels-ed-alberghi\/cala-luas-resort-cardedu\/#breadcrumb"},"inLanguage":"it-IT","potentialAction":[{"@type":"ReadAction","target":["https:\/\/www.article-marketing.eu\/comunicati\/viaggi-e-vacanze\/hotels-ed-alberghi\/cala-luas-resort-cardedu\/"]}]},{"@type":"BreadcrumbList","@id":"https:\/\/www.article-marketing.eu\/comunicati\/viaggi-e-vacanze\/hotels-ed-alberghi\/cala-luas-resort-cardedu\/#breadcrumb","itemListElement":[{"@type":"ListItem","position":1,"name":"Home","item":"https:\/\/www.article-marketing.eu\/comunicati\/"},{"@type":"ListItem","position":2,"name":"Cala Luas Resort &#8211; Cardedu, Sardegna"}]},{"@type":"WebSite","@id":"https:\/\/www.article-marketing.eu\/comunicati\/#website","url":"https:\/\/www.article-marketing.eu\/comunicati\/","name":"Article Marketing","description":"article marketing &amp; press release","potentialAction":[{"@type":"SearchAction","target":{"@type":"EntryPoint","urlTemplate":"https:\/\/www.article-marketing.eu\/comunicati\/?s={search_term_string}"},"query-input":{"@type":"PropertyValueSpecification","valueRequired":true,"valueName":"search_term_string"}}],"inLanguage":"it-IT"},{"@type":"Person","@id":"https:\/\/www.article-marketing.eu\/comunicati\/#\/schema\/person\/44372e4d4d0fa797b18e03ed1ace9017","name":"Redazione Comunicati Stampa","image":{"@type":"ImageObject","inLanguage":"it-IT","@id":"https:\/\/www.article-marketing.eu\/comunicati\/#\/schema\/person\/image\/","url":"https:\/\/secure.gravatar.com\/avatar\/50e5c6421d3072f42e7ace803501602c60d75233d34e29fd05feb91c8760b792?s=96&d=mm&r=g","contentUrl":"https:\/\/secure.gravatar.com\/avatar\/50e5c6421d3072f42e7ace803501602c60d75233d34e29fd05feb91c8760b792?s=96&d=mm&r=g","caption":"Redazione Comunicati Stampa"},"url":"https:\/\/www.article-marketing.eu\/comunicati\/author\/redazione-comunicati-stampa\/"}]}},"_links":{"self":[{"href":"https:\/\/www.article-marketing.eu\/comunicati\/wp-json\/wp\/v2\/posts\/46017","targetHints":{"allow":["GET"]}}],"collection":[{"href":"https:\/\/www.article-marketing.eu\/comunicati\/wp-json\/wp\/v2\/posts"}],"about":[{"href":"https:\/\/www.article-marketing.eu\/comunicati\/wp-json\/wp\/v2\/types\/post"}],"author":[{"embeddable":true,"href":"https:\/\/www.article-marketing.eu\/comunicati\/wp-json\/wp\/v2\/users\/10"}],"replies":[{"embeddable":true,"href":"https:\/\/www.article-marketing.eu\/comunicati\/wp-json\/wp\/v2\/comments?post=46017"}],"version-history":[{"count":0,"href":"https:\/\/www.article-marketing.eu\/comunicati\/wp-json\/wp\/v2\/posts\/46017\/revisions"}],"wp:attachment":[{"href":"https:\/\/www.article-marketing.eu\/comunicati\/wp-json\/wp\/v2\/media?parent=46017"}],"wp:term":[{"taxonomy":"category","embeddable":true,"href":"https:\/\/www.article-marketing.eu\/comunicati\/wp-json\/wp\/v2\/categories?post=46017"},{"taxonomy":"post_tag","embeddable":true,"href":"https:\/\/www.article-marketing.eu\/comunicati\/wp-json\/wp\/v2\/tags?post=46017"}],"curies":[{"name":"wp","href":"https:\/\/api.w.org\/{rel}","templated":true}]}}