{"id":4606,"date":"2010-04-02T19:19:30","date_gmt":"2010-04-02T17:19:30","guid":{"rendered":"http:\/\/www.article-marketing.eu\/comunicati\/senza-categoria\/festa-a-crema-per-lolio-dop-terre-di-siena\/"},"modified":"2010-04-02T19:19:30","modified_gmt":"2010-04-02T17:19:30","slug":"festa-a-crema-per-lolio-dop-terre-di-siena","status":"publish","type":"post","link":"https:\/\/www.article-marketing.eu\/comunicati\/comunicati-stampa\/eventi\/festa-a-crema-per-lolio-dop-terre-di-siena\/","title":{"rendered":"Festa a Crema per l\u2019olio DOP Terre di Siena"},"content":{"rendered":"<p class=\" \" style=\"TEXT-ALIGN: justify; MARGIN: 6pt 0cm 0pt\">Mercoled\u00ec 24 marzo 2010, presso il ristorante Il Ridottino di Crema (CR), i produttori del Consorzio DOP Terre di Siena hanno presentato il prodotto della campagna olearia 2009-2010 a ristoratori, giornalisti, bloggers, food writers.<\/p>\n<p class=\" \" style=\"MARGIN: 6pt 0cm 0pt\">L\u2019evento \u00e8 stato organizzato dall\u2019<a href=\"http:\/\/www.olioextrav.com\/\">Olieria ExtraV di Roberta Lavarello<\/a> (Crema).<\/p>\n<p class=\" \" style=\"TEXT-ALIGN: justify; MARGIN: 6pt 0cm 0pt\">La manifestazione ha rappresentato l\u2019incontro tra due territori con culture del cibo tradizionalmente molto differenti. Da un lato la terra dell\u2019olio e del vino per antonomasia, dall\u2019altro un territorio, come quello di Crema, posizionato al centro della zona di maggiore produzione italiana di burro e latte. Un accordo apparentemente molto difficile, ma che ha trovato la sua sintesi nei piatti preparati da Carlo Alberto Vailati, chef de Il Ridottino di Crema.<\/p>\n<p class=\" \" style=\"TEXT-ALIGN: justify; MARGIN: 6pt 0cm 0pt\">La proposta gastronomica che lo chef ha proposto cerca proprio di accostare questi mondi cos\u00ec distanti, accostando gli aromi molto mediterranei dell\u2019olio senese con la tradizione del tortello, del formaggio e del \u201cquinto quarto\u201d cio\u00e8 delle carni meno \u201cnobili\u201d.<\/p>\n<p class=\" \" style=\"MARGIN: 6pt 0cm 0pt\">L\u2019apprezzamento dei presenti ha testimoniato la possibilit\u00e0, e sicuramente l\u2019opportunit\u00e0, di introdurre un prodotto salutare e benefico come l\u2019olio extravergine di oliva di alta qualit\u00e0 nella cultura culinaria del nord Italia. Un compito che vede nell\u2019iniziativa svolta dall\u2019Olieria ExtraV di Crema un esempio tra i pi\u00f9 significativi.<\/p>\n<p class=\" \" style=\"MARGIN: 6pt 0cm 0pt\">La manifestzione \u00e8 stata un piacevole momento di convivialit\u00e0 e di confronto tra tradizioni differenti; al centro ha spiccato la qualit\u00e0 dell\u2019olio prodotto dal Consorzio la tutela dell\u2019olio Dop Terre di Siena. Associazione che quest\u2019anno ha vinto il premio Sirena d\u2019Oro di Sorrento <\/p>\n<p class=\" \" style=\"MARGIN: 6pt 0cm 0pt\">Quest\u2019anno il premio Sirena d\u2019Oro di Sorrento dei Consorzi \u00e8 stato vinto proprio dalla Dop Terre di Siena, che ha riportato la migliore votazione media per gruppi di aziende consorziate.<\/p>\n<p class=\" \" style=\"MARGIN: 6pt 0cm 0pt\">Alla manifestazione, per parte senese era presente il Presidente del Consorzio Franco Bardi, produttore pluripremiato di fama internazionale, il Direttore del Consorzio Marco Castellani, insieme a numerosi produttori (Aziende Montestigliano, Neci, Fontanelle, Santa Giulia, Olivicoltori delle Colline del Cetone).<\/p>\n<p class=\" \" style=\"MARGIN: 6pt 0cm 0pt\">Tra le altre personalit\u00e0 intervenute all\u2019evento, da segnalare gran parte dei ristoratori associati nelle \u201cTavole Cremasche\u201d, le principali testate giornalistiche della zona e critici di spicco nel mondo della gastronomia come Maurizio Pescari e Roberta Schira.<\/p>\n","protected":false},"excerpt":{"rendered":"<p>Il consorzio per la tutela dell\u2019olio extravergine DOP \u201cTerre di Siena\u201d presenta a Crema (CR) il raccolto 2009<\/p>\n","protected":false},"author":10,"featured_media":0,"comment_status":"open","ping_status":"open","sticky":false,"template":"","format":"standard","meta":{"cybocfi_hide_featured_image":"","footnotes":""},"categories":[388],"tags":[13397,13395,13396,13394,13393,1015,13392,13398],"class_list":["post-4606","post","type-post","status-publish","format-standard","hentry","category-eventi","tag-crema","tag-extrav","tag-olieria","tag-olio-biologico","tag-olio-dop-terre-di-siena","tag-olio-extravergine-di-oliva","tag-olio-toscano","tag-sirena-di-sorrento"],"yoast_head":"<!-- This site is optimized with the Yoast SEO plugin v27.0 - https:\/\/yoast.com\/product\/yoast-seo-wordpress\/ -->\n<title>Festa a Crema per l\u2019olio DOP Terre di Siena - Article Marketing<\/title>\n<meta name=\"robots\" content=\"index, follow, max-snippet:-1, max-image-preview:large, max-video-preview:-1\" \/>\n<link rel=\"canonical\" href=\"https:\/\/www.article-marketing.eu\/comunicati\/comunicati-stampa\/eventi\/festa-a-crema-per-lolio-dop-terre-di-siena\/\" \/>\n<meta property=\"og:locale\" content=\"it_IT\" \/>\n<meta property=\"og:type\" content=\"article\" \/>\n<meta property=\"og:title\" content=\"Festa a Crema per l\u2019olio DOP Terre di Siena - Article Marketing\" \/>\n<meta property=\"og:description\" content=\"Il consorzio per la tutela dell\u2019olio extravergine DOP \u201cTerre di Siena\u201d presenta a Crema (CR) il raccolto 2009\" \/>\n<meta property=\"og:url\" content=\"https:\/\/www.article-marketing.eu\/comunicati\/comunicati-stampa\/eventi\/festa-a-crema-per-lolio-dop-terre-di-siena\/\" \/>\n<meta property=\"og:site_name\" content=\"Article Marketing\" \/>\n<meta property=\"article:published_time\" content=\"2010-04-02T17:19:30+00:00\" \/>\n<meta name=\"author\" content=\"Redazione Comunicati Stampa\" \/>\n<meta name=\"twitter:card\" content=\"summary_large_image\" \/>\n<meta name=\"twitter:label1\" content=\"Scritto da\" \/>\n\t<meta name=\"twitter:data1\" content=\"Redazione Comunicati Stampa\" \/>\n\t<meta name=\"twitter:label2\" content=\"Tempo di lettura stimato\" \/>\n\t<meta name=\"twitter:data2\" content=\"2 minuti\" \/>\n<script type=\"application\/ld+json\" class=\"yoast-schema-graph\">{\"@context\":\"https:\/\/schema.org\",\"@graph\":[{\"@type\":\"Article\",\"@id\":\"https:\/\/www.article-marketing.eu\/comunicati\/comunicati-stampa\/eventi\/festa-a-crema-per-lolio-dop-terre-di-siena\/#article\",\"isPartOf\":{\"@id\":\"https:\/\/www.article-marketing.eu\/comunicati\/comunicati-stampa\/eventi\/festa-a-crema-per-lolio-dop-terre-di-siena\/\"},\"author\":{\"name\":\"Redazione Comunicati Stampa\",\"@id\":\"https:\/\/www.article-marketing.eu\/comunicati\/#\/schema\/person\/44372e4d4d0fa797b18e03ed1ace9017\"},\"headline\":\"Festa a Crema per l\u2019olio DOP Terre di Siena\",\"datePublished\":\"2010-04-02T17:19:30+00:00\",\"mainEntityOfPage\":{\"@id\":\"https:\/\/www.article-marketing.eu\/comunicati\/comunicati-stampa\/eventi\/festa-a-crema-per-lolio-dop-terre-di-siena\/\"},\"wordCount\":372,\"commentCount\":0,\"keywords\":[\"Crema\",\"ExtraV\",\"olieria\",\"olio biologico\",\"olio DOP Terre di Siena\",\"Olio Extravergine di oliva\",\"Olio toscano\",\"Sirena di Sorrento\"],\"articleSection\":[\"Eventi\"],\"inLanguage\":\"it-IT\",\"potentialAction\":[{\"@type\":\"CommentAction\",\"name\":\"Comment\",\"target\":[\"https:\/\/www.article-marketing.eu\/comunicati\/comunicati-stampa\/eventi\/festa-a-crema-per-lolio-dop-terre-di-siena\/#respond\"]}]},{\"@type\":\"WebPage\",\"@id\":\"https:\/\/www.article-marketing.eu\/comunicati\/comunicati-stampa\/eventi\/festa-a-crema-per-lolio-dop-terre-di-siena\/\",\"url\":\"https:\/\/www.article-marketing.eu\/comunicati\/comunicati-stampa\/eventi\/festa-a-crema-per-lolio-dop-terre-di-siena\/\",\"name\":\"Festa a Crema per l\u2019olio DOP Terre di Siena - Article Marketing\",\"isPartOf\":{\"@id\":\"https:\/\/www.article-marketing.eu\/comunicati\/#website\"},\"datePublished\":\"2010-04-02T17:19:30+00:00\",\"author\":{\"@id\":\"https:\/\/www.article-marketing.eu\/comunicati\/#\/schema\/person\/44372e4d4d0fa797b18e03ed1ace9017\"},\"breadcrumb\":{\"@id\":\"https:\/\/www.article-marketing.eu\/comunicati\/comunicati-stampa\/eventi\/festa-a-crema-per-lolio-dop-terre-di-siena\/#breadcrumb\"},\"inLanguage\":\"it-IT\",\"potentialAction\":[{\"@type\":\"ReadAction\",\"target\":[\"https:\/\/www.article-marketing.eu\/comunicati\/comunicati-stampa\/eventi\/festa-a-crema-per-lolio-dop-terre-di-siena\/\"]}]},{\"@type\":\"BreadcrumbList\",\"@id\":\"https:\/\/www.article-marketing.eu\/comunicati\/comunicati-stampa\/eventi\/festa-a-crema-per-lolio-dop-terre-di-siena\/#breadcrumb\",\"itemListElement\":[{\"@type\":\"ListItem\",\"position\":1,\"name\":\"Home\",\"item\":\"https:\/\/www.article-marketing.eu\/comunicati\/\"},{\"@type\":\"ListItem\",\"position\":2,\"name\":\"Festa a Crema per l\u2019olio DOP Terre di Siena\"}]},{\"@type\":\"WebSite\",\"@id\":\"https:\/\/www.article-marketing.eu\/comunicati\/#website\",\"url\":\"https:\/\/www.article-marketing.eu\/comunicati\/\",\"name\":\"Article Marketing\",\"description\":\"article marketing &amp; press release\",\"potentialAction\":[{\"@type\":\"SearchAction\",\"target\":{\"@type\":\"EntryPoint\",\"urlTemplate\":\"https:\/\/www.article-marketing.eu\/comunicati\/?s={search_term_string}\"},\"query-input\":{\"@type\":\"PropertyValueSpecification\",\"valueRequired\":true,\"valueName\":\"search_term_string\"}}],\"inLanguage\":\"it-IT\"},{\"@type\":\"Person\",\"@id\":\"https:\/\/www.article-marketing.eu\/comunicati\/#\/schema\/person\/44372e4d4d0fa797b18e03ed1ace9017\",\"name\":\"Redazione Comunicati Stampa\",\"image\":{\"@type\":\"ImageObject\",\"inLanguage\":\"it-IT\",\"@id\":\"https:\/\/www.article-marketing.eu\/comunicati\/#\/schema\/person\/image\/\",\"url\":\"https:\/\/secure.gravatar.com\/avatar\/50e5c6421d3072f42e7ace803501602c60d75233d34e29fd05feb91c8760b792?s=96&d=mm&r=g\",\"contentUrl\":\"https:\/\/secure.gravatar.com\/avatar\/50e5c6421d3072f42e7ace803501602c60d75233d34e29fd05feb91c8760b792?s=96&d=mm&r=g\",\"caption\":\"Redazione Comunicati Stampa\"},\"url\":\"https:\/\/www.article-marketing.eu\/comunicati\/author\/redazione-comunicati-stampa\/\"}]}<\/script>\n<!-- \/ Yoast SEO plugin. -->","yoast_head_json":{"title":"Festa a Crema per l\u2019olio DOP Terre di Siena - Article Marketing","robots":{"index":"index","follow":"follow","max-snippet":"max-snippet:-1","max-image-preview":"max-image-preview:large","max-video-preview":"max-video-preview:-1"},"canonical":"https:\/\/www.article-marketing.eu\/comunicati\/comunicati-stampa\/eventi\/festa-a-crema-per-lolio-dop-terre-di-siena\/","og_locale":"it_IT","og_type":"article","og_title":"Festa a Crema per l\u2019olio DOP Terre di Siena - Article Marketing","og_description":"Il consorzio per la tutela dell\u2019olio extravergine DOP \u201cTerre di Siena\u201d presenta a Crema (CR) il raccolto 2009","og_url":"https:\/\/www.article-marketing.eu\/comunicati\/comunicati-stampa\/eventi\/festa-a-crema-per-lolio-dop-terre-di-siena\/","og_site_name":"Article Marketing","article_published_time":"2010-04-02T17:19:30+00:00","author":"Redazione Comunicati Stampa","twitter_card":"summary_large_image","twitter_misc":{"Scritto da":"Redazione Comunicati Stampa","Tempo di lettura stimato":"2 minuti"},"schema":{"@context":"https:\/\/schema.org","@graph":[{"@type":"Article","@id":"https:\/\/www.article-marketing.eu\/comunicati\/comunicati-stampa\/eventi\/festa-a-crema-per-lolio-dop-terre-di-siena\/#article","isPartOf":{"@id":"https:\/\/www.article-marketing.eu\/comunicati\/comunicati-stampa\/eventi\/festa-a-crema-per-lolio-dop-terre-di-siena\/"},"author":{"name":"Redazione Comunicati Stampa","@id":"https:\/\/www.article-marketing.eu\/comunicati\/#\/schema\/person\/44372e4d4d0fa797b18e03ed1ace9017"},"headline":"Festa a Crema per l\u2019olio DOP Terre di Siena","datePublished":"2010-04-02T17:19:30+00:00","mainEntityOfPage":{"@id":"https:\/\/www.article-marketing.eu\/comunicati\/comunicati-stampa\/eventi\/festa-a-crema-per-lolio-dop-terre-di-siena\/"},"wordCount":372,"commentCount":0,"keywords":["Crema","ExtraV","olieria","olio biologico","olio DOP Terre di Siena","Olio Extravergine di oliva","Olio toscano","Sirena di Sorrento"],"articleSection":["Eventi"],"inLanguage":"it-IT","potentialAction":[{"@type":"CommentAction","name":"Comment","target":["https:\/\/www.article-marketing.eu\/comunicati\/comunicati-stampa\/eventi\/festa-a-crema-per-lolio-dop-terre-di-siena\/#respond"]}]},{"@type":"WebPage","@id":"https:\/\/www.article-marketing.eu\/comunicati\/comunicati-stampa\/eventi\/festa-a-crema-per-lolio-dop-terre-di-siena\/","url":"https:\/\/www.article-marketing.eu\/comunicati\/comunicati-stampa\/eventi\/festa-a-crema-per-lolio-dop-terre-di-siena\/","name":"Festa a Crema per l\u2019olio DOP Terre di Siena - Article Marketing","isPartOf":{"@id":"https:\/\/www.article-marketing.eu\/comunicati\/#website"},"datePublished":"2010-04-02T17:19:30+00:00","author":{"@id":"https:\/\/www.article-marketing.eu\/comunicati\/#\/schema\/person\/44372e4d4d0fa797b18e03ed1ace9017"},"breadcrumb":{"@id":"https:\/\/www.article-marketing.eu\/comunicati\/comunicati-stampa\/eventi\/festa-a-crema-per-lolio-dop-terre-di-siena\/#breadcrumb"},"inLanguage":"it-IT","potentialAction":[{"@type":"ReadAction","target":["https:\/\/www.article-marketing.eu\/comunicati\/comunicati-stampa\/eventi\/festa-a-crema-per-lolio-dop-terre-di-siena\/"]}]},{"@type":"BreadcrumbList","@id":"https:\/\/www.article-marketing.eu\/comunicati\/comunicati-stampa\/eventi\/festa-a-crema-per-lolio-dop-terre-di-siena\/#breadcrumb","itemListElement":[{"@type":"ListItem","position":1,"name":"Home","item":"https:\/\/www.article-marketing.eu\/comunicati\/"},{"@type":"ListItem","position":2,"name":"Festa a Crema per l\u2019olio DOP Terre di Siena"}]},{"@type":"WebSite","@id":"https:\/\/www.article-marketing.eu\/comunicati\/#website","url":"https:\/\/www.article-marketing.eu\/comunicati\/","name":"Article Marketing","description":"article marketing &amp; press release","potentialAction":[{"@type":"SearchAction","target":{"@type":"EntryPoint","urlTemplate":"https:\/\/www.article-marketing.eu\/comunicati\/?s={search_term_string}"},"query-input":{"@type":"PropertyValueSpecification","valueRequired":true,"valueName":"search_term_string"}}],"inLanguage":"it-IT"},{"@type":"Person","@id":"https:\/\/www.article-marketing.eu\/comunicati\/#\/schema\/person\/44372e4d4d0fa797b18e03ed1ace9017","name":"Redazione Comunicati Stampa","image":{"@type":"ImageObject","inLanguage":"it-IT","@id":"https:\/\/www.article-marketing.eu\/comunicati\/#\/schema\/person\/image\/","url":"https:\/\/secure.gravatar.com\/avatar\/50e5c6421d3072f42e7ace803501602c60d75233d34e29fd05feb91c8760b792?s=96&d=mm&r=g","contentUrl":"https:\/\/secure.gravatar.com\/avatar\/50e5c6421d3072f42e7ace803501602c60d75233d34e29fd05feb91c8760b792?s=96&d=mm&r=g","caption":"Redazione Comunicati Stampa"},"url":"https:\/\/www.article-marketing.eu\/comunicati\/author\/redazione-comunicati-stampa\/"}]}},"_links":{"self":[{"href":"https:\/\/www.article-marketing.eu\/comunicati\/wp-json\/wp\/v2\/posts\/4606","targetHints":{"allow":["GET"]}}],"collection":[{"href":"https:\/\/www.article-marketing.eu\/comunicati\/wp-json\/wp\/v2\/posts"}],"about":[{"href":"https:\/\/www.article-marketing.eu\/comunicati\/wp-json\/wp\/v2\/types\/post"}],"author":[{"embeddable":true,"href":"https:\/\/www.article-marketing.eu\/comunicati\/wp-json\/wp\/v2\/users\/10"}],"replies":[{"embeddable":true,"href":"https:\/\/www.article-marketing.eu\/comunicati\/wp-json\/wp\/v2\/comments?post=4606"}],"version-history":[{"count":0,"href":"https:\/\/www.article-marketing.eu\/comunicati\/wp-json\/wp\/v2\/posts\/4606\/revisions"}],"wp:attachment":[{"href":"https:\/\/www.article-marketing.eu\/comunicati\/wp-json\/wp\/v2\/media?parent=4606"}],"wp:term":[{"taxonomy":"category","embeddable":true,"href":"https:\/\/www.article-marketing.eu\/comunicati\/wp-json\/wp\/v2\/categories?post=4606"},{"taxonomy":"post_tag","embeddable":true,"href":"https:\/\/www.article-marketing.eu\/comunicati\/wp-json\/wp\/v2\/tags?post=4606"}],"curies":[{"name":"wp","href":"https:\/\/api.w.org\/{rel}","templated":true}]}}