{"id":4620,"date":"2010-04-06T10:45:11","date_gmt":"2010-04-06T08:45:11","guid":{"rendered":"http:\/\/www.article-marketing.eu\/comunicati\/senza-categoria\/a-edilmed-sifuc-2010-si-parla-di-internazionalit%e0-con-la-polyglass-spa\/"},"modified":"2010-04-06T10:45:11","modified_gmt":"2010-04-06T08:45:11","slug":"a-edilmed-sifuc-2010-si-parla-di-internazionalit%e0-con-la-polyglass-spa","status":"publish","type":"post","link":"https:\/\/www.article-marketing.eu\/comunicati\/comunicati-stampa\/a-edilmed-sifuc-2010-si-parla-di-internazionalit%e0-con-la-polyglass-spa\/","title":{"rendered":"A EDILMED-SIFUC 2010 si parla di internazionalit\u00e0 con la Polyglass SPA"},"content":{"rendered":"<p>Uno dei tratti pi\u00f9 caratteristici dell\u2019edizione targata 2010 della Fiera EDILMED-SIFUC \u00e8 senza dubbio l\u2019internazionalit\u00e0, ovvero l\u2019apertura verso l\u2019estero, ospitando non solo grandi gruppi stranieri, ma anche aziende italiane che ce l\u2019hanno fatta e che con il loro lavoro sono riuscite a conquistarsi un posto di primo piano in Italia e in altri paesi, europei e non.&nbsp;Uno degli esempi di aziende italiane che hanno \u201csfondato\u201d all\u2019estero \u00e8 la Polyglass SPA, una societ\u00e0 che pu\u00f2 vantare pi\u00f9 di 35 anni di esperienza, nel corso dei quali ha saputo non solo crescere come gruppo, assumendo una dimensione davvero internazionale, ma anche innovarsi costantemente, ponendo sempre grande attenzione alla ricerca e all\u2019innovazione.Una \u201ceccellenza\u201d tutta italiana che alla Fiera EDILMED-SIFUC 2010 porter\u00e0 il suo esempio e la testimonianza di come le forze imprenditoriali del nostro paese siano vive e capaci di essere all\u2019altezza delle imprese straniere e di sostenere una competizione a livello internazionale.Ancora una volta, quindi, EDILMED-SIFUC 2010 dimostra di voler essere qualcosa di pi\u00f9 di un \u201ctradizionale\u201d incontro B2B, ma una <a href=\"http:\/\/www.edilmed-sifuc.it\/\">fiera edile<\/a> capace di offrire a tutti coloro che interverranno spunti, informazioni, testimonianze che di certo inietteranno nuova linfa vitale in un settore che, attualmente, sta attraversando una congiuntura delicata.&nbsp;<br \/>Per parlare di internazionalit\u00e0, ma anche della importanza del mercato italiano abbiamo raggiunto il Geom. Roberto Protto, Direttore Commerciale di Polyglass SPA.<\/p>\n<p><strong>1.<\/strong><strong>\t<\/strong><strong>La vostra azienda, nata nel 1969 dal lavoro di tre fratelli, &nbsp;\u00e8 riuscita ad affermarsi come primo produttore italiano nel mondo, esportando i vostri prodotti e le vostre tecnologie in ben 40 paesi. Un risultato raggiungo grazie ad impegno, investimenti e vocazione allo sviluppo che la Polyglass ha coltivato nel corso di ben 35 anni di attivit\u00e0. Quest\u2019anno sarete presenti alla Fiera EDILMED-SIFUC 2010, un evento gi\u00e0 importante per gli operatori del settore che per questa edizione ha deciso anche di rafforzare la sua vocazione internazionale. Cosa vi aspettate da questa partecipazione e dal fatto di affiancare il vostro marchio a quello di EDILMED e SIFUC?<\/strong><\/p>\n<p><em>\u201cDa sempre Polyglass, oggi facente parte del gruppo Mapei, \u00e8 una realt\u00e0 leader nel mercato italiano. Polyglass, nonostante la sua vocazione internazionale, vede il mercato italiano come il pi\u00f9 importante. In Italia Polyglass copre quasi il 15% del mercato, ed \u00e8 riconosciuta come una azienda particolarmente attenta alle innovazioni e alla comunicazione.<\/em><em>Il nostro quartier generale \u00e8 a Treviso, dove su di una superficie di 90.000 mq sono posizionate 4 linee produttive, una quinta \u00e8 inoltre localizzata nel sud Italia e precisamente a Bari. La nostra distribuzione sul territorio nazionale \u00e8 estremamente omogenea.&nbsp;<\/em><em>La scelta di partecipare alla fiera EDILMED si lega a due nostri obiettivi, da una parte abbiamo diverse interessanti novit\u00e0 da presentare al mercato e dall\u2019altra vogliamo rafforzare la nostra presenza, oltre che &nbsp;sul territorio campano (dove siamo ottimamente &nbsp;rappresentati dalla societ\u00e0 SACES), &nbsp;in tutto il sud Italia &nbsp;in generale, che tra l\u2019altro, in questi periodi sembra risentire leggermente meno della pesante crisi che ha toccato tutto il comparto produttivo. La vocazione internazionale della fiera EDILMED, inoltre, ha rafforzato il nostro interesse alla partecipazione\u201d.<\/em><\/p>\n<p><strong>2.<\/strong><strong>\t<\/strong><strong>La Polyglass \u00e8 notevolmente cresciuta nel corso di questi anni, diventando, come detto una realt\u00e0 internazionale. Ma questo non vi ha mai portato a tradire le vostre origini e la mission che sin dall\u2019inizio vi siete posti, ovvero quella di garantire sempre dei prodotti di altissimo livello tecnologico. Non \u00e8 un caso che la crescita della vostra dimensione internazionale sia andata di pari passo con la ricerca scientifica e con la voglia di realizzare prodotti di qualit\u00e0, all\u2019avanguardia e allo stesso tempo semplici, che sappiano anche porre attenzione all\u2019ambiente e alle condizioni di lavoro. Cosa porterete, quindi, a EDILMED-SIFUC e quali prodotti dobbiamo aspettarci di vedere?<\/strong><\/p>\n<p><em>\u201cLa nostra mission \u00e8 aggiungere valore, e da sempre questo \u00e8 il nostro monito. Siamo convinti che essere tra le aziende leader nel mondo, comporti anche la responsabilit\u00e0 di continuare ad investire in prodotti e tecnologie che permettano il miglioramento sia dei materiali che del rispetto dell\u2019ambiente.&nbsp;<\/em><em>Pi\u00f9 di dieci anni fa abbiamo iniziato &nbsp;lo sviluppo delle tecnologie impermeabili autoadesive con i prodotti della &nbsp;linea ADESO. Le membrane Adesso sono le membrane impermeabili pi\u00f9 avanzate tecnologicamente e possono essere installate senza l\u2019uso di fiamme libere. Ci\u00f2 si traduce in grandi vantaggi in termini di velocit\u00e0, sicurezza e soprattutto rispetto ambientale.&nbsp;<\/em><em>Ad oggi pi\u00f9 di 100 milioni di mq di questo prodotto sono stati venduti con successo in tutto il mondo.<\/em><em>Nel mese di luglio del 2009 inoltre la nostra societ\u00e0 ha presentato al mercato le prime membrane bitume polimero a tecnologia ultraleggera REOXTHENE. Si tratta di una tecnologia che permette la riduzione del peso delle membrane fino al 40%. Si pensi che oggi possiamo proporre al mercato membrane da 4 mm di spessore e del peso di soli 29 kg. Questo risultato \u00e8 unico al mondo al momento, ed \u00e8 ovviamente coperto da diversi brevetti internazionali.<\/em><em>In conclusione queste due tecnologie, ovvero le membrane autoadesive e le membrane ultraleggere della serie REOXTHENE saranno i \u201cfili conduttori\u201d &nbsp;della nostra presenza all\u2019EDILMED. Saremo inoltre presenti con il nostro POLYMOBILE, un mezzo mobile avveniristico, a met\u00e0 strada tra uno show-room a 5 stelle ed un palco dimostrativo dei nostri prodotti\u201d.<\/em><\/p>\n","protected":false},"excerpt":{"rendered":"<p>La Fiera EDILMED-SIFUC 2010 ospita la Polyglass spa, un&#8217;occasione per parlare di internazionalit\u00e0<\/p>\n","protected":false},"author":10,"featured_media":0,"comment_status":"open","ping_status":"open","sticky":false,"template":"","format":"standard","meta":{"cybocfi_hide_featured_image":"","footnotes":""},"categories":[190],"tags":[13279,13101,13419],"class_list":["post-4620","post","type-post","status-publish","format-standard","hentry","category-comunicati-stampa","tag-fiera-delledilizia","tag-fiera-edile","tag-fiera-edilmed-sifuc"],"yoast_head":"<!-- This site is optimized with the Yoast SEO plugin v27.0 - https:\/\/yoast.com\/product\/yoast-seo-wordpress\/ -->\n<title>A EDILMED-SIFUC 2010 si parla di internazionalit\u00e0 con la Polyglass SPA - Article Marketing<\/title>\n<meta name=\"robots\" content=\"index, follow, max-snippet:-1, max-image-preview:large, max-video-preview:-1\" \/>\n<link rel=\"canonical\" href=\"https:\/\/www.article-marketing.eu\/comunicati\/comunicati-stampa\/a-edilmed-sifuc-2010-si-parla-di-internazionalit?-con-la-polyglass-spa\/\" \/>\n<meta property=\"og:locale\" content=\"it_IT\" \/>\n<meta property=\"og:type\" content=\"article\" \/>\n<meta property=\"og:title\" content=\"A EDILMED-SIFUC 2010 si parla di internazionalit\u00e0 con la Polyglass SPA - Article Marketing\" \/>\n<meta property=\"og:description\" content=\"La Fiera EDILMED-SIFUC 2010 ospita la Polyglass spa, un&#039;occasione per parlare di internazionalit\u00e0\" \/>\n<meta property=\"og:url\" content=\"\" \/>\n<meta property=\"og:site_name\" content=\"Article Marketing\" \/>\n<meta property=\"article:published_time\" content=\"2010-04-06T08:45:11+00:00\" \/>\n<meta name=\"author\" content=\"Redazione Comunicati Stampa\" \/>\n<meta name=\"twitter:card\" content=\"summary_large_image\" \/>\n<meta name=\"twitter:label1\" content=\"Scritto da\" \/>\n\t<meta name=\"twitter:data1\" content=\"Redazione Comunicati Stampa\" \/>\n\t<meta name=\"twitter:label2\" content=\"Tempo di lettura stimato\" \/>\n\t<meta name=\"twitter:data2\" content=\"4 minuti\" \/>\n<script type=\"application\/ld+json\" class=\"yoast-schema-graph\">{\"@context\":\"https:\/\/schema.org\",\"@graph\":[{\"@type\":\"Article\",\"@id\":\"https:\/\/www.article-marketing.eu\/comunicati\/comunicati-stampa\/a-edilmed-sifuc-2010-si-parla-di-internazionalit%e0-con-la-polyglass-spa\/#article\",\"isPartOf\":{\"@id\":\"https:\/\/www.article-marketing.eu\/comunicati\/comunicati-stampa\/a-edilmed-sifuc-2010-si-parla-di-internazionalit%e0-con-la-polyglass-spa\/\"},\"author\":{\"name\":\"Redazione Comunicati Stampa\",\"@id\":\"https:\/\/www.article-marketing.eu\/comunicati\/#\/schema\/person\/44372e4d4d0fa797b18e03ed1ace9017\"},\"headline\":\"A EDILMED-SIFUC 2010 si parla di internazionalit\u00e0 con la Polyglass SPA\",\"datePublished\":\"2010-04-06T08:45:11+00:00\",\"mainEntityOfPage\":{\"@id\":\"https:\/\/www.article-marketing.eu\/comunicati\/comunicati-stampa\/a-edilmed-sifuc-2010-si-parla-di-internazionalit%e0-con-la-polyglass-spa\/\"},\"wordCount\":870,\"commentCount\":0,\"keywords\":[\"fiera dell'edilizia\",\"fiera edile\",\"Fiera EDILMED-SIFUC\"],\"articleSection\":[\"Comunicati stampa\"],\"inLanguage\":\"it-IT\",\"potentialAction\":[{\"@type\":\"CommentAction\",\"name\":\"Comment\",\"target\":[\"https:\/\/www.article-marketing.eu\/comunicati\/comunicati-stampa\/a-edilmed-sifuc-2010-si-parla-di-internazionalit%e0-con-la-polyglass-spa\/#respond\"]}]},{\"@type\":\"WebPage\",\"@id\":\"https:\/\/www.article-marketing.eu\/comunicati\/comunicati-stampa\/a-edilmed-sifuc-2010-si-parla-di-internazionalit%e0-con-la-polyglass-spa\/\",\"url\":\"https:\/\/www.article-marketing.eu\/comunicati\/comunicati-stampa\/a-edilmed-sifuc-2010-si-parla-di-internazionalit%e0-con-la-polyglass-spa\/\",\"name\":\"A EDILMED-SIFUC 2010 si parla di internazionalit\u00e0 con la Polyglass SPA - Article Marketing\",\"isPartOf\":{\"@id\":\"https:\/\/www.article-marketing.eu\/comunicati\/#website\"},\"datePublished\":\"2010-04-06T08:45:11+00:00\",\"author\":{\"@id\":\"https:\/\/www.article-marketing.eu\/comunicati\/#\/schema\/person\/44372e4d4d0fa797b18e03ed1ace9017\"},\"breadcrumb\":{\"@id\":\"https:\/\/www.article-marketing.eu\/comunicati\/comunicati-stampa\/a-edilmed-sifuc-2010-si-parla-di-internazionalit%e0-con-la-polyglass-spa\/#breadcrumb\"},\"inLanguage\":\"it-IT\",\"potentialAction\":[{\"@type\":\"ReadAction\",\"target\":[\"https:\/\/www.article-marketing.eu\/comunicati\/comunicati-stampa\/a-edilmed-sifuc-2010-si-parla-di-internazionalit%e0-con-la-polyglass-spa\/\"]}]},{\"@type\":\"BreadcrumbList\",\"@id\":\"https:\/\/www.article-marketing.eu\/comunicati\/comunicati-stampa\/a-edilmed-sifuc-2010-si-parla-di-internazionalit%e0-con-la-polyglass-spa\/#breadcrumb\",\"itemListElement\":[{\"@type\":\"ListItem\",\"position\":1,\"name\":\"Home\",\"item\":\"https:\/\/www.article-marketing.eu\/comunicati\/\"},{\"@type\":\"ListItem\",\"position\":2,\"name\":\"A EDILMED-SIFUC 2010 si parla di internazionalit\u00e0 con la Polyglass SPA\"}]},{\"@type\":\"WebSite\",\"@id\":\"https:\/\/www.article-marketing.eu\/comunicati\/#website\",\"url\":\"https:\/\/www.article-marketing.eu\/comunicati\/\",\"name\":\"Article Marketing\",\"description\":\"article marketing &amp; press release\",\"potentialAction\":[{\"@type\":\"SearchAction\",\"target\":{\"@type\":\"EntryPoint\",\"urlTemplate\":\"https:\/\/www.article-marketing.eu\/comunicati\/?s={search_term_string}\"},\"query-input\":{\"@type\":\"PropertyValueSpecification\",\"valueRequired\":true,\"valueName\":\"search_term_string\"}}],\"inLanguage\":\"it-IT\"},{\"@type\":\"Person\",\"@id\":\"https:\/\/www.article-marketing.eu\/comunicati\/#\/schema\/person\/44372e4d4d0fa797b18e03ed1ace9017\",\"name\":\"Redazione Comunicati Stampa\",\"image\":{\"@type\":\"ImageObject\",\"inLanguage\":\"it-IT\",\"@id\":\"https:\/\/www.article-marketing.eu\/comunicati\/#\/schema\/person\/image\/\",\"url\":\"https:\/\/secure.gravatar.com\/avatar\/50e5c6421d3072f42e7ace803501602c60d75233d34e29fd05feb91c8760b792?s=96&d=mm&r=g\",\"contentUrl\":\"https:\/\/secure.gravatar.com\/avatar\/50e5c6421d3072f42e7ace803501602c60d75233d34e29fd05feb91c8760b792?s=96&d=mm&r=g\",\"caption\":\"Redazione Comunicati Stampa\"},\"url\":\"https:\/\/www.article-marketing.eu\/comunicati\/author\/redazione-comunicati-stampa\/\"}]}<\/script>\n<!-- \/ Yoast SEO plugin. -->","yoast_head_json":{"title":"A EDILMED-SIFUC 2010 si parla di internazionalit\u00e0 con la Polyglass SPA - Article Marketing","robots":{"index":"index","follow":"follow","max-snippet":"max-snippet:-1","max-image-preview":"max-image-preview:large","max-video-preview":"max-video-preview:-1"},"canonical":"https:\/\/www.article-marketing.eu\/comunicati\/comunicati-stampa\/a-edilmed-sifuc-2010-si-parla-di-internazionalit?-con-la-polyglass-spa\/","og_locale":"it_IT","og_type":"article","og_title":"A EDILMED-SIFUC 2010 si parla di internazionalit\u00e0 con la Polyglass SPA - Article Marketing","og_description":"La Fiera EDILMED-SIFUC 2010 ospita la Polyglass spa, un'occasione per parlare di internazionalit\u00e0","og_url":"https:\/\/www.article-marketing.eu\/comunicati\/comunicati-stampa\/a-edilmed-sifuc-2010-si-parla-di-internazionalit?-con-la-polyglass-spa\/","og_site_name":"Article Marketing","article_published_time":"2010-04-06T08:45:11+00:00","author":"Redazione Comunicati Stampa","twitter_card":"summary_large_image","twitter_misc":{"Scritto da":"Redazione Comunicati Stampa","Tempo di lettura stimato":"4 minuti"},"schema":{"@context":"https:\/\/schema.org","@graph":[{"@type":"Article","@id":"https:\/\/www.article-marketing.eu\/comunicati\/comunicati-stampa\/a-edilmed-sifuc-2010-si-parla-di-internazionalit%e0-con-la-polyglass-spa\/#article","isPartOf":{"@id":"https:\/\/www.article-marketing.eu\/comunicati\/comunicati-stampa\/a-edilmed-sifuc-2010-si-parla-di-internazionalit%e0-con-la-polyglass-spa\/"},"author":{"name":"Redazione Comunicati Stampa","@id":"https:\/\/www.article-marketing.eu\/comunicati\/#\/schema\/person\/44372e4d4d0fa797b18e03ed1ace9017"},"headline":"A EDILMED-SIFUC 2010 si parla di internazionalit\u00e0 con la Polyglass SPA","datePublished":"2010-04-06T08:45:11+00:00","mainEntityOfPage":{"@id":"https:\/\/www.article-marketing.eu\/comunicati\/comunicati-stampa\/a-edilmed-sifuc-2010-si-parla-di-internazionalit%e0-con-la-polyglass-spa\/"},"wordCount":870,"commentCount":0,"keywords":["fiera dell'edilizia","fiera edile","Fiera EDILMED-SIFUC"],"articleSection":["Comunicati stampa"],"inLanguage":"it-IT","potentialAction":[{"@type":"CommentAction","name":"Comment","target":["https:\/\/www.article-marketing.eu\/comunicati\/comunicati-stampa\/a-edilmed-sifuc-2010-si-parla-di-internazionalit%e0-con-la-polyglass-spa\/#respond"]}]},{"@type":"WebPage","@id":"https:\/\/www.article-marketing.eu\/comunicati\/comunicati-stampa\/a-edilmed-sifuc-2010-si-parla-di-internazionalit%e0-con-la-polyglass-spa\/","url":"https:\/\/www.article-marketing.eu\/comunicati\/comunicati-stampa\/a-edilmed-sifuc-2010-si-parla-di-internazionalit%e0-con-la-polyglass-spa\/","name":"A EDILMED-SIFUC 2010 si parla di internazionalit\u00e0 con la Polyglass SPA - Article Marketing","isPartOf":{"@id":"https:\/\/www.article-marketing.eu\/comunicati\/#website"},"datePublished":"2010-04-06T08:45:11+00:00","author":{"@id":"https:\/\/www.article-marketing.eu\/comunicati\/#\/schema\/person\/44372e4d4d0fa797b18e03ed1ace9017"},"breadcrumb":{"@id":"https:\/\/www.article-marketing.eu\/comunicati\/comunicati-stampa\/a-edilmed-sifuc-2010-si-parla-di-internazionalit%e0-con-la-polyglass-spa\/#breadcrumb"},"inLanguage":"it-IT","potentialAction":[{"@type":"ReadAction","target":["https:\/\/www.article-marketing.eu\/comunicati\/comunicati-stampa\/a-edilmed-sifuc-2010-si-parla-di-internazionalit%e0-con-la-polyglass-spa\/"]}]},{"@type":"BreadcrumbList","@id":"https:\/\/www.article-marketing.eu\/comunicati\/comunicati-stampa\/a-edilmed-sifuc-2010-si-parla-di-internazionalit%e0-con-la-polyglass-spa\/#breadcrumb","itemListElement":[{"@type":"ListItem","position":1,"name":"Home","item":"https:\/\/www.article-marketing.eu\/comunicati\/"},{"@type":"ListItem","position":2,"name":"A EDILMED-SIFUC 2010 si parla di internazionalit\u00e0 con la Polyglass SPA"}]},{"@type":"WebSite","@id":"https:\/\/www.article-marketing.eu\/comunicati\/#website","url":"https:\/\/www.article-marketing.eu\/comunicati\/","name":"Article Marketing","description":"article marketing &amp; press release","potentialAction":[{"@type":"SearchAction","target":{"@type":"EntryPoint","urlTemplate":"https:\/\/www.article-marketing.eu\/comunicati\/?s={search_term_string}"},"query-input":{"@type":"PropertyValueSpecification","valueRequired":true,"valueName":"search_term_string"}}],"inLanguage":"it-IT"},{"@type":"Person","@id":"https:\/\/www.article-marketing.eu\/comunicati\/#\/schema\/person\/44372e4d4d0fa797b18e03ed1ace9017","name":"Redazione Comunicati Stampa","image":{"@type":"ImageObject","inLanguage":"it-IT","@id":"https:\/\/www.article-marketing.eu\/comunicati\/#\/schema\/person\/image\/","url":"https:\/\/secure.gravatar.com\/avatar\/50e5c6421d3072f42e7ace803501602c60d75233d34e29fd05feb91c8760b792?s=96&d=mm&r=g","contentUrl":"https:\/\/secure.gravatar.com\/avatar\/50e5c6421d3072f42e7ace803501602c60d75233d34e29fd05feb91c8760b792?s=96&d=mm&r=g","caption":"Redazione Comunicati Stampa"},"url":"https:\/\/www.article-marketing.eu\/comunicati\/author\/redazione-comunicati-stampa\/"}]}},"_links":{"self":[{"href":"https:\/\/www.article-marketing.eu\/comunicati\/wp-json\/wp\/v2\/posts\/4620","targetHints":{"allow":["GET"]}}],"collection":[{"href":"https:\/\/www.article-marketing.eu\/comunicati\/wp-json\/wp\/v2\/posts"}],"about":[{"href":"https:\/\/www.article-marketing.eu\/comunicati\/wp-json\/wp\/v2\/types\/post"}],"author":[{"embeddable":true,"href":"https:\/\/www.article-marketing.eu\/comunicati\/wp-json\/wp\/v2\/users\/10"}],"replies":[{"embeddable":true,"href":"https:\/\/www.article-marketing.eu\/comunicati\/wp-json\/wp\/v2\/comments?post=4620"}],"version-history":[{"count":0,"href":"https:\/\/www.article-marketing.eu\/comunicati\/wp-json\/wp\/v2\/posts\/4620\/revisions"}],"wp:attachment":[{"href":"https:\/\/www.article-marketing.eu\/comunicati\/wp-json\/wp\/v2\/media?parent=4620"}],"wp:term":[{"taxonomy":"category","embeddable":true,"href":"https:\/\/www.article-marketing.eu\/comunicati\/wp-json\/wp\/v2\/categories?post=4620"},{"taxonomy":"post_tag","embeddable":true,"href":"https:\/\/www.article-marketing.eu\/comunicati\/wp-json\/wp\/v2\/tags?post=4620"}],"curies":[{"name":"wp","href":"https:\/\/api.w.org\/{rel}","templated":true}]}}