{"id":469,"date":"2008-06-14T23:32:55","date_gmt":"2008-06-14T21:32:55","guid":{"rendered":"http:\/\/www.article-marketing.eu\/comunicati\/senza-categoria\/iphone-in-italia-dall11-luglio-con-tim-e-vodafone\/"},"modified":"2008-06-14T23:32:55","modified_gmt":"2008-06-14T21:32:55","slug":"iphone-in-italia-dall11-luglio-con-tim-e-vodafone","status":"publish","type":"post","link":"https:\/\/www.article-marketing.eu\/comunicati\/telecomunicazioni\/telefonia-mobile\/iphone-in-italia-dall11-luglio-con-tim-e-vodafone\/","title":{"rendered":"iPhone in Italia dall&#8217;11 luglio con TIM e Vodafone"},"content":{"rendered":"<p>Qualche giorno fa Steve Jobs ha finalmente annunciato la notizia che molti italiani, appassionati di prodotti Apple, cellulari o semplicemente di tecnologia attendevano da molti mesi: l&#8217;11 luglio l&#8217;iphone UMTS uscir\u00e0 ufficialmente anche in Italia.La notizia \u00e8 stata data nel corso del Mac World di San Francisco. iphone uscir\u00e0 oltre che in Italia anche in 69 altri paesi. Come gi\u00e0 si sapeva da qualche settimana iphone in Italia uscir\u00e0 con gli operatori telefonici Vodafone e TIM. Per entrambi gli operatori la data di lancio del prodotto \u00e8 confermata ufficialmente per l&#8217;11 luglio. La versione di iphone che uscir\u00e0 in Italia sar\u00e0 la seconda generazione del prodotto ovvero, verr\u00e0 da subito proposto il nuovo iphone UMTS. Il nuovo iphone avr\u00e0 l&#8217;audio migliorato, i bordi pi\u00f9 fini ed il display delle stesse dimensioni e sar\u00e0 disponibile in due diverse colorazioni: nero e bianco ma con i bottoni in metallo. Il nuovo iphone sar\u00e0 incredibilmente veloce nello scaricare pagine web rispetto al precedente modello EDGE. l&#8217;iphone UMTS inoltre integra la anche un modulo A-GPS che servir\u00e0 per migliorare la localizzazione e le funzionalit\u00e0 offerte da Google Maps.<\/p>\n<p>L&#8217;11 luglio l&#8217;<a href=\"http:\/\/www.iphoneplanet.it\">iphone<\/a> UMTS uscir\u00e0 oltre che in Italia anche negli Stati uniti, Gran Bretagna, Svizzera, Svezia, Spagna, Portogallo, Norvegia, Nuova Zelanda, Paesi Bassi, Messico, Giappone, Irlanda, Hong Kong, Germania, Francia, Finlandia, Danimarca, Belgio, Austria, Australia. Negli Stati uniti il prezzo sar\u00e0 alternativamente di $ 199 per la versione con 8 GB memoria o $ 299 per la versione con 16 GB di memoria. Vodafone ha ufficialmente annunciato che in Italia vender\u00e0 anche la versione sbloccata di iphone, la versione da 8 GB coster\u00e0 499 \u20ac e la versione da 16 GB coster\u00e0 569 \u20ac uno per chi sceglier\u00e0 di mantenere un piano ricaricabile per privati. Vodafone ha comunicato anche che ci sar\u00e0 la disponibilit\u00e0 di avere iphone vodafone con abbonamento e se si sceglier\u00e0 questa seconda opportunit\u00e0 il prezzo del dispositivo sar\u00e0 notevolmente pi\u00f9 basso. Nelle prossime settimane aspettiamo di avere maggiori dettagli sul piani tariffari che Vodafone proporr\u00e0.<\/p>\n<p>Anche Telecom Italia ha annunciato che inizier\u00e0 a vendere il iphone ufficialmente l&#8217;11 luglio, iphone TIM sar\u00e0 venduto nelle versioni da 8 e 16 gigabyte sia per clienti prepagati che quelli in abbonamento. Per quanto riguarda Telecom Italia per\u00f2 ad oggi non ci sono ancora dettagli sui prezzi del cellulare e dei futuri piani tariffari con cui verr\u00e0 venduto. Per chi ancora non lo sapesse ricordiamo che iphone \u00e8 molto di pi\u00f9 di un semplice cellulare, \u00e8 un dispositivo completo che permette di navigare in Internet attraverso il browser Safari, controllare la posta attraverso l&#8217;applicativo Mail, integra inoltre tutte le funzioni dei tradizionali ipod, pu\u00f2 spedire naturalmente SMS, integra le mappe con anche le funzioni di geolocalizzazione e molte altre utili strumenti. Ricordiamo alcune specifiche tecniche del cellulare: il peso di 133 g, la capacit\u00e0 di memoria di 8 o 16 GB, le due colorazioni bianco e nero, la connessione UMTS, Wi-Fi, Bluetooth, il display multi-touch da 3,5 pollici con risoluzione di 480&#215;320 pixel, il supporto alla visualizzazione simultanea di pi\u00f9 lingue, gli auricolari stereo con microfono integrato, il supporto a numerosi formati video e audio, la fotocamera da due mega pixel, ed infine la possibile integrazione con iphone e dapplicazioni di terze parti. L&#8217;autonomia di conversazione \u00e8 dichiarata fino a 10 h con connettivit\u00e0 2G e fino a 5 h con connettivit\u00e0 3G, l&#8217;autonomia in standby e dichiarata sino a 300 h.<\/p>\n","protected":false},"excerpt":{"rendered":"<p>Qualche giorno fa Steve Jobs ha finalmente annunciato la notizia che molti italiani, appassionati di prodotti Apple, cellulari o semplicemente di tecnologia attendevano da molti mesi: l&#8217;11 luglio l&#8217;iphone UMTS uscir\u00e0 ufficialmente anche in Italia.<\/p>\n","protected":false},"author":10,"featured_media":0,"comment_status":"open","ping_status":"open","sticky":false,"template":"","format":"standard","meta":{"cybocfi_hide_featured_image":"","footnotes":""},"categories":[256],"tags":[1650],"class_list":["post-469","post","type-post","status-publish","format-standard","hentry","category-telefonia-mobile","tag-iphone"],"yoast_head":"<!-- This site is optimized with the Yoast SEO plugin v27.0 - https:\/\/yoast.com\/product\/yoast-seo-wordpress\/ -->\n<title>iPhone in Italia dall&#039;11 luglio con TIM e Vodafone - Article Marketing<\/title>\n<meta name=\"robots\" content=\"index, follow, max-snippet:-1, max-image-preview:large, max-video-preview:-1\" \/>\n<link rel=\"canonical\" href=\"https:\/\/www.article-marketing.eu\/comunicati\/telecomunicazioni\/telefonia-mobile\/iphone-in-italia-dall11-luglio-con-tim-e-vodafone\/\" \/>\n<meta property=\"og:locale\" content=\"it_IT\" \/>\n<meta property=\"og:type\" content=\"article\" \/>\n<meta property=\"og:title\" content=\"iPhone in Italia dall&#039;11 luglio con TIM e Vodafone - Article Marketing\" \/>\n<meta property=\"og:description\" content=\"Qualche giorno fa Steve Jobs ha finalmente annunciato la notizia che molti italiani, appassionati di prodotti Apple, cellulari o semplicemente di tecnologia attendevano da molti mesi: l&#039;11 luglio l&#039;iphone UMTS uscir\u00e0 ufficialmente anche in Italia.\" \/>\n<meta property=\"og:url\" content=\"https:\/\/www.article-marketing.eu\/comunicati\/telecomunicazioni\/telefonia-mobile\/iphone-in-italia-dall11-luglio-con-tim-e-vodafone\/\" \/>\n<meta property=\"og:site_name\" content=\"Article Marketing\" \/>\n<meta property=\"article:published_time\" content=\"2008-06-14T21:32:55+00:00\" \/>\n<meta name=\"author\" content=\"Redazione Comunicati Stampa\" \/>\n<meta name=\"twitter:card\" content=\"summary_large_image\" \/>\n<meta name=\"twitter:label1\" content=\"Scritto da\" \/>\n\t<meta name=\"twitter:data1\" content=\"Redazione Comunicati Stampa\" \/>\n\t<meta name=\"twitter:label2\" content=\"Tempo di lettura stimato\" \/>\n\t<meta name=\"twitter:data2\" content=\"3 minuti\" \/>\n<script type=\"application\/ld+json\" class=\"yoast-schema-graph\">{\"@context\":\"https:\/\/schema.org\",\"@graph\":[{\"@type\":\"Article\",\"@id\":\"https:\/\/www.article-marketing.eu\/comunicati\/telecomunicazioni\/telefonia-mobile\/iphone-in-italia-dall11-luglio-con-tim-e-vodafone\/#article\",\"isPartOf\":{\"@id\":\"https:\/\/www.article-marketing.eu\/comunicati\/telecomunicazioni\/telefonia-mobile\/iphone-in-italia-dall11-luglio-con-tim-e-vodafone\/\"},\"author\":{\"name\":\"Redazione Comunicati Stampa\",\"@id\":\"https:\/\/www.article-marketing.eu\/comunicati\/#\/schema\/person\/44372e4d4d0fa797b18e03ed1ace9017\"},\"headline\":\"iPhone in Italia dall&#8217;11 luglio con TIM e Vodafone\",\"datePublished\":\"2008-06-14T21:32:55+00:00\",\"mainEntityOfPage\":{\"@id\":\"https:\/\/www.article-marketing.eu\/comunicati\/telecomunicazioni\/telefonia-mobile\/iphone-in-italia-dall11-luglio-con-tim-e-vodafone\/\"},\"wordCount\":550,\"commentCount\":0,\"keywords\":[\"iphone\"],\"articleSection\":[\"Telefonia Mobile\"],\"inLanguage\":\"it-IT\",\"potentialAction\":[{\"@type\":\"CommentAction\",\"name\":\"Comment\",\"target\":[\"https:\/\/www.article-marketing.eu\/comunicati\/telecomunicazioni\/telefonia-mobile\/iphone-in-italia-dall11-luglio-con-tim-e-vodafone\/#respond\"]}]},{\"@type\":\"WebPage\",\"@id\":\"https:\/\/www.article-marketing.eu\/comunicati\/telecomunicazioni\/telefonia-mobile\/iphone-in-italia-dall11-luglio-con-tim-e-vodafone\/\",\"url\":\"https:\/\/www.article-marketing.eu\/comunicati\/telecomunicazioni\/telefonia-mobile\/iphone-in-italia-dall11-luglio-con-tim-e-vodafone\/\",\"name\":\"iPhone in Italia dall'11 luglio con TIM e Vodafone - Article Marketing\",\"isPartOf\":{\"@id\":\"https:\/\/www.article-marketing.eu\/comunicati\/#website\"},\"datePublished\":\"2008-06-14T21:32:55+00:00\",\"author\":{\"@id\":\"https:\/\/www.article-marketing.eu\/comunicati\/#\/schema\/person\/44372e4d4d0fa797b18e03ed1ace9017\"},\"breadcrumb\":{\"@id\":\"https:\/\/www.article-marketing.eu\/comunicati\/telecomunicazioni\/telefonia-mobile\/iphone-in-italia-dall11-luglio-con-tim-e-vodafone\/#breadcrumb\"},\"inLanguage\":\"it-IT\",\"potentialAction\":[{\"@type\":\"ReadAction\",\"target\":[\"https:\/\/www.article-marketing.eu\/comunicati\/telecomunicazioni\/telefonia-mobile\/iphone-in-italia-dall11-luglio-con-tim-e-vodafone\/\"]}]},{\"@type\":\"BreadcrumbList\",\"@id\":\"https:\/\/www.article-marketing.eu\/comunicati\/telecomunicazioni\/telefonia-mobile\/iphone-in-italia-dall11-luglio-con-tim-e-vodafone\/#breadcrumb\",\"itemListElement\":[{\"@type\":\"ListItem\",\"position\":1,\"name\":\"Home\",\"item\":\"https:\/\/www.article-marketing.eu\/comunicati\/\"},{\"@type\":\"ListItem\",\"position\":2,\"name\":\"iPhone in Italia dall&#8217;11 luglio con TIM e Vodafone\"}]},{\"@type\":\"WebSite\",\"@id\":\"https:\/\/www.article-marketing.eu\/comunicati\/#website\",\"url\":\"https:\/\/www.article-marketing.eu\/comunicati\/\",\"name\":\"Article Marketing\",\"description\":\"article marketing &amp; press release\",\"potentialAction\":[{\"@type\":\"SearchAction\",\"target\":{\"@type\":\"EntryPoint\",\"urlTemplate\":\"https:\/\/www.article-marketing.eu\/comunicati\/?s={search_term_string}\"},\"query-input\":{\"@type\":\"PropertyValueSpecification\",\"valueRequired\":true,\"valueName\":\"search_term_string\"}}],\"inLanguage\":\"it-IT\"},{\"@type\":\"Person\",\"@id\":\"https:\/\/www.article-marketing.eu\/comunicati\/#\/schema\/person\/44372e4d4d0fa797b18e03ed1ace9017\",\"name\":\"Redazione Comunicati Stampa\",\"image\":{\"@type\":\"ImageObject\",\"inLanguage\":\"it-IT\",\"@id\":\"https:\/\/www.article-marketing.eu\/comunicati\/#\/schema\/person\/image\/\",\"url\":\"https:\/\/secure.gravatar.com\/avatar\/50e5c6421d3072f42e7ace803501602c60d75233d34e29fd05feb91c8760b792?s=96&d=mm&r=g\",\"contentUrl\":\"https:\/\/secure.gravatar.com\/avatar\/50e5c6421d3072f42e7ace803501602c60d75233d34e29fd05feb91c8760b792?s=96&d=mm&r=g\",\"caption\":\"Redazione Comunicati Stampa\"},\"url\":\"https:\/\/www.article-marketing.eu\/comunicati\/author\/redazione-comunicati-stampa\/\"}]}<\/script>\n<!-- \/ Yoast SEO plugin. -->","yoast_head_json":{"title":"iPhone in Italia dall'11 luglio con TIM e Vodafone - Article Marketing","robots":{"index":"index","follow":"follow","max-snippet":"max-snippet:-1","max-image-preview":"max-image-preview:large","max-video-preview":"max-video-preview:-1"},"canonical":"https:\/\/www.article-marketing.eu\/comunicati\/telecomunicazioni\/telefonia-mobile\/iphone-in-italia-dall11-luglio-con-tim-e-vodafone\/","og_locale":"it_IT","og_type":"article","og_title":"iPhone in Italia dall'11 luglio con TIM e Vodafone - Article Marketing","og_description":"Qualche giorno fa Steve Jobs ha finalmente annunciato la notizia che molti italiani, appassionati di prodotti Apple, cellulari o semplicemente di tecnologia attendevano da molti mesi: l'11 luglio l'iphone UMTS uscir\u00e0 ufficialmente anche in Italia.","og_url":"https:\/\/www.article-marketing.eu\/comunicati\/telecomunicazioni\/telefonia-mobile\/iphone-in-italia-dall11-luglio-con-tim-e-vodafone\/","og_site_name":"Article Marketing","article_published_time":"2008-06-14T21:32:55+00:00","author":"Redazione Comunicati Stampa","twitter_card":"summary_large_image","twitter_misc":{"Scritto da":"Redazione Comunicati Stampa","Tempo di lettura stimato":"3 minuti"},"schema":{"@context":"https:\/\/schema.org","@graph":[{"@type":"Article","@id":"https:\/\/www.article-marketing.eu\/comunicati\/telecomunicazioni\/telefonia-mobile\/iphone-in-italia-dall11-luglio-con-tim-e-vodafone\/#article","isPartOf":{"@id":"https:\/\/www.article-marketing.eu\/comunicati\/telecomunicazioni\/telefonia-mobile\/iphone-in-italia-dall11-luglio-con-tim-e-vodafone\/"},"author":{"name":"Redazione Comunicati Stampa","@id":"https:\/\/www.article-marketing.eu\/comunicati\/#\/schema\/person\/44372e4d4d0fa797b18e03ed1ace9017"},"headline":"iPhone in Italia dall&#8217;11 luglio con TIM e Vodafone","datePublished":"2008-06-14T21:32:55+00:00","mainEntityOfPage":{"@id":"https:\/\/www.article-marketing.eu\/comunicati\/telecomunicazioni\/telefonia-mobile\/iphone-in-italia-dall11-luglio-con-tim-e-vodafone\/"},"wordCount":550,"commentCount":0,"keywords":["iphone"],"articleSection":["Telefonia Mobile"],"inLanguage":"it-IT","potentialAction":[{"@type":"CommentAction","name":"Comment","target":["https:\/\/www.article-marketing.eu\/comunicati\/telecomunicazioni\/telefonia-mobile\/iphone-in-italia-dall11-luglio-con-tim-e-vodafone\/#respond"]}]},{"@type":"WebPage","@id":"https:\/\/www.article-marketing.eu\/comunicati\/telecomunicazioni\/telefonia-mobile\/iphone-in-italia-dall11-luglio-con-tim-e-vodafone\/","url":"https:\/\/www.article-marketing.eu\/comunicati\/telecomunicazioni\/telefonia-mobile\/iphone-in-italia-dall11-luglio-con-tim-e-vodafone\/","name":"iPhone in Italia dall'11 luglio con TIM e Vodafone - Article Marketing","isPartOf":{"@id":"https:\/\/www.article-marketing.eu\/comunicati\/#website"},"datePublished":"2008-06-14T21:32:55+00:00","author":{"@id":"https:\/\/www.article-marketing.eu\/comunicati\/#\/schema\/person\/44372e4d4d0fa797b18e03ed1ace9017"},"breadcrumb":{"@id":"https:\/\/www.article-marketing.eu\/comunicati\/telecomunicazioni\/telefonia-mobile\/iphone-in-italia-dall11-luglio-con-tim-e-vodafone\/#breadcrumb"},"inLanguage":"it-IT","potentialAction":[{"@type":"ReadAction","target":["https:\/\/www.article-marketing.eu\/comunicati\/telecomunicazioni\/telefonia-mobile\/iphone-in-italia-dall11-luglio-con-tim-e-vodafone\/"]}]},{"@type":"BreadcrumbList","@id":"https:\/\/www.article-marketing.eu\/comunicati\/telecomunicazioni\/telefonia-mobile\/iphone-in-italia-dall11-luglio-con-tim-e-vodafone\/#breadcrumb","itemListElement":[{"@type":"ListItem","position":1,"name":"Home","item":"https:\/\/www.article-marketing.eu\/comunicati\/"},{"@type":"ListItem","position":2,"name":"iPhone in Italia dall&#8217;11 luglio con TIM e Vodafone"}]},{"@type":"WebSite","@id":"https:\/\/www.article-marketing.eu\/comunicati\/#website","url":"https:\/\/www.article-marketing.eu\/comunicati\/","name":"Article Marketing","description":"article marketing &amp; press release","potentialAction":[{"@type":"SearchAction","target":{"@type":"EntryPoint","urlTemplate":"https:\/\/www.article-marketing.eu\/comunicati\/?s={search_term_string}"},"query-input":{"@type":"PropertyValueSpecification","valueRequired":true,"valueName":"search_term_string"}}],"inLanguage":"it-IT"},{"@type":"Person","@id":"https:\/\/www.article-marketing.eu\/comunicati\/#\/schema\/person\/44372e4d4d0fa797b18e03ed1ace9017","name":"Redazione Comunicati Stampa","image":{"@type":"ImageObject","inLanguage":"it-IT","@id":"https:\/\/www.article-marketing.eu\/comunicati\/#\/schema\/person\/image\/","url":"https:\/\/secure.gravatar.com\/avatar\/50e5c6421d3072f42e7ace803501602c60d75233d34e29fd05feb91c8760b792?s=96&d=mm&r=g","contentUrl":"https:\/\/secure.gravatar.com\/avatar\/50e5c6421d3072f42e7ace803501602c60d75233d34e29fd05feb91c8760b792?s=96&d=mm&r=g","caption":"Redazione Comunicati Stampa"},"url":"https:\/\/www.article-marketing.eu\/comunicati\/author\/redazione-comunicati-stampa\/"}]}},"_links":{"self":[{"href":"https:\/\/www.article-marketing.eu\/comunicati\/wp-json\/wp\/v2\/posts\/469","targetHints":{"allow":["GET"]}}],"collection":[{"href":"https:\/\/www.article-marketing.eu\/comunicati\/wp-json\/wp\/v2\/posts"}],"about":[{"href":"https:\/\/www.article-marketing.eu\/comunicati\/wp-json\/wp\/v2\/types\/post"}],"author":[{"embeddable":true,"href":"https:\/\/www.article-marketing.eu\/comunicati\/wp-json\/wp\/v2\/users\/10"}],"replies":[{"embeddable":true,"href":"https:\/\/www.article-marketing.eu\/comunicati\/wp-json\/wp\/v2\/comments?post=469"}],"version-history":[{"count":0,"href":"https:\/\/www.article-marketing.eu\/comunicati\/wp-json\/wp\/v2\/posts\/469\/revisions"}],"wp:attachment":[{"href":"https:\/\/www.article-marketing.eu\/comunicati\/wp-json\/wp\/v2\/media?parent=469"}],"wp:term":[{"taxonomy":"category","embeddable":true,"href":"https:\/\/www.article-marketing.eu\/comunicati\/wp-json\/wp\/v2\/categories?post=469"},{"taxonomy":"post_tag","embeddable":true,"href":"https:\/\/www.article-marketing.eu\/comunicati\/wp-json\/wp\/v2\/tags?post=469"}],"curies":[{"name":"wp","href":"https:\/\/api.w.org\/{rel}","templated":true}]}}