{"id":4705,"date":"2010-04-13T22:20:23","date_gmt":"2010-04-13T20:20:23","guid":{"rendered":"http:\/\/www.article-marketing.eu\/comunicati\/senza-categoria\/feriesardegna-it-il-nuovo-mini-portale-dedicato-alle-vacanze-nel-nord-sardegna\/"},"modified":"2018-07-10T04:53:01","modified_gmt":"2018-07-10T02:53:01","slug":"feriesardegna-it-il-nuovo-mini-portale-dedicato-alle-vacanze-nel-nord-sardegna","status":"publish","type":"post","link":"https:\/\/www.article-marketing.eu\/comunicati\/viaggi-e-vacanze\/viaggi-e-turismo\/feriesardegna-it-il-nuovo-mini-portale-dedicato-alle-vacanze-nel-nord-sardegna\/","title":{"rendered":"Feriesardegna.it: il nuovo mini portale dedicato alle vacanze nel nord Sardegna"},"content":{"rendered":"<p>Con l\u2019avvicinarsi della bella stagione c\u2019\u00e8 chi ha gi\u00e0 iniziato (o chi sta per farlo) a cercare una meta dove trascorrere le proprie agognate ferie in Sardegna.<br \/>Chi sceglie esclusivamente la campagna incontaminata o il mare pi\u00f9 caldo e cristallino, chi il sole pi\u00f9 grande e il relax pi\u00f9 appagante, chi lo sport, l\u2019avventura o chi, pi\u00f9 esigente, sogna un posto dove poter trovare tutte queste cose insieme.<\/p>\n<p>Grazie alla vastit\u00e0, all\u2019intimit\u00e0, ai colori e profumi delle campagne, alle spiagge tra le pi\u00f9 belle e apprezzate del mondo e alla presenza di numerose strutture che promuovono e offrono attivit\u00e0 sportive di mare e di terra, la costa nord orientale della sardegna \u00e8 il luogo ideale dove trascorrere le proprie ferie all\u2019insegna del relax e del divertimento insieme. <\/p>\n<p>Visitando il <strong>nuovo mini portale<\/strong> sar\u00e0 possibile trovare e organizzare le <u>vacanze fatte su misura.<\/u><br \/>Per chi ha deciso di esplorare e godersi le bellezze che da Olbia &#8211; Costa Smeralda portano gi\u00f9 verso il paese di San Teodoro ed oltre, il sito feriesardegna.it offre un\u2019ottima e selezionata scelta di hotel, residence e ristoranti al mare o in campagna.<\/p>\n<p>Perfetto per chi desidera il mare ma anche il verde delle colline il residence \u201cLu Nibareddu\u201d.<br \/>La struttura, costruita nel rispetto della natura, tra il mare cristallino e una rigogliosa macchia mediterranea con cespugli di ginepro (chiamato \u201cNibaru\u201d in dialetto gallurese), \u00e8 costituita di appartamenti distribuiti sulla collina che <strong>si affaccia direttamente sulla spiaggia <\/strong>di Porto Taverna distante dai 15 ai 1500 metri massimo dal residence. Sulla zona panoramica si trovano la maggior parte di appartamenti e servizi del villaggio, collegati con un efficiente navetta, oltre al <u>ristorante-pizzeria \u201cBBQ\u201d, reception, piscina, calcetto, l&#8217;anfiteatro e campi da tennis.<\/u> <\/p>\n<p>Ideale invece per chi cerca la pace e la tranquillit\u00e0 della campagna, ma senza rinunciare al comfort, il \u201cBorgo di Campagna\u201d.<br \/>L&#8217;agriturismo sorge nella campagna gallurese all&#8217;ombra di querce secolari. E\u2019 una struttura volutamente riservata ad un numero limitato di ospiti per garantire riservatezza e quiete: 14 camere in formula hotel arredate con gusto e curate nei dettagli. Offre ai propri ospiti svariati servizi fra cui un ottimo ristorante dall&#8217;atmosfera familiare per gustare i piatti della cucina regionale sarda, una piscina da 20 metri, un <u>campo da golf a 9 buche riconosciuto dalla federazione italiana golf e la possibilit\u00e0 di intraprendere attivit\u00e0 sportive come il kitesurf e il trekking<\/u>. La sua posizione strategica inoltre (8 km da Olbia e a pochi minuti dal mare e dalle spiagge come la Cinta di San Teodoro, Porto Taverna, Cala Girgolu e Brandinchi) rende il soggiorno ancora pi\u00f9 interessante grazie alla facilit\u00e0 negli spostamenti.<\/p>\n<p>Buone Vacanze<\/p>\n","protected":false},"excerpt":{"rendered":"<p>Residence, Hotel, Ristoranti, Attivit\u00e0 Sportive, al mare o in campagna, con un semplice click<br \/>\nCon l\u2019avvicinarsi della bella stagione c\u2019\u00e8 chi ha gi\u00e0 iniziato (o chi sta per farlo) a cercare una meta dove trascorrere le proprie agognate ferie in Sardegna.<br \/>\nChi sceglie esclusivamente la campagna incontaminata o il mare pi\u00f9 caldo e cristallino, chi il sole pi\u00f9 grande e il relax pi\u00f9 appagante, chi lo sport, l\u2019avventura o chi,  pi\u00f9 esigente,  sogna un posto dove poter trovare tutte queste cose insieme.<\/p>\n","protected":false},"author":10,"featured_media":0,"comment_status":"open","ping_status":"open","sticky":false,"template":"","format":"standard","meta":{"cybocfi_hide_featured_image":"","footnotes":""},"categories":[2],"tags":[13685,2985,1202,255,8202,799,2984,4637,5801,1086,1262],"class_list":["post-4705","post","type-post","status-publish","format-standard","hentry","category-viaggi-e-turismo","tag-campagna","tag-costa-smeralda","tag-golf","tag-hotel","tag-kitesurf","tag-mare","tag-olbia","tag-residence","tag-san-teodoro","tag-sardegna","tag-trekking"],"yoast_head":"<!-- This site is optimized with the Yoast SEO plugin v27.0 - https:\/\/yoast.com\/product\/yoast-seo-wordpress\/ -->\n<title>Feriesardegna.it: il nuovo mini portale dedicato alle vacanze nel nord Sardegna - Article Marketing<\/title>\n<meta name=\"robots\" content=\"index, follow, max-snippet:-1, max-image-preview:large, max-video-preview:-1\" \/>\n<link rel=\"canonical\" href=\"https:\/\/www.article-marketing.eu\/comunicati\/viaggi-e-vacanze\/viaggi-e-turismo\/feriesardegna-it-il-nuovo-mini-portale-dedicato-alle-vacanze-nel-nord-sardegna\/\" \/>\n<meta property=\"og:locale\" content=\"it_IT\" \/>\n<meta property=\"og:type\" content=\"article\" \/>\n<meta property=\"og:title\" content=\"Feriesardegna.it: il nuovo mini portale dedicato alle vacanze nel nord Sardegna - Article Marketing\" \/>\n<meta property=\"og:description\" content=\"Residence, Hotel, Ristoranti, Attivit\u00e0 Sportive, al mare o in campagna, con un semplice click Con l\u2019avvicinarsi della bella stagione c\u2019\u00e8 chi ha gi\u00e0 iniziato (o chi sta per farlo) a cercare una meta dove trascorrere le proprie agognate ferie in Sardegna. Chi sceglie esclusivamente la campagna incontaminata o il mare pi\u00f9 caldo e cristallino, chi il sole pi\u00f9 grande e il relax pi\u00f9 appagante, chi lo sport, l\u2019avventura o chi, pi\u00f9 esigente, sogna un posto dove poter trovare tutte queste cose insieme.\" \/>\n<meta property=\"og:url\" content=\"https:\/\/www.article-marketing.eu\/comunicati\/viaggi-e-vacanze\/viaggi-e-turismo\/feriesardegna-it-il-nuovo-mini-portale-dedicato-alle-vacanze-nel-nord-sardegna\/\" \/>\n<meta property=\"og:site_name\" content=\"Article Marketing\" \/>\n<meta property=\"article:published_time\" content=\"2010-04-13T20:20:23+00:00\" \/>\n<meta property=\"article:modified_time\" content=\"2018-07-10T02:53:01+00:00\" \/>\n<meta name=\"author\" content=\"Redazione Comunicati Stampa\" \/>\n<meta name=\"twitter:card\" content=\"summary_large_image\" \/>\n<meta name=\"twitter:label1\" content=\"Scritto da\" \/>\n\t<meta name=\"twitter:data1\" content=\"Redazione Comunicati Stampa\" \/>\n\t<meta name=\"twitter:label2\" content=\"Tempo di lettura stimato\" \/>\n\t<meta name=\"twitter:data2\" content=\"2 minuti\" \/>\n<script type=\"application\/ld+json\" class=\"yoast-schema-graph\">{\"@context\":\"https:\/\/schema.org\",\"@graph\":[{\"@type\":\"Article\",\"@id\":\"https:\/\/www.article-marketing.eu\/comunicati\/viaggi-e-vacanze\/viaggi-e-turismo\/feriesardegna-it-il-nuovo-mini-portale-dedicato-alle-vacanze-nel-nord-sardegna\/#article\",\"isPartOf\":{\"@id\":\"https:\/\/www.article-marketing.eu\/comunicati\/viaggi-e-vacanze\/viaggi-e-turismo\/feriesardegna-it-il-nuovo-mini-portale-dedicato-alle-vacanze-nel-nord-sardegna\/\"},\"author\":{\"name\":\"Redazione Comunicati Stampa\",\"@id\":\"https:\/\/www.article-marketing.eu\/comunicati\/#\/schema\/person\/44372e4d4d0fa797b18e03ed1ace9017\"},\"headline\":\"Feriesardegna.it: il nuovo mini portale dedicato alle vacanze nel nord Sardegna\",\"datePublished\":\"2010-04-13T20:20:23+00:00\",\"dateModified\":\"2018-07-10T02:53:01+00:00\",\"mainEntityOfPage\":{\"@id\":\"https:\/\/www.article-marketing.eu\/comunicati\/viaggi-e-vacanze\/viaggi-e-turismo\/feriesardegna-it-il-nuovo-mini-portale-dedicato-alle-vacanze-nel-nord-sardegna\/\"},\"wordCount\":445,\"commentCount\":0,\"keywords\":[\"campagna\",\"costa smeralda\",\"golf\",\"hotel\",\"kitesurf\",\"mare\",\"olbia\",\"Residence\",\"san teodoro\",\"sardegna\",\"trekking\"],\"articleSection\":[\"Viaggi e Turismo\"],\"inLanguage\":\"it-IT\",\"potentialAction\":[{\"@type\":\"CommentAction\",\"name\":\"Comment\",\"target\":[\"https:\/\/www.article-marketing.eu\/comunicati\/viaggi-e-vacanze\/viaggi-e-turismo\/feriesardegna-it-il-nuovo-mini-portale-dedicato-alle-vacanze-nel-nord-sardegna\/#respond\"]}]},{\"@type\":\"WebPage\",\"@id\":\"https:\/\/www.article-marketing.eu\/comunicati\/viaggi-e-vacanze\/viaggi-e-turismo\/feriesardegna-it-il-nuovo-mini-portale-dedicato-alle-vacanze-nel-nord-sardegna\/\",\"url\":\"https:\/\/www.article-marketing.eu\/comunicati\/viaggi-e-vacanze\/viaggi-e-turismo\/feriesardegna-it-il-nuovo-mini-portale-dedicato-alle-vacanze-nel-nord-sardegna\/\",\"name\":\"Feriesardegna.it: il nuovo mini portale dedicato alle vacanze nel nord Sardegna - Article Marketing\",\"isPartOf\":{\"@id\":\"https:\/\/www.article-marketing.eu\/comunicati\/#website\"},\"datePublished\":\"2010-04-13T20:20:23+00:00\",\"dateModified\":\"2018-07-10T02:53:01+00:00\",\"author\":{\"@id\":\"https:\/\/www.article-marketing.eu\/comunicati\/#\/schema\/person\/44372e4d4d0fa797b18e03ed1ace9017\"},\"breadcrumb\":{\"@id\":\"https:\/\/www.article-marketing.eu\/comunicati\/viaggi-e-vacanze\/viaggi-e-turismo\/feriesardegna-it-il-nuovo-mini-portale-dedicato-alle-vacanze-nel-nord-sardegna\/#breadcrumb\"},\"inLanguage\":\"it-IT\",\"potentialAction\":[{\"@type\":\"ReadAction\",\"target\":[\"https:\/\/www.article-marketing.eu\/comunicati\/viaggi-e-vacanze\/viaggi-e-turismo\/feriesardegna-it-il-nuovo-mini-portale-dedicato-alle-vacanze-nel-nord-sardegna\/\"]}]},{\"@type\":\"BreadcrumbList\",\"@id\":\"https:\/\/www.article-marketing.eu\/comunicati\/viaggi-e-vacanze\/viaggi-e-turismo\/feriesardegna-it-il-nuovo-mini-portale-dedicato-alle-vacanze-nel-nord-sardegna\/#breadcrumb\",\"itemListElement\":[{\"@type\":\"ListItem\",\"position\":1,\"name\":\"Home\",\"item\":\"https:\/\/www.article-marketing.eu\/comunicati\/\"},{\"@type\":\"ListItem\",\"position\":2,\"name\":\"Feriesardegna.it: il nuovo mini portale dedicato alle vacanze nel nord Sardegna\"}]},{\"@type\":\"WebSite\",\"@id\":\"https:\/\/www.article-marketing.eu\/comunicati\/#website\",\"url\":\"https:\/\/www.article-marketing.eu\/comunicati\/\",\"name\":\"Article Marketing\",\"description\":\"article marketing &amp; press release\",\"potentialAction\":[{\"@type\":\"SearchAction\",\"target\":{\"@type\":\"EntryPoint\",\"urlTemplate\":\"https:\/\/www.article-marketing.eu\/comunicati\/?s={search_term_string}\"},\"query-input\":{\"@type\":\"PropertyValueSpecification\",\"valueRequired\":true,\"valueName\":\"search_term_string\"}}],\"inLanguage\":\"it-IT\"},{\"@type\":\"Person\",\"@id\":\"https:\/\/www.article-marketing.eu\/comunicati\/#\/schema\/person\/44372e4d4d0fa797b18e03ed1ace9017\",\"name\":\"Redazione Comunicati Stampa\",\"image\":{\"@type\":\"ImageObject\",\"inLanguage\":\"it-IT\",\"@id\":\"https:\/\/www.article-marketing.eu\/comunicati\/#\/schema\/person\/image\/\",\"url\":\"https:\/\/secure.gravatar.com\/avatar\/50e5c6421d3072f42e7ace803501602c60d75233d34e29fd05feb91c8760b792?s=96&d=mm&r=g\",\"contentUrl\":\"https:\/\/secure.gravatar.com\/avatar\/50e5c6421d3072f42e7ace803501602c60d75233d34e29fd05feb91c8760b792?s=96&d=mm&r=g\",\"caption\":\"Redazione Comunicati Stampa\"},\"url\":\"https:\/\/www.article-marketing.eu\/comunicati\/author\/redazione-comunicati-stampa\/\"}]}<\/script>\n<!-- \/ Yoast SEO plugin. -->","yoast_head_json":{"title":"Feriesardegna.it: il nuovo mini portale dedicato alle vacanze nel nord Sardegna - Article Marketing","robots":{"index":"index","follow":"follow","max-snippet":"max-snippet:-1","max-image-preview":"max-image-preview:large","max-video-preview":"max-video-preview:-1"},"canonical":"https:\/\/www.article-marketing.eu\/comunicati\/viaggi-e-vacanze\/viaggi-e-turismo\/feriesardegna-it-il-nuovo-mini-portale-dedicato-alle-vacanze-nel-nord-sardegna\/","og_locale":"it_IT","og_type":"article","og_title":"Feriesardegna.it: il nuovo mini portale dedicato alle vacanze nel nord Sardegna - Article Marketing","og_description":"Residence, Hotel, Ristoranti, Attivit\u00e0 Sportive, al mare o in campagna, con un semplice click Con l\u2019avvicinarsi della bella stagione c\u2019\u00e8 chi ha gi\u00e0 iniziato (o chi sta per farlo) a cercare una meta dove trascorrere le proprie agognate ferie in Sardegna. Chi sceglie esclusivamente la campagna incontaminata o il mare pi\u00f9 caldo e cristallino, chi il sole pi\u00f9 grande e il relax pi\u00f9 appagante, chi lo sport, l\u2019avventura o chi, pi\u00f9 esigente, sogna un posto dove poter trovare tutte queste cose insieme.","og_url":"https:\/\/www.article-marketing.eu\/comunicati\/viaggi-e-vacanze\/viaggi-e-turismo\/feriesardegna-it-il-nuovo-mini-portale-dedicato-alle-vacanze-nel-nord-sardegna\/","og_site_name":"Article Marketing","article_published_time":"2010-04-13T20:20:23+00:00","article_modified_time":"2018-07-10T02:53:01+00:00","author":"Redazione Comunicati Stampa","twitter_card":"summary_large_image","twitter_misc":{"Scritto da":"Redazione Comunicati Stampa","Tempo di lettura stimato":"2 minuti"},"schema":{"@context":"https:\/\/schema.org","@graph":[{"@type":"Article","@id":"https:\/\/www.article-marketing.eu\/comunicati\/viaggi-e-vacanze\/viaggi-e-turismo\/feriesardegna-it-il-nuovo-mini-portale-dedicato-alle-vacanze-nel-nord-sardegna\/#article","isPartOf":{"@id":"https:\/\/www.article-marketing.eu\/comunicati\/viaggi-e-vacanze\/viaggi-e-turismo\/feriesardegna-it-il-nuovo-mini-portale-dedicato-alle-vacanze-nel-nord-sardegna\/"},"author":{"name":"Redazione Comunicati Stampa","@id":"https:\/\/www.article-marketing.eu\/comunicati\/#\/schema\/person\/44372e4d4d0fa797b18e03ed1ace9017"},"headline":"Feriesardegna.it: il nuovo mini portale dedicato alle vacanze nel nord Sardegna","datePublished":"2010-04-13T20:20:23+00:00","dateModified":"2018-07-10T02:53:01+00:00","mainEntityOfPage":{"@id":"https:\/\/www.article-marketing.eu\/comunicati\/viaggi-e-vacanze\/viaggi-e-turismo\/feriesardegna-it-il-nuovo-mini-portale-dedicato-alle-vacanze-nel-nord-sardegna\/"},"wordCount":445,"commentCount":0,"keywords":["campagna","costa smeralda","golf","hotel","kitesurf","mare","olbia","Residence","san teodoro","sardegna","trekking"],"articleSection":["Viaggi e Turismo"],"inLanguage":"it-IT","potentialAction":[{"@type":"CommentAction","name":"Comment","target":["https:\/\/www.article-marketing.eu\/comunicati\/viaggi-e-vacanze\/viaggi-e-turismo\/feriesardegna-it-il-nuovo-mini-portale-dedicato-alle-vacanze-nel-nord-sardegna\/#respond"]}]},{"@type":"WebPage","@id":"https:\/\/www.article-marketing.eu\/comunicati\/viaggi-e-vacanze\/viaggi-e-turismo\/feriesardegna-it-il-nuovo-mini-portale-dedicato-alle-vacanze-nel-nord-sardegna\/","url":"https:\/\/www.article-marketing.eu\/comunicati\/viaggi-e-vacanze\/viaggi-e-turismo\/feriesardegna-it-il-nuovo-mini-portale-dedicato-alle-vacanze-nel-nord-sardegna\/","name":"Feriesardegna.it: il nuovo mini portale dedicato alle vacanze nel nord Sardegna - Article Marketing","isPartOf":{"@id":"https:\/\/www.article-marketing.eu\/comunicati\/#website"},"datePublished":"2010-04-13T20:20:23+00:00","dateModified":"2018-07-10T02:53:01+00:00","author":{"@id":"https:\/\/www.article-marketing.eu\/comunicati\/#\/schema\/person\/44372e4d4d0fa797b18e03ed1ace9017"},"breadcrumb":{"@id":"https:\/\/www.article-marketing.eu\/comunicati\/viaggi-e-vacanze\/viaggi-e-turismo\/feriesardegna-it-il-nuovo-mini-portale-dedicato-alle-vacanze-nel-nord-sardegna\/#breadcrumb"},"inLanguage":"it-IT","potentialAction":[{"@type":"ReadAction","target":["https:\/\/www.article-marketing.eu\/comunicati\/viaggi-e-vacanze\/viaggi-e-turismo\/feriesardegna-it-il-nuovo-mini-portale-dedicato-alle-vacanze-nel-nord-sardegna\/"]}]},{"@type":"BreadcrumbList","@id":"https:\/\/www.article-marketing.eu\/comunicati\/viaggi-e-vacanze\/viaggi-e-turismo\/feriesardegna-it-il-nuovo-mini-portale-dedicato-alle-vacanze-nel-nord-sardegna\/#breadcrumb","itemListElement":[{"@type":"ListItem","position":1,"name":"Home","item":"https:\/\/www.article-marketing.eu\/comunicati\/"},{"@type":"ListItem","position":2,"name":"Feriesardegna.it: il nuovo mini portale dedicato alle vacanze nel nord Sardegna"}]},{"@type":"WebSite","@id":"https:\/\/www.article-marketing.eu\/comunicati\/#website","url":"https:\/\/www.article-marketing.eu\/comunicati\/","name":"Article Marketing","description":"article marketing &amp; press release","potentialAction":[{"@type":"SearchAction","target":{"@type":"EntryPoint","urlTemplate":"https:\/\/www.article-marketing.eu\/comunicati\/?s={search_term_string}"},"query-input":{"@type":"PropertyValueSpecification","valueRequired":true,"valueName":"search_term_string"}}],"inLanguage":"it-IT"},{"@type":"Person","@id":"https:\/\/www.article-marketing.eu\/comunicati\/#\/schema\/person\/44372e4d4d0fa797b18e03ed1ace9017","name":"Redazione Comunicati Stampa","image":{"@type":"ImageObject","inLanguage":"it-IT","@id":"https:\/\/www.article-marketing.eu\/comunicati\/#\/schema\/person\/image\/","url":"https:\/\/secure.gravatar.com\/avatar\/50e5c6421d3072f42e7ace803501602c60d75233d34e29fd05feb91c8760b792?s=96&d=mm&r=g","contentUrl":"https:\/\/secure.gravatar.com\/avatar\/50e5c6421d3072f42e7ace803501602c60d75233d34e29fd05feb91c8760b792?s=96&d=mm&r=g","caption":"Redazione Comunicati Stampa"},"url":"https:\/\/www.article-marketing.eu\/comunicati\/author\/redazione-comunicati-stampa\/"}]}},"_links":{"self":[{"href":"https:\/\/www.article-marketing.eu\/comunicati\/wp-json\/wp\/v2\/posts\/4705","targetHints":{"allow":["GET"]}}],"collection":[{"href":"https:\/\/www.article-marketing.eu\/comunicati\/wp-json\/wp\/v2\/posts"}],"about":[{"href":"https:\/\/www.article-marketing.eu\/comunicati\/wp-json\/wp\/v2\/types\/post"}],"author":[{"embeddable":true,"href":"https:\/\/www.article-marketing.eu\/comunicati\/wp-json\/wp\/v2\/users\/10"}],"replies":[{"embeddable":true,"href":"https:\/\/www.article-marketing.eu\/comunicati\/wp-json\/wp\/v2\/comments?post=4705"}],"version-history":[{"count":2,"href":"https:\/\/www.article-marketing.eu\/comunicati\/wp-json\/wp\/v2\/posts\/4705\/revisions"}],"predecessor-version":[{"id":60129,"href":"https:\/\/www.article-marketing.eu\/comunicati\/wp-json\/wp\/v2\/posts\/4705\/revisions\/60129"}],"wp:attachment":[{"href":"https:\/\/www.article-marketing.eu\/comunicati\/wp-json\/wp\/v2\/media?parent=4705"}],"wp:term":[{"taxonomy":"category","embeddable":true,"href":"https:\/\/www.article-marketing.eu\/comunicati\/wp-json\/wp\/v2\/categories?post=4705"},{"taxonomy":"post_tag","embeddable":true,"href":"https:\/\/www.article-marketing.eu\/comunicati\/wp-json\/wp\/v2\/tags?post=4705"}],"curies":[{"name":"wp","href":"https:\/\/api.w.org\/{rel}","templated":true}]}}