{"id":4717,"date":"2010-04-14T15:34:38","date_gmt":"2010-04-14T13:34:38","guid":{"rendered":"http:\/\/www.article-marketing.eu\/comunicati\/senza-categoria\/edoardo-salzano-italia-un-paese-di-commedianti\/"},"modified":"2010-04-14T15:34:38","modified_gmt":"2010-04-14T13:34:38","slug":"edoardo-salzano-italia-un-paese-di-commedianti","status":"publish","type":"post","link":"https:\/\/www.article-marketing.eu\/comunicati\/arte-e-cultura\/edoardo-salzano-italia-un-paese-di-commedianti\/","title":{"rendered":"Edoardo Salzano, Italia, un Paese di commedianti"},"content":{"rendered":"<p>Edoardo Salzano, professione urbanista. Una vita da intellettuale<br \/>\ncomunista, un cattolico laico che vive la politica come attivazione<br \/>\nmorale e che ha difeso, come amministratore, l\u2019urbanistica dall\u2019assalto<br \/>\ndi una politica senza pi\u00f9 etica. Dal 2003, dopo aver redatto piani<br \/>\nregolatori in tutta Italia e dopo aver insegnato all\u2019Istituto<br \/>\nUniversitario di Architettura di Venezia per oltre due decenni, Salzano<br \/>\ndedica la sua vita alla divulgazione di un\u2019urbanistica del piano,<br \/>\nsoprattutto attraverso <a target=\"blank\" href=\"http:\/\/www.eddyburg.it\/\">eddyburg.it<\/a>,<br \/>\n dove vengono lanciate anche campagne contro lo sfruttamento del suolo e<br \/>\n il consumo dello spazio pubblico. Oggi, dopo il significativo<br \/>\ncontributo del 2007 con la pubblicazione di <em>Ma dove vivi? La citt\u00e0<br \/>\nraccontata <\/em> &#8211; <em>Editore Corte del Fontego, 2007<\/em> &#8211;<br \/>\nottuagenario ci lascia le sue <em>Memorie di un Urbanista<\/em> &#8211; <em>Editore<br \/>\n Corte del Fontego, 2010<\/em> &#8211; per ricominciare con nuovo slancio<br \/>\nl\u2019impegno della vita, \u00e8 stato appena eletto presidente della Rete dei<br \/>\ncomitati e delle associazioni per la difesa del territorio e<br \/>\ndell\u2019ambiente del Veneto.<br \/> Lo hanno spesso etichettato quale <em>illuminista<br \/>\n giacobino<\/em> insomma un ispiratore, in urbanistica, del Regime del<br \/>\nTerrore &#8211; ma per dirla con Michel Foucault &#8211; <em>Il terrore non esiste<br \/>\nsolo quando alcune persone comandano altre e le fanno tremare, ma regna<br \/>\nquando anche coloro che comandano tremano, perch\u00e9 sanno di essere presi a<br \/>\n loro volta, come quelli su cui esercitano il potere, nel sistema<br \/>\ngenerale dell\u2019obbedienza.<\/em> A questo proposito vi invitiamo a leggere<br \/>\n un illuminante articolo del 1992  <em>Affari &amp; Urbanistica. Gli strumenti urbanistici<br \/>\ndi Tangentopoli<\/em> che ci racconta una storia attualissima<br \/>\ndell\u2019urbanistica italiana, un attraversamento guidato nell\u2019Italia da<br \/>\nprima delle \u201cmani sulla citt\u00e0\u201d allo \u201csvillettamento\u201d padano; dalla<br \/>\nproposta di legge Sullo alla urbanistica contrattata; dall\u2019idea di piano<br \/>\n agli immobiliaristi, al pari del suo ultimo saggio <em>Memorie di un<br \/>\nUrbanista<\/em>.<br \/> Ma chi \u00e8 Edoardo Salzano, \u00e8 un uomo che pensa il<br \/>\nmestiere dell\u2019urbanista come quello del diplomatico, non ammette<br \/>\nl\u2019esistenza di interessi privati. Ha un\u2019idea precisa: la citt\u00e0, le<br \/>\ndecisioni sulle trasformazioni territoriali vanno sottoposte a processi<br \/>\ndecisionali pubblici. La stessa idea della pianificazione urbanistica \u00e8<br \/>\nevaporata. Se l\u2019am\u00adbiente continua a essere propizio al maturare di una<br \/>\nnuova Tangentopoli e al suo rapido diffondersi, artificial\u00admente<br \/>\ncostruito mediante la delegittimazione dell\u2019urbanistica, lo svuotamento<br \/>\ndella pianifi\u00adcazione e la demolizione delle leggi della politica<br \/>\nfondiaria. Occorre in primo luogo &#8211; il <em>vulnus<\/em> del pensiero di<br \/>\nSalzano &#8211; che la pianificazione territoriale e urbana diventi il metodo<br \/>\nge\u00adnerale che la pubblica amministrazione adotti, a tutti i livelli<br \/>\n(comunale, provinciale e me\u00adtropolitano, regionale, nazionale) per<br \/>\ndecidere quantit\u00e0, qualit\u00e0 e localizzazione degli in\u00adterventi sul<br \/>\nterritorio, secondo procedure trasparenti. <\/p>\n<p><strong>Professor<br \/>\nSalzano che cos\u2019\u00e8 oggi la citt\u00e0? Che cosa sta diventando? <\/strong><br \/>Intanto<br \/>\n bisognerebbe chiedersi che cos\u2019\u00e8 la citt\u00e0, perch\u00e9 ci sono diversi punti<br \/>\n di vista possibili e varie definizioni. La citt\u00e0 come nelle statistiche<br \/>\n internazionali pu\u00f2 essere un certo aggregato di popolazione,<br \/>\napplicazioni, attivit\u00e0, quindi, \u00e8 citt\u00e0 tutto quello che supera una<br \/>\ncerta densit\u00e0, intensit\u00e0 di relazioni interne, rispetto alle relazioni<br \/>\ncon l\u2019esterno, che supera un aggregato di case, di abitanti e di negozi.<br \/>\n Oppure citt\u00e0 pu\u00f2 essere qualcosa di diverso, cio\u00e8 quello che la civilt\u00e0<br \/>\n europea ha inventato e poi costruito. Una citt\u00e0 come un organismo che<br \/>\nfunziona unitariamente, che di per s\u00e9 \u00e8 un oggetto dinamico ma concluso,<br \/>\n che ha una struttura riconoscibile e distinguibile da un\u2019altra<br \/>\nnell\u2019ambito della quale valgono determinate regole di convivenza, di<br \/>\naccoglienza, di organizzazione dello spazio, di un primato del<br \/>\ncollettivo sull\u2019individuale, organizzazione finalizzata agli interessi<br \/>\ncomuni di tutti gli abitanti. \u00c8 citt\u00e0 Babilonia ed \u00e8 citt\u00e0 Atene, Creta,<br \/>\n Edimburgo. Ma sono la stessa cosa? Secondo me no. C\u2019\u00e8 una citt\u00e0 della<br \/>\ntradizione europea il cui significato pi\u00f9 profondo \u00e8 la piazza come<br \/>\nluogo aperto al pubblico. Tutti si incontrano, tutti hanno parit\u00e0 di<br \/>\ndiritti. E c\u2019\u00e8 poi appunto la citt\u00e0 che si espande sul territorio senza<br \/>\ndistinzioni. Questo \u00e8 un modello che ormai raccoglie pi\u00f9 della met\u00e0<br \/>\ndegli abitanti del pianeta ed \u00e8 una citt\u00e0 destinata a trionfare. Se<br \/>\nintendiamo citt\u00e0 quella che c\u2019\u00e8 nella tradizione europea, quella \u00e8 una<br \/>\ncitt\u00e0 a rischio per una serie di eventi complessi che non incominciano<br \/>\nieri, ma che in molti anni e in molti decenni hanno avuto una forte<br \/>\naccelerazione.<\/p>\n<p><strong>Chi e cosa minacciano la citt\u00e0? Quale<br \/>\npotrebbe essere un\u2019esplosione di conflitti?<\/strong><br \/>Privatizzazione,<br \/>\n prevalenza degli interessi individuali sugli interessi comuni,<br \/>\nprevalenza della sicurezza sull\u2019accoglienza, prevalenza dell\u2019artificiale<br \/>\n sul naturale. Anche se la natura \u00e8 conservata e protetta l\u00e0 dove serve a<br \/>\n chi pu\u00f2 permettersela e per il resto chi se ne frega.<br \/>Il rischio \u00e8<br \/>\nla sostituzione del cliente al cittadino, dello spazio privato allo<br \/>\nspazio pubblico, la sostituzione del luogo dove si entra solo per<br \/>\ncomprare alla piazza, al luogo aperto a tutti. <\/p>\n<p>Leggi tutto&#8230; <\/p>\n","protected":false},"excerpt":{"rendered":"<p>La voce critica di Eddyburg, Piano Casa, Housing sociale e progetti delle Archistar.<br \/>\nL&#8217;urbanistica democratica, gli abitanti hanno diritto a vivere in citt\u00e0 possibili<\/p>\n","protected":false},"author":10,"featured_media":0,"comment_status":"open","ping_status":"open","sticky":false,"template":"","format":"standard","meta":{"cybocfi_hide_featured_image":"","footnotes":""},"categories":[27],"tags":[13720,8053,13721,13723,13722],"class_list":["post-4717","post","type-post","status-publish","format-standard","hentry","category-arte-e-cultura","tag-edoardo","tag-housing","tag-salzano","tag-sociale","tag-urbanistica"],"yoast_head":"<!-- This site is optimized with the Yoast SEO plugin v27.0 - https:\/\/yoast.com\/product\/yoast-seo-wordpress\/ -->\n<title>Edoardo Salzano, Italia, un Paese di commedianti - Article Marketing<\/title>\n<meta name=\"robots\" content=\"index, follow, max-snippet:-1, max-image-preview:large, max-video-preview:-1\" \/>\n<link rel=\"canonical\" href=\"https:\/\/www.article-marketing.eu\/comunicati\/arte-e-cultura\/edoardo-salzano-italia-un-paese-di-commedianti\/\" \/>\n<meta property=\"og:locale\" content=\"it_IT\" \/>\n<meta property=\"og:type\" content=\"article\" \/>\n<meta property=\"og:title\" content=\"Edoardo Salzano, Italia, un Paese di commedianti - Article Marketing\" \/>\n<meta property=\"og:description\" content=\"La voce critica di Eddyburg, Piano Casa, Housing sociale e progetti delle Archistar. L&#039;urbanistica democratica, gli abitanti hanno diritto a vivere in citt\u00e0 possibili\" \/>\n<meta property=\"og:url\" content=\"https:\/\/www.article-marketing.eu\/comunicati\/arte-e-cultura\/edoardo-salzano-italia-un-paese-di-commedianti\/\" \/>\n<meta property=\"og:site_name\" content=\"Article Marketing\" \/>\n<meta property=\"article:published_time\" content=\"2010-04-14T13:34:38+00:00\" \/>\n<meta name=\"author\" content=\"Redazione Comunicati Stampa\" \/>\n<meta name=\"twitter:card\" content=\"summary_large_image\" \/>\n<meta name=\"twitter:label1\" content=\"Scritto da\" \/>\n\t<meta name=\"twitter:data1\" content=\"Redazione Comunicati Stampa\" \/>\n\t<meta name=\"twitter:label2\" content=\"Tempo di lettura stimato\" \/>\n\t<meta name=\"twitter:data2\" content=\"4 minuti\" \/>\n<script type=\"application\/ld+json\" class=\"yoast-schema-graph\">{\"@context\":\"https:\/\/schema.org\",\"@graph\":[{\"@type\":\"Article\",\"@id\":\"https:\/\/www.article-marketing.eu\/comunicati\/arte-e-cultura\/edoardo-salzano-italia-un-paese-di-commedianti\/#article\",\"isPartOf\":{\"@id\":\"https:\/\/www.article-marketing.eu\/comunicati\/arte-e-cultura\/edoardo-salzano-italia-un-paese-di-commedianti\/\"},\"author\":{\"name\":\"Redazione Comunicati Stampa\",\"@id\":\"https:\/\/www.article-marketing.eu\/comunicati\/#\/schema\/person\/44372e4d4d0fa797b18e03ed1ace9017\"},\"headline\":\"Edoardo Salzano, Italia, un Paese di commedianti\",\"datePublished\":\"2010-04-14T13:34:38+00:00\",\"mainEntityOfPage\":{\"@id\":\"https:\/\/www.article-marketing.eu\/comunicati\/arte-e-cultura\/edoardo-salzano-italia-un-paese-di-commedianti\/\"},\"wordCount\":784,\"commentCount\":0,\"keywords\":[\"edoardo\",\"housing\",\"salzano\",\"sociale\",\"urbanistica\"],\"articleSection\":[\"Arte e cultura\"],\"inLanguage\":\"it-IT\",\"potentialAction\":[{\"@type\":\"CommentAction\",\"name\":\"Comment\",\"target\":[\"https:\/\/www.article-marketing.eu\/comunicati\/arte-e-cultura\/edoardo-salzano-italia-un-paese-di-commedianti\/#respond\"]}]},{\"@type\":\"WebPage\",\"@id\":\"https:\/\/www.article-marketing.eu\/comunicati\/arte-e-cultura\/edoardo-salzano-italia-un-paese-di-commedianti\/\",\"url\":\"https:\/\/www.article-marketing.eu\/comunicati\/arte-e-cultura\/edoardo-salzano-italia-un-paese-di-commedianti\/\",\"name\":\"Edoardo Salzano, Italia, un Paese di commedianti - Article Marketing\",\"isPartOf\":{\"@id\":\"https:\/\/www.article-marketing.eu\/comunicati\/#website\"},\"datePublished\":\"2010-04-14T13:34:38+00:00\",\"author\":{\"@id\":\"https:\/\/www.article-marketing.eu\/comunicati\/#\/schema\/person\/44372e4d4d0fa797b18e03ed1ace9017\"},\"breadcrumb\":{\"@id\":\"https:\/\/www.article-marketing.eu\/comunicati\/arte-e-cultura\/edoardo-salzano-italia-un-paese-di-commedianti\/#breadcrumb\"},\"inLanguage\":\"it-IT\",\"potentialAction\":[{\"@type\":\"ReadAction\",\"target\":[\"https:\/\/www.article-marketing.eu\/comunicati\/arte-e-cultura\/edoardo-salzano-italia-un-paese-di-commedianti\/\"]}]},{\"@type\":\"BreadcrumbList\",\"@id\":\"https:\/\/www.article-marketing.eu\/comunicati\/arte-e-cultura\/edoardo-salzano-italia-un-paese-di-commedianti\/#breadcrumb\",\"itemListElement\":[{\"@type\":\"ListItem\",\"position\":1,\"name\":\"Home\",\"item\":\"https:\/\/www.article-marketing.eu\/comunicati\/\"},{\"@type\":\"ListItem\",\"position\":2,\"name\":\"Edoardo Salzano, Italia, un Paese di commedianti\"}]},{\"@type\":\"WebSite\",\"@id\":\"https:\/\/www.article-marketing.eu\/comunicati\/#website\",\"url\":\"https:\/\/www.article-marketing.eu\/comunicati\/\",\"name\":\"Article Marketing\",\"description\":\"article marketing &amp; press release\",\"potentialAction\":[{\"@type\":\"SearchAction\",\"target\":{\"@type\":\"EntryPoint\",\"urlTemplate\":\"https:\/\/www.article-marketing.eu\/comunicati\/?s={search_term_string}\"},\"query-input\":{\"@type\":\"PropertyValueSpecification\",\"valueRequired\":true,\"valueName\":\"search_term_string\"}}],\"inLanguage\":\"it-IT\"},{\"@type\":\"Person\",\"@id\":\"https:\/\/www.article-marketing.eu\/comunicati\/#\/schema\/person\/44372e4d4d0fa797b18e03ed1ace9017\",\"name\":\"Redazione Comunicati Stampa\",\"image\":{\"@type\":\"ImageObject\",\"inLanguage\":\"it-IT\",\"@id\":\"https:\/\/www.article-marketing.eu\/comunicati\/#\/schema\/person\/image\/\",\"url\":\"https:\/\/secure.gravatar.com\/avatar\/50e5c6421d3072f42e7ace803501602c60d75233d34e29fd05feb91c8760b792?s=96&d=mm&r=g\",\"contentUrl\":\"https:\/\/secure.gravatar.com\/avatar\/50e5c6421d3072f42e7ace803501602c60d75233d34e29fd05feb91c8760b792?s=96&d=mm&r=g\",\"caption\":\"Redazione Comunicati Stampa\"},\"url\":\"https:\/\/www.article-marketing.eu\/comunicati\/author\/redazione-comunicati-stampa\/\"}]}<\/script>\n<!-- \/ Yoast SEO plugin. -->","yoast_head_json":{"title":"Edoardo Salzano, Italia, un Paese di commedianti - Article Marketing","robots":{"index":"index","follow":"follow","max-snippet":"max-snippet:-1","max-image-preview":"max-image-preview:large","max-video-preview":"max-video-preview:-1"},"canonical":"https:\/\/www.article-marketing.eu\/comunicati\/arte-e-cultura\/edoardo-salzano-italia-un-paese-di-commedianti\/","og_locale":"it_IT","og_type":"article","og_title":"Edoardo Salzano, Italia, un Paese di commedianti - Article Marketing","og_description":"La voce critica di Eddyburg, Piano Casa, Housing sociale e progetti delle Archistar. L'urbanistica democratica, gli abitanti hanno diritto a vivere in citt\u00e0 possibili","og_url":"https:\/\/www.article-marketing.eu\/comunicati\/arte-e-cultura\/edoardo-salzano-italia-un-paese-di-commedianti\/","og_site_name":"Article Marketing","article_published_time":"2010-04-14T13:34:38+00:00","author":"Redazione Comunicati Stampa","twitter_card":"summary_large_image","twitter_misc":{"Scritto da":"Redazione Comunicati Stampa","Tempo di lettura stimato":"4 minuti"},"schema":{"@context":"https:\/\/schema.org","@graph":[{"@type":"Article","@id":"https:\/\/www.article-marketing.eu\/comunicati\/arte-e-cultura\/edoardo-salzano-italia-un-paese-di-commedianti\/#article","isPartOf":{"@id":"https:\/\/www.article-marketing.eu\/comunicati\/arte-e-cultura\/edoardo-salzano-italia-un-paese-di-commedianti\/"},"author":{"name":"Redazione Comunicati Stampa","@id":"https:\/\/www.article-marketing.eu\/comunicati\/#\/schema\/person\/44372e4d4d0fa797b18e03ed1ace9017"},"headline":"Edoardo Salzano, Italia, un Paese di commedianti","datePublished":"2010-04-14T13:34:38+00:00","mainEntityOfPage":{"@id":"https:\/\/www.article-marketing.eu\/comunicati\/arte-e-cultura\/edoardo-salzano-italia-un-paese-di-commedianti\/"},"wordCount":784,"commentCount":0,"keywords":["edoardo","housing","salzano","sociale","urbanistica"],"articleSection":["Arte e cultura"],"inLanguage":"it-IT","potentialAction":[{"@type":"CommentAction","name":"Comment","target":["https:\/\/www.article-marketing.eu\/comunicati\/arte-e-cultura\/edoardo-salzano-italia-un-paese-di-commedianti\/#respond"]}]},{"@type":"WebPage","@id":"https:\/\/www.article-marketing.eu\/comunicati\/arte-e-cultura\/edoardo-salzano-italia-un-paese-di-commedianti\/","url":"https:\/\/www.article-marketing.eu\/comunicati\/arte-e-cultura\/edoardo-salzano-italia-un-paese-di-commedianti\/","name":"Edoardo Salzano, Italia, un Paese di commedianti - Article Marketing","isPartOf":{"@id":"https:\/\/www.article-marketing.eu\/comunicati\/#website"},"datePublished":"2010-04-14T13:34:38+00:00","author":{"@id":"https:\/\/www.article-marketing.eu\/comunicati\/#\/schema\/person\/44372e4d4d0fa797b18e03ed1ace9017"},"breadcrumb":{"@id":"https:\/\/www.article-marketing.eu\/comunicati\/arte-e-cultura\/edoardo-salzano-italia-un-paese-di-commedianti\/#breadcrumb"},"inLanguage":"it-IT","potentialAction":[{"@type":"ReadAction","target":["https:\/\/www.article-marketing.eu\/comunicati\/arte-e-cultura\/edoardo-salzano-italia-un-paese-di-commedianti\/"]}]},{"@type":"BreadcrumbList","@id":"https:\/\/www.article-marketing.eu\/comunicati\/arte-e-cultura\/edoardo-salzano-italia-un-paese-di-commedianti\/#breadcrumb","itemListElement":[{"@type":"ListItem","position":1,"name":"Home","item":"https:\/\/www.article-marketing.eu\/comunicati\/"},{"@type":"ListItem","position":2,"name":"Edoardo Salzano, Italia, un Paese di commedianti"}]},{"@type":"WebSite","@id":"https:\/\/www.article-marketing.eu\/comunicati\/#website","url":"https:\/\/www.article-marketing.eu\/comunicati\/","name":"Article Marketing","description":"article marketing &amp; press release","potentialAction":[{"@type":"SearchAction","target":{"@type":"EntryPoint","urlTemplate":"https:\/\/www.article-marketing.eu\/comunicati\/?s={search_term_string}"},"query-input":{"@type":"PropertyValueSpecification","valueRequired":true,"valueName":"search_term_string"}}],"inLanguage":"it-IT"},{"@type":"Person","@id":"https:\/\/www.article-marketing.eu\/comunicati\/#\/schema\/person\/44372e4d4d0fa797b18e03ed1ace9017","name":"Redazione Comunicati Stampa","image":{"@type":"ImageObject","inLanguage":"it-IT","@id":"https:\/\/www.article-marketing.eu\/comunicati\/#\/schema\/person\/image\/","url":"https:\/\/secure.gravatar.com\/avatar\/50e5c6421d3072f42e7ace803501602c60d75233d34e29fd05feb91c8760b792?s=96&d=mm&r=g","contentUrl":"https:\/\/secure.gravatar.com\/avatar\/50e5c6421d3072f42e7ace803501602c60d75233d34e29fd05feb91c8760b792?s=96&d=mm&r=g","caption":"Redazione Comunicati Stampa"},"url":"https:\/\/www.article-marketing.eu\/comunicati\/author\/redazione-comunicati-stampa\/"}]}},"_links":{"self":[{"href":"https:\/\/www.article-marketing.eu\/comunicati\/wp-json\/wp\/v2\/posts\/4717","targetHints":{"allow":["GET"]}}],"collection":[{"href":"https:\/\/www.article-marketing.eu\/comunicati\/wp-json\/wp\/v2\/posts"}],"about":[{"href":"https:\/\/www.article-marketing.eu\/comunicati\/wp-json\/wp\/v2\/types\/post"}],"author":[{"embeddable":true,"href":"https:\/\/www.article-marketing.eu\/comunicati\/wp-json\/wp\/v2\/users\/10"}],"replies":[{"embeddable":true,"href":"https:\/\/www.article-marketing.eu\/comunicati\/wp-json\/wp\/v2\/comments?post=4717"}],"version-history":[{"count":0,"href":"https:\/\/www.article-marketing.eu\/comunicati\/wp-json\/wp\/v2\/posts\/4717\/revisions"}],"wp:attachment":[{"href":"https:\/\/www.article-marketing.eu\/comunicati\/wp-json\/wp\/v2\/media?parent=4717"}],"wp:term":[{"taxonomy":"category","embeddable":true,"href":"https:\/\/www.article-marketing.eu\/comunicati\/wp-json\/wp\/v2\/categories?post=4717"},{"taxonomy":"post_tag","embeddable":true,"href":"https:\/\/www.article-marketing.eu\/comunicati\/wp-json\/wp\/v2\/tags?post=4717"}],"curies":[{"name":"wp","href":"https:\/\/api.w.org\/{rel}","templated":true}]}}