{"id":4718,"date":"2010-04-14T15:43:32","date_gmt":"2010-04-14T13:43:32","guid":{"rendered":"http:\/\/www.article-marketing.eu\/comunicati\/senza-categoria\/caravaggio-e-la-fuga-la-pittura-di-paesaggio-nelle-ville-doria-pamphilj\/"},"modified":"2018-07-10T05:36:13","modified_gmt":"2018-07-10T03:36:13","slug":"caravaggio-e-la-fuga-la-pittura-di-paesaggio-nelle-ville-doria-pamphilj","status":"publish","type":"post","link":"https:\/\/www.article-marketing.eu\/comunicati\/arte-e-cultura\/caravaggio-e-la-fuga-la-pittura-di-paesaggio-nelle-ville-doria-pamphilj\/","title":{"rendered":"Caravaggio e la fuga. La pittura di paesaggio nelle Ville Doria Pamphilj"},"content":{"rendered":"<p>In occasione della riapertura degli interni restaurati e dei giardini di Villa del Principe, la <strong><a href=\"http:\/\/www.dopart.it\">Societ\u00e0 Arti Doria Pamphilj<\/a><\/strong> \u00e8 lieta di presentare la grande mostra <strong>\u201cCaravaggio e la fuga. La pittura di paesaggio nelle Ville Doria Pamphilj\u201d<\/strong>. Circa ottanta opere, di cui molte inedite, che documentano il mecenatismo della celebre dinastia genovese-romana, caratterizzato dalla costruzione e allestimento di magnifiche ville extraurbane, divenute oggi monumenti nazionali: l\u2019antica villa marittima di Pegli a Genova, la famosa villa al Gianicolo detta del Bel Respiro, i casini d\u2019Anzio e Nettuno, la villa fluviale a Trastevere conosciuta come Ripa Grande, quella dei Castelli romani ad Albano. <\/p>\n<p>&nbsp;<\/p>\n<p>I quadri esposti in mostra sono quindi elaborati cicli pittorici commissionati per ornare queste splendide ville e costituiscono una tra le pi\u00f9 straordinarie collezioni di paesaggi al mondo, comprendente opere di Momper, Bril, Grimaldi, Anesi, Swanevelt, Van Bloemen e molti altri maestri. <\/p>\n<p>Ad introdurre le opere presenti, il celeberrimo capolavoro giovanile di Caravaggio,<strong> Riposo durante la Fuga in Egitto<\/strong>, unica opera dell\u2019artista lombardo che comprenda un brano significativo di paesaggio, originariamente parte dell\u2019arredo di uno dei Casini della villa al Gianicolo. <\/p>\n<p>Fa da appendice alla mostra una serie di foto d\u2019autore dell\u2019artista contemporanea<strong> Lala Meredith-Vula<\/strong>. Intensi scatti in bianco e nero sul tema dei quattro elementi, pensati per essere accolti nella nuova residenza extraurbana della famiglia: il Rifugio Floridi Doria Pamphilj montano a Guarcino. Rivive cos\u00ec il sogno antico di fuggire dalla civilt\u00e0 urbana moderna che, scomparsa la civilt\u00e0 agricola, domina, oggi ancor di pi\u00f9, i paesaggi della societ\u00e0 contemporanea. <\/p>\n<p>Art Attack Adv, agenzia di comunicazione di Arti Doria Pamphilj, ha sviluppato per la mostra un\u2019applicazione scaricabile dall&#8217;<strong>App Store di iTunes <\/strong>che rivoluziona il concetto di audioguida. Oltre ad accompagnare i visitatori durante il percorso espositivo,<strong> \u201cCaravaggio e la fuga\u201d<\/strong> \u00e8 infatti una mini-guida con testi e immagini delle opere che i possessori di <strong>iPhone e iPod touch <\/strong>potranno portare via con s\u00e9 come un souvenir virtuale di grande valore storico-artistico.<\/p>\n<\/p>\n<p>Maggiori informazioni su http:\/\/www.caravaggioelafuga.it<\/p>\n<p>Distribuzione comunicati stampa internet<br \/>www.Comunicati-Stampa.com \/ www.Pivari.com<br \/>fabrizio (at) pivari.com<\/p>\n","protected":false},"excerpt":{"rendered":"<p>A Genova la mostra della pittura di paesaggio nelle Ville Doria Pamphilj: Caravaggio e la fuga. La pittura di paesaggio nelle Ville Doria Pamphilj<\/p>\n","protected":false},"author":10,"featured_media":0,"comment_status":"open","ping_status":"open","sticky":false,"template":"","format":"standard","meta":{"cybocfi_hide_featured_image":"","footnotes":""},"categories":[27],"tags":[],"class_list":["post-4718","post","type-post","status-publish","format-standard","hentry","category-arte-e-cultura"],"yoast_head":"<!-- This site is optimized with the Yoast SEO plugin v27.0 - https:\/\/yoast.com\/product\/yoast-seo-wordpress\/ -->\n<title>Caravaggio e la fuga. La pittura di paesaggio nelle Ville Doria Pamphilj - Article Marketing<\/title>\n<meta name=\"robots\" content=\"index, follow, max-snippet:-1, max-image-preview:large, max-video-preview:-1\" \/>\n<link rel=\"canonical\" href=\"https:\/\/www.article-marketing.eu\/comunicati\/arte-e-cultura\/caravaggio-e-la-fuga-la-pittura-di-paesaggio-nelle-ville-doria-pamphilj\/\" \/>\n<meta property=\"og:locale\" content=\"it_IT\" \/>\n<meta property=\"og:type\" content=\"article\" \/>\n<meta property=\"og:title\" content=\"Caravaggio e la fuga. La pittura di paesaggio nelle Ville Doria Pamphilj - Article Marketing\" \/>\n<meta property=\"og:description\" content=\"A Genova la mostra della pittura di paesaggio nelle Ville Doria Pamphilj: Caravaggio e la fuga. La pittura di paesaggio nelle Ville Doria Pamphilj\" \/>\n<meta property=\"og:url\" content=\"https:\/\/www.article-marketing.eu\/comunicati\/arte-e-cultura\/caravaggio-e-la-fuga-la-pittura-di-paesaggio-nelle-ville-doria-pamphilj\/\" \/>\n<meta property=\"og:site_name\" content=\"Article Marketing\" \/>\n<meta property=\"article:published_time\" content=\"2010-04-14T13:43:32+00:00\" \/>\n<meta property=\"article:modified_time\" content=\"2018-07-10T03:36:13+00:00\" \/>\n<meta name=\"author\" content=\"Redazione Comunicati Stampa\" \/>\n<meta name=\"twitter:card\" content=\"summary_large_image\" \/>\n<meta name=\"twitter:label1\" content=\"Scritto da\" \/>\n\t<meta name=\"twitter:data1\" content=\"Redazione Comunicati Stampa\" \/>\n\t<meta name=\"twitter:label2\" content=\"Tempo di lettura stimato\" \/>\n\t<meta name=\"twitter:data2\" content=\"2 minuti\" \/>\n<script type=\"application\/ld+json\" class=\"yoast-schema-graph\">{\"@context\":\"https:\/\/schema.org\",\"@graph\":[{\"@type\":\"Article\",\"@id\":\"https:\/\/www.article-marketing.eu\/comunicati\/arte-e-cultura\/caravaggio-e-la-fuga-la-pittura-di-paesaggio-nelle-ville-doria-pamphilj\/#article\",\"isPartOf\":{\"@id\":\"https:\/\/www.article-marketing.eu\/comunicati\/arte-e-cultura\/caravaggio-e-la-fuga-la-pittura-di-paesaggio-nelle-ville-doria-pamphilj\/\"},\"author\":{\"name\":\"Redazione Comunicati Stampa\",\"@id\":\"https:\/\/www.article-marketing.eu\/comunicati\/#\/schema\/person\/44372e4d4d0fa797b18e03ed1ace9017\"},\"headline\":\"Caravaggio e la fuga. La pittura di paesaggio nelle Ville Doria Pamphilj\",\"datePublished\":\"2010-04-14T13:43:32+00:00\",\"dateModified\":\"2018-07-10T03:36:13+00:00\",\"mainEntityOfPage\":{\"@id\":\"https:\/\/www.article-marketing.eu\/comunicati\/arte-e-cultura\/caravaggio-e-la-fuga-la-pittura-di-paesaggio-nelle-ville-doria-pamphilj\/\"},\"wordCount\":360,\"commentCount\":0,\"articleSection\":[\"Arte e cultura\"],\"inLanguage\":\"it-IT\",\"potentialAction\":[{\"@type\":\"CommentAction\",\"name\":\"Comment\",\"target\":[\"https:\/\/www.article-marketing.eu\/comunicati\/arte-e-cultura\/caravaggio-e-la-fuga-la-pittura-di-paesaggio-nelle-ville-doria-pamphilj\/#respond\"]}]},{\"@type\":\"WebPage\",\"@id\":\"https:\/\/www.article-marketing.eu\/comunicati\/arte-e-cultura\/caravaggio-e-la-fuga-la-pittura-di-paesaggio-nelle-ville-doria-pamphilj\/\",\"url\":\"https:\/\/www.article-marketing.eu\/comunicati\/arte-e-cultura\/caravaggio-e-la-fuga-la-pittura-di-paesaggio-nelle-ville-doria-pamphilj\/\",\"name\":\"Caravaggio e la fuga. La pittura di paesaggio nelle Ville Doria Pamphilj - Article Marketing\",\"isPartOf\":{\"@id\":\"https:\/\/www.article-marketing.eu\/comunicati\/#website\"},\"datePublished\":\"2010-04-14T13:43:32+00:00\",\"dateModified\":\"2018-07-10T03:36:13+00:00\",\"author\":{\"@id\":\"https:\/\/www.article-marketing.eu\/comunicati\/#\/schema\/person\/44372e4d4d0fa797b18e03ed1ace9017\"},\"breadcrumb\":{\"@id\":\"https:\/\/www.article-marketing.eu\/comunicati\/arte-e-cultura\/caravaggio-e-la-fuga-la-pittura-di-paesaggio-nelle-ville-doria-pamphilj\/#breadcrumb\"},\"inLanguage\":\"it-IT\",\"potentialAction\":[{\"@type\":\"ReadAction\",\"target\":[\"https:\/\/www.article-marketing.eu\/comunicati\/arte-e-cultura\/caravaggio-e-la-fuga-la-pittura-di-paesaggio-nelle-ville-doria-pamphilj\/\"]}]},{\"@type\":\"BreadcrumbList\",\"@id\":\"https:\/\/www.article-marketing.eu\/comunicati\/arte-e-cultura\/caravaggio-e-la-fuga-la-pittura-di-paesaggio-nelle-ville-doria-pamphilj\/#breadcrumb\",\"itemListElement\":[{\"@type\":\"ListItem\",\"position\":1,\"name\":\"Home\",\"item\":\"https:\/\/www.article-marketing.eu\/comunicati\/\"},{\"@type\":\"ListItem\",\"position\":2,\"name\":\"Caravaggio e la fuga. La pittura di paesaggio nelle Ville Doria Pamphilj\"}]},{\"@type\":\"WebSite\",\"@id\":\"https:\/\/www.article-marketing.eu\/comunicati\/#website\",\"url\":\"https:\/\/www.article-marketing.eu\/comunicati\/\",\"name\":\"Article Marketing\",\"description\":\"article marketing &amp; press release\",\"potentialAction\":[{\"@type\":\"SearchAction\",\"target\":{\"@type\":\"EntryPoint\",\"urlTemplate\":\"https:\/\/www.article-marketing.eu\/comunicati\/?s={search_term_string}\"},\"query-input\":{\"@type\":\"PropertyValueSpecification\",\"valueRequired\":true,\"valueName\":\"search_term_string\"}}],\"inLanguage\":\"it-IT\"},{\"@type\":\"Person\",\"@id\":\"https:\/\/www.article-marketing.eu\/comunicati\/#\/schema\/person\/44372e4d4d0fa797b18e03ed1ace9017\",\"name\":\"Redazione Comunicati Stampa\",\"image\":{\"@type\":\"ImageObject\",\"inLanguage\":\"it-IT\",\"@id\":\"https:\/\/www.article-marketing.eu\/comunicati\/#\/schema\/person\/image\/\",\"url\":\"https:\/\/secure.gravatar.com\/avatar\/50e5c6421d3072f42e7ace803501602c60d75233d34e29fd05feb91c8760b792?s=96&d=mm&r=g\",\"contentUrl\":\"https:\/\/secure.gravatar.com\/avatar\/50e5c6421d3072f42e7ace803501602c60d75233d34e29fd05feb91c8760b792?s=96&d=mm&r=g\",\"caption\":\"Redazione Comunicati Stampa\"},\"url\":\"https:\/\/www.article-marketing.eu\/comunicati\/author\/redazione-comunicati-stampa\/\"}]}<\/script>\n<!-- \/ Yoast SEO plugin. -->","yoast_head_json":{"title":"Caravaggio e la fuga. La pittura di paesaggio nelle Ville Doria Pamphilj - Article Marketing","robots":{"index":"index","follow":"follow","max-snippet":"max-snippet:-1","max-image-preview":"max-image-preview:large","max-video-preview":"max-video-preview:-1"},"canonical":"https:\/\/www.article-marketing.eu\/comunicati\/arte-e-cultura\/caravaggio-e-la-fuga-la-pittura-di-paesaggio-nelle-ville-doria-pamphilj\/","og_locale":"it_IT","og_type":"article","og_title":"Caravaggio e la fuga. La pittura di paesaggio nelle Ville Doria Pamphilj - Article Marketing","og_description":"A Genova la mostra della pittura di paesaggio nelle Ville Doria Pamphilj: Caravaggio e la fuga. La pittura di paesaggio nelle Ville Doria Pamphilj","og_url":"https:\/\/www.article-marketing.eu\/comunicati\/arte-e-cultura\/caravaggio-e-la-fuga-la-pittura-di-paesaggio-nelle-ville-doria-pamphilj\/","og_site_name":"Article Marketing","article_published_time":"2010-04-14T13:43:32+00:00","article_modified_time":"2018-07-10T03:36:13+00:00","author":"Redazione Comunicati Stampa","twitter_card":"summary_large_image","twitter_misc":{"Scritto da":"Redazione Comunicati Stampa","Tempo di lettura stimato":"2 minuti"},"schema":{"@context":"https:\/\/schema.org","@graph":[{"@type":"Article","@id":"https:\/\/www.article-marketing.eu\/comunicati\/arte-e-cultura\/caravaggio-e-la-fuga-la-pittura-di-paesaggio-nelle-ville-doria-pamphilj\/#article","isPartOf":{"@id":"https:\/\/www.article-marketing.eu\/comunicati\/arte-e-cultura\/caravaggio-e-la-fuga-la-pittura-di-paesaggio-nelle-ville-doria-pamphilj\/"},"author":{"name":"Redazione Comunicati Stampa","@id":"https:\/\/www.article-marketing.eu\/comunicati\/#\/schema\/person\/44372e4d4d0fa797b18e03ed1ace9017"},"headline":"Caravaggio e la fuga. La pittura di paesaggio nelle Ville Doria Pamphilj","datePublished":"2010-04-14T13:43:32+00:00","dateModified":"2018-07-10T03:36:13+00:00","mainEntityOfPage":{"@id":"https:\/\/www.article-marketing.eu\/comunicati\/arte-e-cultura\/caravaggio-e-la-fuga-la-pittura-di-paesaggio-nelle-ville-doria-pamphilj\/"},"wordCount":360,"commentCount":0,"articleSection":["Arte e cultura"],"inLanguage":"it-IT","potentialAction":[{"@type":"CommentAction","name":"Comment","target":["https:\/\/www.article-marketing.eu\/comunicati\/arte-e-cultura\/caravaggio-e-la-fuga-la-pittura-di-paesaggio-nelle-ville-doria-pamphilj\/#respond"]}]},{"@type":"WebPage","@id":"https:\/\/www.article-marketing.eu\/comunicati\/arte-e-cultura\/caravaggio-e-la-fuga-la-pittura-di-paesaggio-nelle-ville-doria-pamphilj\/","url":"https:\/\/www.article-marketing.eu\/comunicati\/arte-e-cultura\/caravaggio-e-la-fuga-la-pittura-di-paesaggio-nelle-ville-doria-pamphilj\/","name":"Caravaggio e la fuga. La pittura di paesaggio nelle Ville Doria Pamphilj - Article Marketing","isPartOf":{"@id":"https:\/\/www.article-marketing.eu\/comunicati\/#website"},"datePublished":"2010-04-14T13:43:32+00:00","dateModified":"2018-07-10T03:36:13+00:00","author":{"@id":"https:\/\/www.article-marketing.eu\/comunicati\/#\/schema\/person\/44372e4d4d0fa797b18e03ed1ace9017"},"breadcrumb":{"@id":"https:\/\/www.article-marketing.eu\/comunicati\/arte-e-cultura\/caravaggio-e-la-fuga-la-pittura-di-paesaggio-nelle-ville-doria-pamphilj\/#breadcrumb"},"inLanguage":"it-IT","potentialAction":[{"@type":"ReadAction","target":["https:\/\/www.article-marketing.eu\/comunicati\/arte-e-cultura\/caravaggio-e-la-fuga-la-pittura-di-paesaggio-nelle-ville-doria-pamphilj\/"]}]},{"@type":"BreadcrumbList","@id":"https:\/\/www.article-marketing.eu\/comunicati\/arte-e-cultura\/caravaggio-e-la-fuga-la-pittura-di-paesaggio-nelle-ville-doria-pamphilj\/#breadcrumb","itemListElement":[{"@type":"ListItem","position":1,"name":"Home","item":"https:\/\/www.article-marketing.eu\/comunicati\/"},{"@type":"ListItem","position":2,"name":"Caravaggio e la fuga. La pittura di paesaggio nelle Ville Doria Pamphilj"}]},{"@type":"WebSite","@id":"https:\/\/www.article-marketing.eu\/comunicati\/#website","url":"https:\/\/www.article-marketing.eu\/comunicati\/","name":"Article Marketing","description":"article marketing &amp; press release","potentialAction":[{"@type":"SearchAction","target":{"@type":"EntryPoint","urlTemplate":"https:\/\/www.article-marketing.eu\/comunicati\/?s={search_term_string}"},"query-input":{"@type":"PropertyValueSpecification","valueRequired":true,"valueName":"search_term_string"}}],"inLanguage":"it-IT"},{"@type":"Person","@id":"https:\/\/www.article-marketing.eu\/comunicati\/#\/schema\/person\/44372e4d4d0fa797b18e03ed1ace9017","name":"Redazione Comunicati Stampa","image":{"@type":"ImageObject","inLanguage":"it-IT","@id":"https:\/\/www.article-marketing.eu\/comunicati\/#\/schema\/person\/image\/","url":"https:\/\/secure.gravatar.com\/avatar\/50e5c6421d3072f42e7ace803501602c60d75233d34e29fd05feb91c8760b792?s=96&d=mm&r=g","contentUrl":"https:\/\/secure.gravatar.com\/avatar\/50e5c6421d3072f42e7ace803501602c60d75233d34e29fd05feb91c8760b792?s=96&d=mm&r=g","caption":"Redazione Comunicati Stampa"},"url":"https:\/\/www.article-marketing.eu\/comunicati\/author\/redazione-comunicati-stampa\/"}]}},"_links":{"self":[{"href":"https:\/\/www.article-marketing.eu\/comunicati\/wp-json\/wp\/v2\/posts\/4718","targetHints":{"allow":["GET"]}}],"collection":[{"href":"https:\/\/www.article-marketing.eu\/comunicati\/wp-json\/wp\/v2\/posts"}],"about":[{"href":"https:\/\/www.article-marketing.eu\/comunicati\/wp-json\/wp\/v2\/types\/post"}],"author":[{"embeddable":true,"href":"https:\/\/www.article-marketing.eu\/comunicati\/wp-json\/wp\/v2\/users\/10"}],"replies":[{"embeddable":true,"href":"https:\/\/www.article-marketing.eu\/comunicati\/wp-json\/wp\/v2\/comments?post=4718"}],"version-history":[{"count":3,"href":"https:\/\/www.article-marketing.eu\/comunicati\/wp-json\/wp\/v2\/posts\/4718\/revisions"}],"predecessor-version":[{"id":61899,"href":"https:\/\/www.article-marketing.eu\/comunicati\/wp-json\/wp\/v2\/posts\/4718\/revisions\/61899"}],"wp:attachment":[{"href":"https:\/\/www.article-marketing.eu\/comunicati\/wp-json\/wp\/v2\/media?parent=4718"}],"wp:term":[{"taxonomy":"category","embeddable":true,"href":"https:\/\/www.article-marketing.eu\/comunicati\/wp-json\/wp\/v2\/categories?post=4718"},{"taxonomy":"post_tag","embeddable":true,"href":"https:\/\/www.article-marketing.eu\/comunicati\/wp-json\/wp\/v2\/tags?post=4718"}],"curies":[{"name":"wp","href":"https:\/\/api.w.org\/{rel}","templated":true}]}}