{"id":47253,"date":"2015-05-14T11:35:52","date_gmt":"2015-05-14T09:35:52","guid":{"rendered":"http:\/\/www.article-marketing.eu\/comunicati\/senza-categoria\/interior-retail-design-and-management-aperte-le-iscrizioni-alla-v-edizione-del-master-universitario-del-politecnico-di-milano-e-innova-com-2\/"},"modified":"2015-05-14T11:35:52","modified_gmt":"2015-05-14T09:35:52","slug":"interior-retail-design-and-management-aperte-le-iscrizioni-alla-v-edizione-del-master-universitario-del-politecnico-di-milano-e-innova-com-2","status":"publish","type":"post","link":"https:\/\/www.article-marketing.eu\/comunicati\/istruzione\/corsi\/interior-retail-design-and-management-aperte-le-iscrizioni-alla-v-edizione-del-master-universitario-del-politecnico-di-milano-e-innova-com-2\/","title":{"rendered":"INTERIOR RETAIL DESIGN AND MANAGEMENT: aperte le iscrizioni alla V edizione del Master Universitario del Politecnico di Milano e Innova.com"},"content":{"rendered":"<p>Partir&agrave; nel mese di novembre la quinta edizione del <strong>Master in Interior Retail Design and Management<\/strong>, organizzato da <strong>POLI.design<\/strong>, Consorzio del Politecnico di Milano, in collaborazione con <strong>Innova.com<\/strong>, la rete formativa promossa da <strong>Federmobili<\/strong> per favorire l&#8217;innovazione della distribuzione d&#8217;arredamento.<\/p>\n<p><strong><em>Manager di Spazi Retail<\/em><\/strong>, <strong><em>Manager di Reti Retail<\/em><\/strong> e <strong><em>Manager del Brand.<\/em><\/strong> Queste le figure professionali che il Master si propone di formare: esperti caratterizzati da competenze interdisciplinari di alto profilo progettuale, organizzativo, gestionale, argomentativo ed espositivo, oltre che di marketing.<\/p>\n<p>Tre ruoli strategici, in grado di operare all&rsquo;interno della variegata realt&agrave; della distribuzione specializzata in articoli per l&rsquo;arredamento della casa e degli interni e di veicolare, in Italia e all&rsquo;Estero, la cultura del progetto e del prodotto d&rsquo;arredo <em>Made in Italy<\/em> di design e di qualit&agrave;.<\/p>\n<p>Figure sempre pi&ugrave; richieste dalle aziende, come dimostrano anche i dati di <em>placement<\/em> relativi alle passate edizioni del Master: <strong>quasi l&rsquo;80% dei partecipanti<\/strong>, entro un anno dal termine degli studi, <strong>ha trovato lavoro ed &egrave; attivo presso realt&agrave; di eccellenza del settore arredamento e dell&rsquo;abitare in generale.<\/strong><br \/><strong> <\/strong><br \/>L&rsquo;edizione 2015-2016 del Master intende proseguire sulla rotta indicata dal successo delle precedenti edizioni, attraverso una didattica caratterizzata da una <strong>forte e costante interazione con il mondo aziendale<\/strong> e da un <strong>mix di teoria e pratica<\/strong>: alle lezioni frontali, tenute da una <em>faculty<\/em> altamente qualificata composta da docenti del Politecnico di Milano, esperti e consulenti del settore e testimoni del mondo delle aziende di produzione e di distribuzione, si affiancheranno, infatti, anche <strong>seminari<\/strong> e <strong><em>project work<\/em><\/strong>.<\/p>\n<p>Le <strong>competenze<\/strong> acquisite in questo modo, saranno poi immediatamente messe alla prova durante il <strong>periodo di stage<\/strong>: questa fase consentir&agrave; ai partecipanti di impiegare le metodologie acquisite durante l&rsquo;anno in una concreta esperienza sul campo, sotto la guida e i suggerimenti di esperti che da tempo vi operano con diversi profili professionali. <\/p>\n<p>Ci&ograve; costituisce anche un&rsquo;importante <strong>opportunit&agrave; di inserimento professionale<\/strong> per i partecipanti che potranno, tenuto conto delle necessit&agrave; aziendali al momento della conclusione del Master e della coerenza della preparazione raggiunta, essere eventualmente assorbiti dalle relative strutture ospitanti, siano esse collocate in Italia o all&rsquo;Estero.<\/p>\n<p>Il periodo di tirocinio prevede l&rsquo;attivo coinvolgimento del network di aziende di produzione e di distribuzione d&rsquo;arredamento collegate a Innova.com.<br \/><strong> <\/strong><br \/><strong>Alcune delle aziende e dei gruppi che hanno collaborato in passato sono: Aran Cucine, Arclinea, Arreda.net, Boffi, Calligaris, Dorelan, Electrolux, Elmar, Gruppo Soci Imprenditori, Lualdi, MisuraEmme, Scavolini, Valcucine e Veneta Cucine, oltre ad Agos.<\/strong><br \/><strong> <\/strong><br \/>L&rsquo;inizio delle lezioni &egrave; previsto per il mese di <strong>novembre 2015<\/strong>.<\/p>\n<p>Per partecipare all&rsquo;<strong>open day di presentazione<\/strong>, che si terr&agrave; presso POLI.design <strong>gioved&igrave; 11 giugno dalle ore 12:00 alle ore 14:00 e che prevede la testimonianza sia di aziende partner sia di ex partecipanti al Master<\/strong>, si prega di contattare l&rsquo;Ufficio Coordinamento Formazione di POLI.design: mail. formazione@polidesign.net, Tel. +39 02 2399 7275.<\/p>\n<p><strong> <\/strong><br \/><strong>Per informazioni<\/strong><br \/>Ufficio Coordinamento Prodotti Formativi <strong>POLI.Design<\/strong> <br \/>via Durando 38\/A &#8211; V Piano &#8211; 20158 Milano<br \/>Tel. 02.2399.7275 e-mail: <a href=\"mailto:formazione@polidesign.net\">formazione@polidesign.net<\/a> <br \/>www.polidesign.net\/retaildesign <\/p>\n<p><strong>Innova.com <\/strong><br \/>Corso Venezia 51 &#8211; 20121 Milano<br \/>Tel 02 76001403 fa 02 783032<br \/>Mail innovacom@federmobili.com <\/p>\n<p><strong>Press Contact:<\/strong><br \/>Ufficio Comunicazione<br \/>POLI.design &ndash; Consorzio del Politecnico di Milano<br \/>Tel. (+39) 0223997201<br \/>comunicazione@polidesign.net<\/p>\n<p><\/p>\n","protected":false},"excerpt":{"rendered":"<p>Ottimi dati di placement occupazionale e opportunit\u00e0 di inserimento in realt\u00e0 lavorative di primo piano del settore retail attraverso lo stage finale<\/p>\n<p>Open day: gioved\u00ec 11 giugno alle ore 12:00<\/p>\n","protected":false},"author":10,"featured_media":0,"comment_status":"open","ping_status":"open","sticky":false,"template":"","format":"standard","meta":{"cybocfi_hide_featured_image":"","footnotes":""},"categories":[747],"tags":[51204,51193,51194,51195,51196,20791,1107,51197,51198,51199,51192,51200,51191,1426,32082,5366,445,1343,51201,47291,3066,23239,51202,51203],"class_list":["post-47253","post","type-post","status-publish","format-standard","hentry","category-corsi","tag-agos","tag-aran-cucine","tag-arclinea","tag-arreda-net","tag-boffi","tag-calligaris","tag-design","tag-dorelan","tag-electrolux","tag-elmar","tag-federmobili","tag-gruppo-soci-imprenditori","tag-innovacom","tag-interior","tag-lualdi","tag-management","tag-master","tag-milano","tag-misuraemme","tag-polidesign","tag-politecnico","tag-retail","tag-scavolini","tag-valcucine-e-veneta-cucine"],"yoast_head":"<!-- This site is optimized with the Yoast SEO plugin v27.0 - https:\/\/yoast.com\/product\/yoast-seo-wordpress\/ -->\n<title>INTERIOR RETAIL DESIGN AND MANAGEMENT: aperte le iscrizioni alla V edizione del Master Universitario del Politecnico di Milano e Innova.com - Article Marketing<\/title>\n<meta name=\"robots\" content=\"index, follow, max-snippet:-1, max-image-preview:large, max-video-preview:-1\" \/>\n<link rel=\"canonical\" href=\"https:\/\/www.article-marketing.eu\/comunicati\/istruzione\/corsi\/interior-retail-design-and-management-aperte-le-iscrizioni-alla-v-edizione-del-master-universitario-del-politecnico-di-milano-e-innova-com-2\/\" \/>\n<meta property=\"og:locale\" content=\"it_IT\" \/>\n<meta property=\"og:type\" content=\"article\" \/>\n<meta property=\"og:title\" content=\"INTERIOR RETAIL DESIGN AND MANAGEMENT: aperte le iscrizioni alla V edizione del Master Universitario del Politecnico di Milano e Innova.com - Article Marketing\" \/>\n<meta property=\"og:description\" content=\"Ottimi dati di placement occupazionale e opportunit\u00e0 di inserimento in realt\u00e0 lavorative di primo piano del settore retail attraverso lo stage finale Open day: gioved\u00ec 11 giugno alle ore 12:00\" \/>\n<meta property=\"og:url\" content=\"https:\/\/www.article-marketing.eu\/comunicati\/istruzione\/corsi\/interior-retail-design-and-management-aperte-le-iscrizioni-alla-v-edizione-del-master-universitario-del-politecnico-di-milano-e-innova-com-2\/\" \/>\n<meta property=\"og:site_name\" content=\"Article Marketing\" \/>\n<meta property=\"article:published_time\" content=\"2015-05-14T09:35:52+00:00\" \/>\n<meta name=\"author\" content=\"Redazione Comunicati Stampa\" \/>\n<meta name=\"twitter:card\" content=\"summary_large_image\" \/>\n<meta name=\"twitter:label1\" content=\"Scritto da\" \/>\n\t<meta name=\"twitter:data1\" content=\"Redazione Comunicati Stampa\" \/>\n\t<meta name=\"twitter:label2\" content=\"Tempo di lettura stimato\" \/>\n\t<meta name=\"twitter:data2\" content=\"3 minuti\" \/>\n<script type=\"application\/ld+json\" class=\"yoast-schema-graph\">{\"@context\":\"https:\/\/schema.org\",\"@graph\":[{\"@type\":\"Article\",\"@id\":\"https:\/\/www.article-marketing.eu\/comunicati\/istruzione\/corsi\/interior-retail-design-and-management-aperte-le-iscrizioni-alla-v-edizione-del-master-universitario-del-politecnico-di-milano-e-innova-com-2\/#article\",\"isPartOf\":{\"@id\":\"https:\/\/www.article-marketing.eu\/comunicati\/istruzione\/corsi\/interior-retail-design-and-management-aperte-le-iscrizioni-alla-v-edizione-del-master-universitario-del-politecnico-di-milano-e-innova-com-2\/\"},\"author\":{\"name\":\"Redazione Comunicati Stampa\",\"@id\":\"https:\/\/www.article-marketing.eu\/comunicati\/#\/schema\/person\/44372e4d4d0fa797b18e03ed1ace9017\"},\"headline\":\"INTERIOR RETAIL DESIGN AND MANAGEMENT: aperte le iscrizioni alla V edizione del Master Universitario del Politecnico di Milano e Innova.com\",\"datePublished\":\"2015-05-14T09:35:52+00:00\",\"mainEntityOfPage\":{\"@id\":\"https:\/\/www.article-marketing.eu\/comunicati\/istruzione\/corsi\/interior-retail-design-and-management-aperte-le-iscrizioni-alla-v-edizione-del-master-universitario-del-politecnico-di-milano-e-innova-com-2\/\"},\"wordCount\":572,\"commentCount\":0,\"keywords\":[\"Agos\",\"Aran Cucine\",\"Arclinea\",\"Arreda.net\",\"Boffi\",\"calligaris\",\"design\",\"Dorelan\",\"Electrolux\",\"Elmar\",\"Federmobili\",\"Gruppo Soci Imprenditori\",\"innovacom\",\"interior\",\"Lualdi\",\"management\",\"master\",\"milano\",\"MisuraEmme\",\"polidesign\",\"politecnico\",\"retail\",\"Scavolini\",\"Valcucine e Veneta Cucine\"],\"articleSection\":[\"Corsi\"],\"inLanguage\":\"it-IT\",\"potentialAction\":[{\"@type\":\"CommentAction\",\"name\":\"Comment\",\"target\":[\"https:\/\/www.article-marketing.eu\/comunicati\/istruzione\/corsi\/interior-retail-design-and-management-aperte-le-iscrizioni-alla-v-edizione-del-master-universitario-del-politecnico-di-milano-e-innova-com-2\/#respond\"]}]},{\"@type\":\"WebPage\",\"@id\":\"https:\/\/www.article-marketing.eu\/comunicati\/istruzione\/corsi\/interior-retail-design-and-management-aperte-le-iscrizioni-alla-v-edizione-del-master-universitario-del-politecnico-di-milano-e-innova-com-2\/\",\"url\":\"https:\/\/www.article-marketing.eu\/comunicati\/istruzione\/corsi\/interior-retail-design-and-management-aperte-le-iscrizioni-alla-v-edizione-del-master-universitario-del-politecnico-di-milano-e-innova-com-2\/\",\"name\":\"INTERIOR RETAIL DESIGN AND MANAGEMENT: aperte le iscrizioni alla V edizione del Master Universitario del Politecnico di Milano e Innova.com - Article Marketing\",\"isPartOf\":{\"@id\":\"https:\/\/www.article-marketing.eu\/comunicati\/#website\"},\"datePublished\":\"2015-05-14T09:35:52+00:00\",\"author\":{\"@id\":\"https:\/\/www.article-marketing.eu\/comunicati\/#\/schema\/person\/44372e4d4d0fa797b18e03ed1ace9017\"},\"breadcrumb\":{\"@id\":\"https:\/\/www.article-marketing.eu\/comunicati\/istruzione\/corsi\/interior-retail-design-and-management-aperte-le-iscrizioni-alla-v-edizione-del-master-universitario-del-politecnico-di-milano-e-innova-com-2\/#breadcrumb\"},\"inLanguage\":\"it-IT\",\"potentialAction\":[{\"@type\":\"ReadAction\",\"target\":[\"https:\/\/www.article-marketing.eu\/comunicati\/istruzione\/corsi\/interior-retail-design-and-management-aperte-le-iscrizioni-alla-v-edizione-del-master-universitario-del-politecnico-di-milano-e-innova-com-2\/\"]}]},{\"@type\":\"BreadcrumbList\",\"@id\":\"https:\/\/www.article-marketing.eu\/comunicati\/istruzione\/corsi\/interior-retail-design-and-management-aperte-le-iscrizioni-alla-v-edizione-del-master-universitario-del-politecnico-di-milano-e-innova-com-2\/#breadcrumb\",\"itemListElement\":[{\"@type\":\"ListItem\",\"position\":1,\"name\":\"Home\",\"item\":\"https:\/\/www.article-marketing.eu\/comunicati\/\"},{\"@type\":\"ListItem\",\"position\":2,\"name\":\"INTERIOR RETAIL DESIGN AND MANAGEMENT: aperte le iscrizioni alla V edizione del Master Universitario del Politecnico di Milano e Innova.com\"}]},{\"@type\":\"WebSite\",\"@id\":\"https:\/\/www.article-marketing.eu\/comunicati\/#website\",\"url\":\"https:\/\/www.article-marketing.eu\/comunicati\/\",\"name\":\"Article Marketing\",\"description\":\"article marketing &amp; press release\",\"potentialAction\":[{\"@type\":\"SearchAction\",\"target\":{\"@type\":\"EntryPoint\",\"urlTemplate\":\"https:\/\/www.article-marketing.eu\/comunicati\/?s={search_term_string}\"},\"query-input\":{\"@type\":\"PropertyValueSpecification\",\"valueRequired\":true,\"valueName\":\"search_term_string\"}}],\"inLanguage\":\"it-IT\"},{\"@type\":\"Person\",\"@id\":\"https:\/\/www.article-marketing.eu\/comunicati\/#\/schema\/person\/44372e4d4d0fa797b18e03ed1ace9017\",\"name\":\"Redazione Comunicati Stampa\",\"image\":{\"@type\":\"ImageObject\",\"inLanguage\":\"it-IT\",\"@id\":\"https:\/\/www.article-marketing.eu\/comunicati\/#\/schema\/person\/image\/\",\"url\":\"https:\/\/secure.gravatar.com\/avatar\/50e5c6421d3072f42e7ace803501602c60d75233d34e29fd05feb91c8760b792?s=96&d=mm&r=g\",\"contentUrl\":\"https:\/\/secure.gravatar.com\/avatar\/50e5c6421d3072f42e7ace803501602c60d75233d34e29fd05feb91c8760b792?s=96&d=mm&r=g\",\"caption\":\"Redazione Comunicati Stampa\"},\"url\":\"https:\/\/www.article-marketing.eu\/comunicati\/author\/redazione-comunicati-stampa\/\"}]}<\/script>\n<!-- \/ Yoast SEO plugin. -->","yoast_head_json":{"title":"INTERIOR RETAIL DESIGN AND MANAGEMENT: aperte le iscrizioni alla V edizione del Master Universitario del Politecnico di Milano e Innova.com - Article Marketing","robots":{"index":"index","follow":"follow","max-snippet":"max-snippet:-1","max-image-preview":"max-image-preview:large","max-video-preview":"max-video-preview:-1"},"canonical":"https:\/\/www.article-marketing.eu\/comunicati\/istruzione\/corsi\/interior-retail-design-and-management-aperte-le-iscrizioni-alla-v-edizione-del-master-universitario-del-politecnico-di-milano-e-innova-com-2\/","og_locale":"it_IT","og_type":"article","og_title":"INTERIOR RETAIL DESIGN AND MANAGEMENT: aperte le iscrizioni alla V edizione del Master Universitario del Politecnico di Milano e Innova.com - Article Marketing","og_description":"Ottimi dati di placement occupazionale e opportunit\u00e0 di inserimento in realt\u00e0 lavorative di primo piano del settore retail attraverso lo stage finale Open day: gioved\u00ec 11 giugno alle ore 12:00","og_url":"https:\/\/www.article-marketing.eu\/comunicati\/istruzione\/corsi\/interior-retail-design-and-management-aperte-le-iscrizioni-alla-v-edizione-del-master-universitario-del-politecnico-di-milano-e-innova-com-2\/","og_site_name":"Article Marketing","article_published_time":"2015-05-14T09:35:52+00:00","author":"Redazione Comunicati Stampa","twitter_card":"summary_large_image","twitter_misc":{"Scritto da":"Redazione Comunicati Stampa","Tempo di lettura stimato":"3 minuti"},"schema":{"@context":"https:\/\/schema.org","@graph":[{"@type":"Article","@id":"https:\/\/www.article-marketing.eu\/comunicati\/istruzione\/corsi\/interior-retail-design-and-management-aperte-le-iscrizioni-alla-v-edizione-del-master-universitario-del-politecnico-di-milano-e-innova-com-2\/#article","isPartOf":{"@id":"https:\/\/www.article-marketing.eu\/comunicati\/istruzione\/corsi\/interior-retail-design-and-management-aperte-le-iscrizioni-alla-v-edizione-del-master-universitario-del-politecnico-di-milano-e-innova-com-2\/"},"author":{"name":"Redazione Comunicati Stampa","@id":"https:\/\/www.article-marketing.eu\/comunicati\/#\/schema\/person\/44372e4d4d0fa797b18e03ed1ace9017"},"headline":"INTERIOR RETAIL DESIGN AND MANAGEMENT: aperte le iscrizioni alla V edizione del Master Universitario del Politecnico di Milano e Innova.com","datePublished":"2015-05-14T09:35:52+00:00","mainEntityOfPage":{"@id":"https:\/\/www.article-marketing.eu\/comunicati\/istruzione\/corsi\/interior-retail-design-and-management-aperte-le-iscrizioni-alla-v-edizione-del-master-universitario-del-politecnico-di-milano-e-innova-com-2\/"},"wordCount":572,"commentCount":0,"keywords":["Agos","Aran Cucine","Arclinea","Arreda.net","Boffi","calligaris","design","Dorelan","Electrolux","Elmar","Federmobili","Gruppo Soci Imprenditori","innovacom","interior","Lualdi","management","master","milano","MisuraEmme","polidesign","politecnico","retail","Scavolini","Valcucine e Veneta Cucine"],"articleSection":["Corsi"],"inLanguage":"it-IT","potentialAction":[{"@type":"CommentAction","name":"Comment","target":["https:\/\/www.article-marketing.eu\/comunicati\/istruzione\/corsi\/interior-retail-design-and-management-aperte-le-iscrizioni-alla-v-edizione-del-master-universitario-del-politecnico-di-milano-e-innova-com-2\/#respond"]}]},{"@type":"WebPage","@id":"https:\/\/www.article-marketing.eu\/comunicati\/istruzione\/corsi\/interior-retail-design-and-management-aperte-le-iscrizioni-alla-v-edizione-del-master-universitario-del-politecnico-di-milano-e-innova-com-2\/","url":"https:\/\/www.article-marketing.eu\/comunicati\/istruzione\/corsi\/interior-retail-design-and-management-aperte-le-iscrizioni-alla-v-edizione-del-master-universitario-del-politecnico-di-milano-e-innova-com-2\/","name":"INTERIOR RETAIL DESIGN AND MANAGEMENT: aperte le iscrizioni alla V edizione del Master Universitario del Politecnico di Milano e Innova.com - Article Marketing","isPartOf":{"@id":"https:\/\/www.article-marketing.eu\/comunicati\/#website"},"datePublished":"2015-05-14T09:35:52+00:00","author":{"@id":"https:\/\/www.article-marketing.eu\/comunicati\/#\/schema\/person\/44372e4d4d0fa797b18e03ed1ace9017"},"breadcrumb":{"@id":"https:\/\/www.article-marketing.eu\/comunicati\/istruzione\/corsi\/interior-retail-design-and-management-aperte-le-iscrizioni-alla-v-edizione-del-master-universitario-del-politecnico-di-milano-e-innova-com-2\/#breadcrumb"},"inLanguage":"it-IT","potentialAction":[{"@type":"ReadAction","target":["https:\/\/www.article-marketing.eu\/comunicati\/istruzione\/corsi\/interior-retail-design-and-management-aperte-le-iscrizioni-alla-v-edizione-del-master-universitario-del-politecnico-di-milano-e-innova-com-2\/"]}]},{"@type":"BreadcrumbList","@id":"https:\/\/www.article-marketing.eu\/comunicati\/istruzione\/corsi\/interior-retail-design-and-management-aperte-le-iscrizioni-alla-v-edizione-del-master-universitario-del-politecnico-di-milano-e-innova-com-2\/#breadcrumb","itemListElement":[{"@type":"ListItem","position":1,"name":"Home","item":"https:\/\/www.article-marketing.eu\/comunicati\/"},{"@type":"ListItem","position":2,"name":"INTERIOR RETAIL DESIGN AND MANAGEMENT: aperte le iscrizioni alla V edizione del Master Universitario del Politecnico di Milano e Innova.com"}]},{"@type":"WebSite","@id":"https:\/\/www.article-marketing.eu\/comunicati\/#website","url":"https:\/\/www.article-marketing.eu\/comunicati\/","name":"Article Marketing","description":"article marketing &amp; press release","potentialAction":[{"@type":"SearchAction","target":{"@type":"EntryPoint","urlTemplate":"https:\/\/www.article-marketing.eu\/comunicati\/?s={search_term_string}"},"query-input":{"@type":"PropertyValueSpecification","valueRequired":true,"valueName":"search_term_string"}}],"inLanguage":"it-IT"},{"@type":"Person","@id":"https:\/\/www.article-marketing.eu\/comunicati\/#\/schema\/person\/44372e4d4d0fa797b18e03ed1ace9017","name":"Redazione Comunicati Stampa","image":{"@type":"ImageObject","inLanguage":"it-IT","@id":"https:\/\/www.article-marketing.eu\/comunicati\/#\/schema\/person\/image\/","url":"https:\/\/secure.gravatar.com\/avatar\/50e5c6421d3072f42e7ace803501602c60d75233d34e29fd05feb91c8760b792?s=96&d=mm&r=g","contentUrl":"https:\/\/secure.gravatar.com\/avatar\/50e5c6421d3072f42e7ace803501602c60d75233d34e29fd05feb91c8760b792?s=96&d=mm&r=g","caption":"Redazione Comunicati Stampa"},"url":"https:\/\/www.article-marketing.eu\/comunicati\/author\/redazione-comunicati-stampa\/"}]}},"_links":{"self":[{"href":"https:\/\/www.article-marketing.eu\/comunicati\/wp-json\/wp\/v2\/posts\/47253","targetHints":{"allow":["GET"]}}],"collection":[{"href":"https:\/\/www.article-marketing.eu\/comunicati\/wp-json\/wp\/v2\/posts"}],"about":[{"href":"https:\/\/www.article-marketing.eu\/comunicati\/wp-json\/wp\/v2\/types\/post"}],"author":[{"embeddable":true,"href":"https:\/\/www.article-marketing.eu\/comunicati\/wp-json\/wp\/v2\/users\/10"}],"replies":[{"embeddable":true,"href":"https:\/\/www.article-marketing.eu\/comunicati\/wp-json\/wp\/v2\/comments?post=47253"}],"version-history":[{"count":0,"href":"https:\/\/www.article-marketing.eu\/comunicati\/wp-json\/wp\/v2\/posts\/47253\/revisions"}],"wp:attachment":[{"href":"https:\/\/www.article-marketing.eu\/comunicati\/wp-json\/wp\/v2\/media?parent=47253"}],"wp:term":[{"taxonomy":"category","embeddable":true,"href":"https:\/\/www.article-marketing.eu\/comunicati\/wp-json\/wp\/v2\/categories?post=47253"},{"taxonomy":"post_tag","embeddable":true,"href":"https:\/\/www.article-marketing.eu\/comunicati\/wp-json\/wp\/v2\/tags?post=47253"}],"curies":[{"name":"wp","href":"https:\/\/api.w.org\/{rel}","templated":true}]}}