{"id":47316,"date":"2015-05-18T14:26:45","date_gmt":"2015-05-18T12:26:45","guid":{"rendered":"http:\/\/www.article-marketing.eu\/comunicati\/senza-categoria\/eco-resort-il-cantico-della-natura-filosofia-green-per-natura\/"},"modified":"2018-10-25T23:11:22","modified_gmt":"2018-10-25T21:11:22","slug":"eco-resort-il-cantico-della-natura-filosofia-green-per-natura","status":"publish","type":"post","link":"https:\/\/www.article-marketing.eu\/comunicati\/viaggi-e-vacanze\/hotels-ed-alberghi\/eco-resort-il-cantico-della-natura-filosofia-green-per-natura\/","title":{"rendered":"Eco Resort il Cantico della Natura: filosofia green per natura"},"content":{"rendered":"<p>Come il suo nome ben descrive l&rsquo;<strong>Eco Resort il Cantico della Natura<\/strong>, <strong>agriturismo biologico<\/strong>, &egrave; un luogo immerso profondamente nella natura, cos&igrave; profondamente che riesce quasi a diventarne parte, ad attenuare lo stacco tra l&rsquo;opera umana e gli elementi naturali creando una sorta di armonica continuit&agrave;. Infatti, &egrave; come se la natura circostante, dall&rsquo;oliveto secolare che risale al 1600 ai boschi di querce, lecci e carpini, lo abbraccino e lo cullino con il loro suono che, accompagnato dal vento e dal cinguettio degli uccellini, diventa un cantico, una melodia vicina allo spirito.<\/p>\n<p> La sua naturale <strong>vocazione Green<\/strong>, ha favorito da sempre una filosofia sinceramente ecocompatibile: tra il luogo e il Cantico della Natura c&rsquo;&egrave; un profondo reciproco rispetto che ha permesso alla pietra a vista, che stacca in mezzo al luccicare argenteo delle foglie di olivo, di rimanere viva per anni.<\/p>\n<p> Gli attuali proprietari, la Famiglia Micci, che hanno acquistato nel 1999 il casale abbandonato dal dopoguerra, non poteva quindi che dare continuit&agrave; a questa storia ed esaltarne i significati, portandoli all&rsquo;interno di un concetto di ospitalit&agrave; innovativa e chiaramente <strong>&ldquo;Green per natura&rdquo;<\/strong>, ma allo stesso tempo offrendo una <strong>struttura ricettiva dotata dei pi&ugrave; moderni comfort e servizi<\/strong>.<\/p>\n<p> Lo spirito Green attraversa tutti gli aspetti: la ristrutturazione &egrave; stata realizzata sulla base dei principi della <strong>bioarchitettura<\/strong> e della <strong>bioedilizia<\/strong>, utilizzando materiali ecocompatibili e originali recuperati da atri antichi casali del territorio. Le energie utilizzate sono solo quelle <strong>rinnovabili<\/strong> che alternano un impianto fotovoltaico dedicato e un sistema di riscaldamento a biomassa autonomo per ogni ambiente. Le lampadine sono solo lampadine al led. L&rsquo;acqua utilizzata &egrave; quella dell&rsquo;antica fonte. Non a caso il Cantico della Natura &egrave; una delle prime strutture ricettive in Italia ad aver aderito al marchio <strong>EcoworldHotel<\/strong> che prevede il rispetto di una serie di standard ecocompatibili.<\/p>\n<p> Il metodo di coltivazione dell&rsquo;azienda agraria &egrave; ispirato ad un&rsquo;<strong>assoluta e totale conversione al biologico<\/strong> certificato. I prodotti utilizzati nella ristorazione sono in buona parte biologici e provenienti dal territorio. Dalla collina che domina il lago Trasimeno, dalla quale si pu&ograve; godere una splendida vista, inoltre, &egrave; veramente possibile, come si trova scritto nel suo giardino, verificare come <strong>&ldquo;Il Suono della Natura e il suo silenzio sono il pi&ugrave; sublime dei canti&rdquo;<\/strong>.<\/p>\n<p> Questo &egrave; un luogo ideale per passar un piacevole soggiorno in armonia con il creato e con se stessi tra natura, benessere e buona cucina. Il Casale &egrave; dotato di camere, junior suite e suite finemente arredate e adatte per accogliere sia famiglie alla ricerca di socialit&agrave; che coppie alla ricerca di intimit&agrave;. Gli ospiti della struttura, potranno inoltre beneficiare di numerosi servizi. Infatti, l&#8217;agriturismo &egrave; dotato di <strong>ristorante<\/strong>, <strong>centro benessere<\/strong> molto particolare e <strong>piscina con vista sul lago<\/strong>. Per gli amanti degli sport all&#8217;aria aperta c&#8217;&egrave; la possibilit&agrave; di andare a cavallo, in bicicletta, fare rafting, oppure di scoprire i dintorni attraverso i percorsi di trekking. Immergersi nel verde del Cantico della Natura questa estate &egrave; ancora un&#8217;esperienza ancora pi&ugrave; piacevole grazie alle <strong>offerte speciali<\/strong>, elaborate proprio per la stagione estiva.<\/p>\n<p> Tutte le persone che desiderano trascorrere un <strong>soggiorno nell&#8217;infrasettimanale a giugno<\/strong> potranno approfittare di alcune formule di ospitalit&agrave; molto convenienti che prevedono: soggiorno di due notti in camera doppia superior con colazione servita in camera o a buffet inclusa sua soli 190 euro, oppure 3 giorni a 270 euro. Se si desidera passare un po&#8217; di tempo in pi&ugrave; in questo agriturismo in Umbria, il costo delle notti aggiuntive &egrave; di 80 euro a notte. Ricordiamo che tale offerta &egrave; valida dalla domenica al gioved&igrave;.<\/p>\n<p> Sempre a giugno &egrave; possibile regalarsi un <strong>week end speciale<\/strong> con 2 notti in camere doppie superior con colazione servita in camera o a buffet inclusa a 270 euro. L&#8217;offerta valida venerd&igrave;, sabato e domenica. Per chi, invece, desidera trascorrere una settimana intera in questo <a href=\"http:\/\/www.ilcanticodellanatura.it\">agriturismo in Umbria sul lago Trasimeno<\/a>, c&#8217;&egrave; la tariffa 6 notti a 600 euro.<\/p>\n<p> Se si sta pensando di organizzare le proprie <strong>vacanze a luglio <\/strong>&egrave; possibile scegliere un soggiorno di due notti in camera doppia superior con colazione servita in camera o a buffet inclusa a soli 260 euro, oppure di 3 giorni a 380 euro. Questa offerta valida dalla domenica al gioved&igrave; del mese di luglio.<\/p>\n<p> Chi vuole trascorrere un week end speciale, potr&agrave; scegliere l&#8217;offerta di questo <em>resort in Umbria<\/em>, che prevede 2 notti in camere doppie superior con colazione servita in camera o a buffet inclusa a 320 euro. L&#8217;offerta &egrave; valida venerd&igrave;, sabato e domenica sempre del mesi di luglio.<br \/>\nInfine, per chi desidera regalarsi una settimana intera, il Cantico della Natura riserva una tariffa che comprende 6 notti a 840 euro. Per maggiori informazioni oppure per prenotazioni &egrave; possibile visitare il sito all&#8217;indirizzo www.ilcanticodellanatura.it.<\/p>\n<p> <strong>Un&#8217;immersione nel Green dove la Natura canta &egrave; esperienza da non perdere<\/strong>, per tutti coloro che amano vivere le proprie vacanze in un luogo incontaminato, dove &egrave; possibile recuperare una dimensione pi&ugrave; genuina di vita.<br \/>\nIl Cantico della Natura Eco Resort<br \/> Via Case Sparse 50<br \/> 06063 Montesperello di Magione<br \/> tel. 075-841454 info@ilcanticodellanatura.it<br \/> www.ilcanticodellanatura.it<\/p>\n","protected":false},"excerpt":{"rendered":"<p>Rispettare e avere cura delle risorse del pianeta e dare il proprio personale contributo alla sua continuit\u00e0 e al benessere delle future generazioni \u00e8 una sensibilit\u00e0 che oggi cresce e che caratterizza intrinsecamente anche un evento come l\u2019EXPO 2015 di Milano, che ha fatto sua questa idea al punto da assurgerla a elemento ispiratore. Ma c\u2019\u00e8 chi da sempre, come questo agriturismo in Umbria, porta avanti con coerenza questi valori attraverso un lavoro costante, cercando di creare un piccolo paradiso nel suo angolo di mondo.<\/p>\n","protected":false},"author":10,"featured_media":0,"comment_status":"open","ping_status":"open","sticky":false,"template":"","format":"standard","meta":{"cybocfi_hide_featured_image":"","footnotes":""},"categories":[151],"tags":[],"class_list":["post-47316","post","type-post","status-publish","format-standard","hentry","category-hotels-ed-alberghi"],"yoast_head":"<!-- This site is optimized with the Yoast SEO plugin v27.0 - https:\/\/yoast.com\/product\/yoast-seo-wordpress\/ -->\n<title>Eco Resort il Cantico della Natura: filosofia green per natura - Article Marketing<\/title>\n<meta name=\"robots\" content=\"index, follow, max-snippet:-1, max-image-preview:large, max-video-preview:-1\" \/>\n<link rel=\"canonical\" href=\"https:\/\/www.article-marketing.eu\/comunicati\/viaggi-e-vacanze\/hotels-ed-alberghi\/eco-resort-il-cantico-della-natura-filosofia-green-per-natura\/\" \/>\n<meta property=\"og:locale\" content=\"it_IT\" \/>\n<meta property=\"og:type\" content=\"article\" \/>\n<meta property=\"og:title\" content=\"Eco Resort il Cantico della Natura: filosofia green per natura - Article Marketing\" \/>\n<meta property=\"og:description\" content=\"Rispettare e avere cura delle risorse del pianeta e dare il proprio personale contributo alla sua continuit\u00e0 e al benessere delle future generazioni \u00e8 una sensibilit\u00e0 che oggi cresce e che caratterizza intrinsecamente anche un evento come l\u2019EXPO 2015 di Milano, che ha fatto sua questa idea al punto da assurgerla a elemento ispiratore. Ma c\u2019\u00e8 chi da sempre, come questo agriturismo in Umbria, porta avanti con coerenza questi valori attraverso un lavoro costante, cercando di creare un piccolo paradiso nel suo angolo di mondo.\" \/>\n<meta property=\"og:url\" content=\"https:\/\/www.article-marketing.eu\/comunicati\/viaggi-e-vacanze\/hotels-ed-alberghi\/eco-resort-il-cantico-della-natura-filosofia-green-per-natura\/\" \/>\n<meta property=\"og:site_name\" content=\"Article Marketing\" \/>\n<meta property=\"article:published_time\" content=\"2015-05-18T12:26:45+00:00\" \/>\n<meta property=\"article:modified_time\" content=\"2018-10-25T21:11:22+00:00\" \/>\n<meta name=\"author\" content=\"Redazione Comunicati Stampa\" \/>\n<meta name=\"twitter:card\" content=\"summary_large_image\" \/>\n<meta name=\"twitter:label1\" content=\"Scritto da\" \/>\n\t<meta name=\"twitter:data1\" content=\"Redazione Comunicati Stampa\" \/>\n\t<meta name=\"twitter:label2\" content=\"Tempo di lettura stimato\" \/>\n\t<meta name=\"twitter:data2\" content=\"4 minuti\" \/>\n<script type=\"application\/ld+json\" class=\"yoast-schema-graph\">{\"@context\":\"https:\/\/schema.org\",\"@graph\":[{\"@type\":\"Article\",\"@id\":\"https:\/\/www.article-marketing.eu\/comunicati\/viaggi-e-vacanze\/hotels-ed-alberghi\/eco-resort-il-cantico-della-natura-filosofia-green-per-natura\/#article\",\"isPartOf\":{\"@id\":\"https:\/\/www.article-marketing.eu\/comunicati\/viaggi-e-vacanze\/hotels-ed-alberghi\/eco-resort-il-cantico-della-natura-filosofia-green-per-natura\/\"},\"author\":{\"name\":\"Redazione Comunicati Stampa\",\"@id\":\"https:\/\/www.article-marketing.eu\/comunicati\/#\/schema\/person\/44372e4d4d0fa797b18e03ed1ace9017\"},\"headline\":\"Eco Resort il Cantico della Natura: filosofia green per natura\",\"datePublished\":\"2015-05-18T12:26:45+00:00\",\"dateModified\":\"2018-10-25T21:11:22+00:00\",\"mainEntityOfPage\":{\"@id\":\"https:\/\/www.article-marketing.eu\/comunicati\/viaggi-e-vacanze\/hotels-ed-alberghi\/eco-resort-il-cantico-della-natura-filosofia-green-per-natura\/\"},\"wordCount\":876,\"commentCount\":0,\"articleSection\":[\"Hotels ed alberghi\"],\"inLanguage\":\"it-IT\",\"potentialAction\":[{\"@type\":\"CommentAction\",\"name\":\"Comment\",\"target\":[\"https:\/\/www.article-marketing.eu\/comunicati\/viaggi-e-vacanze\/hotels-ed-alberghi\/eco-resort-il-cantico-della-natura-filosofia-green-per-natura\/#respond\"]}]},{\"@type\":\"WebPage\",\"@id\":\"https:\/\/www.article-marketing.eu\/comunicati\/viaggi-e-vacanze\/hotels-ed-alberghi\/eco-resort-il-cantico-della-natura-filosofia-green-per-natura\/\",\"url\":\"https:\/\/www.article-marketing.eu\/comunicati\/viaggi-e-vacanze\/hotels-ed-alberghi\/eco-resort-il-cantico-della-natura-filosofia-green-per-natura\/\",\"name\":\"Eco Resort il Cantico della Natura: filosofia green per natura - Article Marketing\",\"isPartOf\":{\"@id\":\"https:\/\/www.article-marketing.eu\/comunicati\/#website\"},\"datePublished\":\"2015-05-18T12:26:45+00:00\",\"dateModified\":\"2018-10-25T21:11:22+00:00\",\"author\":{\"@id\":\"https:\/\/www.article-marketing.eu\/comunicati\/#\/schema\/person\/44372e4d4d0fa797b18e03ed1ace9017\"},\"breadcrumb\":{\"@id\":\"https:\/\/www.article-marketing.eu\/comunicati\/viaggi-e-vacanze\/hotels-ed-alberghi\/eco-resort-il-cantico-della-natura-filosofia-green-per-natura\/#breadcrumb\"},\"inLanguage\":\"it-IT\",\"potentialAction\":[{\"@type\":\"ReadAction\",\"target\":[\"https:\/\/www.article-marketing.eu\/comunicati\/viaggi-e-vacanze\/hotels-ed-alberghi\/eco-resort-il-cantico-della-natura-filosofia-green-per-natura\/\"]}]},{\"@type\":\"BreadcrumbList\",\"@id\":\"https:\/\/www.article-marketing.eu\/comunicati\/viaggi-e-vacanze\/hotels-ed-alberghi\/eco-resort-il-cantico-della-natura-filosofia-green-per-natura\/#breadcrumb\",\"itemListElement\":[{\"@type\":\"ListItem\",\"position\":1,\"name\":\"Home\",\"item\":\"https:\/\/www.article-marketing.eu\/comunicati\/\"},{\"@type\":\"ListItem\",\"position\":2,\"name\":\"Eco Resort il Cantico della Natura: filosofia green per natura\"}]},{\"@type\":\"WebSite\",\"@id\":\"https:\/\/www.article-marketing.eu\/comunicati\/#website\",\"url\":\"https:\/\/www.article-marketing.eu\/comunicati\/\",\"name\":\"Article Marketing\",\"description\":\"article marketing &amp; press release\",\"potentialAction\":[{\"@type\":\"SearchAction\",\"target\":{\"@type\":\"EntryPoint\",\"urlTemplate\":\"https:\/\/www.article-marketing.eu\/comunicati\/?s={search_term_string}\"},\"query-input\":{\"@type\":\"PropertyValueSpecification\",\"valueRequired\":true,\"valueName\":\"search_term_string\"}}],\"inLanguage\":\"it-IT\"},{\"@type\":\"Person\",\"@id\":\"https:\/\/www.article-marketing.eu\/comunicati\/#\/schema\/person\/44372e4d4d0fa797b18e03ed1ace9017\",\"name\":\"Redazione Comunicati Stampa\",\"image\":{\"@type\":\"ImageObject\",\"inLanguage\":\"it-IT\",\"@id\":\"https:\/\/www.article-marketing.eu\/comunicati\/#\/schema\/person\/image\/\",\"url\":\"https:\/\/secure.gravatar.com\/avatar\/50e5c6421d3072f42e7ace803501602c60d75233d34e29fd05feb91c8760b792?s=96&d=mm&r=g\",\"contentUrl\":\"https:\/\/secure.gravatar.com\/avatar\/50e5c6421d3072f42e7ace803501602c60d75233d34e29fd05feb91c8760b792?s=96&d=mm&r=g\",\"caption\":\"Redazione Comunicati Stampa\"},\"url\":\"https:\/\/www.article-marketing.eu\/comunicati\/author\/redazione-comunicati-stampa\/\"}]}<\/script>\n<!-- \/ Yoast SEO plugin. -->","yoast_head_json":{"title":"Eco Resort il Cantico della Natura: filosofia green per natura - Article Marketing","robots":{"index":"index","follow":"follow","max-snippet":"max-snippet:-1","max-image-preview":"max-image-preview:large","max-video-preview":"max-video-preview:-1"},"canonical":"https:\/\/www.article-marketing.eu\/comunicati\/viaggi-e-vacanze\/hotels-ed-alberghi\/eco-resort-il-cantico-della-natura-filosofia-green-per-natura\/","og_locale":"it_IT","og_type":"article","og_title":"Eco Resort il Cantico della Natura: filosofia green per natura - Article Marketing","og_description":"Rispettare e avere cura delle risorse del pianeta e dare il proprio personale contributo alla sua continuit\u00e0 e al benessere delle future generazioni \u00e8 una sensibilit\u00e0 che oggi cresce e che caratterizza intrinsecamente anche un evento come l\u2019EXPO 2015 di Milano, che ha fatto sua questa idea al punto da assurgerla a elemento ispiratore. Ma c\u2019\u00e8 chi da sempre, come questo agriturismo in Umbria, porta avanti con coerenza questi valori attraverso un lavoro costante, cercando di creare un piccolo paradiso nel suo angolo di mondo.","og_url":"https:\/\/www.article-marketing.eu\/comunicati\/viaggi-e-vacanze\/hotels-ed-alberghi\/eco-resort-il-cantico-della-natura-filosofia-green-per-natura\/","og_site_name":"Article Marketing","article_published_time":"2015-05-18T12:26:45+00:00","article_modified_time":"2018-10-25T21:11:22+00:00","author":"Redazione Comunicati Stampa","twitter_card":"summary_large_image","twitter_misc":{"Scritto da":"Redazione Comunicati Stampa","Tempo di lettura stimato":"4 minuti"},"schema":{"@context":"https:\/\/schema.org","@graph":[{"@type":"Article","@id":"https:\/\/www.article-marketing.eu\/comunicati\/viaggi-e-vacanze\/hotels-ed-alberghi\/eco-resort-il-cantico-della-natura-filosofia-green-per-natura\/#article","isPartOf":{"@id":"https:\/\/www.article-marketing.eu\/comunicati\/viaggi-e-vacanze\/hotels-ed-alberghi\/eco-resort-il-cantico-della-natura-filosofia-green-per-natura\/"},"author":{"name":"Redazione Comunicati Stampa","@id":"https:\/\/www.article-marketing.eu\/comunicati\/#\/schema\/person\/44372e4d4d0fa797b18e03ed1ace9017"},"headline":"Eco Resort il Cantico della Natura: filosofia green per natura","datePublished":"2015-05-18T12:26:45+00:00","dateModified":"2018-10-25T21:11:22+00:00","mainEntityOfPage":{"@id":"https:\/\/www.article-marketing.eu\/comunicati\/viaggi-e-vacanze\/hotels-ed-alberghi\/eco-resort-il-cantico-della-natura-filosofia-green-per-natura\/"},"wordCount":876,"commentCount":0,"articleSection":["Hotels ed alberghi"],"inLanguage":"it-IT","potentialAction":[{"@type":"CommentAction","name":"Comment","target":["https:\/\/www.article-marketing.eu\/comunicati\/viaggi-e-vacanze\/hotels-ed-alberghi\/eco-resort-il-cantico-della-natura-filosofia-green-per-natura\/#respond"]}]},{"@type":"WebPage","@id":"https:\/\/www.article-marketing.eu\/comunicati\/viaggi-e-vacanze\/hotels-ed-alberghi\/eco-resort-il-cantico-della-natura-filosofia-green-per-natura\/","url":"https:\/\/www.article-marketing.eu\/comunicati\/viaggi-e-vacanze\/hotels-ed-alberghi\/eco-resort-il-cantico-della-natura-filosofia-green-per-natura\/","name":"Eco Resort il Cantico della Natura: filosofia green per natura - Article Marketing","isPartOf":{"@id":"https:\/\/www.article-marketing.eu\/comunicati\/#website"},"datePublished":"2015-05-18T12:26:45+00:00","dateModified":"2018-10-25T21:11:22+00:00","author":{"@id":"https:\/\/www.article-marketing.eu\/comunicati\/#\/schema\/person\/44372e4d4d0fa797b18e03ed1ace9017"},"breadcrumb":{"@id":"https:\/\/www.article-marketing.eu\/comunicati\/viaggi-e-vacanze\/hotels-ed-alberghi\/eco-resort-il-cantico-della-natura-filosofia-green-per-natura\/#breadcrumb"},"inLanguage":"it-IT","potentialAction":[{"@type":"ReadAction","target":["https:\/\/www.article-marketing.eu\/comunicati\/viaggi-e-vacanze\/hotels-ed-alberghi\/eco-resort-il-cantico-della-natura-filosofia-green-per-natura\/"]}]},{"@type":"BreadcrumbList","@id":"https:\/\/www.article-marketing.eu\/comunicati\/viaggi-e-vacanze\/hotels-ed-alberghi\/eco-resort-il-cantico-della-natura-filosofia-green-per-natura\/#breadcrumb","itemListElement":[{"@type":"ListItem","position":1,"name":"Home","item":"https:\/\/www.article-marketing.eu\/comunicati\/"},{"@type":"ListItem","position":2,"name":"Eco Resort il Cantico della Natura: filosofia green per natura"}]},{"@type":"WebSite","@id":"https:\/\/www.article-marketing.eu\/comunicati\/#website","url":"https:\/\/www.article-marketing.eu\/comunicati\/","name":"Article Marketing","description":"article marketing &amp; press release","potentialAction":[{"@type":"SearchAction","target":{"@type":"EntryPoint","urlTemplate":"https:\/\/www.article-marketing.eu\/comunicati\/?s={search_term_string}"},"query-input":{"@type":"PropertyValueSpecification","valueRequired":true,"valueName":"search_term_string"}}],"inLanguage":"it-IT"},{"@type":"Person","@id":"https:\/\/www.article-marketing.eu\/comunicati\/#\/schema\/person\/44372e4d4d0fa797b18e03ed1ace9017","name":"Redazione Comunicati Stampa","image":{"@type":"ImageObject","inLanguage":"it-IT","@id":"https:\/\/www.article-marketing.eu\/comunicati\/#\/schema\/person\/image\/","url":"https:\/\/secure.gravatar.com\/avatar\/50e5c6421d3072f42e7ace803501602c60d75233d34e29fd05feb91c8760b792?s=96&d=mm&r=g","contentUrl":"https:\/\/secure.gravatar.com\/avatar\/50e5c6421d3072f42e7ace803501602c60d75233d34e29fd05feb91c8760b792?s=96&d=mm&r=g","caption":"Redazione Comunicati Stampa"},"url":"https:\/\/www.article-marketing.eu\/comunicati\/author\/redazione-comunicati-stampa\/"}]}},"_links":{"self":[{"href":"https:\/\/www.article-marketing.eu\/comunicati\/wp-json\/wp\/v2\/posts\/47316","targetHints":{"allow":["GET"]}}],"collection":[{"href":"https:\/\/www.article-marketing.eu\/comunicati\/wp-json\/wp\/v2\/posts"}],"about":[{"href":"https:\/\/www.article-marketing.eu\/comunicati\/wp-json\/wp\/v2\/types\/post"}],"author":[{"embeddable":true,"href":"https:\/\/www.article-marketing.eu\/comunicati\/wp-json\/wp\/v2\/users\/10"}],"replies":[{"embeddable":true,"href":"https:\/\/www.article-marketing.eu\/comunicati\/wp-json\/wp\/v2\/comments?post=47316"}],"version-history":[{"count":1,"href":"https:\/\/www.article-marketing.eu\/comunicati\/wp-json\/wp\/v2\/posts\/47316\/revisions"}],"predecessor-version":[{"id":64556,"href":"https:\/\/www.article-marketing.eu\/comunicati\/wp-json\/wp\/v2\/posts\/47316\/revisions\/64556"}],"wp:attachment":[{"href":"https:\/\/www.article-marketing.eu\/comunicati\/wp-json\/wp\/v2\/media?parent=47316"}],"wp:term":[{"taxonomy":"category","embeddable":true,"href":"https:\/\/www.article-marketing.eu\/comunicati\/wp-json\/wp\/v2\/categories?post=47316"},{"taxonomy":"post_tag","embeddable":true,"href":"https:\/\/www.article-marketing.eu\/comunicati\/wp-json\/wp\/v2\/tags?post=47316"}],"curies":[{"name":"wp","href":"https:\/\/api.w.org\/{rel}","templated":true}]}}