{"id":47935,"date":"2015-06-16T11:18:18","date_gmt":"2015-06-16T09:18:18","guid":{"rendered":"http:\/\/www.article-marketing.eu\/comunicati\/senza-categoria\/e-in-partenza-il-105-music-and-fun-2015-il-tour-estivo-di-radio-105\/"},"modified":"2020-08-10T01:22:22","modified_gmt":"2020-08-09T23:22:22","slug":"e-in-partenza-il-105-music-and-fun-2015-il-tour-estivo-di-radio-105","status":"publish","type":"post","link":"https:\/\/www.article-marketing.eu\/comunicati\/comunicati-stampa\/eventi\/e-in-partenza-il-105-music-and-fun-2015-il-tour-estivo-di-radio-105\/","title":{"rendered":"E&#8217; in partenza il &#8220;105 Music &#038; Fun 2015&#8221;,  il tour estivo di Radio 105"},"content":{"rendered":"<p><strong style=\"mso-bidi-font-weight: normal;\">dal <\/strong><strong style=\"mso-bidi-font-weight: normal;\">20 giugno al 9 agosto<\/strong><strong style=\"mso-bidi-font-weight: normal;\"> l&#8217;attesa carovana musicale toccher&agrave; le pi&ugrave; prestigiose localit&agrave; balneari di tutta Italia.<\/strong><br \/><strong style=\"mso-bidi-font-weight: normal;\">special guest: a Peschici <\/strong><strong style=\"mso-bidi-font-weight: normal;\">Luca Carboni<\/strong><strong style=\"mso-bidi-font-weight: normal;\"> e <\/strong><strong style=\"mso-bidi-font-weight: normal;\">Raf <\/strong><strong style=\"mso-bidi-font-weight: normal;\">per tutte le altre tappe<\/strong><br \/><strong style=\"mso-bidi-font-weight: normal;\"> <\/strong><br \/><strong>Milano, 15 giugno 2015.<\/strong> Anche quest&#8217;estate <strong><a href=\"http:\/\/www.105.net\/\">Radio 105<\/a><\/strong> dar&agrave; vita all&#8217;attesissimo appuntamento <strong>&#8220;105 Music &amp; Fun 2015&#8221;<\/strong>, il tour itinerante che porter&agrave; musica, djs, concerti, dirette, allegria, novit&agrave;, giochi, gadget, intrattenimento e molto altro ancora in 8 tra le pi&ugrave; rinomate e divertenti localit&agrave; balneari italiane. Quest&#8217;anno il <strong>&#8220;105 MUSIC &amp; FUN 2015&#8221; prender&agrave; il via da Peschici (FG) il 20 giugno <\/strong>e si concluder&agrave; il<strong> 9 agosto a Jesolo (VE). <\/strong> <strong>Gli artisti che accompagneranno il tour saranno Luca Carboni e Raf.<\/strong> A Peschici<strong> Carboni<\/strong> conquister&agrave; il pubblico con una scaletta ricca di hit indimenticabili, da Inno Nazionale a Persone Silenziose, da Ci Vuole Un Fisico Bestiale a Mare Mare all&rsquo;ultimo successo Fisico&amp;Politico. Canzoni per raccontare in modo aperto questi magici trent&rsquo;anni di musica con lo sguardo rivolto sempre verso il futuro. Il concerto di Carboni sar&agrave; anticipato da uno speciale show case di <strong>Iaco<\/strong> che presenter&agrave; il suo nuovo singolo &ldquo;Spazio Tempo&rdquo;, anteprima dell&rsquo;album la cui uscita &egrave; prevista per il prossimo autunno.  Da Crotone fino a Jesolo ogni sabato sera sar&agrave; invece di scena il cantautore pugliese <strong>Raf<\/strong> che si esibir&agrave; in un emozionante concerto in cui ripercorrer&agrave; i momenti pi&ugrave; importanti della sua carriera fino al successo di quest&rsquo;anno &ldquo;Come una favola&rdquo; e alla hit radiofonica di questa estate &ldquo;Rimani tu&rdquo;. Il fascino, la magia, la potenza della comunicazione radiofonica dal vivo, con una lunga rassegna di eventi d&rsquo;animazione dedicata a giovanissimi, giovani e meno giovani. 8 week end intensi, ricchi di programmi in diretta in compagnia dei dj pi&ugrave; amati di <strong>Radio 105 Dario Spada, Fabiola, Paolino, Martin, Daniele Battaglia, Laura Gauthier, Dj Giuseppe, Ylenia<\/strong> che trasmetteranno dallo spettacolare truck, coinvolgendo i presenti e intrattenendoli con attivit&agrave; di animazione e distribuzione di gadget. Il grande villaggio commerciale allestito sulla spiaggia ospiter&agrave; al suo interno le attivit&agrave; organizzate per il pubblico dagli importanti sponsor del tour. Il villaggio rester&agrave; aperto il <strong>venerd&igrave; dalle 16.00 alle 20.00 e il sabato e la domenica dalle 10.00 alle 13.00 e dalle 16.00 alle 19.00.<\/strong> Ogni tappa del tour sar&agrave; comunicata gi&agrave; nei giorni precedenti attraverso una capillare attivit&agrave; di promozione presso la localit&agrave; e le zone limitrofe. Il <strong>&#8220;105 Music &amp; Fun 2015&#8221; <\/strong>toccher&agrave; le seguenti<strong> tappe:<\/strong> 20-21 Giugno &#8211; Peschici (Fg) 27-28 Giugno &#8211; Crotone (Kr) 4-5 Luglio &#8211; Marina di Camerota (Sa) 11-12 Luglio &#8211; Formia (Lt) 18-19 Luglio &#8211; Pescara (Pe) 25-26 Luglio &#8211; Lignano Sabbiadoro (Ud) 1-2 Agosto &#8211; Lido Di Spina (Fe) 8-9 Agosto &#8211; Jesolo (Ve) <strong>Gli sponsor<\/strong> di &#8220;<strong>105 Music &amp; Fun 2015<\/strong>&#8221; saranno: <strong>FIAT, Pepsi Max, Lay&rsquo;s, Coop,<\/strong> <strong>DMAX, Real Time, Cicli Lombardo e Magniflex<\/strong>. Su <strong>105.net<\/strong> una sezione dedicata conterr&agrave; le informazioni di servizio e la gallery fotografica tappa per tappa. <strong>LE TAPPE DI 105 MUSIC &amp; FUN 2015:<\/strong> <strong>Peschici (FG) 20-21 giugno 2015<\/strong> 20-21 giugno: diretta il sabato dalle 16.00 alle 18.00 e la domenica dalle 12.00 alle 14.00 con Dario Spada e Fabiola Location truck della diretta: arenile porto della baia di Peschici Location Villaggio: arenile porto della baia di Peschici Concerto 20 giugno ore 21.00 &#8211; area polifunzionale ex campo sportivo Via Montesanto &#8211; <strong>Luca Carboni, opening act: Iaco.<\/strong> <strong>Crotone (KR) 27-28 giugno 2015<\/strong> 27-28 giugno: diretta il sabato dalle 19.00 alle 21.00 e la domenica dalle 12.00 alle 14.00 con Paolino e Martin Location truck della diretta: lungomare Antonio Gramsci Location Villaggio: lungomare Antonio Gramsci Concerto 27 giugno ore 21.00 &#8211; Piazzale Ultras &#8211; <strong>Raf<\/strong> <strong>Marina di Camerota 4-5 luglio 2015<\/strong> 4-5 luglio: diretta il sabato dalle 19.00 alle 21.00 e la domenica dalle 12.00 alle 14.00 con Daniele Battaglia e Laura Gauthier Location truck della diretta: Spiaggia Lentiscelle Location Villaggio: Spiaggia Lentiscelle Concerto 4 luglio ore 21.00 &#8211; Spiaggia Lentiscelle &#8211; <strong>Raf<\/strong> <strong>Formia (LT) 11-12 luglio 2015<\/strong> 11-12 luglio: diretta il sabato dalle 19.00 alle 21.00 e la domenica dalle 12.00 alle 14.00 con DjGiuseppe e Ylenia Location truck della diretta: Porto di Formia Molo Vespucci Location Villaggio: Spiaggia di Vindicio Concerto 11 luglio ore 21.00 &#8211; Porto di Formia Molo Vespucci &#8211; <strong>Raf<\/strong> <strong>Pescara (PE) 18-19 luglio 2015<\/strong> 18-19 luglio: diretta il sabato dalle 19.00 alle 21.00 e la domenica dalle 12.00 alle 14.00 con Dario Spada e Fabiola Location truck della diretta: Lungomare Matteotti Ponte Del Mare Location Villaggio: Lungomare Matteotti Ponte Del Mare Concerto 18 luglio ore 21.00 &#8211; Lungomare Matteotti Ponte Del Mare &#8211; <strong>Raf<\/strong> <strong>Lignano Sabbiadoro (UD) 25-26 luglio 2015<\/strong> 25-26 luglio: diretta il sabato dalle 19.00 alle 21.00 e la domenica dalle 12.00 alle 14.00 con Dj Giuseppe e Ylenia Location truck della diretta: Lungomare Trieste Spiaggia Terrazze Mare Location Villaggio: Lungomare Trieste Spiaggia Terrazze Mare Concerto 25 luglio ore 21.00 &#8211; Lungomare Trieste Beach Arena &#8211; <strong>Raf<\/strong> <strong>Lido di Spina (FE) 1-2 agosto 2015<\/strong> 1-2 agosto: diretta il sabato dalle 19.00 alle 21.00 e la domenica dalle 12.00 alle 14.00 con Paolino e Martin Concerto 1 agosto ore 21.00 &#8211; <strong>Raf<\/strong> <strong>Jesolo (VE) 8-9 agosto 2015<\/strong> 8-9 agosto: diretta il sabato dalle 19.00 alle 21.00 e la domenica dalle 12.00 alle 14.00 con Daniele Battaglia e Laura Gauthier Concerto 8 agosto ore 21.00 &#8211; <strong>Raf <\/strong> Digital PR a cura di: Ufficio stampa esterno Radio 105 <strong>BLU WOM MILANO SRL<\/strong> Patrizia Fabretti p.fabretti@bluwom-milano.com tel 02 87384640<\/p>\n","protected":false},"excerpt":{"rendered":"<p>Milano, 15 giugno 2015. Anche quest&#8217;estate Radio 105 dar\u00e0 vita all&#8217;attesissimo appuntamento &#8220;105 Music &#038; Fun 2015&#8221;, il tour itinerante che porter\u00e0 musica, djs, concerti, dirette, allegria, novit\u00e0, giochi, gadget, intrattenimento e molto altro ancora in 8 tra le pi\u00f9 rinomate e divertenti localit\u00e0 balneari italiane.<\/p>\n","protected":false},"author":10,"featured_media":0,"comment_status":"open","ping_status":"open","sticky":false,"template":"","format":"standard","meta":{"cybocfi_hide_featured_image":"","footnotes":""},"categories":[388],"tags":[],"class_list":["post-47935","post","type-post","status-publish","format-standard","hentry","category-eventi"],"yoast_head":"<!-- This site is optimized with the Yoast SEO plugin v27.0 - https:\/\/yoast.com\/product\/yoast-seo-wordpress\/ -->\n<title>E&#039; in partenza il &quot;105 Music &amp; Fun 2015&quot;, il tour estivo di Radio 105 - Article Marketing<\/title>\n<meta name=\"robots\" content=\"index, follow, max-snippet:-1, max-image-preview:large, max-video-preview:-1\" \/>\n<link rel=\"canonical\" href=\"https:\/\/www.article-marketing.eu\/comunicati\/comunicati-stampa\/eventi\/e-in-partenza-il-105-music-and-fun-2015-il-tour-estivo-di-radio-105\/\" \/>\n<meta property=\"og:locale\" content=\"it_IT\" \/>\n<meta property=\"og:type\" content=\"article\" \/>\n<meta property=\"og:title\" content=\"E&#039; in partenza il &quot;105 Music &amp; Fun 2015&quot;, il tour estivo di Radio 105 - Article Marketing\" \/>\n<meta property=\"og:description\" content=\"Milano, 15 giugno 2015. Anche quest&#039;estate Radio 105 dar\u00e0 vita all&#039;attesissimo appuntamento &quot;105 Music &amp; Fun 2015&quot;, il tour itinerante che porter\u00e0 musica, djs, concerti, dirette, allegria, novit\u00e0, giochi, gadget, intrattenimento e molto altro ancora in 8 tra le pi\u00f9 rinomate e divertenti localit\u00e0 balneari italiane.\" \/>\n<meta property=\"og:url\" content=\"https:\/\/www.article-marketing.eu\/comunicati\/comunicati-stampa\/eventi\/e-in-partenza-il-105-music-and-fun-2015-il-tour-estivo-di-radio-105\/\" \/>\n<meta property=\"og:site_name\" content=\"Article Marketing\" \/>\n<meta property=\"article:published_time\" content=\"2015-06-16T09:18:18+00:00\" \/>\n<meta property=\"article:modified_time\" content=\"2020-08-09T23:22:22+00:00\" \/>\n<meta name=\"author\" content=\"Redazione Comunicati Stampa\" \/>\n<meta name=\"twitter:card\" content=\"summary_large_image\" \/>\n<meta name=\"twitter:label1\" content=\"Scritto da\" \/>\n\t<meta name=\"twitter:data1\" content=\"Redazione Comunicati Stampa\" \/>\n\t<meta name=\"twitter:label2\" content=\"Tempo di lettura stimato\" \/>\n\t<meta name=\"twitter:data2\" content=\"4 minuti\" \/>\n<script type=\"application\/ld+json\" class=\"yoast-schema-graph\">{\"@context\":\"https:\/\/schema.org\",\"@graph\":[{\"@type\":\"Article\",\"@id\":\"https:\/\/www.article-marketing.eu\/comunicati\/comunicati-stampa\/eventi\/e-in-partenza-il-105-music-and-fun-2015-il-tour-estivo-di-radio-105\/#article\",\"isPartOf\":{\"@id\":\"https:\/\/www.article-marketing.eu\/comunicati\/comunicati-stampa\/eventi\/e-in-partenza-il-105-music-and-fun-2015-il-tour-estivo-di-radio-105\/\"},\"author\":{\"name\":\"Redazione Comunicati Stampa\",\"@id\":\"https:\/\/www.article-marketing.eu\/comunicati\/#\/schema\/person\/44372e4d4d0fa797b18e03ed1ace9017\"},\"headline\":\"E&#8217; in partenza il &#8220;105 Music &#038; Fun 2015&#8221;, il tour estivo di Radio 105\",\"datePublished\":\"2015-06-16T09:18:18+00:00\",\"dateModified\":\"2020-08-09T23:22:22+00:00\",\"mainEntityOfPage\":{\"@id\":\"https:\/\/www.article-marketing.eu\/comunicati\/comunicati-stampa\/eventi\/e-in-partenza-il-105-music-and-fun-2015-il-tour-estivo-di-radio-105\/\"},\"wordCount\":875,\"commentCount\":0,\"articleSection\":[\"Eventi\"],\"inLanguage\":\"it-IT\",\"potentialAction\":[{\"@type\":\"CommentAction\",\"name\":\"Comment\",\"target\":[\"https:\/\/www.article-marketing.eu\/comunicati\/comunicati-stampa\/eventi\/e-in-partenza-il-105-music-and-fun-2015-il-tour-estivo-di-radio-105\/#respond\"]}]},{\"@type\":\"WebPage\",\"@id\":\"https:\/\/www.article-marketing.eu\/comunicati\/comunicati-stampa\/eventi\/e-in-partenza-il-105-music-and-fun-2015-il-tour-estivo-di-radio-105\/\",\"url\":\"https:\/\/www.article-marketing.eu\/comunicati\/comunicati-stampa\/eventi\/e-in-partenza-il-105-music-and-fun-2015-il-tour-estivo-di-radio-105\/\",\"name\":\"E' in partenza il \\\"105 Music & Fun 2015\\\", il tour estivo di Radio 105 - Article Marketing\",\"isPartOf\":{\"@id\":\"https:\/\/www.article-marketing.eu\/comunicati\/#website\"},\"datePublished\":\"2015-06-16T09:18:18+00:00\",\"dateModified\":\"2020-08-09T23:22:22+00:00\",\"author\":{\"@id\":\"https:\/\/www.article-marketing.eu\/comunicati\/#\/schema\/person\/44372e4d4d0fa797b18e03ed1ace9017\"},\"breadcrumb\":{\"@id\":\"https:\/\/www.article-marketing.eu\/comunicati\/comunicati-stampa\/eventi\/e-in-partenza-il-105-music-and-fun-2015-il-tour-estivo-di-radio-105\/#breadcrumb\"},\"inLanguage\":\"it-IT\",\"potentialAction\":[{\"@type\":\"ReadAction\",\"target\":[\"https:\/\/www.article-marketing.eu\/comunicati\/comunicati-stampa\/eventi\/e-in-partenza-il-105-music-and-fun-2015-il-tour-estivo-di-radio-105\/\"]}]},{\"@type\":\"BreadcrumbList\",\"@id\":\"https:\/\/www.article-marketing.eu\/comunicati\/comunicati-stampa\/eventi\/e-in-partenza-il-105-music-and-fun-2015-il-tour-estivo-di-radio-105\/#breadcrumb\",\"itemListElement\":[{\"@type\":\"ListItem\",\"position\":1,\"name\":\"Home\",\"item\":\"https:\/\/www.article-marketing.eu\/comunicati\/\"},{\"@type\":\"ListItem\",\"position\":2,\"name\":\"E&#8217; in partenza il &#8220;105 Music &#038; Fun 2015&#8221;, il tour estivo di Radio 105\"}]},{\"@type\":\"WebSite\",\"@id\":\"https:\/\/www.article-marketing.eu\/comunicati\/#website\",\"url\":\"https:\/\/www.article-marketing.eu\/comunicati\/\",\"name\":\"Article Marketing\",\"description\":\"article marketing &amp; press release\",\"potentialAction\":[{\"@type\":\"SearchAction\",\"target\":{\"@type\":\"EntryPoint\",\"urlTemplate\":\"https:\/\/www.article-marketing.eu\/comunicati\/?s={search_term_string}\"},\"query-input\":{\"@type\":\"PropertyValueSpecification\",\"valueRequired\":true,\"valueName\":\"search_term_string\"}}],\"inLanguage\":\"it-IT\"},{\"@type\":\"Person\",\"@id\":\"https:\/\/www.article-marketing.eu\/comunicati\/#\/schema\/person\/44372e4d4d0fa797b18e03ed1ace9017\",\"name\":\"Redazione Comunicati Stampa\",\"image\":{\"@type\":\"ImageObject\",\"inLanguage\":\"it-IT\",\"@id\":\"https:\/\/www.article-marketing.eu\/comunicati\/#\/schema\/person\/image\/\",\"url\":\"https:\/\/secure.gravatar.com\/avatar\/50e5c6421d3072f42e7ace803501602c60d75233d34e29fd05feb91c8760b792?s=96&d=mm&r=g\",\"contentUrl\":\"https:\/\/secure.gravatar.com\/avatar\/50e5c6421d3072f42e7ace803501602c60d75233d34e29fd05feb91c8760b792?s=96&d=mm&r=g\",\"caption\":\"Redazione Comunicati Stampa\"},\"url\":\"https:\/\/www.article-marketing.eu\/comunicati\/author\/redazione-comunicati-stampa\/\"}]}<\/script>\n<!-- \/ Yoast SEO plugin. -->","yoast_head_json":{"title":"E' in partenza il \"105 Music & Fun 2015\", il tour estivo di Radio 105 - Article Marketing","robots":{"index":"index","follow":"follow","max-snippet":"max-snippet:-1","max-image-preview":"max-image-preview:large","max-video-preview":"max-video-preview:-1"},"canonical":"https:\/\/www.article-marketing.eu\/comunicati\/comunicati-stampa\/eventi\/e-in-partenza-il-105-music-and-fun-2015-il-tour-estivo-di-radio-105\/","og_locale":"it_IT","og_type":"article","og_title":"E' in partenza il \"105 Music & Fun 2015\", il tour estivo di Radio 105 - Article Marketing","og_description":"Milano, 15 giugno 2015. Anche quest'estate Radio 105 dar\u00e0 vita all'attesissimo appuntamento \"105 Music & Fun 2015\", il tour itinerante che porter\u00e0 musica, djs, concerti, dirette, allegria, novit\u00e0, giochi, gadget, intrattenimento e molto altro ancora in 8 tra le pi\u00f9 rinomate e divertenti localit\u00e0 balneari italiane.","og_url":"https:\/\/www.article-marketing.eu\/comunicati\/comunicati-stampa\/eventi\/e-in-partenza-il-105-music-and-fun-2015-il-tour-estivo-di-radio-105\/","og_site_name":"Article Marketing","article_published_time":"2015-06-16T09:18:18+00:00","article_modified_time":"2020-08-09T23:22:22+00:00","author":"Redazione Comunicati Stampa","twitter_card":"summary_large_image","twitter_misc":{"Scritto da":"Redazione Comunicati Stampa","Tempo di lettura stimato":"4 minuti"},"schema":{"@context":"https:\/\/schema.org","@graph":[{"@type":"Article","@id":"https:\/\/www.article-marketing.eu\/comunicati\/comunicati-stampa\/eventi\/e-in-partenza-il-105-music-and-fun-2015-il-tour-estivo-di-radio-105\/#article","isPartOf":{"@id":"https:\/\/www.article-marketing.eu\/comunicati\/comunicati-stampa\/eventi\/e-in-partenza-il-105-music-and-fun-2015-il-tour-estivo-di-radio-105\/"},"author":{"name":"Redazione Comunicati Stampa","@id":"https:\/\/www.article-marketing.eu\/comunicati\/#\/schema\/person\/44372e4d4d0fa797b18e03ed1ace9017"},"headline":"E&#8217; in partenza il &#8220;105 Music &#038; Fun 2015&#8221;, il tour estivo di Radio 105","datePublished":"2015-06-16T09:18:18+00:00","dateModified":"2020-08-09T23:22:22+00:00","mainEntityOfPage":{"@id":"https:\/\/www.article-marketing.eu\/comunicati\/comunicati-stampa\/eventi\/e-in-partenza-il-105-music-and-fun-2015-il-tour-estivo-di-radio-105\/"},"wordCount":875,"commentCount":0,"articleSection":["Eventi"],"inLanguage":"it-IT","potentialAction":[{"@type":"CommentAction","name":"Comment","target":["https:\/\/www.article-marketing.eu\/comunicati\/comunicati-stampa\/eventi\/e-in-partenza-il-105-music-and-fun-2015-il-tour-estivo-di-radio-105\/#respond"]}]},{"@type":"WebPage","@id":"https:\/\/www.article-marketing.eu\/comunicati\/comunicati-stampa\/eventi\/e-in-partenza-il-105-music-and-fun-2015-il-tour-estivo-di-radio-105\/","url":"https:\/\/www.article-marketing.eu\/comunicati\/comunicati-stampa\/eventi\/e-in-partenza-il-105-music-and-fun-2015-il-tour-estivo-di-radio-105\/","name":"E' in partenza il \"105 Music & Fun 2015\", il tour estivo di Radio 105 - Article Marketing","isPartOf":{"@id":"https:\/\/www.article-marketing.eu\/comunicati\/#website"},"datePublished":"2015-06-16T09:18:18+00:00","dateModified":"2020-08-09T23:22:22+00:00","author":{"@id":"https:\/\/www.article-marketing.eu\/comunicati\/#\/schema\/person\/44372e4d4d0fa797b18e03ed1ace9017"},"breadcrumb":{"@id":"https:\/\/www.article-marketing.eu\/comunicati\/comunicati-stampa\/eventi\/e-in-partenza-il-105-music-and-fun-2015-il-tour-estivo-di-radio-105\/#breadcrumb"},"inLanguage":"it-IT","potentialAction":[{"@type":"ReadAction","target":["https:\/\/www.article-marketing.eu\/comunicati\/comunicati-stampa\/eventi\/e-in-partenza-il-105-music-and-fun-2015-il-tour-estivo-di-radio-105\/"]}]},{"@type":"BreadcrumbList","@id":"https:\/\/www.article-marketing.eu\/comunicati\/comunicati-stampa\/eventi\/e-in-partenza-il-105-music-and-fun-2015-il-tour-estivo-di-radio-105\/#breadcrumb","itemListElement":[{"@type":"ListItem","position":1,"name":"Home","item":"https:\/\/www.article-marketing.eu\/comunicati\/"},{"@type":"ListItem","position":2,"name":"E&#8217; in partenza il &#8220;105 Music &#038; Fun 2015&#8221;, il tour estivo di Radio 105"}]},{"@type":"WebSite","@id":"https:\/\/www.article-marketing.eu\/comunicati\/#website","url":"https:\/\/www.article-marketing.eu\/comunicati\/","name":"Article Marketing","description":"article marketing &amp; press release","potentialAction":[{"@type":"SearchAction","target":{"@type":"EntryPoint","urlTemplate":"https:\/\/www.article-marketing.eu\/comunicati\/?s={search_term_string}"},"query-input":{"@type":"PropertyValueSpecification","valueRequired":true,"valueName":"search_term_string"}}],"inLanguage":"it-IT"},{"@type":"Person","@id":"https:\/\/www.article-marketing.eu\/comunicati\/#\/schema\/person\/44372e4d4d0fa797b18e03ed1ace9017","name":"Redazione Comunicati Stampa","image":{"@type":"ImageObject","inLanguage":"it-IT","@id":"https:\/\/www.article-marketing.eu\/comunicati\/#\/schema\/person\/image\/","url":"https:\/\/secure.gravatar.com\/avatar\/50e5c6421d3072f42e7ace803501602c60d75233d34e29fd05feb91c8760b792?s=96&d=mm&r=g","contentUrl":"https:\/\/secure.gravatar.com\/avatar\/50e5c6421d3072f42e7ace803501602c60d75233d34e29fd05feb91c8760b792?s=96&d=mm&r=g","caption":"Redazione Comunicati Stampa"},"url":"https:\/\/www.article-marketing.eu\/comunicati\/author\/redazione-comunicati-stampa\/"}]}},"_links":{"self":[{"href":"https:\/\/www.article-marketing.eu\/comunicati\/wp-json\/wp\/v2\/posts\/47935","targetHints":{"allow":["GET"]}}],"collection":[{"href":"https:\/\/www.article-marketing.eu\/comunicati\/wp-json\/wp\/v2\/posts"}],"about":[{"href":"https:\/\/www.article-marketing.eu\/comunicati\/wp-json\/wp\/v2\/types\/post"}],"author":[{"embeddable":true,"href":"https:\/\/www.article-marketing.eu\/comunicati\/wp-json\/wp\/v2\/users\/10"}],"replies":[{"embeddable":true,"href":"https:\/\/www.article-marketing.eu\/comunicati\/wp-json\/wp\/v2\/comments?post=47935"}],"version-history":[{"count":3,"href":"https:\/\/www.article-marketing.eu\/comunicati\/wp-json\/wp\/v2\/posts\/47935\/revisions"}],"predecessor-version":[{"id":64617,"href":"https:\/\/www.article-marketing.eu\/comunicati\/wp-json\/wp\/v2\/posts\/47935\/revisions\/64617"}],"wp:attachment":[{"href":"https:\/\/www.article-marketing.eu\/comunicati\/wp-json\/wp\/v2\/media?parent=47935"}],"wp:term":[{"taxonomy":"category","embeddable":true,"href":"https:\/\/www.article-marketing.eu\/comunicati\/wp-json\/wp\/v2\/categories?post=47935"},{"taxonomy":"post_tag","embeddable":true,"href":"https:\/\/www.article-marketing.eu\/comunicati\/wp-json\/wp\/v2\/tags?post=47935"}],"curies":[{"name":"wp","href":"https:\/\/api.w.org\/{rel}","templated":true}]}}