{"id":4800,"date":"2010-04-20T18:15:28","date_gmt":"2010-04-20T16:15:28","guid":{"rendered":"http:\/\/www.article-marketing.eu\/comunicati\/senza-categoria\/rock-inside-non-profit-in-occasione-dell-earth-day-2010-pubblica-lo-studio-linquinamento-di-la-oroya-da-metalli-pesanti\/"},"modified":"2018-07-10T05:05:02","modified_gmt":"2018-07-10T03:05:02","slug":"rock-inside-non-profit-in-occasione-dell-earth-day-2010-pubblica-lo-studio-linquinamento-di-la-oroya-da-metalli-pesanti","status":"publish","type":"post","link":"https:\/\/www.article-marketing.eu\/comunicati\/ambiente\/tutela-e-denunce\/rock-inside-non-profit-in-occasione-dell-earth-day-2010-pubblica-lo-studio-linquinamento-di-la-oroya-da-metalli-pesanti\/","title":{"rendered":"ROCK INSIDE non\u2013profit,  in occasione dell\u2019 Earth Day 2010, pubblica lo studio \u201cL\u2019inquinamento di La Oroya da metalli pesanti\u201d"},"content":{"rendered":"<p align=\"center\" style=\"text-align: center;\" class=\"MsoNormal\"><strong><em>ROCK INSIDE non-profit<\/em><\/strong><em> ha svolto uno studio per tesi di laurea<br \/>\ntriennale, corso di ingegneria ambientale presso <strong>l\u2019Universit\u00e0 di Mantova<\/strong>, sul disastro ambientale in La Oroya.<\/em><\/p>\n<p style=\"text-align: justify;\" class=\"MsoNormal\"><em>Mantova,<br \/>\n20 aprile 2010<\/em>. Lo studio in esame, pubblicato al link: http:\/\/www.rockinside.it\/public\/rassegna.php<br \/>\n&nbsp;\u00e8 stato effettuato sull\u2019abitato di La<br \/>\nOroya, cittadina peruviana situata a 175 km dalla capitale Lima, il sito <strong>\u00e8 stato considerato dal Blacksmith<br \/>\nInstitute per il secondo anno consecutivo come uno dei luoghi pi\u00f9 inquinati del<br \/>\npianeta (sesto posto),<\/strong> due dati su tutti aiutano ad inquadrare meglio la<br \/>\nsituazione<strong>: l\u2019aspettativa di vita per<br \/>\ngli abitanti di La Oroya \u00e8 45 anni contro i 70 di Lima, 9 bambini su 10 hanno<br \/>\nlivelli di piombo nel sangue che superano il limite<\/strong> ritenuto accettabile<br \/>\ndell\u2019Organizzazione Mondiale della Salute (OMS) di 10 microgrammi per decilitro<br \/>\ndi sangue, nei neonati il livello di contaminazione (naturalmente inferiore a<br \/>\nquello dei ragazzi pi\u00f9 grandi) \u00e8 gi\u00e0 3 o 4 volte superiore alla soglia<br \/>\nstabilita. <\/p>\n<p style=\"text-align: justify;\" class=\"MsoNormal\"><strong>La<br \/>\nsituazione ambientale nella valle del <\/strong><strong>Rio Mantaro<br \/>\n(3700mslm), ove \u00e8 situata la cittadina di La Oroya, \u00e8 frutto delle attivit\u00e0 del<br \/>\n<\/strong><strong>Complesso Metallurgico di La Oroya (CMLO), che \u00e8 presente<br \/>\nin questa citt\u00e0 fin dal 1922<\/strong>,<br \/>\ndurante questo lungo periodo di attivit\u00e0 la fonderia, che \u00e8 specializzata nel<br \/>\ntrattare i metalli di cui il suolo peruviano \u00e8 estremamente ricco, ha anche<br \/>\nimmesso nell\u2019ambiente grandi quantit\u00e0 di anidride solforosa e metalli pesanti<br \/>\nestremamente tossici. Lo studio concentra la sua attenzione proprio sugli<br \/>\ninquinanti pi\u00f9 dannosi per la salute umana immessi nell\u2019aria quali piombo,<br \/>\ncadmio e arsenico, importante <strong>infatti \u00e8<br \/>\nstato considerare non solo la tossicologia e l\u2019epidemiologia<\/strong> delle sostanze<br \/>\nprese in esame (cui \u00e8 stato comunque dedicato un\u2019importante parte della<br \/>\ntrattazione), <strong>ma anche la loro<br \/>\npersistenza nell\u2019ambiente<\/strong>, i metalli pesanti infatti per la loro stessa<br \/>\nnatura di elementi non sono soggetti a quelle degradazioni microbiche che<br \/>\ninteressano altri tipi di inquinanti (come ad esempio quelli organici) e quindi<br \/>\nhanno un grande tasso di accumulo sia nell\u2019ambiente che all\u2019interno del corpo<br \/>\numano. <\/p>\n<p style=\"text-align: justify;\" class=\"MsoNormal\"><strong>Lo studio della situazione<br \/>\nambientale \u00e8 inoltre progredito con un contemporaneo studio preliminare sui<br \/>\nmetodi di abbattimento che vengono comunemente usati in tutto il mondo in<br \/>\npresenza di impianti dello stesso tipo di quelli impiegati in La Oroya al fine<br \/>\ndi poter formulare con maggiore competenza proposte e meglio comprendere le<br \/>\ncause della grave situazione ambientale e sanitaria.<\/strong><\/p>\n<p style=\"text-align: justify;\" class=\"MsoNormal\"><strong>L\u2019associazione<br \/>\nnon-profit ROCK INSIDE<\/strong> \u00e8 un&#8217;associazione giovane e dinamica che<br \/>\nraggruppa un team di esperti professionisti ed una rete di collaboratori che<br \/>\noperano nell&#8217;ingegneria ambientale,&nbsp; nel<br \/>\ndiritto dell&#8217;ambiente, nell&#8217;internazionalizzazione dei progetti,<br \/>\nnell&#8217;organizzazione di eventi e nella comunicazione. L&#8217;associazione che ha<br \/>\nl&#8217;headquarter a Mantova \u00e8 nata nel 2008 con l&#8217;obiettivo di portare avanti un<br \/>\nprogetto di diffusione, rivolto soprattutto ai giovani, sull&#8217;importanza della<br \/>\nDichiarazione Universale dei diritti umani delle Nazioni Unite firmata nel<br \/>\n1948, e punta a sottolineare quanto la cultura, l\u2019arte e la musica siano<br \/>\nimportanti strumenti di confronto e di dialogo interculturale. <strong>L\u2019associazione, gi\u00e0 il 5 settembre 2009, ha<br \/>\norganizzato un convegno internazionale dal titolo ROCK INSIDE 2009: IL DIRITTO<br \/>\nAMBIENTALE a Mantova alla presenza di molti personaggi di spicco mondiale tra<br \/>\ncui i due Premi Nobel per la Pace Betty William e Lech Walesa. <\/strong><\/p>\n<p style=\"text-align: justify;\" class=\"MsoNormal\">A novembre dello scorso anno,<br \/>\nl\u2019associazione ha pubblicato il video <strong>ROCK INSIDE PER IL DIRITTO AMBIENTALE <\/strong><strong>realizzato in collaborazione con WWF Italia<\/strong><br \/>\na cui hanno partecipato <strong>Claudio Baglioni, Sergio Muniz, Tiziano Ferro, Lilli<br \/>\nGruber, Massimo Ranieri, Gigi Proietti, Lech Walesa, Maurizio Costanzo<\/strong> con<br \/>\nlo scopo di sensibilizzare la comunit\u00e0 internazionale al fine di spingere le<br \/>\nU.N. ad inserire il diritto alla salvaguardia dell\u2019ambiente nella Dichiarazione<br \/>\nUniversale dei Diritti Umani del 1948 perch\u00e9 vivere in un ambiente sano \u00e8 un<br \/>\ndiritto fondamentale per l\u2019uomo contemporaneo.<br \/>\n<strong><\/strong><\/p>\n<p align=\"center\" style=\"text-align: center;\" class=\"MsoNormal\"><strong><u>www.rockinside.it<\/u><\/strong><\/p>\n","protected":false},"excerpt":{"rendered":"<p>ROCK INSIDE non-profit ha svolto uno studio per tesi di laurea triennale, corso di ingegneria ambientale presso l\u2019Universit\u00e0 di Mantova, sul disastro ambientale in La Oroya.<\/p>\n","protected":false},"author":10,"featured_media":0,"comment_status":"open","ping_status":"open","sticky":false,"template":"","format":"standard","meta":{"cybocfi_hide_featured_image":"","footnotes":""},"categories":[47],"tags":[13352,13884,13888,260,13357,263,13358,13355,13356,13359,13886,13351,13353,13885,13354,13887],"class_list":["post-4800","post","type-post","status-publish","format-standard","hentry","category-tutela-e-denunce","tag-claudio-baglioni","tag-disastri-ambientali","tag-earth-day","tag-ecologia","tag-gigi-proietti","tag-inquinamento","tag-lech-walesa","tag-lilli-gruber","tag-massimo-ranieri","tag-maurizio-costanzo","tag-metalli-pesanti","tag-rock-inside","tag-sergio-muniz","tag-studi-ecologici","tag-tiziano-ferro","tag-universita-di-mantova"],"yoast_head":"<!-- This site is optimized with the Yoast SEO plugin v27.0 - https:\/\/yoast.com\/product\/yoast-seo-wordpress\/ -->\n<title>ROCK INSIDE non\u2013profit, in occasione dell\u2019 Earth Day 2010, pubblica lo studio \u201cL\u2019inquinamento di La Oroya da metalli pesanti\u201d - Article Marketing<\/title>\n<meta name=\"robots\" content=\"index, follow, max-snippet:-1, max-image-preview:large, max-video-preview:-1\" \/>\n<link rel=\"canonical\" href=\"https:\/\/www.article-marketing.eu\/comunicati\/ambiente\/tutela-e-denunce\/rock-inside-non-profit-in-occasione-dell-earth-day-2010-pubblica-lo-studio-linquinamento-di-la-oroya-da-metalli-pesanti\/\" \/>\n<meta property=\"og:locale\" content=\"it_IT\" \/>\n<meta property=\"og:type\" content=\"article\" \/>\n<meta property=\"og:title\" content=\"ROCK INSIDE non\u2013profit, in occasione dell\u2019 Earth Day 2010, pubblica lo studio \u201cL\u2019inquinamento di La Oroya da metalli pesanti\u201d - Article Marketing\" \/>\n<meta property=\"og:description\" content=\"ROCK INSIDE non-profit ha svolto uno studio per tesi di laurea triennale, corso di ingegneria ambientale presso l\u2019Universit\u00e0 di Mantova, sul disastro ambientale in La Oroya.\" \/>\n<meta property=\"og:url\" content=\"https:\/\/www.article-marketing.eu\/comunicati\/ambiente\/tutela-e-denunce\/rock-inside-non-profit-in-occasione-dell-earth-day-2010-pubblica-lo-studio-linquinamento-di-la-oroya-da-metalli-pesanti\/\" \/>\n<meta property=\"og:site_name\" content=\"Article Marketing\" \/>\n<meta property=\"article:published_time\" content=\"2010-04-20T16:15:28+00:00\" \/>\n<meta property=\"article:modified_time\" content=\"2018-07-10T03:05:02+00:00\" \/>\n<meta name=\"author\" content=\"Redazione Comunicati Stampa\" \/>\n<meta name=\"twitter:card\" content=\"summary_large_image\" \/>\n<meta name=\"twitter:label1\" content=\"Scritto da\" \/>\n\t<meta name=\"twitter:data1\" content=\"Redazione Comunicati Stampa\" \/>\n\t<meta name=\"twitter:label2\" content=\"Tempo di lettura stimato\" \/>\n\t<meta name=\"twitter:data2\" content=\"3 minuti\" \/>\n<script type=\"application\/ld+json\" class=\"yoast-schema-graph\">{\"@context\":\"https:\/\/schema.org\",\"@graph\":[{\"@type\":\"Article\",\"@id\":\"https:\/\/www.article-marketing.eu\/comunicati\/ambiente\/tutela-e-denunce\/rock-inside-non-profit-in-occasione-dell-earth-day-2010-pubblica-lo-studio-linquinamento-di-la-oroya-da-metalli-pesanti\/#article\",\"isPartOf\":{\"@id\":\"https:\/\/www.article-marketing.eu\/comunicati\/ambiente\/tutela-e-denunce\/rock-inside-non-profit-in-occasione-dell-earth-day-2010-pubblica-lo-studio-linquinamento-di-la-oroya-da-metalli-pesanti\/\"},\"author\":{\"name\":\"Redazione Comunicati Stampa\",\"@id\":\"https:\/\/www.article-marketing.eu\/comunicati\/#\/schema\/person\/44372e4d4d0fa797b18e03ed1ace9017\"},\"headline\":\"ROCK INSIDE non\u2013profit, in occasione dell\u2019 Earth Day 2010, pubblica lo studio \u201cL\u2019inquinamento di La Oroya da metalli pesanti\u201d\",\"datePublished\":\"2010-04-20T16:15:28+00:00\",\"dateModified\":\"2018-07-10T03:05:02+00:00\",\"mainEntityOfPage\":{\"@id\":\"https:\/\/www.article-marketing.eu\/comunicati\/ambiente\/tutela-e-denunce\/rock-inside-non-profit-in-occasione-dell-earth-day-2010-pubblica-lo-studio-linquinamento-di-la-oroya-da-metalli-pesanti\/\"},\"wordCount\":622,\"commentCount\":0,\"keywords\":[\"Claudio Baglioni\",\"disastri ambientali\",\"Earth Day\",\"ecologia\",\"Gigi Proietti\",\"inquinamento\",\"Lech Walesa\",\"Lilli Gruber\",\"Massimo Ranieri\",\"Maurizio Costanzo\",\"metalli pesanti\",\"rock inside\",\"Sergio Muniz\",\"studi ecologici\",\"Tiziano Ferro\",\"Universit\u00e0 di Mantova\"],\"articleSection\":[\"Tutela e denunce\"],\"inLanguage\":\"it-IT\",\"potentialAction\":[{\"@type\":\"CommentAction\",\"name\":\"Comment\",\"target\":[\"https:\/\/www.article-marketing.eu\/comunicati\/ambiente\/tutela-e-denunce\/rock-inside-non-profit-in-occasione-dell-earth-day-2010-pubblica-lo-studio-linquinamento-di-la-oroya-da-metalli-pesanti\/#respond\"]}]},{\"@type\":\"WebPage\",\"@id\":\"https:\/\/www.article-marketing.eu\/comunicati\/ambiente\/tutela-e-denunce\/rock-inside-non-profit-in-occasione-dell-earth-day-2010-pubblica-lo-studio-linquinamento-di-la-oroya-da-metalli-pesanti\/\",\"url\":\"https:\/\/www.article-marketing.eu\/comunicati\/ambiente\/tutela-e-denunce\/rock-inside-non-profit-in-occasione-dell-earth-day-2010-pubblica-lo-studio-linquinamento-di-la-oroya-da-metalli-pesanti\/\",\"name\":\"ROCK INSIDE non\u2013profit, in occasione dell\u2019 Earth Day 2010, pubblica lo studio \u201cL\u2019inquinamento di La Oroya da metalli pesanti\u201d - Article Marketing\",\"isPartOf\":{\"@id\":\"https:\/\/www.article-marketing.eu\/comunicati\/#website\"},\"datePublished\":\"2010-04-20T16:15:28+00:00\",\"dateModified\":\"2018-07-10T03:05:02+00:00\",\"author\":{\"@id\":\"https:\/\/www.article-marketing.eu\/comunicati\/#\/schema\/person\/44372e4d4d0fa797b18e03ed1ace9017\"},\"breadcrumb\":{\"@id\":\"https:\/\/www.article-marketing.eu\/comunicati\/ambiente\/tutela-e-denunce\/rock-inside-non-profit-in-occasione-dell-earth-day-2010-pubblica-lo-studio-linquinamento-di-la-oroya-da-metalli-pesanti\/#breadcrumb\"},\"inLanguage\":\"it-IT\",\"potentialAction\":[{\"@type\":\"ReadAction\",\"target\":[\"https:\/\/www.article-marketing.eu\/comunicati\/ambiente\/tutela-e-denunce\/rock-inside-non-profit-in-occasione-dell-earth-day-2010-pubblica-lo-studio-linquinamento-di-la-oroya-da-metalli-pesanti\/\"]}]},{\"@type\":\"BreadcrumbList\",\"@id\":\"https:\/\/www.article-marketing.eu\/comunicati\/ambiente\/tutela-e-denunce\/rock-inside-non-profit-in-occasione-dell-earth-day-2010-pubblica-lo-studio-linquinamento-di-la-oroya-da-metalli-pesanti\/#breadcrumb\",\"itemListElement\":[{\"@type\":\"ListItem\",\"position\":1,\"name\":\"Home\",\"item\":\"https:\/\/www.article-marketing.eu\/comunicati\/\"},{\"@type\":\"ListItem\",\"position\":2,\"name\":\"ROCK INSIDE non\u2013profit, in occasione dell\u2019 Earth Day 2010, pubblica lo studio \u201cL\u2019inquinamento di La Oroya da metalli pesanti\u201d\"}]},{\"@type\":\"WebSite\",\"@id\":\"https:\/\/www.article-marketing.eu\/comunicati\/#website\",\"url\":\"https:\/\/www.article-marketing.eu\/comunicati\/\",\"name\":\"Article Marketing\",\"description\":\"article marketing &amp; press release\",\"potentialAction\":[{\"@type\":\"SearchAction\",\"target\":{\"@type\":\"EntryPoint\",\"urlTemplate\":\"https:\/\/www.article-marketing.eu\/comunicati\/?s={search_term_string}\"},\"query-input\":{\"@type\":\"PropertyValueSpecification\",\"valueRequired\":true,\"valueName\":\"search_term_string\"}}],\"inLanguage\":\"it-IT\"},{\"@type\":\"Person\",\"@id\":\"https:\/\/www.article-marketing.eu\/comunicati\/#\/schema\/person\/44372e4d4d0fa797b18e03ed1ace9017\",\"name\":\"Redazione Comunicati Stampa\",\"image\":{\"@type\":\"ImageObject\",\"inLanguage\":\"it-IT\",\"@id\":\"https:\/\/www.article-marketing.eu\/comunicati\/#\/schema\/person\/image\/\",\"url\":\"https:\/\/secure.gravatar.com\/avatar\/50e5c6421d3072f42e7ace803501602c60d75233d34e29fd05feb91c8760b792?s=96&d=mm&r=g\",\"contentUrl\":\"https:\/\/secure.gravatar.com\/avatar\/50e5c6421d3072f42e7ace803501602c60d75233d34e29fd05feb91c8760b792?s=96&d=mm&r=g\",\"caption\":\"Redazione Comunicati Stampa\"},\"url\":\"https:\/\/www.article-marketing.eu\/comunicati\/author\/redazione-comunicati-stampa\/\"}]}<\/script>\n<!-- \/ Yoast SEO plugin. -->","yoast_head_json":{"title":"ROCK INSIDE non\u2013profit, in occasione dell\u2019 Earth Day 2010, pubblica lo studio \u201cL\u2019inquinamento di La Oroya da metalli pesanti\u201d - Article Marketing","robots":{"index":"index","follow":"follow","max-snippet":"max-snippet:-1","max-image-preview":"max-image-preview:large","max-video-preview":"max-video-preview:-1"},"canonical":"https:\/\/www.article-marketing.eu\/comunicati\/ambiente\/tutela-e-denunce\/rock-inside-non-profit-in-occasione-dell-earth-day-2010-pubblica-lo-studio-linquinamento-di-la-oroya-da-metalli-pesanti\/","og_locale":"it_IT","og_type":"article","og_title":"ROCK INSIDE non\u2013profit, in occasione dell\u2019 Earth Day 2010, pubblica lo studio \u201cL\u2019inquinamento di La Oroya da metalli pesanti\u201d - Article Marketing","og_description":"ROCK INSIDE non-profit ha svolto uno studio per tesi di laurea triennale, corso di ingegneria ambientale presso l\u2019Universit\u00e0 di Mantova, sul disastro ambientale in La Oroya.","og_url":"https:\/\/www.article-marketing.eu\/comunicati\/ambiente\/tutela-e-denunce\/rock-inside-non-profit-in-occasione-dell-earth-day-2010-pubblica-lo-studio-linquinamento-di-la-oroya-da-metalli-pesanti\/","og_site_name":"Article Marketing","article_published_time":"2010-04-20T16:15:28+00:00","article_modified_time":"2018-07-10T03:05:02+00:00","author":"Redazione Comunicati Stampa","twitter_card":"summary_large_image","twitter_misc":{"Scritto da":"Redazione Comunicati Stampa","Tempo di lettura stimato":"3 minuti"},"schema":{"@context":"https:\/\/schema.org","@graph":[{"@type":"Article","@id":"https:\/\/www.article-marketing.eu\/comunicati\/ambiente\/tutela-e-denunce\/rock-inside-non-profit-in-occasione-dell-earth-day-2010-pubblica-lo-studio-linquinamento-di-la-oroya-da-metalli-pesanti\/#article","isPartOf":{"@id":"https:\/\/www.article-marketing.eu\/comunicati\/ambiente\/tutela-e-denunce\/rock-inside-non-profit-in-occasione-dell-earth-day-2010-pubblica-lo-studio-linquinamento-di-la-oroya-da-metalli-pesanti\/"},"author":{"name":"Redazione Comunicati Stampa","@id":"https:\/\/www.article-marketing.eu\/comunicati\/#\/schema\/person\/44372e4d4d0fa797b18e03ed1ace9017"},"headline":"ROCK INSIDE non\u2013profit, in occasione dell\u2019 Earth Day 2010, pubblica lo studio \u201cL\u2019inquinamento di La Oroya da metalli pesanti\u201d","datePublished":"2010-04-20T16:15:28+00:00","dateModified":"2018-07-10T03:05:02+00:00","mainEntityOfPage":{"@id":"https:\/\/www.article-marketing.eu\/comunicati\/ambiente\/tutela-e-denunce\/rock-inside-non-profit-in-occasione-dell-earth-day-2010-pubblica-lo-studio-linquinamento-di-la-oroya-da-metalli-pesanti\/"},"wordCount":622,"commentCount":0,"keywords":["Claudio Baglioni","disastri ambientali","Earth Day","ecologia","Gigi Proietti","inquinamento","Lech Walesa","Lilli Gruber","Massimo Ranieri","Maurizio Costanzo","metalli pesanti","rock inside","Sergio Muniz","studi ecologici","Tiziano Ferro","Universit\u00e0 di Mantova"],"articleSection":["Tutela e denunce"],"inLanguage":"it-IT","potentialAction":[{"@type":"CommentAction","name":"Comment","target":["https:\/\/www.article-marketing.eu\/comunicati\/ambiente\/tutela-e-denunce\/rock-inside-non-profit-in-occasione-dell-earth-day-2010-pubblica-lo-studio-linquinamento-di-la-oroya-da-metalli-pesanti\/#respond"]}]},{"@type":"WebPage","@id":"https:\/\/www.article-marketing.eu\/comunicati\/ambiente\/tutela-e-denunce\/rock-inside-non-profit-in-occasione-dell-earth-day-2010-pubblica-lo-studio-linquinamento-di-la-oroya-da-metalli-pesanti\/","url":"https:\/\/www.article-marketing.eu\/comunicati\/ambiente\/tutela-e-denunce\/rock-inside-non-profit-in-occasione-dell-earth-day-2010-pubblica-lo-studio-linquinamento-di-la-oroya-da-metalli-pesanti\/","name":"ROCK INSIDE non\u2013profit, in occasione dell\u2019 Earth Day 2010, pubblica lo studio \u201cL\u2019inquinamento di La Oroya da metalli pesanti\u201d - Article Marketing","isPartOf":{"@id":"https:\/\/www.article-marketing.eu\/comunicati\/#website"},"datePublished":"2010-04-20T16:15:28+00:00","dateModified":"2018-07-10T03:05:02+00:00","author":{"@id":"https:\/\/www.article-marketing.eu\/comunicati\/#\/schema\/person\/44372e4d4d0fa797b18e03ed1ace9017"},"breadcrumb":{"@id":"https:\/\/www.article-marketing.eu\/comunicati\/ambiente\/tutela-e-denunce\/rock-inside-non-profit-in-occasione-dell-earth-day-2010-pubblica-lo-studio-linquinamento-di-la-oroya-da-metalli-pesanti\/#breadcrumb"},"inLanguage":"it-IT","potentialAction":[{"@type":"ReadAction","target":["https:\/\/www.article-marketing.eu\/comunicati\/ambiente\/tutela-e-denunce\/rock-inside-non-profit-in-occasione-dell-earth-day-2010-pubblica-lo-studio-linquinamento-di-la-oroya-da-metalli-pesanti\/"]}]},{"@type":"BreadcrumbList","@id":"https:\/\/www.article-marketing.eu\/comunicati\/ambiente\/tutela-e-denunce\/rock-inside-non-profit-in-occasione-dell-earth-day-2010-pubblica-lo-studio-linquinamento-di-la-oroya-da-metalli-pesanti\/#breadcrumb","itemListElement":[{"@type":"ListItem","position":1,"name":"Home","item":"https:\/\/www.article-marketing.eu\/comunicati\/"},{"@type":"ListItem","position":2,"name":"ROCK INSIDE non\u2013profit, in occasione dell\u2019 Earth Day 2010, pubblica lo studio \u201cL\u2019inquinamento di La Oroya da metalli pesanti\u201d"}]},{"@type":"WebSite","@id":"https:\/\/www.article-marketing.eu\/comunicati\/#website","url":"https:\/\/www.article-marketing.eu\/comunicati\/","name":"Article Marketing","description":"article marketing &amp; press release","potentialAction":[{"@type":"SearchAction","target":{"@type":"EntryPoint","urlTemplate":"https:\/\/www.article-marketing.eu\/comunicati\/?s={search_term_string}"},"query-input":{"@type":"PropertyValueSpecification","valueRequired":true,"valueName":"search_term_string"}}],"inLanguage":"it-IT"},{"@type":"Person","@id":"https:\/\/www.article-marketing.eu\/comunicati\/#\/schema\/person\/44372e4d4d0fa797b18e03ed1ace9017","name":"Redazione Comunicati Stampa","image":{"@type":"ImageObject","inLanguage":"it-IT","@id":"https:\/\/www.article-marketing.eu\/comunicati\/#\/schema\/person\/image\/","url":"https:\/\/secure.gravatar.com\/avatar\/50e5c6421d3072f42e7ace803501602c60d75233d34e29fd05feb91c8760b792?s=96&d=mm&r=g","contentUrl":"https:\/\/secure.gravatar.com\/avatar\/50e5c6421d3072f42e7ace803501602c60d75233d34e29fd05feb91c8760b792?s=96&d=mm&r=g","caption":"Redazione Comunicati Stampa"},"url":"https:\/\/www.article-marketing.eu\/comunicati\/author\/redazione-comunicati-stampa\/"}]}},"_links":{"self":[{"href":"https:\/\/www.article-marketing.eu\/comunicati\/wp-json\/wp\/v2\/posts\/4800","targetHints":{"allow":["GET"]}}],"collection":[{"href":"https:\/\/www.article-marketing.eu\/comunicati\/wp-json\/wp\/v2\/posts"}],"about":[{"href":"https:\/\/www.article-marketing.eu\/comunicati\/wp-json\/wp\/v2\/types\/post"}],"author":[{"embeddable":true,"href":"https:\/\/www.article-marketing.eu\/comunicati\/wp-json\/wp\/v2\/users\/10"}],"replies":[{"embeddable":true,"href":"https:\/\/www.article-marketing.eu\/comunicati\/wp-json\/wp\/v2\/comments?post=4800"}],"version-history":[{"count":2,"href":"https:\/\/www.article-marketing.eu\/comunicati\/wp-json\/wp\/v2\/posts\/4800\/revisions"}],"predecessor-version":[{"id":60580,"href":"https:\/\/www.article-marketing.eu\/comunicati\/wp-json\/wp\/v2\/posts\/4800\/revisions\/60580"}],"wp:attachment":[{"href":"https:\/\/www.article-marketing.eu\/comunicati\/wp-json\/wp\/v2\/media?parent=4800"}],"wp:term":[{"taxonomy":"category","embeddable":true,"href":"https:\/\/www.article-marketing.eu\/comunicati\/wp-json\/wp\/v2\/categories?post=4800"},{"taxonomy":"post_tag","embeddable":true,"href":"https:\/\/www.article-marketing.eu\/comunicati\/wp-json\/wp\/v2\/tags?post=4800"}],"curies":[{"name":"wp","href":"https:\/\/api.w.org\/{rel}","templated":true}]}}